{"id":330,"date":"2012-04-04T23:13:26","date_gmt":"2012-04-05T03:13:26","guid":{"rendered":"http:\/\/sporek.com\/blog\/?p=330"},"modified":"2012-04-04T23:13:26","modified_gmt":"2012-04-05T03:13:26","slug":"list-otwarty-2","status":"publish","type":"post","link":"https:\/\/sporek.com\/blog\/?p=330","title":{"rendered":"List otwarty"},"content":{"rendered":"<p><span style=\"font-size: 13px; font-family: Verdana; color: #000000; background-color: transparent; font-weight: normal; font-style: normal; font-variant: normal; text-decoration: none; vertical-align: baseline\" id=\"internal-source-marker_0.5120560455382999\">Wac\u0142aw Szymankiewicz<\/span><br \/>\n<a href=\"mailto:w.szymankiewicz@hotmail.com\"><span style=\"font-size: 13px; font-family: Verdana; color: #1155cc; background-color: transparent; font-weight: normal; font-style: normal; font-variant: normal; text-decoration: underline; vertical-align: baseline\">w.szymankiewicz@hotmail.com<\/span><\/a><span style=\"font-size: 13px; font-family: Verdana; color: #000000; background-color: transparent; font-weight: normal; font-style: normal; font-variant: normal; text-decoration: none; vertical-align: baseline\"><\/span><br \/>\n<span style=\"font-size: 13px; font-family: Verdana; color: #000000; background-color: transparent; font-weight: normal; font-style: normal; font-variant: normal; text-decoration: none; vertical-align: baseline\">List otwarty<\/span><br \/>\n<span style=\"font-size: 13px; font-family: Verdana; color: #000000; background-color: transparent; font-weight: normal; font-style: normal; font-variant: normal; text-decoration: none; vertical-align: baseline\">Pani Marzena Wierzbowska<\/span><br \/>\n<span style=\"font-size: 13px; font-family: Verdana; color: #000000; background-color: transparent; font-weight: normal; font-style: normal; font-variant: normal; text-decoration: none; vertical-align: baseline\">Prezes Unii Kredytowej<\/span><br \/>\n<span style=\"font-size: 13px; font-family: Verdana; color: #000000; background-color: transparent; font-weight: normal; font-style: normal; font-variant: normal; text-decoration: none; vertical-align: baseline\">03\/27\/2012<\/span><!--more--><br \/>\n<span style=\"font-size: 13px; font-family: Verdana; color: #000000; background-color: transparent; font-weight: normal; font-style: normal; font-variant: normal; text-decoration: none; vertical-align: baseline\">Dzi\u0119ki  Pani to nie by\u0142o zebranie cz\u0142onk\u00f3w Unii Kredytowej, a jedynie  przes\u0142uchanie prokuratorskie w stylu stalinowskim. Jak Pani mog\u0142a  dopu\u015bci\u0107 do takiego skandalicznego prowadzenia zebrania,a szczeg\u00f3lnie do  jego zwo\u0142ania. Zastanawiam sie nad tym. Jest Pani jeszcze m\u0142od\u0105 osob\u0105, a  tyle w Pani sercu i umy\u015ble nienawi\u015bci i bezpodstawnych pos\u0105dze\u0144,  oskar\u017ce\u0144 \u00a0o du\u017ce nadu\u017cycia finansowe. Na wytworzonych wa\u015bniach i  spreparowanych oskar\u017ceniach ludzi niewinnych nie wolno zak\u0142\u00f3ca\u0107 i  wytwarza\u0107 z\u0142ego imienia dla Polonii Metropolii Nowojorskiej a tym  bardziej finansowej instytucji jak\u0105 jest Unia Kredytowa. Sadz\u0119, \u017ce  jeszcze Pani nie doros\u0142a pod \u017cadnym wzgl\u0119dem, aby sprawowa\u0107 t\u0119 wa\u017cn\u0105  funkcj\u0119 Prezesa Zarz\u0105du Unii Kredytowej. Co\u015b \u017ale si\u0119 dzieje z logicznym  my\u015bleniem Pani; nie \u00a0wolno ulega\u0107 \u00a0wp\u0142ywom z\u0142a i nieprawdy. Gdzie\u015b si\u0119  zagubi\u0142 zdrowy rozs\u0105dek i nie potrafi Pani szuka\u0107 prawdy i w\u0142a\u015bciwie  ocenia\u0107 wypowiedzi, czyli zarzut\u00f3w w ka\u017cdej nawet najmniejszej sprawie.  Do zebrania nie by\u0142a Pani merytorycznie ani formalnie przygotowana, a  s\u0105dz\u0119, \u017ce ma Pani taki obowi\u0105zek by\u0107 bezstronna, to znaczy nie by\u0107  sterowana przez ma\u0142\u0105 grupk\u0119 ludzi, kt\u00f3rej g\u0142\u00f3wnym przyw\u00f3dc\u0105 jest J\u00f3zef  \u0141uczaj. \u00a0Pos\u0105dzaj\u0105c osoby znacz\u0105ce i znane w \u015brodowisku Polonijnym bez  udowodnienia im nadu\u017cy\u0107 to chyba jest wielkim przest\u0105pstwem kryminalnym  jak r\u00f3wnie\u017c etycznym i moralnym.<\/span><br \/>\n<span style=\"font-size: 13px; font-family: Verdana; color: #000000; background-color: transparent; font-weight: normal; font-style: normal; font-variant: normal; text-decoration: none; vertical-align: baseline\">Do  os\u00f3b oskar\u017conych nale\u017c\u0105: Tomasz Bortnik, Andrzej Kami\u0144ski, Wojciech  Mleczko, Krystyna Mysura i Irena Marchaj, jednym wsp\u00f3lnym oskar\u017ceniem  dla tych os\u00f3b \u00a0by\u0142o przekazanie sk\u0142adek cz\u0142onkowskich do Centrum Polsko &#8211;  S\u0142owia\u0144skiego, bez \u017c\u0105dania od CPS nale\u017cnego finansowego rozliczenia,  tych sk\u0142adek, chyba Pani wie, \u017ce to s\u0105 pieni\u0119dze nie od Unii Kredytowej,  a jedynie p\u0142aconych sk\u0142adek przez cz\u0142onkow UK, za nie przekazanie tych  pieni\u0119dzy we w\u0142a\u015bciwym \u00a0okre\u015blonym umownie czasem powinna ponie\u015b\u0107  odpowiedzialno\u015b\u0107 Rada Dyrektor\u00f3w Unii Kredytowej. Pragn\u0119 przypomie\u0107  Pani, \u017ce w trakcie zbierania podpis\u00f3w aby wej\u015b\u0107 na list\u0119 do g\u0142osowania,  jak dobrze pami\u0119tam Pani trzykrotnie startowa\u0142a do wybor\u00f3w, a sprawuje  Pani teraz druga kadencje jako dyrektor UK, opiera\u0142a Pani sw\u00f3j program  wyborczy na fa\u0142szywych przes\u0142ankach, podaj\u0105c ludziom, a tym samym  podjudzaj\u0105c ich, \u017ce CP-S, a konkretnie Prezes tej Instytucji, Pani  Bo\u017cena Kaminska, \u00a0nie rozliczy\u0142a si\u0119 z tych pieni\u0119dzy to znaczy sk\u0142adek.  Mo\u017ce zapyta kto\u015b postronny sk\u015bd ja to wiem odpowiadam, poniewa\u017c  wsp\u00f3lnie zbierali\u015bmy podpisy Pani dla siebie a ja dla innych kandydat\u00f3w,  jak rownie\u017c m\u00f3wi\u0142em Pani, \u017ce \u00a0jest to nie\u0142adnie i niemoralne oraz  nieetycznie \u00a0bezpodstawnie oskar\u017ca\u0107, oczernia\u0107 innych \u00a0o przyw\u0142aszczenie  spo\u0142ecznych pieni\u0119dzy. Prosi\u0142em, r\u00f3wnie\u017c, \u00a0\u017ceby Pani posz\u0142a \u00a0do  ksi\u0119gowej CP-S i wyja\u015bni\u0142a t\u0119 spraw\u0119, jednak Pani tego nie uczynila  w\u00f3wczas, ani teraz aby szuka\u0107 prawdy i t\u0119 spraw\u0119 wyja\u015bni\u0107, nie mia\u0142aby  Pani k\u0142opot\u00f3w i problem\u00f3w, aby to wszystko sprawdzic, tym bardziej, \u017ce  pracowa\u0142a Pani w CP-S.<\/span><span style=\"font-size: 13px; font-family: Verdana; color: #000000; background-color: transparent; font-weight: normal; font-style: normal; font-variant: normal; text-decoration: none; vertical-align: baseline\"> Wiem, \u017ce pani tam nie by\u0142a, bo niejednokrotnie pyta\u0142em si\u0119 \u00a0ksi\u0119gowej CPS.<\/span><br \/>\n<span style=\"font-size: 13px; font-family: Verdana; color: #000000; background-color: transparent; font-weight: normal; font-style: normal; font-variant: normal; text-decoration: none; vertical-align: baseline\">A po drugie w dobie internetowej ka\u017cdy mo\u017ce by\u0107 kontrolerem tylko trzeba mie\u0107 ch\u0119ci i potrafi\u0107 wej\u015b\u0107 na stron\u0119 internetow\u0105<\/span><a href=\"http:\/\/www.polishslaviccenter.org\/\"><span style=\"font-size: 13px; font-family: Verdana; color: #1155cc; background-color: transparent; font-weight: normal; font-style: normal; font-variant: normal; text-decoration: underline; vertical-align: baseline\"> www.polishslaviccenter.org<\/span><\/a><br \/>\n<span style=\"font-size: 13px; font-family: Verdana; color: #000000; background-color: transparent; font-weight: normal; font-style: normal; font-variant: normal; text-decoration: none; vertical-align: baseline\">Tego  Pani nie uczyni\u0142a, jak r\u00f3wnie\u017c g\u0142\u00f3wny oskar\u017cyciel &#8211; Dyrektor\u00f3w Unii  Kredytowej, J\u00f3zef \u0141uczaj &#8211; prezes Spo\u0142ecznego Komitetu Cz\u0142onk\u00f3w Unii  Kredytowej (raczej po tym zebraniu nazwa\u0142bym partia o charakterze  \u00a0komunistcznym) i z tego wynika, \u017ce jest Pani osob\u0105 czynnie zaanga\u017cowan\u0105  w te organizacj\u0119 i dlatego Pani nie mo\u017ce by\u0107 osob\u0105 bezstronn\u0105,w  \u00a0wywo\u0142anym konflikcie.<\/span><span style=\"font-size: 13px; font-family: Verdana; color: #000000; background-color: transparent; font-weight: normal; font-style: normal; font-variant: normal; text-decoration: none; vertical-align: baseline\"> Pani,  jako w\u00f3wczas dyrektor \u00a0i Krzysztof Matyszczyk oraz inni dyrektorzy,  (tylko w\u015br\u00f3d Was by\u0142a chyba jedna osoba przeciwna)- te\u017c g\u0142osowali\u015bcie za  przekazaniem tych poniek\u0105d s\u0142usznych sk\u0142adek do CP-S, to dlaczego Was i  tych pozosta\u0142ych nie by\u0142o we wniosku J\u00f3zefa \u0141uczaja o pozbawienie Was  czlonkowstwa w UK, jednym s\u0142owem kr\u0119tactwo i nie\u0142adnie by\u0142oby cz\u0142onkow  partyjnych wyklucza\u0107 z UK &#8211; nieprawda\u017c Panie Luczaj?<\/span><br \/>\n<span style=\"font-size: 13px; font-family: Verdana; color: #000000; background-color: transparent; font-weight: normal; font-style: normal; font-variant: normal; text-decoration: none; vertical-align: baseline\">Jako  Przewodnicz\u0105ca rady dyrektor\u00f3w UK, kiedy wp\u0142yn\u0105\u0142 do Pani wniosek o  zwo\u0142anie specjalnego zebrania \u00a0wraz z zarzutami od J\u00f3zefa \u0141uczaja &#8211;  prezesa komitetu (partii) to najpierw Pani powinna si\u0119 z tym wnioskiem  dok\u0142adnie zapozna\u0107, powo\u0142a\u0107 Komisj\u0119 do sprawdzenia tych zarzut\u00f3w i  je\u017celiby si\u0119 potwierdzi\u0142y, to dopiero by\u0142yby podstawy do zwo\u0142ania  specjalnego zebrania. Tak nakazywa\u0142aby logika i etyka.<\/span><br \/>\n<span style=\"font-size: 13px; font-family: Verdana; color: #000000; background-color: transparent; font-weight: normal; font-style: normal; font-variant: normal; text-decoration: none; vertical-align: baseline\">Jednak Pani Przewodnicz\u0105ca zrobi\u0142a to wszystko odwrotnie; po polsku m\u00f3wi si\u0119 \u201ena opak\u201d.<\/span><br \/>\n<span style=\"font-size: 13px; font-family: Verdana; color: #000000; background-color: transparent; font-weight: normal; font-style: normal; font-variant: normal; text-decoration: none; vertical-align: baseline\">&#8211; Trzeba bedzie \u00a0r\u00f3wnie\u017c zwr\u00f3ci\u0107 si\u0119 do odpowiednich w\u0142adz, aby wyja\u015bni\u0107:<\/span><br \/>\n<span style=\"font-size: 13px; font-family: Verdana; color: #000000; background-color: transparent; font-weight: normal; font-style: normal; font-variant: normal; text-decoration: none; vertical-align: baseline\">czy  ta organizacja, to znaczy spo\u0142eczny komitet cz\u0142onk\u00f3w Unii Kredytowej ma  \u00a0faktycznie podstawy prawne by\u0107 przybudowk\u0105 polityczn\u0105 Pani  Prrzewodnicz\u0105cej UK?<\/span><br \/>\n<span style=\"font-size: 13px; font-family: Verdana; color: #000000; background-color: transparent; font-weight: normal; font-style: normal; font-variant: normal; text-decoration: none; vertical-align: baseline\">&#8211;  Zebranie zostalo zwo\u0142ane na nieprawdziwych przes\u0142ankach &#8211; da\u0142 temu  wyraz w swoim wyja\u015bnieniu Pan Tomasz Bortnik. Wyja\u015bnienie to nale\u017cy  uzna\u0107 jako wiarygodne, bo oparte na wyliczeniach matematycznych i  merytorycznych, a z tego wynika, \u017ce nie by\u0142o wystarczaj\u0105cej ilo\u015bci  podpis\u00f3w do zwo\u0142ania zebrania; zamiast 750 bylo 697, co ustali\u0142a gencja  ameryka\u0144ska -Election Sevices Corp. I komu tu wierzy\u0107? Raczej tej  agencji, czy Panu \u0141uczajowi?<\/span><br \/>\n<span style=\"font-size: 13px; font-family: Verdana; color: #000000; background-color: transparent; font-weight: normal; font-style: normal; font-variant: normal; text-decoration: none; vertical-align: baseline\">Pan  \u0141uczaj odpowiedzia\u0142 na te wyja\u015bnienia, \u017ce Rada Dyrektor\u00f3w przyj\u0119\u0142a te  listy i \u00a0\u00a0byla zobowi\u0105zana przez Statut do sprawdzenia z\u0142o\u017conych  podpis\u00f3w w ci\u0105gu 23 dni. Tak, czy inaczej pope\u0142ni\u0142 Pan J\u00f3zef \u0141uczaj  \u00a0oszustwo i przest\u0119pstwo polegaj\u0105ce na z\u0142o\u017ceniu do Unii Kredytowej  niewiarygodnej listy z podpisami os\u00f3b, kt\u00f3re nawet nie by\u0142y cz\u0142onkami  UK. I to jest przest\u0119pstwo, kt\u00f3re powinno znale\u017a\u0107 epilog ponownie w  s\u0105dzie, ale czy zada\u0142a Pani sobie trud, aby wyja\u015bni\u0107 t\u0119 spraw\u0119? Tego  Pani nie zrobi\u0142a i jeszcze wprowadzi\u0142a Pani s\u0105d w b\u0142\u0105d, co te\u017c chyba  jest karalne, a \u00a0obwieszcza si\u0119 Pani rzeczniczk\u0105 tak zwanych w\u0142a\u015bcicieli  Unii Kredytowej, kt\u00f3rych Pani nie dopu\u015bci\u0142a do g\u0142osu, to znaczy nie  zarz\u0105dzi\u0142a Pani dyskusji po tak zwanych mrocznych przes\u0142uchaniach.<\/span><br \/>\n<span style=\"font-size: 13px; font-family: Verdana; color: #000000; background-color: transparent; font-weight: normal; font-style: normal; font-variant: normal; text-decoration: none; vertical-align: baseline\">Jeszcze  jedno stwierdzenie: ca\u0142kowicie nie by\u0142a Pani przygotowana do  prowadzenia zebrania, ani razu nie zabieraj\u0105c g\u0142osu w sprawach spornych.  A mo\u017ce to wynika\u0142o z tego, \u017ce nie chciala si\u0119 Pani narazi\u0107 przez  sprzeciwianie si\u0119 urojonym zarzutom Pani prze\u0142o\u017conego partyjnego Jozefa  \u0141uczaja&#8230;<\/span><br \/>\n<span style=\"font-size: 13px; font-family: Verdana; color: #000000; background-color: transparent; font-weight: normal; font-style: normal; font-variant: normal; text-decoration: none; vertical-align: baseline\">Zebranie  to nale\u017cy uzna\u0107 za nielegaln\u0105 fars\u0119 polityczn\u0105, tym bardziej, \u017ce nie  by\u0142o dyskusji ze strony w\u0142a\u015bcicieli UK, jak Pani nazywa cz\u0142onk\u00f3w, co  jedno drugiemu przeczy. Pytam si\u0119, gdzie by\u0142 dyrektor Wykonawczy UK Pan  Oskar Mielczarek, wiele oskar\u017ce\u0144 dotyczy\u0142o finans\u00f3w i on powinien  zabiera\u0107 g\u0142os i m\u00f3wi\u0107 &#8211; to jest prawda, a to jest k\u0142amstwo, a jeszcze  innej sprawy ja nie znam, ale wyja\u015bni\u0119 p\u00f3\u017aniej&#8230; I to by\u0142oby OK z jego  strony. Ale Pani nie poprosi\u0142a go o g\u0142os.<\/span><br \/>\n<span style=\"font-size: 13px; font-family: Verdana; color: #000000; background-color: transparent; font-weight: normal; font-style: normal; font-variant: normal; text-decoration: none; vertical-align: baseline\">Pan  J\u00f3zef \u0141uczaj z\u0142o\u017cy\u0142 wniosek o zwo\u0142anie zebrania w lutym, \u00a0a wi\u0119c by\u0142o  du\u017co czasu, aby niekt\u00f3re sprawy wyja\u015bni\u0107 wewn\u0105trz Unii Kredytowej, a  r\u00f3\u017cne nadu\u017cycia milionowe, s\u0105dz\u0119 \u017ce s\u0105 wyssane z palca, ale trzeba to  potraktowa\u0107 powa\u017cnie i zawiadomi\u0107 o tym organa \u015bcigania, i tego te\u017c Pani  nie zrobi\u0142a. Dopiero po wyja\u015bnieniu tych wszystkich spraw i ustaleniu  winnych powinna Pani zwo\u0142a\u0107 to specjalne zebranie. W\u00f3wczas cz\u0142onkowie  poznaliby prawd\u0119 w\u0142\u0105cznie z Pani\u0105 i mogliby kierowa\u0107 si\u0119 w g\u0142osowaniu  nie nienawi\u015bci\u0105 do poszczeg\u00f3lnych os\u00f3b bo taka zosta\u0142a wytworzona i  przedstawiona sytuacja. Nie wiem, jak dalej si\u0119 potocz\u0105 sprawy jest  jedno pewne, \u017ce zn\u00f3w b\u0119d\u0105 wydatki na adwokat\u00f3w i jeszcze mo\u017ce inne  konsekwencje w\u0142adz nadrz\u0119dnych, aby zapobiec rozk\u0142adaniu UK, ale c\u00f3\u017c  da\u0142a si\u0119 Pani podprowadzi\u0107 innym osobom i wci\u0105gn\u0105\u0107 w nieczyste rozgrywki  personalne.<\/span><br \/>\n<span style=\"font-size: 13px; font-family: Verdana; color: #000000; background-color: transparent; font-weight: normal; font-style: normal; font-variant: normal; text-decoration: none; vertical-align: baseline\">Tego  ju\u017c nie rozumiem, jak m\u00f3g\u0142 si\u0119 wci\u0105gn\u0105\u0107 w ten kapturowy s\u0105d dyrektor\u00f3w  UK Proboszcz Parafii Sw. Stanislawa Kostki, przysylajac swojego  wikariusza na t\u0119 polityczn\u0105 rozpraw\u0119, nie sprawdzaj\u0105c przed tym o co tak  faktycznie chodzi. \u00a0Obowi\u0105zkiem moralnym ksi\u0119\u017cy jest nie ulega\u0107 wp\u0142ywom  rozwydrzonej t\u0142uszczy, przed tym nale\u017ca\u0142o \u00a0dok\u0142adnie ustali\u0107 prawd\u0119 i  nie pozwoli\u0107, aby nawet jedn\u0105 owieczk\u0119 skrzywdzi\u0107 bezpodstawnie, tym  bardziej, \u017ce jeste\u015bmy w okresie Wielkiego Postu, Czy ten okres my,  Katolicy te\u017c \u00a0nie jeste\u015bmy w stanie prze\u017cy\u0107 w pokorze, w godno\u015bci, w  mi\u0142o\u015bci i szacunku oraz w prawdzie do bli\u017aniego, to pytam si\u0119 gdzie my  \u017cyjemy. W tym miejscu nale\u017cy przypomnie\u0107 Rodakom \u00f3sme przykazanie Boze:<\/span><span style=\"font-size: 13px; font-family: Verdana; color: #000000; background-color: transparent; font-weight: bold; font-style: normal; font-variant: normal; text-decoration: none; vertical-align: baseline\"><\/span><\/p>\n<p><span style=\"font-size: 13px; font-family: Verdana; color: #000000; background-color: transparent; font-weight: bold; font-style: normal; font-variant: normal; text-decoration: none; vertical-align: baseline\">\u201eNie m\u00f3w falszywego \u015bwiadectwa przeciw bli\u017aniemu swemu\u201d.<\/span><\/p>\n<h2 dir=\"ltr\"><span style=\"font-size: 13px; font-family: Verdana; color: #000000; background-color: transparent; font-weight: bold; font-style: normal; font-variant: normal; text-decoration: none; vertical-align: baseline\">Prosz\u0119 Was \u2013 Rodacy, aby ju\u017c takie zebranie nigdy si\u0119 nie powt\u00f3rzy\u0142o.<\/span><\/h2>\n<p><span style=\"font-size: 13px; font-family: Verdana; color: #000000; background-color: transparent; font-weight: bold; font-style: normal; font-variant: normal; text-decoration: none; vertical-align: baseline\">Pozosta\u0142  tylko smutek i czas na refleksje nad nasz\u0105 g\u0142upot\u0105 i nienawi\u015bcia bez  ko\u0144ca, nauczcie si\u0119 nareszcie logicznie my\u015ble\u0107 i szuka\u0107 prawdy,cbez  kt\u00f3rej trudno \u017cy\u0107, a nie ulega\u0107 rownie\u017c manipulacji medialnej.  \u00a0\u00a0\u00a0\u00a0\u00a0\u00a0\u00a0\u00a0\u00a0\u00a0\u00a0\u00a0\u00a0\u00a0  My  wszyscy, ludzie dobrej woli i prawdy w\u0142\u0105cznie z \u00a0dyrektorem wykonawczym  \u00a0Panem \u00a0Oskarem Mielczarkiem wraz z Przewodniczacym \u00a0Komisji Nadzorczej  UK, musimy wszystko uczyni\u0107, aby pozna\u0107 prawd\u0119, bo tak nie mo\u017ce pozosta\u0107  ta rozpetana \u00a0burza i nie mo\u017cemy by\u0107 oboj\u0119tni na niesprawiedliwy  werdykt tego niedzielnego zebrania. Albo sprawy p\u00f3jd\u0105 do s\u0105d\u00f3w, albo  musi nast\u0105pi\u0107 rehabilitacja tych os\u00f3b.<\/span><br \/>\n<span style=\"font-size: 13px; font-family: Verdana; color: #000000; background-color: transparent; font-weight: bold; font-style: normal; font-variant: normal; text-decoration: none; vertical-align: baseline\">Nie nara\u017cajmy si\u0119 nawzajem na wielkie koszty finansowe. W imi\u0119 czego i dlaczego?<\/span><br \/>\n<span style=\"font-size: 13px; font-family: Verdana; color: #000000; background-color: transparent; font-weight: normal; font-style: normal; font-variant: normal; text-decoration: none; vertical-align: baseline\">Na zako\u0144czenie musz\u0119 Pani jeszcze poda\u0107 przys\u0142owie, a przys\u0142owia s\u0105 madro\u015bci\u0105 narodu -\u201e<\/span><span style=\"font-size: 13px; font-family: Verdana; color: #000000; background-color: transparent; font-weight: bold; font-style: normal; font-variant: normal; text-decoration: none; vertical-align: baseline\">nie pchaj sie na afisz, jak nic nie potrafisz\u201d!!!<\/span><br \/>\n<span style=\"font-size: 13px; font-family: Verdana; color: #000000; background-color: transparent; font-weight: normal; font-style: normal; font-variant: normal; text-decoration: none; vertical-align: baseline\">Ze smutkiem i gorycz\u0105 &#8211;<\/span><br \/>\n<span style=\"font-size: 13px; font-family: Verdana; color: #000000; background-color: transparent; font-weight: normal; font-style: normal; font-variant: normal; text-decoration: none; vertical-align: baseline\">Wac\u0142aw Szymankiewicz<\/span><br \/>\n<span style=\"font-size: 13px; font-family: Verdana; color: #000000; background-color: transparent; font-weight: normal; font-style: normal; font-variant: normal; text-decoration: none; vertical-align: baseline\">, \u00a0\u00a0\u00a0\u00a0 <\/span><\/p>\n","protected":false},"excerpt":{"rendered":"<p>Wac\u0142aw Szymankiewicz w.szymankiewicz@hotmail.com List otwarty Pani Marzena Wierzbowska Prezes Unii Kredytowej 03\/27\/2012<\/p>\n","protected":false},"author":2,"featured_media":0,"comment_status":"open","ping_status":"open","sticky":false,"template":"","format":"standard","meta":[],"categories":[3],"tags":[],"_links":{"self":[{"href":"https:\/\/sporek.com\/blog\/index.php?rest_route=\/wp\/v2\/posts\/330"}],"collection":[{"href":"https:\/\/sporek.com\/blog\/index.php?rest_route=\/wp\/v2\/posts"}],"about":[{"href":"https:\/\/sporek.com\/blog\/index.php?rest_route=\/wp\/v2\/types\/post"}],"author":[{"embeddable":true,"href":"https:\/\/sporek.com\/blog\/index.php?rest_route=\/wp\/v2\/users\/2"}],"replies":[{"embeddable":true,"href":"https:\/\/sporek.com\/blog\/index.php?rest_route=%2Fwp%2Fv2%2Fcomments&post=330"}],"version-history":[{"count":0,"href":"https:\/\/sporek.com\/blog\/index.php?rest_route=\/wp\/v2\/posts\/330\/revisions"}],"wp:attachment":[{"href":"https:\/\/sporek.com\/blog\/index.php?rest_route=%2Fwp%2Fv2%2Fmedia&parent=330"}],"wp:term":[{"taxonomy":"category","embeddable":true,"href":"https:\/\/sporek.com\/blog\/index.php?rest_route=%2Fwp%2Fv2%2Fcategories&post=330"},{"taxonomy":"post_tag","embeddable":true,"href":"https:\/\/sporek.com\/blog\/index.php?rest_route=%2Fwp%2Fv2%2Ftags&post=330"}],"curies":[{"name":"wp","href":"https:\/\/api.w.org\/{rel}","templated":true}]}}