{"id":334,"date":"2012-04-28T23:44:48","date_gmt":"2012-04-29T03:44:48","guid":{"rendered":"http:\/\/sporek.com\/blog\/?p=334"},"modified":"2012-04-29T10:44:10","modified_gmt":"2012-04-29T14:44:10","slug":"znow-to-samozebranie","status":"publish","type":"post","link":"https:\/\/sporek.com\/blog\/?p=334","title":{"rendered":"Zn\u00f3w to samo..zebranie"},"content":{"rendered":"<p><span style=\"font-size: 15px; font-family: Arial; color: #000000; background-color: transparent; font-weight: normal; font-style: normal; font-variant: normal; text-decoration: none; vertical-align: baseline\" id=\"internal-source-marker_0.6966478605903832\"><\/span><span style=\"font-size: 13px; font-family: Arial; color: #000000; background-color: transparent; font-weight: normal; font-style: normal; font-variant: normal; text-decoration: none; vertical-align: baseline\" id=\"internal-source-marker_0.6966478605903832\">\u201cInformacyjne\u201d,  jak je zapowiada\u0142a przewodnicz\u0105ca rady dyrektor\u00f3w najwi\u0119kszej Unii  Kredytowej (Polsko-S\u0142owia\u0144skiej) na \u015bwiecie. Wbrew jednak presti\u017cowej  pozycji naszej Unii te \u201cinformacyjne spotkania\u201d coraz bardziej zani\u017caj\u0105  jej \u00a0presti\u017c i pozycj\u0119. <\/span><!--more--><span style=\"font-size: 13px; font-family: Arial; color: #000000; background-color: transparent; font-weight: normal; font-style: normal; font-variant: normal; text-decoration: none; vertical-align: baseline\" id=\"internal-source-marker_0.6966478605903832\">Ludzie powoli maj\u0105 dosy\u0107 bicia piany w wykonaniu  ci\u0105gle tych samych dy\u017curnych krytykant\u00f3w &#8211; \u015bwiadomie u\u017cywam tego s\u0142owa &#8211;  kt\u00f3rzy wszystko wiedz\u0105 najlepiej i cho\u0107by najwybitniejszy fachowiec  t\u0142umaczy\u0142 im zawi\u0142o\u015bci dotycz\u0105ce inwestycji, oprocentowania, po\u017cyczek  itp, to oni i tak wiedz\u0105, \u017ce \u201cwyprowadzono\u201d 50 milion\u00f3w, \u017ce  zainwestowano bez sensu 550 milion\u00f3w, \u017ce najlepsi s\u0105 w radzie wy\u0142\u0105cznie  ci, co przyklaskuj\u0105 przewodnicz\u0105cej, a ca\u0142a reszta, zw\u0142aszcza opozycyjna  jest wy\u0142\u0105cznie do oplucia, zwyzywania i wyrzucenia. \u015arednia  wykszta\u0142cenia \u201cdy\u017curnych\u201d raczej niewiadoma, ale m\u0105dro\u015bci w nich za  pi\u0119ciu absolwent\u00f3w Harvardu, Yale, i innego Oxfordu razem wzi\u0119tych.<\/span><br \/>\n<span style=\"font-size: 13px; font-family: Arial; color: #000000; background-color: transparent; font-weight: normal; font-style: normal; font-variant: normal; text-decoration: none; vertical-align: baseline\">Bij\u0105  t\u0119 sam\u0105 pian\u0119 od kilku lat. Niezm\u0119czeni; z jednej sali s\u0105dowej, do  drugiej, z jednego zebrania na drugie. Nawet nie uszanuj\u0105 takich  spotka\u0144, jak to dzisiaj w Clark, w New Jersey z Profesorem Biniend\u0105,  Mecenas Szonert, Paniami Dorot\u0105 Skrzypek i Krystyn\u0105 Kwiatkowsk\u0105,  (Rodziny Smole\u0144skie), na temat tragedii narodowej, jak\u0105 by\u0142a Katastrofa  Smole\u0144ska. Nawet tam pojechali ludzie pana milicjanta i rozdawali  szkaluj\u0105ce ulotki na temat \u201cstrasznych\u201d ludzi w radzie dyrektor\u00f3w, co to  gn\u0119bi\u0105 pani\u0105 przewodnicz\u0105c\u0105, na temat pieni\u0119dzy \u201cfatalnie\u201d  zainwestowanych i podobno nie do odzyskania. Wiedz\u0105 wszystko te  wykszta\u0142ciuchy. Policzyli na liczyd\u0142ach, wymachuj\u0105 jakimi\u015b papierkami  przed nosem dyrektora wykonawczego i pr\u00f3buj\u0105 udowodni\u0107, \u017ce on si\u0119 na  bankowo\u015bci nie zna, a oni s\u0105 ekspertami. Od kilku miesi\u0119cy te zebrania  s\u0105, jak teatr jednego aktora, tyle, \u017ce w wykonaniu kilku, ale ci\u0105gle  tych samych pan\u00f3w i pa\u0144. Wygl\u0105da to, jak dialog pani przewodnicz\u0105cej z  wielog\u0142osowym adwersa\u017cem; oni wrzeszcz\u0105, a ona odpowiada: <\/span><span style=\"font-size: 13px; font-family: Arial; color: #000000; background-color: transparent; font-weight: normal; font-style: italic; font-variant: normal; text-decoration: none; vertical-align: baseline\">\u201cw tym momencie, \u017ce si\u0119 tak wyra\u017c\u0119 zgadzam si\u0119 ca\u0142kowicie z panem(nia)\u201d.<\/span><br \/>\n<span style=\"font-size: 13px; font-family: Arial; color: #000000; background-color: transparent; font-weight: normal; font-style: normal; font-variant: normal; text-decoration: none; vertical-align: baseline\">Uwa\u017cam,  \u017ce obecno\u015b\u0107 na tych zebraniach przedstawicieli \u201cmanagementu\u201d naszej  Unii nie ma najmniejszego sensu. Po pierwsze dy\u017curni krytykanci wiedz\u0105  wszystko najlepiej, po drugie etatowi pracownicy Unii s\u0105 po ca\u0142ym dniu  pracy, a te, po\u017cal si\u0119 Bo\u017ce \u201cinformacyjne\u201d zebrania trwaj\u0105 do 22-ej.  Wielu z pracownik\u00f3w etatowych potrzebuje ponad godzin\u0119, aby dosta\u0107 si\u0119  samochodewm do domu. Na drugi dzie\u0144 maj\u0105 by\u0107 wypocz\u0119ci w pracy i dba\u0107 o  nasze pieni\u0105dze\u2026. Hallo!!<\/span><br \/>\n<span style=\"font-size: 13px; font-family: Arial; color: #000000; background-color: transparent; font-weight: normal; font-style: normal; font-variant: normal; text-decoration: none; vertical-align: baseline\">Ale  przewodnicz\u0105ca zmusza ich do bycia obecnymi, bo przecie\u017c sama nie jest w  stanie przeprowadzi\u0107 \u017cadnej dyskusji. Najwi\u0119cej, jak zwykle m\u00f3wi si\u0119 o  nieobecnych i na nich zwala si\u0119 win\u0119 za ca\u0142e z\u0142o, \u0142\u0105cznie z pogod\u0105.  \u00a0Jest to wstr\u0119tna cecha tych zebra\u0144, ale niestety pani przewodnicz\u0105ca  nie ma w tej kwestii zahamowa\u0144:<\/span><br \/>\n<span style=\"font-size: 13px; font-family: Arial; color: #000000; background-color: transparent; font-weight: normal; font-style: normal; font-variant: normal; text-decoration: none; vertical-align: baseline\">TB  zawini\u0142 to, TB zawini\u0142 tamto i w og\u00f3le, gdyby nie TB, to cz\u0142onkowie  mieliby raj na ziemi, bo nie by\u0142oby \u017cadnych inwestycji, wszystkie  pieni\u0105dze posz\u0142yby na rozkurz mi\u0119dzy cz\u0142onk\u00f3w w postaci dywident,  oprocentowa\u0144, darmowych po\u017cyczek, najlepiej bezzwrotnych, pieni\u0119dzy na  watpliwe patenty w\u0105tpliwych \u201cwynalazc\u00f3w\u201d itp. Raj na ziemi, polonijne  Eldorado. Niewa\u017cne, \u017ce trwa\u0142oby p\u00f3\u0142 roku, po czym Unia musia\u0142aby og\u0142osi\u0107  \u201cChapter 11\u201d.<\/span><br \/>\n<span style=\"font-size: 13px; font-family: Arial; color: #000000; background-color: transparent; font-weight: normal; font-style: normal; font-variant: normal; text-decoration: none; vertical-align: baseline\">Przyw\u00f3dca  krytykant\u00f3w jest winien Unii pieni\u0105dze z niesp\u0142aconej po\u017cyczki, ale ma  to gdzie\u015b, on musi odwraca\u0107 uwag\u0119 od siebie i oskar\u017ca\u0107 innych.<\/span><br \/>\n<span style=\"font-size: 13px; font-family: Arial; color: #000000; background-color: transparent; font-weight: normal; font-style: normal; font-variant: normal; text-decoration: none; vertical-align: baseline\">K\u0142amstwa  lec\u0105 nawet na temat tego, co dzia\u0142o si\u0119 na salach s\u0105dowych. Mam przed  sob\u0105 dokument ko\u0144cowy ostatniej sprawy na temat zebrania 25 marca,  podpisany przez wspomnianego przez przewodnicz\u0105c\u0105, s\u0119dziego Rivery. &#8211;  Ani s\u0142owa o Komisji Nadzorczej, ani s\u0142owa o petycji. A przewodnicz\u0105ca  zapewnia\u0142a zebranych, \u017ce s\u0119dzia Rivera \u201czaadresowa\u0142\u201d <\/span><span style=\"font-size: 13px; font-family: Verdana; color: #000000; background-color: transparent; font-weight: normal; font-style: normal; font-variant: normal; text-decoration: none; vertical-align: baseline\">swoj\u0105  opini\u0119, jakoby Komisja Nadzorcza nie mia\u0142a prawa prowadzi\u0107 \u017cadnych  dzia\u0142a\u0144 w kierunku odwo\u0142ania tego zebrania. Ot\u00f3\u017c w my\u015bl statu i w tej  postaci, jak\u0105 proponowa\u0142a Rada Nadzorcza, &#8211; mia\u0142a.<\/span><br \/>\n<span style=\"font-size: 13px; font-family: Verdana; color: #000000; background-color: transparent; font-weight: normal; font-style: normal; font-variant: normal; text-decoration: none; vertical-align: baseline\">Fa\u0142szywie  r\u00f3wnie\u017c zinterpretowa\u0142a informacj\u0119 Dyrektora Wykonawczego o fatalnym  roku bud\u017cetowym 2008, wskazanym jako najgorszy w ostatnim pi\u0119cioleciu.  Pani przewodnicz\u0105ca, \u017ceby wyst\u0105pi\u0107 przeciwko analizie Dyr. Wykonawczego  oznajmi\u0142a, \u017ce \u00f3w rok dlatego wygl\u0105da tak fatalnie na wykresach, poniewa\u017c  Unia musia\u0142a wy\u0142o\u017cy\u0107 6 milion\u00f3w na ratowanie innych unii. Co za bzdury.  Unia w sumie przez wszystkie lata, kiedy NCUA \u017c\u0105da\u0142a takich \u201cpodatk\u00f3w\u201d  przekaza\u0142a 6 milion\u00f3w, a nie w 2008. Ale tu nie o pieni\u0105dze pani  przewodnicz\u0105cej chodzi\u0142o. Pytanie z sali by\u0142o: kto w\u00f3wczas by\u0142  przewodnicz\u0105cym rady i kto by\u0142 dyrektorem wykonawczym? A zada\u0142 je Pan  Zdzis\u0142aw &#8211; jedyny, kt\u00f3ry na ka\u017cdym zebraniu m\u00f3wi rozs\u0105dnie, bez  oskar\u017cania, jednocze\u015bnie prowokuj\u0105c do odkrywania prawd, kt\u00f3re  najch\u0119tniej zamieciono by pod dywan. Aby unikn\u0105\u0107 odpowiedzi na to  k\u0142opotliwe pytanie, przewodnicz\u0105ca waln\u0119\u0142a z grubej rury, \u017ce gdyby nie  te \u201cnakazane\u201d przez NCUA 6 milion\u00f3w, to 2008 by\u0142by <\/span><span style=\"font-size: 13px; font-family: Verdana; color: #000000; background-color: transparent; font-weight: bold; font-style: italic; font-variant: normal; text-decoration: none; vertical-align: baseline\">jednym z najlepszych<\/span><span style=\"font-size: 13px; font-family: Verdana; color: #000000; background-color: transparent; font-weight: normal; font-style: normal; font-variant: normal; text-decoration: none; vertical-align: baseline\">.  Ale cz\u0142owiek zada\u0142 to pytanie doskonale znaj\u0105c odpowied\u017a. I doskonale  wiedz\u0105c, \u017ce obecna przewodnicz\u0105ca by\u0142a wtedy w grupie wi\u0119kszo\u015bciowej.<\/span><br \/>\n<span style=\"font-size: 13px; font-family: Verdana; color: #000000; background-color: transparent; font-weight: normal; font-style: normal; font-variant: normal; text-decoration: none; vertical-align: baseline\">Demagogia  sprowokowana przez tzw. komitet spo\u0142eczny cz\u0142onk\u00f3w, wspierany przez  przewodnicz\u0105c\u0105 jest tak wielka, \u017ce musz\u0119 tu zaapelowa\u0107:<\/span><br \/>\n<span style=\"font-size: 13px; font-family: Verdana; color: #000000; background-color: transparent; font-weight: bold; font-style: normal; font-variant: normal; text-decoration: none; vertical-align: baseline\">Drodzy Czlonkowie naszej Unii, oddajcie swoje g\u0142osy wy\u0142\u0105cznie na<\/span><span style=\"font-size: 13px; font-family: Verdana; color: #000000; background-color: transparent; font-weight: normal; font-style: normal; font-variant: normal; text-decoration: none; vertical-align: baseline\">:<\/span><br \/>\n<span style=\"font-size: 13px; font-family: Verdana; color: #000000; background-color: transparent; font-weight: bold; font-style: normal; font-variant: normal; text-decoration: none; vertical-align: baseline\">El\u017cbiet\u0119 Baumgartner<\/span><span style=\"font-size: 13px; font-family: Verdana; color: #000000; background-color: transparent; font-weight: normal; font-style: normal; font-variant: normal; text-decoration: none; vertical-align: baseline\">  &#8211; w\u0142a\u015bcicielk\u0119 Poradnika \u201eSukces\u201d, autork\u0119 i wydawc\u0119 licznych  finansowych poradnik\u00f3w dla Polonii, obecnie zast\u0119pc\u0119 przewodnicz\u0105cego  P-SFUK; dodam jeszcze z moich prawie trzyletnich obserwacji, \u017ce po  odej\u015bciu Dra Tomasza Bortnika, to jedyna osoba w radzie znaj\u0105ca  przepisy, jak nikt inny.<\/span><br \/>\n<span style=\"font-size: 13px; font-family: Verdana; color: #000000; background-color: transparent; font-weight: bold; font-style: normal; font-variant: normal; text-decoration: none; vertical-align: baseline\">Huberta Cioromskiego<\/span><span style=\"font-size: 13px; font-family: Verdana; color: #000000; background-color: transparent; font-weight: normal; font-style: normal; font-variant: normal; text-decoration: none; vertical-align: baseline\">  \u2013 biznesmena, konsultanta w dziedzinie nieruchomo\u015bci i bankowo\u015bci,  zasiadaj\u0105cego w radach nadzorczych kilku bank\u00f3w; dzia\u0142acza polonijnego;<\/span><br \/>\n<span style=\"font-size: 13px; font-family: Verdana; color: #000000; background-color: transparent; font-weight: bold; font-style: normal; font-variant: normal; text-decoration: none; vertical-align: baseline\">Adama Grocheckiego<\/span><span style=\"font-size: 13px; font-family: Verdana; color: #000000; background-color: transparent; font-weight: normal; font-style: normal; font-variant: normal; text-decoration: none; vertical-align: baseline\"> &#8211; do\u015bwiadczonego bankiera z finansowym wykszta\u0142ceniem, obecnie cz\u0142onka rady dyrektor\u00f3w w P-SFCU;<\/span><br \/>\n<span style=\"font-size: 13px; font-family: Verdana; color: #000000; background-color: transparent; font-weight: bold; font-style: normal; font-variant: normal; text-decoration: none; vertical-align: baseline\">Mariana \u017baka<\/span><span style=\"font-size: 13px; font-family: Verdana; color: #000000; background-color: transparent; font-weight: normal; font-style: normal; font-variant: normal; text-decoration: none; vertical-align: baseline\">  &#8211; \u00b7 \u00a0nauczyciela, znanego dzia\u0142acza polonijnego, za\u0142o\u017cyciela New York  Dance &amp; Arts Innovations, organizatora corocznego International  Chopin and Friends Festival, 2 vice prezesa CPS.<\/span><br \/>\n<span style=\"font-size: 13px; font-family: Verdana; color: #000000; background-color: transparent; font-weight: normal; font-style: normal; font-variant: normal; text-decoration: none; vertical-align: baseline\">Zapami\u0119tajcie  te nazwiska i tak g\u0142osujcie, je\u015bli nie chcecie, aby za rok dwa, nasza  Unia by\u0142a pod kontrol\u0105 w\u0105tpliwej jako\u015bci fachowc\u00f3w.<\/span><br \/>\n<span style=\"font-size: 13px; font-family: Verdana; color: #000000; background-color: transparent; font-weight: normal; font-style: normal; font-variant: normal; text-decoration: none; vertical-align: baseline\">A  co do tych \u201czebra\u0144 informacyjnych\u201d, to to wczorajsze by\u0142o ostatnim, w  kt\u00f3rym wzi\u0105\u0142em udzia\u0142. Kieruj\u0119 si\u0119 jednym z Praw Marphiego:<\/span><br \/>\n<span style=\"font-size: 13px; font-family: Verdana; color: #000000; background-color: transparent; font-weight: normal; font-style: normal; font-variant: normal; text-decoration: none; vertical-align: baseline\">\u201cRozmawiaj\u0105c z g\u0142upcem trzeba pami\u0119ta\u0107, \u017ce \u015bwiadkowie mog\u0105 nie zauwa\u017cy\u0107 r\u00f3\u017cnicy\u201d.<\/span><br \/>\n<span style=\"font-size: 13px; font-family: Verdana; color: #000000; background-color: transparent; font-weight: normal; font-style: normal; font-variant: normal; text-decoration: none; vertical-align: baseline\"><\/span><br \/>\n<span style=\"font-size: 13px; font-family: Verdana; color: #000000; background-color: transparent; font-weight: bold; font-style: normal; font-variant: normal; text-decoration: none; vertical-align: baseline\">Mojemu  Przyjacielowi, Adamowi Grocheckiemu i Jego Najbli\u017cszym sk\u0142adam  najg\u0142\u0119bsze i najszczersze kondolencje i wyrazy wsp\u00f3\u0142czucia z powodu  \u015bmierci Brata. <\/span><span style=\"font-size: 15px; font-family: Verdana; color: #000000; background-color: transparent; font-weight: bold; font-style: normal; font-variant: normal; text-decoration: none; vertical-align: baseline\"><\/span><\/p>\n","protected":false},"excerpt":{"rendered":"<p>\u201cInformacyjne\u201d, jak je zapowiada\u0142a przewodnicz\u0105ca rady dyrektor\u00f3w najwi\u0119kszej Unii Kredytowej (Polsko-S\u0142owia\u0144skiej) na \u015bwiecie. Wbrew jednak presti\u017cowej pozycji naszej Unii te \u201cinformacyjne spotkania\u201d coraz bardziej zani\u017caj\u0105 jej \u00a0presti\u017c i pozycj\u0119.<\/p>\n","protected":false},"author":2,"featured_media":0,"comment_status":"open","ping_status":"open","sticky":false,"template":"","format":"standard","meta":[],"categories":[3],"tags":[],"_links":{"self":[{"href":"https:\/\/sporek.com\/blog\/index.php?rest_route=\/wp\/v2\/posts\/334"}],"collection":[{"href":"https:\/\/sporek.com\/blog\/index.php?rest_route=\/wp\/v2\/posts"}],"about":[{"href":"https:\/\/sporek.com\/blog\/index.php?rest_route=\/wp\/v2\/types\/post"}],"author":[{"embeddable":true,"href":"https:\/\/sporek.com\/blog\/index.php?rest_route=\/wp\/v2\/users\/2"}],"replies":[{"embeddable":true,"href":"https:\/\/sporek.com\/blog\/index.php?rest_route=%2Fwp%2Fv2%2Fcomments&post=334"}],"version-history":[{"count":0,"href":"https:\/\/sporek.com\/blog\/index.php?rest_route=\/wp\/v2\/posts\/334\/revisions"}],"wp:attachment":[{"href":"https:\/\/sporek.com\/blog\/index.php?rest_route=%2Fwp%2Fv2%2Fmedia&parent=334"}],"wp:term":[{"taxonomy":"category","embeddable":true,"href":"https:\/\/sporek.com\/blog\/index.php?rest_route=%2Fwp%2Fv2%2Fcategories&post=334"},{"taxonomy":"post_tag","embeddable":true,"href":"https:\/\/sporek.com\/blog\/index.php?rest_route=%2Fwp%2Fv2%2Ftags&post=334"}],"curies":[{"name":"wp","href":"https:\/\/api.w.org\/{rel}","templated":true}]}}