{"id":335,"date":"2012-05-01T12:41:55","date_gmt":"2012-05-01T16:41:55","guid":{"rendered":"http:\/\/sporek.com\/blog\/?p=335"},"modified":"2012-05-01T12:48:34","modified_gmt":"2012-05-01T16:48:34","slug":"spotkanie-w-holdzie-ofiarom-katastrofy","status":"publish","type":"post","link":"https:\/\/sporek.com\/blog\/?p=335","title":{"rendered":"Spotkanie w ho\u0142dzie Ofiarom Katastrofy"},"content":{"rendered":"<p><span style=\"font-size: 13px; font-family: Verdana; color: #000000; background-color: transparent; font-weight: normal; font-style: normal; font-variant: normal; text-decoration: none; vertical-align: baseline\" id=\"internal-source-marker_0.21239667451160615\"><\/span><span style=\"font-size: 13px; font-family: Verdana; color: #000000; background-color: transparent; font-weight: normal; font-style: normal; font-variant: normal; text-decoration: none; vertical-align: baseline\">Klub  Gazety Polskiej w Nowym Jorku, wesp\u00f3\u0142 z Kongresem Polonii  Ameryka\u0144skiej, Oddzia\u0142 w New Jersey zorganizowali spotkanie z Profesorem  Wies\u0142awem Biniend\u0105, Mecenas Mari\u0105 Szonert-Binienda, oraz Krystyn\u0105  Kwiatkowsk\u0105, wdow\u0119 po \u015bp. Generale Bronis\u0142awie Kwiatkowskim i Dorot\u0105  Skrzypek, wdow\u0119 po \u015bp. Prezesie Narodowego Banku Polskiego, S\u0142awomirze  Skrzypku.<\/span><!--more--><br \/>\n<span style=\"font-size: 13px; font-family: Verdana; color: #000000; background-color: transparent; font-weight: normal; font-style: normal; font-variant: normal; text-decoration: none; vertical-align: baseline\">Spotkanie,  przy wype\u0142nionej po brzegi sali Centrum Polsko-S\u0142owia\u0144skiego sk\u0142ada\u0142o  si\u0119 z dw\u00f3ch cz\u0119\u015bci: prawno-naukowej; prezentacja Miarii i Wies\u0142awa  Biniend\u00f3w i niezwykle wzruszaj\u0105cej cz\u0119\u015bci drugiej, kt\u00f3r\u0105 okre\u015bli\u0142bym  wspomnieniow\u0105.<\/span><br \/>\n<span style=\"font-size: 13px; font-family: Verdana; color: #000000; background-color: transparent; font-weight: normal; font-style: normal; font-variant: normal; text-decoration: none; vertical-align: baseline\">W  tej drugiej cz\u0119\u015bci mia\u0142em przeczyta\u0107 wiersz napisany przez C\u00f3rki  Genera\u0142a i czytanego w dniu pogrzebu. Niestety, kiedy przeczyta\u0142em go po  cichu, dla siebie wzruszenie, jakie mnie ogarn\u0119\u0142o sprawi\u0142o, \u017ce nie  by\u0142em w stanie przeczyta\u0107 go po raz drugi, g\u0142o\u015bno dla wype\u0142niaj\u0105cej sal\u0119  publiczno\u015bci. Poprosi\u0142em o to jednego z cz\u0142onk\u00f3w Klubu, Pana \u0141ukasza  Mellerowicza. Niniejszym dzi\u0119kuj\u0119 P. \u0141ukaszowi, \u017ce zast\u0105pi\u0142 mnie i  przeczyta\u0142 ten wiersz zebranym. Oto ten niezwykle wzruszaj\u0105cy poemat do  ojca:<\/span><br \/>\n<span style=\"font-size: 13px; font-family: Verdana; color: #000000; background-color: transparent; font-weight: bold; font-style: italic; font-variant: normal; text-decoration: none; vertical-align: baseline\">Kochany Tatusiu&#8230;<\/span><br \/>\n<span style=\"font-size: 13px; font-family: Verdana; color: #000000; background-color: transparent; font-weight: normal; font-style: italic; font-variant: normal; text-decoration: none; vertical-align: baseline\">Nie takie to mia\u0142o by\u0107 po\u017cegnanie<\/span><br \/>\n<span style=\"font-size: 13px; font-family: Verdana; color: #000000; background-color: transparent; font-weight: normal; font-style: italic; font-variant: normal; text-decoration: none; vertical-align: baseline\">Cho\u0107 wszyscy czekali\u015bmy na nie<\/span><br \/>\n<span style=\"font-size: 13px; font-family: Verdana; color: #000000; background-color: transparent; font-weight: normal; font-style: italic; font-variant: normal; text-decoration: none; vertical-align: baseline\"><\/span><br \/>\n<span style=\"font-size: 13px; font-family: Verdana; color: #000000; background-color: transparent; font-weight: normal; font-style: italic; font-variant: normal; text-decoration: none; vertical-align: baseline\">Mia\u0142y by\u0107 \u0142zy, lecz rado\u015bci<\/span><br \/>\n<span style=\"font-size: 13px; font-family: Verdana; color: #000000; background-color: transparent; font-weight: normal; font-style: italic; font-variant: normal; text-decoration: none; vertical-align: baseline\">I pe\u0142no, lecz nie w czerni go\u015bci<\/span><br \/>\n<span style=\"font-size: 13px; font-family: Verdana; color: #000000; background-color: transparent; font-weight: normal; font-style: italic; font-variant: normal; text-decoration: none; vertical-align: baseline\"><\/span><br \/>\n<span style=\"font-size: 13px; font-family: Verdana; color: #000000; background-color: transparent; font-weight: normal; font-style: italic; font-variant: normal; text-decoration: none; vertical-align: baseline\">25 dni do emerytury<\/span><br \/>\n<span style=\"font-size: 13px; font-family: Verdana; color: #000000; background-color: transparent; font-weight: normal; font-style: italic; font-variant: normal; text-decoration: none; vertical-align: baseline\">A si\u0142y wci\u0105\u017c tyle, by przenosi\u0107 g\u00f3ry<\/span><br \/>\n<span style=\"font-size: 13px; font-family: Verdana; color: #000000; background-color: transparent; font-weight: normal; font-style: italic; font-variant: normal; text-decoration: none; vertical-align: baseline\"><\/span><br \/>\n<span style=\"font-size: 13px; font-family: Verdana; color: #000000; background-color: transparent; font-weight: normal; font-style: italic; font-variant: normal; text-decoration: none; vertical-align: baseline\">Ju\u017c niebawem mia\u0142a si\u0119 sko\u0144czy\u0107 Twa ci\u0119\u017cka s\u0142u\u017cba wojskowa<\/span><br \/>\n<span style=\"font-size: 13px; font-family: Verdana; color: #000000; background-color: transparent; font-weight: normal; font-style: italic; font-variant: normal; text-decoration: none; vertical-align: baseline\">Jeszcze zosta\u0142a tylko ta ostatnia podr\u00f3\u017c s\u0142u\u017cbowa<\/span><br \/>\n<span style=\"font-size: 13px; font-family: Verdana; color: #000000; background-color: transparent; font-weight: normal; font-style: italic; font-variant: normal; text-decoration: none; vertical-align: baseline\"><\/span><br \/>\n<span style=\"font-size: 13px; font-family: Verdana; color: #000000; background-color: transparent; font-weight: normal; font-style: italic; font-variant: normal; text-decoration: none; vertical-align: baseline\">P\u00f3\u017aniej mia\u0142e\u015b ju\u017c tylko planowa\u0107 dawno odk\u0142adane podr\u00f3\u017ce<\/span><br \/>\n<span style=\"font-size: 13px; font-family: Verdana; color: #000000; background-color: transparent; font-weight: normal; font-style: italic; font-variant: normal; text-decoration: none; vertical-align: baseline\">Nacieszy\u0107 si\u0119 domem, ogr\u00f3dkiem, zas\u0142u\u017conym czasem na emeryturze<\/span><br \/>\n<span style=\"font-size: 13px; font-family: Verdana; color: #000000; background-color: transparent; font-weight: normal; font-style: italic; font-variant: normal; text-decoration: none; vertical-align: baseline\"><\/span><br \/>\n<span style=\"font-size: 13px; font-family: Verdana; color: #000000; background-color: transparent; font-weight: normal; font-style: italic; font-variant: normal; text-decoration: none; vertical-align: baseline\">Do ostatniego dnia chcia\u0142e\u015b by\u0107 dla swych \u017co\u0142nierzy przyk\u0142adem<\/span><br \/>\n<span style=\"font-size: 13px; font-family: Verdana; color: #000000; background-color: transparent; font-weight: normal; font-style: italic; font-variant: normal; text-decoration: none; vertical-align: baseline\">By pod\u0105\u017cali lojalno\u015bci i oddania \u015bladem<\/span><br \/>\n<span style=\"font-size: 13px; font-family: Verdana; color: #000000; background-color: transparent; font-weight: normal; font-style: italic; font-variant: normal; text-decoration: none; vertical-align: baseline\"><\/span><br \/>\n<span style=\"font-size: 13px; font-family: Verdana; color: #000000; background-color: transparent; font-weight: normal; font-style: italic; font-variant: normal; text-decoration: none; vertical-align: baseline\">Lecz ju\u017c nam nie opowiesz wspomnie\u0144, co \u017cycie bogate usk\u0142ada\u0142<\/span>o<br \/>\n<span style=\"font-size: 13px; font-family: Verdana; color: #000000; background-color: transparent; font-weight: normal; font-style: italic; font-variant: normal; text-decoration: none; vertical-align: baseline\">Bo \u017cycie &#8211; tak brutalnie &#8211; inny scenariusz napisa\u0142o<\/span><br \/>\n<span style=\"font-size: 13px; font-family: Verdana; color: #000000; background-color: transparent; font-weight: normal; font-style: italic; font-variant: normal; text-decoration: none; vertical-align: baseline\"><\/span><br \/>\n<span style=\"font-size: 13px; font-family: Verdana; color: #000000; background-color: transparent; font-weight: normal; font-style: italic; font-variant: normal; text-decoration: none; vertical-align: baseline\">5 tysi\u0119cy godzin sp\u0119dzonych w r\u00f3\u017cnych statkach powietrznych<\/span><br \/>\n<span style=\"font-size: 13px; font-family: Verdana; color: #000000; background-color: transparent; font-weight: normal; font-style: italic; font-variant: normal; text-decoration: none; vertical-align: baseline\">Tyle miesi\u0119cy &#8211; lat wr\u0119cz &#8211; na misjach niebezpiecznych<\/span><br \/>\n<span style=\"font-size: 13px; font-family: Verdana; color: #000000; background-color: transparent; font-weight: normal; font-style: italic; font-variant: normal; text-decoration: none; vertical-align: baseline\"><\/span><br \/>\n<span style=\"font-size: 13px; font-family: Verdana; color: #000000; background-color: transparent; font-weight: normal; font-style: italic; font-variant: normal; text-decoration: none; vertical-align: baseline\">Tyle kurzu i py\u0142u i ostrza\u0142u mo\u017adzierzy<\/span><br \/>\n<span style=\"font-size: 13px; font-family: Verdana; color: #000000; background-color: transparent; font-weight: normal; font-style: italic; font-variant: normal; text-decoration: none; vertical-align: baseline\">Tyle naszych za Ciebie odm\u00f3wionych pacierzy<\/span><br \/>\n<span style=\"font-size: 13px; font-family: Verdana; color: #000000; background-color: transparent; font-weight: normal; font-style: italic; font-variant: normal; text-decoration: none; vertical-align: baseline\"><\/span><br \/>\n<span style=\"font-size: 13px; font-family: Verdana; color: #000000; background-color: transparent; font-weight: normal; font-style: italic; font-variant: normal; text-decoration: none; vertical-align: baseline\">Lecz zn\u00f3w katy\u0144ska ziemia wyda\u0142a brutalnie komend\u0119<\/span><br \/>\n<span style=\"font-size: 13px; font-family: Verdana; color: #000000; background-color: transparent; font-weight: normal; font-style: italic; font-variant: normal; text-decoration: none; vertical-align: baseline\">Tak, jakby los pragn\u0105\u0142 by\u015b spe\u0142ni\u0142 swoj\u0105 w\u0142asn\u0105 legend\u0119<\/span><\/p>\n<p><span style=\"font-size: 13px; font-family: Verdana; color: #000000; background-color: transparent; font-weight: normal; font-style: italic; font-variant: normal; text-decoration: none; vertical-align: baseline\">Przeszed\u0142e\u015b wszystkie dow\u00f3dcze stanowiska wojskowe<\/span><br \/>\n<span style=\"font-size: 13px; font-family: Verdana; color: #000000; background-color: transparent; font-weight: normal; font-style: italic; font-variant: normal; text-decoration: none; vertical-align: baseline\">A wci\u0105\u017c dla swych podw\u0142adnych mia\u0142e\u015b u\u015bmiech i dowcipy nowe<\/span><br \/>\n<span style=\"font-size: 13px; font-family: Verdana; color: #000000; background-color: transparent; font-weight: normal; font-style: italic; font-variant: normal; text-decoration: none; vertical-align: baseline\"><\/span><br \/>\n<span style=\"font-size: 13px; font-family: Verdana; color: #000000; background-color: transparent; font-weight: normal; font-style: italic; font-variant: normal; text-decoration: none; vertical-align: baseline\">Troszczy\u0142e\u015b si\u0119 bardziej o podw\u0142adnych, ni\u017c o uznanie u prze\u0142o\u017conych<\/span><br \/>\n<span style=\"font-size: 13px; font-family: Verdana; color: #000000; background-color: transparent; font-weight: normal; font-style: italic; font-variant: normal; text-decoration: none; vertical-align: baseline\">I to nieprawda, \u017ce nie ma ludzi niezast\u0105pionych<\/span><br \/>\n<span style=\"font-size: 13px; font-family: Verdana; color: #000000; background-color: transparent; font-weight: normal; font-style: italic; font-variant: normal; text-decoration: none; vertical-align: baseline\"><\/span><br \/>\n<span style=\"font-size: 13px; font-family: Verdana; color: #000000; background-color: transparent; font-weight: normal; font-style: italic; font-variant: normal; text-decoration: none; vertical-align: baseline\">Wielki, a skromny by\u0142e\u015b &#8211; to bez w\u0105tpienia<\/span><br \/>\n<span style=\"font-size: 13px; font-family: Verdana; color: #000000; background-color: transparent; font-weight: normal; font-style: italic; font-variant: normal; text-decoration: none; vertical-align: baseline\">A tacy ludzie nie s\u0105 do zast\u0105pienia<\/span><br \/>\n<span style=\"font-size: 13px; font-family: Verdana; color: #000000; background-color: transparent; font-weight: normal; font-style: italic; font-variant: normal; text-decoration: none; vertical-align: baseline\"><\/span><br \/>\n<span style=\"font-size: 13px; font-family: Verdana; color: #000000; background-color: transparent; font-weight: normal; font-style: italic; font-variant: normal; text-decoration: none; vertical-align: baseline\">Krak\u00f3w jest z Ciebie dumny i wszystkie Twoje desantowe dzieci<\/span><br \/>\n<span style=\"font-size: 13px; font-family: Verdana; color: #000000; background-color: transparent; font-weight: normal; font-style: italic; font-variant: normal; text-decoration: none; vertical-align: baseline\">Bo by\u0142e\u015b pierwszym genera\u0142em w czerwonym berecie, na kt\u00f3rym czwarta <\/span><br \/>\n<span style=\"font-size: 13px; font-family: Verdana; color: #000000; background-color: transparent; font-weight: normal; font-style: italic; font-variant: normal; text-decoration: none; vertical-align: baseline\"> \u00a0\u00a0\u00a0\u00a0\u00a0\u00a0\u00a0\u00a0\u00a0\u00a0\u00a0\u00a0\u00a0\u00a0\u00a0\u00a0\u00a0\u00a0\u00a0\u00a0\u00a0\u00a0\u00a0\u00a0\u00a0\u00a0\u00a0\u00a0\u00a0\u00a0\u00a0\u00a0\u00a0\u00a0\u00a0\u00a0\u00a0\u00a0\u00a0\u00a0gwiazdka \u015bwieci<\/span><br \/>\n<span style=\"font-size: 13px; font-family: Verdana; color: #000000; background-color: transparent; font-weight: normal; font-style: italic; font-variant: normal; text-decoration: none; vertical-align: baseline\"><\/span><br \/>\n<span style=\"font-size: 13px; font-family: Verdana; color: #000000; background-color: transparent; font-weight: normal; font-style: italic; font-variant: normal; text-decoration: none; vertical-align: baseline\">By\u0142e\u015b tak skromnym cz\u0142owiekiem, nie szuka\u0142e\u015b rozg\u0142osu<\/span><br \/>\n<span style=\"font-size: 13px; font-family: Verdana; color: #000000; background-color: transparent; font-weight: normal; font-style: italic; font-variant: normal; text-decoration: none; vertical-align: baseline\">A i tak si\u0119 doczeka\u0142e\u015b w godzin\u0119 \u015bmierci Zygmuntowskiego dzwonu g\u0142osu<\/span><br \/>\n<span style=\"font-size: 13px; font-family: Verdana; color: #000000; background-color: transparent; font-weight: normal; font-style: italic; font-variant: normal; text-decoration: none; vertical-align: baseline\"><\/span><br \/>\n<span style=\"font-size: 13px; font-family: Verdana; color: #000000; background-color: transparent; font-weight: normal; font-style: italic; font-variant: normal; text-decoration: none; vertical-align: baseline\">Medale i s\u0142awa nigdy nie mia\u0142y dla Ciebie znaczenia<\/span><br \/>\n<span style=\"font-size: 13px; font-family: Verdana; color: #000000; background-color: transparent; font-weight: normal; font-style: italic; font-variant: normal; text-decoration: none; vertical-align: baseline\">A i tak otrzyma\u0142e\u015b wszystkie mo\u017cliwe odznaczenia<\/span><br \/>\n<span style=\"font-size: 13px; font-family: Verdana; color: #000000; background-color: transparent; font-weight: normal; font-style: italic; font-variant: normal; text-decoration: none; vertical-align: baseline\"><\/span><br \/>\n<span style=\"font-size: 13px; font-family: Verdana; color: #000000; background-color: transparent; font-weight: normal; font-style: italic; font-variant: normal; text-decoration: none; vertical-align: baseline\">Na zewn\u0105trz by\u0142e\u015b genera\u0142em przez wszystkich powa\u017canym<\/span><br \/>\n<span style=\"font-size: 13px; font-family: Verdana; color: #000000; background-color: transparent; font-weight: normal; font-style: italic; font-variant: normal; text-decoration: none; vertical-align: baseline\">A dla nas, w domu naszym tatusiem &#8211; ciep\u0142ym i kochanym<\/span><br \/>\n<span style=\"font-size: 13px; font-family: Verdana; color: #000000; background-color: transparent; font-weight: normal; font-style: italic; font-variant: normal; text-decoration: none; vertical-align: baseline\"><\/span><br \/>\n<span style=\"font-size: 13px; font-family: Verdana; color: #000000; background-color: transparent; font-weight: normal; font-style: italic; font-variant: normal; text-decoration: none; vertical-align: baseline\">Jeste\u015b niedo\u015bcignionym wzorem, dzi\u0119kujemy Ci za to<\/span><br \/>\n<span style=\"font-size: 13px; font-family: Verdana; color: #000000; background-color: transparent; font-weight: normal; font-style: italic; font-variant: normal; text-decoration: none; vertical-align: baseline\">I chcemy Ci powiedzie\u0107: JESTE\u015aMY Z CIEBIE DUMNE TATO!<\/span><br \/>\n<span style=\"font-size: 13px; font-family: Verdana; color: #000000; background-color: transparent; font-weight: normal; font-style: italic; font-variant: normal; text-decoration: none; vertical-align: baseline\"><\/span><\/p>\n<p dir=\"ltr\" style=\"text-align: center; margin-top: 0pt; margin-bottom: 0pt\"><span style=\"font-size: 13px; font-family: Verdana; color: #000000; background-color: transparent; font-weight: normal; font-style: italic; font-variant: normal; text-decoration: none; vertical-align: baseline\">Prosi\u0142y\u015bmy Boga o mi\u0142o\u015b\u0107 najwi\u0119ksz\u0105<\/span><\/p>\n<p dir=\"ltr\" style=\"text-align: center; margin-top: 0pt; margin-bottom: 0pt\"><span style=\"font-size: 13px; font-family: Verdana; color: #000000; background-color: transparent; font-weight: normal; font-style: italic; font-variant: normal; text-decoration: none; vertical-align: baseline\">Ciep\u0142\u0105 i czu\u0142\u0105 i najpi\u0119kniejsz\u0105<\/span><\/p>\n<p dir=\"ltr\" style=\"text-align: center; margin-top: 0pt; margin-bottom: 0pt\"><span style=\"font-size: 13px; font-family: Verdana; color: #000000; background-color: transparent; font-weight: normal; font-style: italic; font-variant: normal; text-decoration: none; vertical-align: baseline\">Prosi\u0142y\u015bmy Boga o zrozumienie<\/span><\/p>\n<p dir=\"ltr\" style=\"text-align: center; margin-top: 0pt; margin-bottom: 0pt\"><span style=\"font-size: 13px; font-family: Verdana; color: #000000; background-color: transparent; font-weight: normal; font-style: italic; font-variant: normal; text-decoration: none; vertical-align: baseline\">Kt\u00f3re ukoi wszelkie cierpienie<\/span><\/p>\n<p dir=\"ltr\" style=\"text-align: center; margin-top: 0pt; margin-bottom: 0pt\"><span style=\"font-size: 13px; font-family: Verdana; color: #000000; background-color: transparent; font-weight: normal; font-style: italic; font-variant: normal; text-decoration: none; vertical-align: baseline\">Pregn\u0119\u0142y\u015bmy w \u017cyciu oparcia i si\u0142y<\/span><\/p>\n<p dir=\"ltr\" style=\"text-align: center; margin-top: 0pt; margin-bottom: 0pt\"><span style=\"font-size: 13px; font-family: Verdana; color: #000000; background-color: transparent; font-weight: normal; font-style: italic; font-variant: normal; text-decoration: none; vertical-align: baseline\">Przy kt\u00f3rej marzenia by si\u0119 spe\u0142ni\u0142y<\/span><\/p>\n<p dir=\"ltr\" style=\"text-align: center; margin-top: 0pt; margin-bottom: 0pt\"><span style=\"font-size: 13px; font-family: Verdana; color: #000000; background-color: transparent; font-weight: normal; font-style: italic; font-variant: normal; text-decoration: none; vertical-align: baseline\">Modli\u0142y\u015bmy si\u0119 o przyjaciela na sta\u0142e<\/span><\/p>\n<p dir=\"ltr\" style=\"text-align: center; margin-top: 0pt; margin-bottom: 0pt\"><span style=\"font-size: 13px; font-family: Verdana; color: #000000; background-color: transparent; font-weight: normal; font-style: italic; font-variant: normal; text-decoration: none; vertical-align: baseline\">Kt\u00f3ry rozwieje wszystkie smutki i \u017cale<\/span><\/p>\n<p dir=\"ltr\" style=\"text-align: center; margin-top: 0pt; margin-bottom: 0pt\"><span style=\"font-size: 13px; font-family: Verdana; color: #000000; background-color: transparent; font-weight: normal; font-style: italic; font-variant: normal; text-decoration: none; vertical-align: baseline\">Dosta\u0142y\u015bmy to wszystko w jednej \u00a0osobie<\/span><\/p>\n<p dir=\"ltr\" style=\"text-align: center; margin-top: 0pt; margin-bottom: 0pt\"><span style=\"font-size: 13px; font-family: Verdana; color: #000000; background-color: transparent; font-weight: normal; font-style: italic; font-variant: normal; text-decoration: none; vertical-align: baseline\">Kochany tatu\u015bku &#8211; to w\u0142a\u015bnie w Tobie<\/span><\/p>\n<p dir=\"ltr\" style=\"text-align: center; margin-top: 0pt; margin-bottom: 0pt\"><span style=\"font-size: 13px; font-family: Verdana; color: #000000; background-color: transparent; font-weight: normal; font-style: italic; font-variant: normal; text-decoration: none; vertical-align: baseline\">I w tym dniu chcemy Ci podzi\u0119kowa\u0107 za to<\/span><\/p>\n<p dir=\"ltr\" style=\"text-align: center; margin-top: 0pt; margin-bottom: 0pt\"><span style=\"font-size: 13px; font-family: Verdana; color: #000000; background-color: transparent; font-weight: normal; font-style: italic; font-variant: normal; text-decoration: none; vertical-align: baseline\">\u017be w\u0142a\u015bnie naszym by\u0142e\u015b m\u0119\u017cem i Tat\u0105<\/span><\/p>\n<p><span style=\"font-size: 13px; font-family: Verdana; color: #000000; background-color: transparent; font-weight: normal; font-style: italic; font-variant: normal; text-decoration: none; vertical-align: baseline\"><\/span><br \/>\n<span style=\"font-size: 13px; font-family: Verdana; color: #000000; background-color: transparent; font-weight: normal; font-style: italic; font-variant: normal; text-decoration: none; vertical-align: baseline\">I cho\u0107 jeste\u015b w naszych sercach, tak strasznie nam brakuje naszego Tatu\u015bka<\/span><br \/>\n<span style=\"font-size: 13px; font-family: Verdana; color: #000000; background-color: transparent; font-weight: normal; font-style: italic; font-variant: normal; text-decoration: none; vertical-align: baseline\">Kochamy Ci\u0119 &#8211; Tuptusiek, Edziulek i Twoja kochana Mamu\u015bka<\/span><br \/>\n<span style=\"font-size: 13px; font-family: Verdana; color: #000000; background-color: transparent; font-weight: normal; font-style: italic; font-variant: normal; text-decoration: none; vertical-align: baseline\"><\/span><br \/>\n<span style=\"font-size: 13px; font-family: Verdana; color: #000000; background-color: transparent; font-weight: bold; font-style: normal; font-variant: normal; text-decoration: none; vertical-align: baseline\">Wiersz po\u017cegnalny dla ojca autorstwa c\u00f3rek Genera\u0142a &#8211; Kamili i Edyty<\/span><br \/>\n<span style=\"font-size: 13px; font-family: Verdana; color: #000000; background-color: transparent; font-weight: bold; font-style: italic; font-variant: normal; text-decoration: none; vertical-align: baseline\"><\/span><\/p>\n","protected":false},"excerpt":{"rendered":"<p>Klub Gazety Polskiej w Nowym Jorku, wesp\u00f3\u0142 z Kongresem Polonii Ameryka\u0144skiej, Oddzia\u0142 w New Jersey zorganizowali spotkanie z Profesorem Wies\u0142awem Biniend\u0105, Mecenas Mari\u0105 Szonert-Binienda, oraz Krystyn\u0105 Kwiatkowsk\u0105, wdow\u0119 po \u015bp. Generale Bronis\u0142awie Kwiatkowskim i Dorot\u0105 Skrzypek, wdow\u0119 po \u015bp. Prezesie Narodowego Banku Polskiego, S\u0142awomirze Skrzypku.<\/p>\n","protected":false},"author":2,"featured_media":0,"comment_status":"open","ping_status":"open","sticky":false,"template":"","format":"standard","meta":[],"categories":[3],"tags":[],"_links":{"self":[{"href":"https:\/\/sporek.com\/blog\/index.php?rest_route=\/wp\/v2\/posts\/335"}],"collection":[{"href":"https:\/\/sporek.com\/blog\/index.php?rest_route=\/wp\/v2\/posts"}],"about":[{"href":"https:\/\/sporek.com\/blog\/index.php?rest_route=\/wp\/v2\/types\/post"}],"author":[{"embeddable":true,"href":"https:\/\/sporek.com\/blog\/index.php?rest_route=\/wp\/v2\/users\/2"}],"replies":[{"embeddable":true,"href":"https:\/\/sporek.com\/blog\/index.php?rest_route=%2Fwp%2Fv2%2Fcomments&post=335"}],"version-history":[{"count":0,"href":"https:\/\/sporek.com\/blog\/index.php?rest_route=\/wp\/v2\/posts\/335\/revisions"}],"wp:attachment":[{"href":"https:\/\/sporek.com\/blog\/index.php?rest_route=%2Fwp%2Fv2%2Fmedia&parent=335"}],"wp:term":[{"taxonomy":"category","embeddable":true,"href":"https:\/\/sporek.com\/blog\/index.php?rest_route=%2Fwp%2Fv2%2Fcategories&post=335"},{"taxonomy":"post_tag","embeddable":true,"href":"https:\/\/sporek.com\/blog\/index.php?rest_route=%2Fwp%2Fv2%2Ftags&post=335"}],"curies":[{"name":"wp","href":"https:\/\/api.w.org\/{rel}","templated":true}]}}