{"id":336,"date":"2012-05-19T02:29:34","date_gmt":"2012-05-19T06:29:34","guid":{"rendered":"http:\/\/sporek.com\/blog\/?p=336"},"modified":"2012-05-20T00:44:09","modified_gmt":"2012-05-20T04:44:09","slug":"pucz-po-raz-drugi","status":"publish","type":"post","link":"https:\/\/sporek.com\/blog\/?p=336","title":{"rendered":"Pucz po raz drugi"},"content":{"rendered":"<p><span style=\"background-color: transparent; font-variant: normal; font-style: normal; font-family: Verdana; color: #000000; font-size: 13px; vertical-align: baseline; font-weight: normal; text-decoration: none\" id=\"internal-source-marker_0.2332064237468391\"><\/span><span style=\"background-color: transparent; font-variant: normal; font-style: normal; font-family: Verdana; color: #000000; font-size: 13px; vertical-align: baseline; font-weight: normal; text-decoration: none\">Zadziwiaj\u0105ce, jak g\u0142eboka mo\u017ce by\u0107 w ludziach ch\u0119\u0107 zemsty, odwetu. Najpierw odby\u0142 si\u0119 pucz na czterech dyrektorach. Pucz prowadzi\u0142a przewodnicz\u0105ca rady dyrektor\u00f3w Unii Kredytowej, na wniosek posterunkowego \u201cprzyw\u00f3dcy\u201d Polonii. <\/span><!--more--><span style=\"background-color: transparent; font-variant: normal; font-style: normal; font-family: Verdana; color: #000000; font-size: 13px; vertical-align: baseline; font-weight: normal; text-decoration: none\">Teraz posterunkowy napisa\u0142 e-mail do dyrektor\u00f3w, \u017ce nale\u017cy usun\u0105\u0107 dyrektora wykonawczego i pos\u0142uszna przewodnicz\u0105ca z pi\u0119cioma poplecznikami z\u0142o\u017cy\u0142a wniosek na posiedzeniu rady dyrektor\u00f3w, aby zwolni\u0107 \u2026 nie uwierzycie, &#8211; dyrektora wykonawczego. \u00a0Wniosek popar\u0142 wprowadzony miesi\u0105c temu do rady -teraz ju\u017c wiemy po co- najbli\u017cszy wsp\u00f3\u0142pracownik przebraj\u0105cego si\u0119 w mundur kapitana marynarki wojennej \u201cprzyw\u00f3dcy\u201d i pos\u0142uszna czeladka zag\u0142osowa\u0142a, \u017ce CEO musi zosta\u0107 zwolniony. Wywo\u0142a\u0142o to nieprawdopodobne oburzenie wysokich rang\u0105 pracownik\u00f3w manad\u017cmentu. <\/span><br \/>\n<span style=\"background-color: transparent; font-variant: normal; font-style: normal; font-family: Verdana; color: #000000; font-size: 13px; vertical-align: baseline; font-weight: normal; text-decoration: none\">Najpierw jednak dosz\u0142o do paradoksu (w radzie dyrektor\u00f3w pod wodz\u0105 obecnej przewodnicz\u0105cej paradoks\u00f3w by\u0142o sporo). Ot\u00f3\u017c odpowiedzialna za podliczenie wynik\u00f3w tzw. \u201cewaluacji\u201d, czyli oceny dyrektora wykonawczego przeprowadzonej na specjalnych arkuszach przez ka\u017cdego z dyrektor\u00f3w (tajnie) cz\u0142onkini rady dyrektor\u00f3w, zapoda\u0142a, \u017ce w skali 1 &#8211; 3, CEO otrzyma\u0142 1,83, co przy wi\u0119kszo\u015bciowej nienawi\u015bci do tego cz\u0142owieka czyni ten wynik wr\u0119cz fantastycznym. Okaza\u0142o si\u0119 jednak, \u017ce pani ta nie wzi\u0119\u0142a pod uwag\u0119 ewaluacji z\u0142o\u017cenej &#8211; r\u00f3wnie\u017c na specjalnych arkuszach &#8211; przez samego CEO. A proporcja jest nast\u0119puj\u0105ca: opinia dyrektor\u00f3w stanowi zaledwie 30%, a \u201czeznania\u201d CEO z tego, co zrobi\u0142 stanowi\u0105 70%. Ten fakt frywolnie zlekcewa\u017cono i w sumie nie podano nam informacji, jak wygl\u0105da ca\u0142o\u015bciowa \u201cewaluacja\u201d dyrektora wykonawczego. Ot, taki drobiazg. A wys\u0142a\u0142 ten dokument e-mailem. Rzetelna pani dyrektor odpowiedzialna za podliczenie wynik\u00f3w ewaluacji&#8230;przeoczy\u0142a ten e-mail. Komentarz zb\u0119dny. Na nic te\u017c okaza\u0142a si\u0119 pisemna ewaluacja dokonana, jak powiedzia\u0142em przez ka\u017cdego z dyrektor\u00f3w oddzielnie i tajnie. Przewodnicz\u0105ca og\u0142osi\u0142a, \u017ce wa\u017cniejsze b\u0119d\u0105 ustne opowiadania o dyrektorze wykonawczym. I otworzy\u0142a dyskusj\u0119. W rzeczonej dyskusji nie dowiedzieli\u015bmy si\u0119 jednak, \u017ceby dyrektor wykonawczy zdefraudowa\u0142 miliony, albo dokona\u0142 rzeczy, kt\u00f3re po\u0142o\u017cy\u0142y polonijn\u0105 Uni\u0119 Kredytow\u0105 na \u0142opatki. Us\u0142yszeli\u015bmy natomiast wypowiedzi obra\u017conych pa\u0144, kt\u00f3re wyla\u0142y swoje pretensje o tak b\u0142ache sprawy, \u017ce trudno by\u0142o uwierzy\u0107, aby sta\u0142y si\u0119 one powodem zwolnienia cz\u0142owieka, kt\u00f3rego szukali\u015bmy prawie p\u00f3\u0142tora roku.<\/span><br \/>\n<span style=\"background-color: transparent; font-variant: normal; font-style: normal; font-family: Verdana; color: #000000; font-size: 13px; vertical-align: baseline; font-weight: normal; text-decoration: none\">A jednak. O dziwo jednym z najd\u0142u\u017cej przemawiaj\u0105cych by\u0142 pan, kt\u00f3ry w\u0142a\u015bnie wszed\u0142 do rady miesi\u0105c temu z nakazania przewodnicz\u0105cej. Powt\u00f3rz\u0119: teraz ju\u017c wiem, po co.<\/span><br \/>\n<span style=\"background-color: transparent; font-variant: normal; font-style: normal; font-family: Verdana; color: #000000; font-size: 13px; vertical-align: baseline; font-weight: normal; text-decoration: none\">Zwolniono cz\u0142owieka, kt\u00f3ry by\u0142 najwy\u017cej wykszta\u0142conym z dotychczasowych CEO w naszej Unii. A my do dzi\u015b nie dowiedzieli\u015bmy si\u0119, jakie wykszta\u0142cenie ma pan Wysocki i jak\u0105 prowadzi firm\u0119, albo co robi, aby zarabia\u0107 na \u017cycie. Nie wspomn\u0119 o trzech, nigdy nie udokumentowanych fakultetach pani przewodnicz\u0105cej. <\/span><span style=\"background-color: transparent; font-variant: normal; font-style: normal; font-family: Verdana; color: #000000; font-size: 13px; vertical-align: baseline; font-weight: normal; text-decoration: none\">Najwi\u0119cej r\u00f3wnie\u017c do gadania mia\u0142 Pan Krzysiu, znany z tego, \u017ce wyda\u0142 setki tysi\u0119cy dolar\u00f3w cz\u0142onkowskich, aby broni\u0107 w\u0142asnej i koleg\u00f3w sk\u00f3ry przed decyzjami NCUA. Pan Krzysztof ma jedn\u0105 formu\u0142k\u0119 na obron\u0119 swoich harc\u00f3w z cz\u0142onkowskimi dolarami: \u201cto jest przesz\u0142o\u015b\u0107, a my m\u00f3wimy o tera\u017aniejszo\u015bci\u201d.<\/span><span style=\"background-color: transparent; font-variant: normal; font-style: normal; font-family: Verdana; color: #000000; font-size: 13px; vertical-align: baseline; font-weight: normal; text-decoration: none\"> Mo\u017cna i tak. I wygarn\u0105\u0142 swoje najwi\u0119ksze oskar\u017cenia: dyrektor wykonawczy chcia\u0142 sprzeda\u0107 siedzib\u0119 w Fairfield, (na kt\u00f3r\u0105 wydano bezsensownie 9 milion\u00f3w dolar\u00f3w, i kt\u00f3ra jest tak usytuowana, \u017ce jak troch\u0119 popada, to pracownicy nie mog\u0105 do niej dojecha\u0107 nawet amfibiami, &#8211; przyp. moje) i chcia\u0142 zamieni\u0107 &#8222;przero\u015bni\u0119t\u0105&#8221; siedzib\u0119 w Maspeth, na co\u015b mniejszego. Owszem chcia\u0142, ale ani nie sprzeda\u0142, ani nie zrobi\u0142 \u017cadnych przygotowa\u0144 do sprzeda\u017cy. Wystarczy, \u017ceby zwolni\u0107? Okazuje si\u0119, \u017ce tak. Pan Krzysiu zapomnia\u0142, \u017ce gdy jego kolega (prawnik zreszt\u0105) by\u0142 przewodnicz\u0105cym, to na telewizj\u0119 kolegi wydawano ponad p\u00f3\u0142 miliona dolar\u00f3w rocznie, na reklamy. Oj, przepraszam, to przecie\u017c przesz\u0142o\u015b\u0107.<\/span><br \/>\n<span style=\"background-color: transparent; font-variant: normal; font-style: normal; font-family: Verdana; color: #000000; font-size: 13px; vertical-align: baseline; font-weight: normal; text-decoration: none\">W prote\u015bcie przeciwko temu, co si\u0119 sta\u0142o tr\u00f3jka dyrektor\u00f3w opu\u015bci\u0142a zebranie sk\u0142adaj\u0105c natychmiast, w sekretariacie pisemn\u0105 rezygnacj\u0119: El\u017cbieta Baumgartner, Adam Grochecki (bankowiec z 8-letnim sta\u017cem) i ni\u017cej podpisany. <\/span><br \/>\n<span style=\"background-color: transparent; font-variant: normal; font-style: normal; font-family: Verdana; color: #000000; font-size: 13px; vertical-align: baseline; font-weight: normal; text-decoration: none\">Farsa, jakiej byli\u015bmy \u015bwiadkami. nie mia\u0142a dotychczas miejsca w ca\u0142ej, 35-letniej historii Polsko-S\u0142owia\u0144skiej Federalnej Unii Kredytowej. I tak, dzi\u0119ki m\u0105dro\u015bci pani przewodnicz\u0105cej, wspartej przez pana Krzysztofa, \u201c\u017ce tak si\u0119 wyra\u017c\u0119\u201d \u00a0i, \u201c\u017ce tak powiem\u201d, oraz czworo pozosta\u0142ych wspieraj\u0105cych, nasza Unia od chwili panowania pani Wierzbowskiej wyda\u0142a ju\u017c setki tysi\u0119cy dolar\u00f3w na s\u0105dy, prawnika, (kt\u00f3ry za 9 tysi\u0119cy napisa\u0142 jedno pismo), a teraz wydamy nastepne. Przypomn\u0119, \u017ce wiod\u0105cym has\u0142em pani przewodnicz\u0105cej by\u0142o: \u201cstop z bezsensownym wydawaniem cz\u0142onkowskich pieni\u0119dzy\u201d. Has\u0142a, has\u0142ami, a hipokryzja i tak zwyci\u0119\u017cy.<\/span><br \/>\n<span style=\"background-color: transparent; font-variant: normal; font-style: normal; font-family: Verdana; color: #000000; font-size: 13px; vertical-align: baseline; font-weight: normal; text-decoration: none\">Sta\u0142a si\u0119 rzecz, kt\u00f3ra mo\u017ce spowodowa\u0107 wej\u015bcie NCUA. To nie s\u0105 \u017carty. Pami\u0119tajmy, \u017ce Unii grozi kilka proces\u00f3w s\u0105dowych za kompletnie bezpodstawne wyrzucenie czw\u00f3rki dyrektor\u00f3w, kt\u00f3rych zmieszano z b\u0142otem. Rekompensaty b\u0119d\u0105 musieli zap\u0142aci\u0107 Cz\u0142onkowie. Takie to s\u0105 rz\u0105dy pani przewodnicz\u0105cej po trzech uniwersytetach, ale bez dyplom\u00f3w. Cz\u0142owieka po Harvardzie zwolnili ludzie, kt\u00f3rzy z bankowo\u015bci\u0105 maj\u0105 tylko tyle wsp\u00f3lnego, \u017ce s\u0105 cz\u0142onkami rady dyrektor\u00f3w, ale, jak g\u0142osi niejaki J\u00f3zef \u0141uczaj, w radzie powinny by\u0107 i sprz\u0105taczki i zwykli, fizyczni. Niewa\u017cne, czy znaj\u0105 angielski, czy nie.<\/span><br \/>\n<span style=\"background-color: transparent; font-variant: normal; font-style: normal; font-family: Verdana; color: #000000; font-size: 13px; vertical-align: baseline; font-weight: normal; text-decoration: none\">Obna\u017cy\u0142a si\u0119 jednocze\u015bnie hipokryzja i swego rodzaju zdolno\u015b\u0107 do k\u0142amstwa, bo np. jedna z pa\u0144 dyrektorek wr\u0119cz zarzeka\u0142a si\u0119, \u017ce nie zag\u0142osuje za zwolnieniem. Zag\u0142osowa\u0142a. Ma\u0142o tego do\u0142o\u017cy\u0142a kilka swoich \u201c\u0142ez\u201d, \u017ce dyrektor nie odpowiedza\u0142 na jej maila tak, jakby chcia\u0142a i takie tam pierdo\u0142ki. Zreszt\u0105, ja nigdy za bardzo nie wiedzia\u0142em o czym ta pani m\u00f3wi. Niewa\u017cne.<\/span><br \/>\n<span style=\"background-color: transparent; font-variant: normal; font-style: normal; font-family: Verdana; color: #000000; font-size: 13px; vertical-align: baseline; font-weight: normal; text-decoration: none\">O tym, jakie plany na rozw\u00f3j naszej Unii Kredytowej mia\u0142 zwolniony CEO mo\u017cna si\u0119 dowiedzie\u0107 z wywiadu, jakiego udzieli\u0142 Gwie\u017adzie Polarnej. Napisz\u0119 o tym innym razem.<\/span><br \/>\n<span style=\"background-color: transparent; font-variant: normal; font-style: normal; font-family: Verdana; color: #000000; font-size: 13px; vertical-align: baseline; font-weight: normal; text-decoration: none\">Pan Wysocki oznajmi\u0142, \u017ce CEO nie by\u0142 lubiany przez pracownik\u00f3w. Ot\u00f3\u017c jest dok\u0142adnie tak, jak z ka\u017cdym cz\u0142owiekiem: jedni go lubili, inni nie. Normalne. Natomiast nie od dzi\u015b wiadomo, \u017ce ka\u017cdy, kto zaczyna robi\u0107 porz\u0105dki nara\u017cony jest na to, \u017ce nie b\u0119dzie lubiany. B\u0142\u0119dy? Nie pope\u0142nia ich tylko ten, kto nie robi nic. Osobi\u015bcie wol\u0119 zrobi\u0107 b\u0142\u0105d, ni\u017c u\u017cywa\u0107 cz\u0142onkowskich pieni\u0119dzy do s\u0105dowego bronienia swojej sk\u00f3ry, lub wspierania telewizji i gazety kole\u017cki. <\/span><br \/>\n<span style=\"background-color: transparent; font-variant: normal; font-style: normal; font-family: Verdana; color: #000000; font-size: 13px; vertical-align: baseline; font-weight: normal; text-decoration: none\">A, \u017ce nie zawi\u0105zywa\u0142 kolesiowskich uk\u0142ad\u00f3w? Mia\u0142 racj\u0119. To, co ja mu zarzucam to to, \u017ce wdawa\u0142 si\u0119 w dyskusj\u0119 z pani\u0105 przewodnicz\u0105ca i \u201cprzyw\u00f3dc\u0105\u201d przebierajacym si\u0119 w mundur kapitana marynarki wojennej, choc jego prawdziwym mundurem by\u0142 mundur milicjanta. Bo ani z pani\u0105 przewodnicz\u0105c\u0105, ani z \u201cprzyw\u00f3dc\u0105\u201d rozmawia\u0107 si\u0119 nie da. <\/span><br \/>\n<span style=\"background-color: transparent; font-variant: normal; font-style: normal; font-family: Verdana; color: #000000; font-size: 13px; vertical-align: baseline; font-weight: normal; text-decoration: none\">Teraz, my\u015bl\u0119, wszystko w r\u0119ku Boga, bo wbrew optymizmowi i pewno\u015bci siebie sze\u015bciu cz\u0142onk\u00f3w, kt\u00f3rzy dzi\u015b wieczorem dokonali tego puczu, sprawy nie b\u0119d\u0105 tak pozytywne, jak im si\u0119 wydaje. No, chyba, \u017ce wezm\u0105 przyk\u0142ad z polskiego ministra finans\u00f3w i zaczn\u0105 zmusza\u0107 administracj\u0119 do tzw. kreatywnej ksi\u0119gowo\u015bci i obwieszcza\u0107 same sukcesy.<\/span><span style=\"background-color: transparent; font-variant: normal; font-style: normal; font-family: Arial; color: #000000; font-size: 15px; vertical-align: baseline; font-weight: normal; text-decoration: none\"><\/span><\/p>\n","protected":false},"excerpt":{"rendered":"<p>Zadziwiaj\u0105ce, jak g\u0142eboka mo\u017ce by\u0107 w ludziach ch\u0119\u0107 zemsty, odwetu. Najpierw odby\u0142 si\u0119 pucz na czterech dyrektorach. Pucz prowadzi\u0142a przewodnicz\u0105ca rady dyrektor\u00f3w Unii Kredytowej, na wniosek posterunkowego \u201cprzyw\u00f3dcy\u201d Polonii.<\/p>\n","protected":false},"author":2,"featured_media":0,"comment_status":"open","ping_status":"open","sticky":false,"template":"","format":"standard","meta":[],"categories":[3],"tags":[],"_links":{"self":[{"href":"https:\/\/sporek.com\/blog\/index.php?rest_route=\/wp\/v2\/posts\/336"}],"collection":[{"href":"https:\/\/sporek.com\/blog\/index.php?rest_route=\/wp\/v2\/posts"}],"about":[{"href":"https:\/\/sporek.com\/blog\/index.php?rest_route=\/wp\/v2\/types\/post"}],"author":[{"embeddable":true,"href":"https:\/\/sporek.com\/blog\/index.php?rest_route=\/wp\/v2\/users\/2"}],"replies":[{"embeddable":true,"href":"https:\/\/sporek.com\/blog\/index.php?rest_route=%2Fwp%2Fv2%2Fcomments&post=336"}],"version-history":[{"count":0,"href":"https:\/\/sporek.com\/blog\/index.php?rest_route=\/wp\/v2\/posts\/336\/revisions"}],"wp:attachment":[{"href":"https:\/\/sporek.com\/blog\/index.php?rest_route=%2Fwp%2Fv2%2Fmedia&parent=336"}],"wp:term":[{"taxonomy":"category","embeddable":true,"href":"https:\/\/sporek.com\/blog\/index.php?rest_route=%2Fwp%2Fv2%2Fcategories&post=336"},{"taxonomy":"post_tag","embeddable":true,"href":"https:\/\/sporek.com\/blog\/index.php?rest_route=%2Fwp%2Fv2%2Ftags&post=336"}],"curies":[{"name":"wp","href":"https:\/\/api.w.org\/{rel}","templated":true}]}}