{"id":338,"date":"2012-05-29T20:44:58","date_gmt":"2012-05-30T00:44:58","guid":{"rendered":"http:\/\/sporek.com\/blog\/?p=338"},"modified":"2012-05-30T11:46:08","modified_gmt":"2012-05-30T15:46:08","slug":"president-obama-please-apologize","status":"publish","type":"post","link":"https:\/\/sporek.com\/blog\/?p=338","title":{"rendered":"President Obama, please apologize!!"},"content":{"rendered":"<p><span style=\"font-size: 15px; font-family: Arial; color: #000000; background-color: transparent; font-weight: normal; font-style: normal; font-variant: normal; text-decoration: none; vertical-align: baseline\" id=\"internal-source-marker_0.05883970784234849\"><\/span><span style=\"font-size: 13px; font-family: Verdana; color: #000000; background-color: transparent; font-weight: normal; font-style: normal; font-variant: normal; text-decoration: none; vertical-align: baseline\" id=\"internal-source-marker_0.18449143997222806\">Mr. President we, the Polish people expect your apology for the shocking term you used while honoring Jan Karski.<\/span><!--more--><br \/>\n<span style=\"font-size: 13px; font-family: Verdana; color: #000000; background-color: transparent; font-weight: normal; font-style: normal; font-variant: normal; text-decoration: none; vertical-align: baseline\">You said: \u2026\u201dsmuggled him (Jan Karski) into a Warsaw Ghetto and a Polish death camp\u2026\u201d<\/span><br \/>\n<span style=\"font-size: 13px; font-family: Verdana; color: #000000; background-color: transparent; font-weight: normal; font-style: normal; font-variant: normal; text-decoration: none; vertical-align: baseline\">Mr. President, there were no <\/span><span style=\"font-size: 13px; font-family: Verdana; color: #000000; background-color: transparent; font-weight: bold; font-style: normal; font-variant: normal; text-decoration: none; vertical-align: baseline\">Polish death camps.<\/span><span style=\"font-size: 13px; font-family: Verdana; color: #000000; background-color: transparent; font-weight: normal; font-style: normal; font-variant: normal; text-decoration: none; vertical-align: baseline\"> There were German Nazi\u2019s Concentration Camps <\/span><span style=\"font-size: 13px; font-family: Verdana; color: #000000; background-color: transparent; font-weight: bold; font-style: normal; font-variant: normal; text-decoration: none; vertical-align: baseline\">IN<\/span><span style=\"font-size: 13px; font-family: Verdana; color: #000000; background-color: transparent; font-weight: normal; font-style: normal; font-variant: normal; text-decoration: none; vertical-align: baseline\"> Poland, as American Guantanamo detention camp is <\/span><span style=\"font-size: 13px; font-family: Verdana; color: #000000; background-color: transparent; font-weight: bold; font-style: normal; font-variant: normal; text-decoration: none; vertical-align: baseline\">IN<\/span><span style=\"font-size: 13px; font-family: Verdana; color: #000000; background-color: transparent; font-weight: normal; font-style: normal; font-variant: normal; text-decoration: none; vertical-align: baseline\"> Cuba. Would you have enough courage to call Guantanamo a \u201cCuba detention camp\u201d? Do it, &#8211; I want to hear it.<\/span><br \/>\n<span style=\"font-size: 13px; font-family: Verdana; color: #000000; background-color: transparent; font-weight: normal; font-style: normal; font-variant: normal; text-decoration: none; vertical-align: baseline\">Here is another explanation if you still don\u2019t get it:<\/span><br \/>\n<span style=\"font-size: 13px; font-family: Verdana; color: #000000; background-color: transparent; font-weight: normal; font-style: normal; font-variant: normal; text-decoration: none; vertical-align: baseline\">Would  you call Ford, Buick, Chrysler or Lincoln \u201cFrench cars\u201d if you see them  on the highways in France? How many times and how long we have protest  against using this term?<\/span><br \/>\n<span style=\"font-size: 13px; font-family: Verdana; color: #000000; background-color: transparent; font-weight: normal; font-style: normal; font-variant: normal; text-decoration: none; vertical-align: baseline\">You deeply harmed not only us &#8211; living Poles but also the Hero you were honoring, &#8211; Jan Karski.<\/span><br \/>\n<span style=\"font-size: 13px; font-family: Verdana; color: #000000; background-color: transparent; font-weight: normal; font-style: normal; font-variant: normal; text-decoration: none; vertical-align: baseline\">Who  wrote this speech for you? You clearly read it from teleprompter. Fire  this idiot unless you both did it intentionally on purpose.<\/span><br \/>\n<span style=\"font-size: 13px; font-family: Verdana; color: #000000; background-color: transparent; font-weight: normal; font-style: normal; font-variant: normal; text-decoration: none; vertical-align: baseline\">In case you don\u2019t realize what you have done, here is the link to your speech:<\/span><br \/>\n<span style=\"font-size: 13px; font-family: Verdana; color: #000000; background-color: transparent; font-weight: normal; font-style: normal; font-variant: normal; text-decoration: none; vertical-align: baseline\"><\/span><br \/>\n<a href=\"http:\/\/www.youtube.com\/watch?v=Rd-v24pAg7s&amp;feature=player_embedded\"><span style=\"font-size: 13px; font-family: Verdana; color: #1155cc; background-color: transparent; font-weight: normal; font-style: normal; font-variant: normal; text-decoration: underline; vertical-align: baseline\">http:\/\/www.youtube.com\/watch?v=Rd-v24pAg7s&amp;feature=player_embedded<\/span><\/a><br \/>\n<a href=\"http:\/\/www.youtube.com\/watch?v=Rd-v24pAg7s&amp;feature=player_embedded\"><span style=\"font-size: 13px; font-family: Verdana; color: #1155cc; background-color: transparent; font-weight: normal; font-style: normal; font-variant: normal; text-decoration: underline; vertical-align: baseline\"><\/span><\/a><br \/>\n<span style=\"font-size: 13px; font-family: Verdana; color: #000000; background-color: transparent; font-weight: normal; font-style: normal; font-variant: normal; text-decoration: none; vertical-align: baseline\">Apology is a MUST, Mr. President.<\/span><br \/>\n<span style=\"font-size: 13px; font-family: Verdana; color: #000000; background-color: transparent; font-weight: normal; font-style: normal; font-variant: normal; text-decoration: none; vertical-align: baseline\">\u2014\u2014\u2014\u2014\u2014\u2014\u2014\u2014\u2014\u2014\u2014\u2014\u2014\u2014\u2014\u2014\u2014\u2014\u2014\u2014\u2014\u2014\u2014\u2014\u2014\u2014\u2014\u2014\u2014\u2014\u2014\u2014\u2014\u2014\u2014\u2014\u2014\u2014\u2014\u2013<\/span><br \/>\n<span style=\"font-size: 13px; font-family: Verdana; color: #000000; background-color: transparent; font-weight: normal; font-style: normal; font-variant: normal; text-decoration: none; vertical-align: baseline\">Panie Prezydencie, prosz\u0119 przeprosi\u0107<\/span><br \/>\n<span style=\"font-size: 13px; font-family: Verdana; color: #000000; background-color: transparent; font-weight: normal; font-style: normal; font-variant: normal; text-decoration: none; vertical-align: baseline\">Panie  Prezydencie, my obywatele polscy oczekujemy Pa\u0144skich przeprosin za  szokuj\u0105ce s\u0142owa, jakich u\u017cyl Pan podczas odznaczania Jana karskiego.<\/span><br \/>\n<span style=\"font-size: 13px; font-family: Verdana; color: #000000; background-color: transparent; font-weight: normal; font-style: normal; font-variant: normal; text-decoration: none; vertical-align: baseline\">Powiedzia\u0142  Pan, \u017ce Jan Karski zosta\u0142 przemycony do \u201cwarszawskiego getta i do  polskiego obozu \u015bmierci\u201d. Panie Prezydencie, nie by\u0142o <\/span><span style=\"font-size: 13px; font-family: Verdana; color: #000000; background-color: transparent; font-weight: bold; font-style: normal; font-variant: normal; text-decoration: none; vertical-align: baseline\">Polskich oboz\u00f3w \u015bmierci. <\/span><span style=\"font-size: 13px; font-family: Verdana; color: #000000; background-color: transparent; font-weight: normal; font-style: normal; font-variant: normal; text-decoration: none; vertical-align: baseline\">By\u0142y  niemieckie, nazistowskie obozy zag\u0142ady w Polsce, tak, jak ameryka\u0144skie  wi\u0119zienie jest w Guantanamo, na Kubie.Czy mia\u0142by Pan odwag\u0119 nazwa\u0107 to  wi\u0119zienie \u201ckuba\u0144skim\u201d? To ja chc\u0119 to us\u0142ysze\u0107.<\/span><br \/>\n<span style=\"font-size: 13px; font-family: Verdana; color: #000000; background-color: transparent; font-weight: normal; font-style: normal; font-variant: normal; text-decoration: none; vertical-align: baseline\">Oto  inny przyk\u0142ad: czy nazwa\u0142by Pan forda, chryslera, buicka, czy lincolna  francuskimi samochodami, gdyby je Pan zobaczy\u0142 na autostradzie we  Francji? Ile razy i jak d\u0142ugo mamy protestowa\u0107 przeciwko u\u017cywaniu  terminu \u201cpolskie obozy \u015bmierci\u201d?<\/span><br \/>\n<span style=\"font-size: 13px; font-family: Verdana; color: #000000; background-color: transparent; font-weight: normal; font-style: normal; font-variant: normal; text-decoration: none; vertical-align: baseline\">G\u0142\u0119boko zrani\u0142 Pan nie tylko nas, \u017cyj\u0105cych Polak\u00f3w, ale r\u00f3wnie\u017c bohatera, kt\u00f3rego Pan odznacza\u0142, Jana Karskiego.<\/span><br \/>\n<span style=\"font-size: 13px; font-family: Verdana; color: #000000; background-color: transparent; font-weight: normal; font-style: normal; font-variant: normal; text-decoration: none; vertical-align: baseline\">Kto  pisa\u0142 Panu to przem\u00f3wienie\u201d Wyra\u017anie czyta\u0142 je Pan z telepromptera.  Niech Pan zwolni tego idiot\u0119, chyba, \u017ce obydwaj mieli\u015bcie intencj\u0119, aby  zrobi\u0107 to specjalnie\u2026<\/span><br \/>\n<span style=\"font-size: 13px; font-family: Verdana; color: #000000; background-color: transparent; font-weight: normal; font-style: normal; font-variant: normal; text-decoration: none; vertical-align: baseline\">Je\u015bli nadal nie wie Pan, co Pan zrobi\u0142, to prosz\u0119 zobaczy\u0107 to na poni\u017cszym linku:<\/span><br \/>\n<a href=\"http:\/\/www.youtube.com\/watch?v=Rd-v24pAg7s&amp;feature=player_embedded\"><span style=\"font-size: 13px; font-family: Verdana; color: #1155cc; background-color: transparent; font-weight: normal; font-style: normal; font-variant: normal; text-decoration: underline; vertical-align: baseline\">http:\/\/www.youtube.com\/watch?v=Rd-v24pAg7s&amp;feature=player_embedded<\/span><\/a><br \/>\n<a href=\"http:\/\/www.youtube.com\/watch?v=Rd-v24pAg7s&amp;feature=player_embedded\"><span style=\"font-size: 13px; font-family: Verdana; color: #1155cc; background-color: transparent; font-weight: normal; font-style: normal; font-variant: normal; text-decoration: underline; vertical-align: baseline\"><\/span><\/a><br \/>\n<span style=\"font-size: 13px; font-family: Verdana; color: #000000; background-color: transparent; font-weight: normal; font-style: normal; font-variant: normal; text-decoration: none; vertical-align: baseline\">Pan MUSI przeprosi\u0107, Panie Prezydencie.<\/span><br \/>\n<span style=\"font-size: 13px; font-family: Verdana; color: #000000; background-color: transparent; font-weight: normal; font-style: normal; font-variant: normal; text-decoration: none; vertical-align: baseline\">\u2014\u2014\u2014\u2014\u2014\u2014\u2014\u2014\u2014\u2014\u2014\u2014\u2014\u2014\u2014\u2014\u2014\u2014\u2014\u2014\u2014\u2014\u2014\u2014\u2014\u2014\u2014\u2014\u2014\u2014\u2014\u2014\u2014\u2014\u2014\u2014\u2014\u2014\u2014-<\/span><br \/>\n<span style=\"font-size: 13px; font-family: Verdana; color: #000000; background-color: transparent; font-weight: normal; font-style: normal; font-variant: normal; text-decoration: none; vertical-align: baseline\"><\/span><br \/>\n<span style=\"font-size: 13px; font-family: Verdana; color: #000000; background-color: transparent; font-weight: normal; font-style: normal; font-variant: normal; text-decoration: none; vertical-align: baseline\">Zadziwiaj\u0105ce,  \u017ce ani polskie ministerstwo spraw zagranicznych, ani prezydent  Komorowski, ani rz\u0105d nie reaguj\u0105 na ten skandal. Nie ma si\u0119 co dziwi\u0107,  oni teraz pracuj\u0105 nad pi-arem Euro-2012. Pi\u0142karze, kt\u00f3rym \u017cycz\u0119 jak  najwi\u0119kszych sukces\u00f3w znowu u\u015bpi\u0105 uwag\u0119 spo\u0142ecze\u0144stwa, to samo zrobi  maszyna, kt\u00f3ra k\u0142adzie 11 metr\u00f3w asfaltu (w szeroko\u015bci) i zn\u00f3w PO b\u0119dzie  naj\u015bwi\u0119tsz\u0105 parti\u0105 pod s\u0142o\u0144cem. Ale na g\u0142upot\u0119 nie ma rady. Wi\u0119c szkoda  si\u0119 denerwowa\u0107.<\/span><br \/>\n<span style=\"font-size: 13px; font-family: Verdana; color: #000000; background-color: transparent; font-weight: normal; font-style: normal; font-variant: normal; text-decoration: none; vertical-align: baseline\">To  spo\u0142ecze\u0144stwo ju\u017c nie zapyta ile ta maszyna kosztowa\u0142a, dlaczego  wszystkie stadiony s\u0105 dro\u017csze, ni\u017c mia\u0142y by\u0107, dlaczego doprowadzono do  bankructwa dziesi\u0105tki biznes\u00f3w przy budowie autostrad, dlaczego musimy  ratowa\u0107 rozrzutnych i lekkomy\u015blnych Grek\u00f3w? Itd, itp.<\/span><br \/>\n<span style=\"font-size: 13px; font-family: Verdana; color: #000000; background-color: transparent; font-weight: normal; font-style: normal; font-variant: normal; text-decoration: none; vertical-align: baseline\">Taka karma.<\/span><br \/>\n<span style=\"font-size: 15px; font-family: Arial; color: #000000; background-color: transparent; font-weight: normal; font-style: normal; font-variant: normal; text-decoration: none; vertical-align: baseline\"><\/span><\/p>\n","protected":false},"excerpt":{"rendered":"<p>Mr. President we, the Polish people expect your apology for the shocking term you used while honoring Jan Karski.<\/p>\n","protected":false},"author":2,"featured_media":0,"comment_status":"open","ping_status":"open","sticky":false,"template":"","format":"standard","meta":[],"categories":[4],"tags":[],"_links":{"self":[{"href":"https:\/\/sporek.com\/blog\/index.php?rest_route=\/wp\/v2\/posts\/338"}],"collection":[{"href":"https:\/\/sporek.com\/blog\/index.php?rest_route=\/wp\/v2\/posts"}],"about":[{"href":"https:\/\/sporek.com\/blog\/index.php?rest_route=\/wp\/v2\/types\/post"}],"author":[{"embeddable":true,"href":"https:\/\/sporek.com\/blog\/index.php?rest_route=\/wp\/v2\/users\/2"}],"replies":[{"embeddable":true,"href":"https:\/\/sporek.com\/blog\/index.php?rest_route=%2Fwp%2Fv2%2Fcomments&post=338"}],"version-history":[{"count":0,"href":"https:\/\/sporek.com\/blog\/index.php?rest_route=\/wp\/v2\/posts\/338\/revisions"}],"wp:attachment":[{"href":"https:\/\/sporek.com\/blog\/index.php?rest_route=%2Fwp%2Fv2%2Fmedia&parent=338"}],"wp:term":[{"taxonomy":"category","embeddable":true,"href":"https:\/\/sporek.com\/blog\/index.php?rest_route=%2Fwp%2Fv2%2Fcategories&post=338"},{"taxonomy":"post_tag","embeddable":true,"href":"https:\/\/sporek.com\/blog\/index.php?rest_route=%2Fwp%2Fv2%2Ftags&post=338"}],"curies":[{"name":"wp","href":"https:\/\/api.w.org\/{rel}","templated":true}]}}