{"id":339,"date":"2012-05-30T19:12:21","date_gmt":"2012-05-30T23:12:21","guid":{"rendered":"http:\/\/sporek.com\/blog\/?p=339"},"modified":"2012-05-30T19:12:21","modified_gmt":"2012-05-30T23:12:21","slug":"nareszcie-jednym-glosem","status":"publish","type":"post","link":"https:\/\/sporek.com\/blog\/?p=339","title":{"rendered":"Nareszcie jednym g\u0142osem"},"content":{"rendered":"<p><span style=\"font-size: 15px; font-family: Arial; color: #000000; background-color: transparent; font-weight: normal; font-style: normal; font-variant: normal; text-decoration: none; vertical-align: baseline\" id=\"internal-source-marker_0.5756849564431715\"><\/span><span style=\"font-size: 13px; font-family: Verdana; color: #000000; background-color: transparent; font-weight: normal; font-style: normal; font-variant: normal; text-decoration: none; vertical-align: baseline\" id=\"internal-source-marker_0.5756849564431715\"><\/span><span style=\"font-size: 13px; font-family: Verdana; color: #000000; background-color: transparent; font-weight: normal; font-style: normal; font-variant: normal; text-decoration: none; vertical-align: baseline\">Jak  to zwykle bywa, kiedy kto\u015b nas bole\u015bnie uderzy, zaczynamy m\u00f3wi\u0107 jednym  g\u0142osem. I dobrze, \u017ce wypowiedzia\u0142 si\u0119 i prezydent Komorowski i premier  Tusk i by\u0142y premier Kaczy\u0144ski i by\u0142i prezydenci, Wa\u0142\u0119sa i Kwa\u015bniewski. <\/span><!--more--><span style=\"font-size: 13px; font-family: Verdana; color: #000000; background-color: transparent; font-weight: normal; font-style: normal; font-variant: normal; text-decoration: none; vertical-align: baseline\"> Ale bito nas wiele razy, a mimo to reakcje by\u0142y niejednog\u0142o\u015bne.  Przyk\u0142adem nazwanie \u015ap. Prezydenta Lecha Kaczy\u0144skiego \u201ckartoflem\u201d i te  wszystkie kpiny niemieckiej gazety. Przynios\u0142y z jednej strony g\u0142osy  protestu prawicowej cz\u0119\u015bci spo\u0142ecze\u0144stwa, ale r\u00f3wnie mocny \u015bmiech i  drwin\u0119 lewicowc\u00f3w i sporej grupy ludzi nazywaj\u0105cych si\u0119 \u201capolitycznymi\u201d.<\/span><br \/>\n<span style=\"font-size: 13px; font-family: Verdana; color: #000000; background-color: transparent; font-weight: normal; font-style: normal; font-variant: normal; text-decoration: none; vertical-align: baseline\">Dzi\u015b,  nareszcie jednog\u0142o\u015bna reakcja wszystkich si\u0142 politycznych. I bardzo  dobrze. A by\u0142oby rewelacyjnie, gdyby Adam Daniel Rotfeld wr\u00f3ci\u0142 na  m\u00f3wnic\u0119 i upomnia\u0142 si\u0119 o sprostowanie i przeproszenie za ten szokuj\u0105cy  b\u0142\u0105d. Albo zabrak\u0142o mu refleksu, albo odwagi, albo chcia\u0142 by\u0107  \u201cpolitycznie poprawny\u201d. Cokolwiek to by\u0142o Rotfeld mia\u0142 najlepsz\u0105 okazj\u0119,  \u017ceby zrobi\u0107 z tego medialne wydarzenie.<\/span><br \/>\n<span style=\"font-size: 13px; font-family: Verdana; color: #000000; background-color: transparent; font-weight: normal; font-style: normal; font-variant: normal; text-decoration: none; vertical-align: baseline\">Co\u015b  jednak musi by\u0107 zrobione: albo twarde \u017c\u0105danie uchwalenia zakazu  u\u017cywania sformu\u0142owania \u201cpolskie obozy koncentracyjne\u201d, \u201cpolskie obozy  \u015bmierci\u201d przez obie izby kongresu ameryka\u0144skiego, albo jaki\u015b zbiorowy  pozew przeciwko mediom, osobom, instytucjom, albo cokolwiek, co wreszcie  zako\u0144czy ten ubli\u017caj\u0105cy nam proceder.<\/span><br \/>\n<span style=\"font-size: 13px; font-family: Verdana; color: #000000; background-color: transparent; font-weight: normal; font-style: normal; font-variant: normal; text-decoration: none; vertical-align: baseline\">I  przesta\u0144my zgina\u0107 kark przed ka\u017cdym, kto reprezentuje inny kraj. Do\u015b\u0107  ju\u017c tej \u201cpodlizuj\u0105cej\u201d dyplomacji. Podnie\u015bmy wreszcie g\u0142owy, bo w \u017cadnej  dziedzinie nie ust\u0119pujemy ani Amerykanom, ani \u017cadnym innym nacjom.  Polski, Polak\u00f3w nie wolno obra\u017ca\u0107, nawet w przej\u0119zyczeniach.<\/span><br \/>\n<span style=\"font-size: 13px; font-family: Verdana; color: #000000; background-color: transparent; font-weight: normal; font-style: normal; font-variant: normal; text-decoration: none; vertical-align: baseline\">Polski  parlament powinien zwr\u00f3ci\u0107 si\u0119 do Kongresu USA o ustawowy zakaz, wtedy  mo\u017cna b\u0119dzie bez problemu za\u0142o\u017cy\u0107 spraw\u0119 s\u0105dow\u0105 ka\u017cdemu, kto b\u0119dzie  szasta\u0142 tymi terminami. I sko\u0144cz\u0105 si\u0119 przej\u0119zyczenia. To nie powinno si\u0119  skonczy\u0107 na przeprosinach, je\u015bli w og\u00f3le do nich dojdzie. S\u0105dz\u0119, \u017ce  dojdzie, bo przecie\u017c wybory tu\u017c, tu\u017c. Czy znowu b\u0119dziemy naiwni? Barack  Obama pope\u0142ni\u0142 w stosunku do Polski kilka powa\u017cnych &#8222;przej\u0119zycze\u0144&#8221;:  partyjka golfa w dniu pogrzebu Prezydenta Lecha Kaczy\u0144skiego i Pierwszej  Damy, tarcza rakietowa, czy wreszcie dziadek, kt\u00f3ry wyzwoli\u0142 Auschwitz.  Ja na pewno nie dam mu drugiej szansy na pope\u0142nianie &#8222;przej\u0119zycze\u0144&#8221;.<\/span><br \/>\n<span style=\"font-size: 13px; font-family: Verdana; color: #000000; background-color: transparent; font-weight: normal; font-style: normal; font-variant: normal; text-decoration: none; vertical-align: baseline\">Niech  mi Pan Brzezi\u0144ski nie opowiada, \u017ce s\u0142owa Obamy to \u201cniefortunna,  przypadkowa wypowied\u017a i nie nale\u017cy przesadza\u0107\u201d. A gdyby Obama mia\u0142  napisane na ekranie, \u017ce Karski by\u0142 rosyjskim szpiegiem, te\u017c by to  przeczyta\u0142? Od kogo, jak od kogo, ale od prezydenta najwi\u0119kszego  mocarstwa mo\u017cna wymaga\u0107 my\u015blenia. Kropka. Dla mnie te wszystkie  usprawiedliwiaj\u0105ce wypowiedzi by\u0142y dodatkiem do tego, co powiedzia\u0142  Obama. Z ca\u0142ym szacunkiem dla Zbigniewa Brzezi\u0144skiego, czy Marcina  Dremera, kt\u00f3ry prze\u017cy\u0142 Holocaust, a kt\u00f3ry usprawiedliwia Obam\u0119, \u017ce \u201cnie  jest z\u0142ym cz\u0142owiekiem\u201d. Nikt nie m\u00f3wi, \u017ce jest z\u0142y. Okaza\u0142 si\u0119 po prostu  bezmy\u015blny. I nie pierwszy raz.<\/span><span style=\"font-size: 15px; font-family: Arial; color: #000000; background-color: transparent; font-weight: normal; font-style: normal; font-variant: normal; text-decoration: none; vertical-align: baseline\"><\/span><\/p>\n","protected":false},"excerpt":{"rendered":"<p>Jak to zwykle bywa, kiedy kto\u015b nas bole\u015bnie uderzy, zaczynamy m\u00f3wi\u0107 jednym g\u0142osem. I dobrze, \u017ce wypowiedzia\u0142 si\u0119 i prezydent Komorowski i premier Tusk i by\u0142y premier Kaczy\u0144ski i by\u0142i prezydenci, Wa\u0142\u0119sa i Kwa\u015bniewski.<\/p>\n","protected":false},"author":2,"featured_media":0,"comment_status":"open","ping_status":"open","sticky":false,"template":"","format":"standard","meta":[],"categories":[4],"tags":[],"_links":{"self":[{"href":"https:\/\/sporek.com\/blog\/index.php?rest_route=\/wp\/v2\/posts\/339"}],"collection":[{"href":"https:\/\/sporek.com\/blog\/index.php?rest_route=\/wp\/v2\/posts"}],"about":[{"href":"https:\/\/sporek.com\/blog\/index.php?rest_route=\/wp\/v2\/types\/post"}],"author":[{"embeddable":true,"href":"https:\/\/sporek.com\/blog\/index.php?rest_route=\/wp\/v2\/users\/2"}],"replies":[{"embeddable":true,"href":"https:\/\/sporek.com\/blog\/index.php?rest_route=%2Fwp%2Fv2%2Fcomments&post=339"}],"version-history":[{"count":0,"href":"https:\/\/sporek.com\/blog\/index.php?rest_route=\/wp\/v2\/posts\/339\/revisions"}],"wp:attachment":[{"href":"https:\/\/sporek.com\/blog\/index.php?rest_route=%2Fwp%2Fv2%2Fmedia&parent=339"}],"wp:term":[{"taxonomy":"category","embeddable":true,"href":"https:\/\/sporek.com\/blog\/index.php?rest_route=%2Fwp%2Fv2%2Fcategories&post=339"},{"taxonomy":"post_tag","embeddable":true,"href":"https:\/\/sporek.com\/blog\/index.php?rest_route=%2Fwp%2Fv2%2Ftags&post=339"}],"curies":[{"name":"wp","href":"https:\/\/api.w.org\/{rel}","templated":true}]}}