{"id":34,"date":"2007-10-22T09:30:28","date_gmt":"2007-10-22T13:30:28","guid":{"rendered":"http:\/\/sporek.com\/blog\/?p=34"},"modified":"2007-10-22T09:30:31","modified_gmt":"2007-10-22T13:30:31","slug":"napisane-na-trzy-dni-przed-wyborami","status":"publish","type":"post","link":"https:\/\/sporek.com\/blog\/?p=34","title":{"rendered":"Napisane na trzy dni przed wyborami."},"content":{"rendered":"<p><span style=\"font-family: Arial\" lang=\"PL\"><\/span>\u00a0<span style=\"font-family: Arial\" lang=\"PL\">\u00a0<\/span><span style=\"font-family: Arial\" lang=\"PL\"><span style=\"font-family: Arial\" lang=\"PL\">Publikuj\u0119 ten artyku\u0142 dok\u0142adnie w dniu wybor\u00f3w, a jeszcze dok\u0142adniej o 13:55, czasu nowojorskiego, czyli 19:55, czasu polskiego, w niedziel\u0119, 21 pa\u017adziernika. My\u015bl\u0119, \u017ce nie pope\u0142niam przest\u0119pstwa przeciwko ciszy woborczej. <\/span><span style=\"font-family: Arial\" lang=\"PL\">Po wielu przemy\u015bleniach, teraz zaczynam si\u0119 naprawd\u0119 obawia\u0107 o wynik wybor\u00f3w. Przewaga PO, o ile z jednej strony jest dla mnie kompletnie niezrozumia\u0142a, o tyle z drugiej, je\u015bli spojrze\u0107 na histori\u0119 Polski ostatniego dwudziestolecia da si\u0119 wyt\u0142umaczy\u0107 jedynie&#8230;g\u0142upot\u0105 i narodow\u0105 bezpami\u0119ci\u0105. <\/span><span style=\"font-family: Arial\" lang=\"PL\">Dlaczego kompletnie niezrozumia\u0142a? No, bo jak wyt\u0142umaczy\u0107 przewag\u0119 partii Tuska, kt\u00f3ry wali z grubej rury, nie jest w \u017cadnej mierze m\u00f3wc\u0105 porywaj\u0105cym. Jego argumenty s\u0105 wy\u0142\u0105cznie populistyczne, kompletnie zamazuj\u0105ce dorobek rz\u0105dz\u0105cej partii. W dodatku w ko\u0144c\u00f3wce zrobi\u0142 kilka posuni\u0119\u0107, kt\u00f3re powinny go zdyskredytowa\u0107, cho\u0107by pro\u015bba do Ojca Dyrektora o udost\u0119pnienie mu wyst\u0105pienia na antenie Radia Maryja, co sta\u0142o w ca\u0142kowitej sprzeczno\u015bci z pana Tuskowymi wyst\u0105pieniami nie tyle nawet przeciw samemu radiu, ale jego s\u0142uchaczom. Cho\u0107by skolesiowanie si\u0119 w Kwa\u015bniewskim. <!--more--><\/span><span style=\"font-family: Arial\" lang=\"PL\">Dlaczego da si\u0119 wyt\u0142umaczy\u0107? A no, dlatego, \u017ce nar\u00f3d ju\u017c zapomnia\u0142, po co wybra\u0142 PiS. Zapomnia\u0142, kto rozkrad\u0142 Polsk\u0119, zapomnia\u0142, kto podkre\u015bli\u0142 \u201egrub\u0105 kresk\u0105\u201d, zapomnia\u0142, kto obali\u0142 rz\u0105d Olszewskiego, zapomnia\u0142 w og\u00f3le po co kiedy\u015b lud pracuj\u0105cy obali\u0142 komunizm. Zapomnia\u0142 s\u0142owa Papie\u017ca Polaka, zapomnia\u0142 dziesi\u0119cioletni\u0105 kadencj\u0119 komunistycznego prezydenta, kt\u00f3ry po latach s\u0142u\u017cby dla PZPR nie waha\u0142 si\u0119 kl\u0119ka\u0107 w ko\u015bcio\u0142ach i udawa\u0107 wierz\u0105cego; zapomnia\u0142 jego wyg\u0142upy w kraju i poza granicami. Nar\u00f3d, jak niegdy\u015b rzymskie posp\u00f3lstwo czas\u00f3w cesarskich zapragn\u0105\u0142 chleba, wina i igrzysk. <\/span><span style=\"font-family: Arial\" lang=\"PL\">Premier Kaczy\u0144ski natomiast pope\u0142ni\u0142 kardynalny b\u0142\u0105d w ko\u0144c\u00f3wce, a w\u0142a\u015bciwie dwa: pierwszy, gdy zgodzi\u0142 si\u0119 na debat\u0119 z Kwa\u015bniewskim. Ma\u0142o tego, do\u015b\u0107 bu\u0144czucznie nazwa\u0142 go \u201eszefem\u201d, a Tuska \u201epomocnikiem\u201d. Automatycznie da\u0142 by\u0142emu prezydentowi dobrych kilka punkt\u00f3w i to kompletnie za darmo. <\/span><span style=\"font-family: Arial\" lang=\"PL\">Drugim b\u0142\u0119dem by\u0142a zgoda na debat\u0119 z Tuskiem, cho\u0107 ten nie zdeklarowa\u0142 si\u0119, \u017ce nie b\u0119dzie koalicjowa\u0142 z LiD-em. Je\u015bli warunek nie zosta\u0142 spe\u0142niony,- a to Kaczy\u0144ski mia\u0142 pozycj\u0119 rz\u0105dz\u0105cego i stawiaj\u0105cego warunki,- to debata nie powinna si\u0119 odby\u0107. Tu nie sprawdzili si\u0119 doradcy premiera, a i sam premier przymkn\u0105\u0142 oczy, wierz\u0105c, \u017ce nar\u00f3d ma je szeroko otwarte. <\/span><span style=\"font-family: Arial\" lang=\"PL\">Sta\u0142o si\u0119 inaczej. Nar\u00f3d mia\u0142 je szeroko&#8230;zamkni\u0119te, jak w tytule filmu z Tom\u2019em Cruis\u2019em. <\/span><span style=\"font-family: Arial\" lang=\"PL\">Przyznam, \u017ce by\u0142em w\u015bciek\u0142y na premiera. Da\u0142 si\u0119 zupe\u0142nie niepotrzebnie wci\u0105gn\u0105\u0107 w prymitywn\u0105 szarpanin\u0119. A powt\u00f3rz\u0119 za jednym z moich poprzednich artyku\u0142\u00f3w: debaty nie s\u0105 obowi\u0105zkeim konstytucyjnym. Nie s\u0105 obowi\u0105zkeim w og\u00f3le. S\u0105 pieprzem dosypywanym do przedwyborczej zupy i mo\u017cna t\u0119 zup\u0119 nim doprawi\u0107, ale czasem lepiej zje\u015b\u0107 j\u0105 niedoprawion\u0105. Pocieszeniem w tym wszystkim jest to, \u017ce nawet je\u015bli PO wygra, to Tusk jednak przepieprzy\u0142 i b\u0119dzie musia\u0142 t\u0119 mocno spieprzon\u0105 zup\u0119 je\u015b\u0107 razem ze swoimi partyjnymi kolegami. Nar\u00f3d b\u0119dzie na to patrzy\u0142, pocz\u0105tkowo z sympati\u0105, kt\u00f3r\u0105 oka\u017ce wybieraj\u0105c t\u0119 parti\u0119, ale w pewnym momencie te\u017c b\u0119dzie musia\u0142 wzi\u0105\u0107 \u0142y\u017ck\u0119 do r\u0119ki i do\u0142\u0105czy\u0107 do miski z przepieprzon\u0105 zup\u0105. Kiedy ekipa Tuska dojdzie do swoich sto\u0142k\u00f3w b\u0119dzie mia\u0142a kilka podstawowych spraw do za\u0142atwienia. I jestem teraz bardzo ciekaw, czy najpierw zabierze si\u0119 do obsadzenia newralgicznych s\u0142u\u017cb swoimi lud\u017ami, aby ukr\u0119ci\u0107 \u0142eb ciemnym sprawom sprzed lat, czy te\u017c zacznie od odpieprzania zupy, czyli spe\u0142niania przedwyborczych obietnic. Ju\u017c spe\u0142nienie podlizywa\u0144 s\u0142uzbie zdrowia wprawi rz\u0105dz\u0105cych w niema\u0142y k\u0142opot. A podwy\u017cki zarobk\u00f3w? A szkolnictwo? <\/span><span style=\"font-family: Arial\" lang=\"PL\">Ciekaw jestem reakcji spo\u0142ecze\u0144stwa, kt\u00f3re tak \u015blepo godzi si\u0119 na zako\u0144czenie oczyszczania przesz\u0142o\u015bci i tak ch\u0119tnie oddaje pole tym, kt\u00f3rzy tego robi\u0107 na pewno nie b\u0119d\u0105. Bardzo jestem ciekaw, jak nar\u00f3d oceni fakt, \u017ce polsko-zagraniczne stosunki b\u0119d\u0105 znowu polega\u0142y na k\u0142anianiu si\u0119 i staniu w trzecim, albo dalszym rz\u0119dzie? Czy to si\u0119 stanie? Czy PO wygra? <\/span><span style=\"font-family: Arial\" lang=\"PL\">Rozmowy, e-maile, nawet z dawnymi kolegami ze szkolnej \u0142awy daj\u0105 mi jedn\u0105, stanowcz\u0105 rad\u0119: \u201ewy tam za granicami kraju macie niewiele do powiedzenia, nie macie rozeznania, nie \u017cyjecie (nie musicie \u017cy\u0107) w naszych, polskich realiach\u201d.<\/span><span style=\"font-family: Arial\" lang=\"PL\">Brzmi to, jak jaka\u015b gro\u017aba. Brzmi, jak przestrzeganie przed wtr\u0105caniem si\u0119 w sprawy w\u0142asnego kraju, skoro mieszka si\u0119 poza jego granicami. Pami\u0119tajcie jednak Rodacy; koledzy, przyjaciele, krewni: emigracja nie zacz\u0119\u0142a si\u0119 za Kaczy\u0144skich. Wielu z nas wyjecha\u0142o, bo musia\u0142o. Ci kt\u00f3rzy opu\u015bcili kraj w ostatnim dwuleciu, wyjechali g\u0142\u00f3wnie ze wzgl\u0119d\u00f3w konformistycznych, materialnych. <\/span><span style=\"font-family: Arial\" lang=\"PL\">I pami\u0119tajcie, \u017ce to wy, tam w Ojczy\u017anie we\u017amiecie za trzy dni odpowiedzialno\u015b\u0107 za to, jakim krajem b\u0119dzie Polska. Nie tylko w obr\u0119bie jej granic, ale r\u00f3wnie\u017c, jak b\u0119dzie odbierana i postrzegana za granic\u0105. <\/span><strong><span style=\"font-family: Arial\" lang=\"PL\">\u00a0<\/span><\/strong><\/p>\n<p><\/span><\/p>\n","protected":false},"excerpt":{"rendered":"<p>\u00a0\u00a0Publikuj\u0119 ten artyku\u0142 dok\u0142adnie w dniu wybor\u00f3w, a jeszcze dok\u0142adniej o 13:55, czasu nowojorskiego, czyli 19:55, czasu polskiego, w niedziel\u0119, 21 pa\u017adziernika. My\u015bl\u0119, \u017ce nie pope\u0142niam przest\u0119pstwa przeciwko ciszy woborczej. Po wielu przemy\u015bleniach, teraz zaczynam si\u0119 naprawd\u0119 obawia\u0107 o wynik wybor\u00f3w. Przewaga PO, o ile z jednej strony jest dla mnie kompletnie niezrozumia\u0142a, o tyle [&hellip;]<\/p>\n","protected":false},"author":2,"featured_media":0,"comment_status":"open","ping_status":"open","sticky":false,"template":"","format":"standard","meta":[],"categories":[4],"tags":[],"_links":{"self":[{"href":"https:\/\/sporek.com\/blog\/index.php?rest_route=\/wp\/v2\/posts\/34"}],"collection":[{"href":"https:\/\/sporek.com\/blog\/index.php?rest_route=\/wp\/v2\/posts"}],"about":[{"href":"https:\/\/sporek.com\/blog\/index.php?rest_route=\/wp\/v2\/types\/post"}],"author":[{"embeddable":true,"href":"https:\/\/sporek.com\/blog\/index.php?rest_route=\/wp\/v2\/users\/2"}],"replies":[{"embeddable":true,"href":"https:\/\/sporek.com\/blog\/index.php?rest_route=%2Fwp%2Fv2%2Fcomments&post=34"}],"version-history":[{"count":0,"href":"https:\/\/sporek.com\/blog\/index.php?rest_route=\/wp\/v2\/posts\/34\/revisions"}],"wp:attachment":[{"href":"https:\/\/sporek.com\/blog\/index.php?rest_route=%2Fwp%2Fv2%2Fmedia&parent=34"}],"wp:term":[{"taxonomy":"category","embeddable":true,"href":"https:\/\/sporek.com\/blog\/index.php?rest_route=%2Fwp%2Fv2%2Fcategories&post=34"},{"taxonomy":"post_tag","embeddable":true,"href":"https:\/\/sporek.com\/blog\/index.php?rest_route=%2Fwp%2Fv2%2Ftags&post=34"}],"curies":[{"name":"wp","href":"https:\/\/api.w.org\/{rel}","templated":true}]}}