{"id":342,"date":"2012-07-07T13:16:19","date_gmt":"2012-07-07T17:16:19","guid":{"rendered":"http:\/\/sporek.com\/blog\/?p=342"},"modified":"2012-07-07T13:17:00","modified_gmt":"2012-07-07T17:17:00","slug":"bohaterka-narodowa","status":"publish","type":"post","link":"https:\/\/sporek.com\/blog\/?p=342","title":{"rendered":"Bohaterka narodowa&#8230;?"},"content":{"rendered":"<p><span style=\"font-size: 13px; font-family: Verdana; color: #000000; background-color: transparent; font-weight: normal; font-style: normal; font-variant: normal; text-decoration: none; vertical-align: baseline\" id=\"internal-source-marker_0.34114288327280606\"><\/span><span style=\"font-size: 13px; font-family: Verdana; color: #000000; background-color: transparent; font-weight: normal; font-style: normal; font-variant: normal; text-decoration: none; vertical-align: baseline\">\u015awiat  zobaczy\u0142 w ostatnim czasie kilka ods\u0142on polskiego sportu:  skompromitowan\u0105 pi\u0142k\u0119 no\u017cn\u0105, niesamowitych, cudownych kibic\u00f3w, kt\u00f3rzy  zakopali top\u00f3r wojenny z Donaldem &#8211; pi\u0142karzem -premierem, fantastyczn\u0105  polsk\u0105 siatk\u00f3wk\u0119 i fenomenaln\u0105 Ag\u0119 Radwa\u0144sk\u0105. <\/span><!--more--><span style=\"font-size: 13px; font-family: Verdana; color: #000000; background-color: transparent; font-weight: normal; font-style: normal; font-variant: normal; text-decoration: none; vertical-align: baseline\">Na skompromitowan\u0105 pi\u0142k\u0119  kopan\u0105 wydano miliardy z\u0142otych, uczyniono j\u0105 w mediach niekwestionowan\u0105  kr\u00f3low\u0105 ekranu i pierwszych stron. Sylwetki pi\u0142karzy, \u017cyciorysy,  \u201ctajemnice\u201d \u017cycia prywatnego itd, itp, \u0142\u0105cznie ze wspomnieniami lat,  kt\u00f3re by\u0142y szczytem osi\u0105gni\u0119\u0107, cho\u0107 bez miliard\u00f3w, czy te\u017c premier\u00f3w i  prezydent\u00f3w pieprz\u0105cych bzdurne peany &#8211; wszystko to by\u0142o na pierwszych  stronach i co dziesi\u0119\u0107 minut na ekranach. Pok\u0142osiem tej kompromitacji  s\u0105 niewyko\u0144czone drogi, kilka najwy\u017cszego standardu stadion\u00f3w, oko\u0142o  osiemset zbankrutowanych firm, kt\u00f3rym obiecuje si\u0119 teraz jakie\u015b  rekompensaty, ale przede wszystkim kiepska gra polskich pi\u0142karzy.  Udzia\u0142em tej maskarady by\u0142o r\u00f3wnie\u017c pod\u0142e wr\u0119cz pomini\u0119cie \u201cZ\u0142otych\u201d  pi\u0142karzy Kazimierza G\u00f3rskiego w zaproszeniach na stadiony oraz k\u0142opoty  obecnych reprezentant\u00f3w z uzyskaniem bilet\u00f3w dla swoich rodzin. Spas\u0142y  si\u0119 na tym okr\u0105g\u0142obrzuszne \u201cfigury\u201d z PZPN-u, na czele z najbardziej  pozbawionym charakteru prezesem, kt\u00f3ry jest kolejnym przyk\u0142adem, jak z  idola mo\u017cna sta\u0107 si\u0119 jednostk\u0105 bez warto\u015bci ( o tym pierwszym  przyk\u0142adzie nie b\u0119d\u0119 wspomina\u0142, bo tekst nie jest polityczny). Ska\u017cone  z\u0142em gniazdo PZPN-u nie ma zamiaru si\u0119 zmienia\u0107, wr\u0119cz odwrotnie, chce  tkwi\u0107 w mara\u017amie og\u0142aszaj\u0105c, \u017ce nasz\u0105 reprezentacj\u0119 sta\u0107 na wielkie  wyczyny w przysz\u0142o\u015bci&#8230; Tylko oni w to wierz\u0105. <\/span><br \/>\n<span style=\"font-size: 13px; font-family: Verdana; color: #000000; background-color: transparent; font-weight: normal; font-style: normal; font-variant: normal; text-decoration: none; vertical-align: baseline\">Tymczasem  w najwy\u017cszych sferach pi\u0142ki siatkowej zrobiono generalne porz\u0105dki i  nasza dru\u017cyna wyrzuci\u0142a za burt\u0119 najlepsz\u0105 dru\u017cyn\u0119 \u015bwiata &#8211; Brazyli\u0119. I  nie widzieli\u015bmy \u017cyciorys\u00f3w, niepotrzebne by\u0142y horrendalne pieni\u0119dze,  fanfary, \u201ckoki spoki\u201d, drogi, autostrady, hotele, stadiony, ani \u201cstrefy  kibica\u201d.<\/span><br \/>\n<span style=\"font-size: 13px; font-family: Verdana; color: #000000; background-color: transparent; font-weight: normal; font-style: normal; font-variant: normal; text-decoration: none; vertical-align: baseline\">Niejaki \u201cAdam\u201d wpisa\u0142 nast\u0119puj\u0105cy komentarz pod artyku\u0142em \u201cZ-dradzieckie Euro kopane\u201d:<\/span><br \/>\n<span style=\"font-size: 13px; font-family: Verdana; color: #000000; background-color: transparent; font-weight: normal; font-style: italic; font-variant: normal; text-decoration: none; vertical-align: baseline\">\u201cDziwna rzecz.Od pewnego czasu \u015bledz\u0119 i czytam wynurzenia J.Sporka na tematy polskie.<\/span><br \/>\n<span style=\"font-size: 13px; font-family: Verdana; color: #000000; background-color: transparent; font-weight: normal; font-style: italic; font-variant: normal; text-decoration: none; vertical-align: baseline\">Skoro  jeste\u015b takim patriot\u0105,to wracaj do kraju,a je\u015bli nie,to nie pouczaj nas  co mamy robi\u0107 i jak mamy \u017cy\u0107. Zajmij si\u0119 sprawami Polonii,Waszymi w USA  k\u0142\u00f3tniami,wojenkami,ale p\u00f3ki mieszkasz,pracujesz i p\u0142acisz podatki za  granic\u0105-nie wtr\u0105caj si\u0119 w nasze<\/span><span style=\"font-size: 13px; font-family: Verdana; color: #000000; background-color: transparent; font-weight: normal; font-style: italic; font-variant: normal; text-decoration: none; vertical-align: baseline\"> polskie sprawy,bo nie masz do tego moralnego prawa.<\/span><span style=\"font-size: 13px; font-family: Verdana; color: #000000; background-color: transparent; font-weight: normal; font-style: italic; font-variant: normal; text-decoration: none; vertical-align: baseline\"> Adam\u201d.<\/span><br \/>\n<span style=\"font-size: 13px; font-family: Verdana; color: #000000; background-color: transparent; font-weight: normal; font-style: normal; font-variant: normal; text-decoration: none; vertical-align: baseline\">Mam  do Adama kilka pyta\u0144: czy, kiedy dok\u0142ada\u0142em si\u0119 do zbi\u00f3rki na  powodzian, te\u017c nie mia\u0142em moralnego prawa? Czy, gdy organizowa\u0142em  koncerty i przekazywa\u0142em doch\u00f3d do Fundacji Humanitarnej, te\u017c nie mia\u0142em  moralnego prawa? Czy sprowadzaj\u0105c polskich artyst\u00f3w, ch\u00f3ry, orkiestry  i promowa\u0142em to wszystko w najbardziej presti\u017cowej sali koncertowej  \u015bwiata Carnegie Hall, czy te\u017c Katedrze \u015awi\u0119tego Patryka, te\u017c nie  mia\u0142em moralnego prawa? Czy robi\u0105c w Katedrze olbrzymie koncerty w  rocznic\u0119 Niepodleg\u0142o\u015bci, czy Bitwy pod Grunwaldem, za w\u0142asne pieni\u0105dze,  wk\u0142adaj\u0105c setki godzin w przygotowanie tych koncert\u00f3w, te\u017c nie mia\u0142em  moralnego prawa?<\/span><br \/>\n<span style=\"font-size: 13px; font-family: Verdana; color: #000000; background-color: transparent; font-weight: normal; font-style: normal; font-variant: normal; text-decoration: none; vertical-align: baseline\">Drogi  Adamie, bycie emigrantem nie zwalnia z patriotyzmu, nie odbiera uczu\u0107 do Ojczyzny, ale te\u017c nie zwalnia z m\u00f3wienia o tym, co z\u0142ego  dzieje si\u0119 w Ojczy\u017anie. Jest w Polsce taka instytucja, kt\u00f3ra nazywa si\u0119  \u201cWsp\u00f3lnota polska\u201d. Jest ona powo\u0142ana w\u0142a\u015bnie po to, aby utrzymywa\u0107  kontakt z Polakami, kt\u00f3rzy z r\u00f3\u017cnych przyczyn opu\u015bcili kraj. Indianie  m\u00f3wi\u0105: <\/span><span style=\"font-size: 13px; font-family: Verdana; color: #000000; background-color: transparent; font-weight: normal; font-style: italic; font-variant: normal; text-decoration: none; vertical-align: baseline\">nie os\u0105dzaj nikogo, dop\u00f3ki nie przeszed\u0142e\u015b si\u0119 jedn\u0105 mil\u0119 w jego mokasynach\u201d. <\/span><br \/>\n<span style=\"font-size: 13px; font-family: Verdana; color: #000000; background-color: transparent; font-weight: normal; font-style: normal; font-variant: normal; text-decoration: none; vertical-align: baseline\">To  Pan nie ma \u201cmoralnego prawa\u201d zamyka\u0107 nam ust. Wygl\u0105da Pan na \u015blepego  wyznawc\u0119 Tusko-religii i ch\u0119tnie przy\u0142\u0105cza si\u0119 do cenzury, jak\u0105 ten  rz\u0105d wprowadzi\u0142, ale nie robi to na mnie \u017cadnego wra\u017cenia. Pa\u0144ski wyb\u00f3r.<\/span><br \/>\n<span style=\"font-size: 13px; font-family: Verdana; color: #000000; background-color: transparent; font-weight: normal; font-style: normal; font-variant: normal; text-decoration: none; vertical-align: baseline\">S\u0142ucham  natomiast wypowiedzi polskich ekonomist\u00f3w, czytam wyliczenia i jestem  przera\u017cony: po podsumowaniu ile wydano i ile jest miejsc na stadionach,  wysz\u0142o, \u017ce ka\u017cdy bilet na te \u201cigrzyska rado\u015bci\u201d kosztowa\u0142 ka\u017cdego  obywatela oko\u0142o 12 tysi\u0119cy z\u0142otych. Jestem pod ogromnym wra\u017ceniem  cudowno\u015bci polskich kibic\u00f3w i w\u0142adz <\/span><span style=\"font-size: 13px; font-family: Verdana; color: #000000; background-color: transparent; font-weight: normal; font-style: normal; font-variant: normal; text-decoration: none; vertical-align: baseline\">terenowych<\/span><span style=\"font-size: 13px; font-family: Verdana; color: #000000; background-color: transparent; font-weight: normal; font-style: normal; font-variant: normal; text-decoration: none; vertical-align: baseline\">, czy organizacji.  Sprawili, \u017ce zagraniczni pi\u0142karze i kibice czuli si\u0119, jak w domu, albo i  lepiej, ale pami\u0119tajmy, \u017ce kiedy przyjad\u0105 tam ponownie, ju\u017c nie b\u0119dzie  tej pompy, ju\u017c nie b\u0119dzie tego nastroju. Przecie\u017c to samo sta\u0142o si\u0119 z  Hiszpani\u0105. Teraz bankrutuje. \u201cZastaw si\u0119, a postaw si\u0119\u201d, nasza stara  tradycja. Strach bierze, kiedy u\u015bwiadomi si\u0119 efekty rozlicze\u0144, podlicze\u0144  itp.<\/span><br \/>\n<span style=\"font-size: 13px; font-family: Verdana; color: #000000; background-color: transparent; font-weight: normal; font-style: normal; font-variant: normal; text-decoration: none; vertical-align: baseline\">Wr\u00f3c\u0119  do sportowc\u00f3w: <strong>Agnieszka Radwa\u0144ska<\/strong>. Nie s\u0142ysza\u0142em, aby premier, czy  prezydent wys\u0142ali jej jakie\u015b gratulacje, zyczenia sukcesu w finale  najbardziej presti\u017cowego turmieju na \u015bwiecie. Nie s\u0142ysza\u0142em, aby Polskie  spo\u0142ecze\u0144stwo musia\u0142o z podatk\u00f3w \u0142o\u017cy\u0107 ci\u0119\u017ckie pieni\u0105dze na jej  tenisowe kszta\u0142cenie. T\u0119 inwestycj\u0119 wzi\u0119li na siebie rodzice Agi i mog\u0119  si\u0119 tylko domy\u015bla\u0107, \u017ce by\u0142 to du\u017cy wydatek. Ona wzi\u0119\u0142a na siebie ci\u0119\u017ck\u0105  prac\u0119. Nie ma Agnieszki w mediach, nie ma jej na \u017cadnych piedestale,  opr\u00f3cz serc kibic\u00f3w i mi\u0142o\u015bnik\u00f3w tenisa \u00a0i jej talentu oraz jej  ogromnej, pe\u0142nej wyrzecze\u0144 pracy. Czy to takie decyduj\u0105ce, \u017ce Agnieszka i  jej rodzina stoj\u0105 po drugiej stronie wynik\u00f3w \u015bledztwa ws Smole\u0144ska?  Jest Polk\u0105, ma prawo mie\u0107 swoje pogl\u0105dy i w\u0142asne opinie. Jest Polk\u0105 i  jako Polka odnosi swoje sukcesy nie wypieraj\u0105c si\u0119 polsko\u015bci. Po II  Wojnie \u015awiatowej Aga Radwa\u0144ska jest najwybitniejsz\u0105 polsk\u0105 tenisistk\u0105 i  tego nie zmieni nic; ani \u201cniesympatia\u201d premiera i prezydenta, ani  oboj\u0119tno\u015b\u0107 medi\u00f3w. Aga jest w sercach Polak\u00f3w. Co z tego, \u017ce nie wygra\u0142a  z Seren\u0105? Walczy\u0142a i zyska\u0142a ogromne uznanie wszystkich sprawozdawc\u00f3w, swojej  rywalki, i oczywi\u015bci kibic\u00f3w. I zn\u00f3w bez fanfar, milion\u00f3w wydartych z  kieszeni podatnika; w\u0142asn\u0105 prac\u0105, wysi\u0142kiem i postaw\u0105 sprawi\u0142a rado\u015b\u0107  milionom Polak\u00f3w. W\u0142asn\u0105 prac\u0105, uporem i si\u0142\u0105 psychiczn\u0105 (bez etatowego  psychologa (mieli takiego pi\u0142karze&#8230;ha, ha, ha), sta\u0142a si\u0119  niekwestionowan\u0105 <\/span><span style=\"font-size: 13px; font-family: Verdana; color: #000000; background-color: transparent; font-weight: bold; font-style: normal; font-variant: normal; text-decoration: none; vertical-align: baseline\">\u201cDrug\u0105 rakiet\u0105 na \u015bwiecie\u201d!!!<\/span><br \/>\n<span style=\"font-size: 13px; font-family: Verdana; color: #000000; background-color: transparent; font-weight: normal; font-style: normal; font-variant: normal; text-decoration: none; vertical-align: baseline\">Pani  Agnieszko, ma Pani w Stanach ogromn\u0105 rzesz\u0119 mi\u0142o\u015bnik\u00f3w, sympatyk\u00f3w i  zwolennik\u00f3w, kt\u00f3rzy maj\u0105 \u201cmoralny obowi\u0105zek\u201d Pani\u0105 wspiera\u0107 i jestem  przekonany, \u017ce b\u0119dzie nas ca\u0142e mn\u00f3stwo na trybunach podczas  sierpniowo-wrze\u015bniowego US Open, na nowojorskich kortach. Ja ju\u017c dzisiaj  rozpoczn\u0119 zabiegi o kupno bilet\u00f3w na wszystkie mecze. Pani gwiazda  b\u0119dzie tu \u015bwieci\u0107 jasnym, pe\u0142nym blaskiem.<\/span><br \/>\n<span style=\"font-size: 13px; font-family: Verdana; color: #000000; background-color: transparent; font-weight: normal; font-style: normal; font-variant: normal; text-decoration: none; vertical-align: baseline\">Dzi\u0119kuj\u0105c  za wszystko, czego dokona\u0142a Pani dotychczas, \u017cycz\u0119 przede wszystkim  powrotu do zdrowia i kontynuacji \u201crz\u0105dzenia\u201d \u015bwiatowym tenisem, jako  Vice-Kr\u00f3lowa. I oczywi\u015bcie z ca\u0142ego serca gratuluj\u0119 Wimbledonu. To by\u0142o  fantastyczne. W pojedynk\u0119 przebi\u0142a Pani ca\u0142\u0105 t\u0119 \u201cmaskarad\u0119\u201d kopanej  euforii, nie nara\u017caj\u0105c skarbu pa\u0144stwa na najdrobniejszy nawet wydatek.<\/span><br \/>\n<span style=\"font-size: 13px; font-family: Verdana; color: #000000; background-color: transparent; font-weight: normal; font-style: normal; font-variant: normal; text-decoration: none; vertical-align: baseline\">Jest Pani Wielka i wszystko przed Pani\u0105. Jest Pani BOHATERK\u0104 NARODOW\u0104.<\/span><\/p>\n","protected":false},"excerpt":{"rendered":"<p>\u015awiat zobaczy\u0142 w ostatnim czasie kilka ods\u0142on polskiego sportu: skompromitowan\u0105 pi\u0142k\u0119 no\u017cn\u0105, niesamowitych, cudownych kibic\u00f3w, kt\u00f3rzy zakopali top\u00f3r wojenny z Donaldem &#8211; pi\u0142karzem -premierem, fantastyczn\u0105 polsk\u0105 siatk\u00f3wk\u0119 i fenomenaln\u0105 Ag\u0119 Radwa\u0144sk\u0105.<\/p>\n","protected":false},"author":2,"featured_media":0,"comment_status":"open","ping_status":"open","sticky":false,"template":"","format":"standard","meta":[],"categories":[1],"tags":[],"_links":{"self":[{"href":"https:\/\/sporek.com\/blog\/index.php?rest_route=\/wp\/v2\/posts\/342"}],"collection":[{"href":"https:\/\/sporek.com\/blog\/index.php?rest_route=\/wp\/v2\/posts"}],"about":[{"href":"https:\/\/sporek.com\/blog\/index.php?rest_route=\/wp\/v2\/types\/post"}],"author":[{"embeddable":true,"href":"https:\/\/sporek.com\/blog\/index.php?rest_route=\/wp\/v2\/users\/2"}],"replies":[{"embeddable":true,"href":"https:\/\/sporek.com\/blog\/index.php?rest_route=%2Fwp%2Fv2%2Fcomments&post=342"}],"version-history":[{"count":0,"href":"https:\/\/sporek.com\/blog\/index.php?rest_route=\/wp\/v2\/posts\/342\/revisions"}],"wp:attachment":[{"href":"https:\/\/sporek.com\/blog\/index.php?rest_route=%2Fwp%2Fv2%2Fmedia&parent=342"}],"wp:term":[{"taxonomy":"category","embeddable":true,"href":"https:\/\/sporek.com\/blog\/index.php?rest_route=%2Fwp%2Fv2%2Fcategories&post=342"},{"taxonomy":"post_tag","embeddable":true,"href":"https:\/\/sporek.com\/blog\/index.php?rest_route=%2Fwp%2Fv2%2Ftags&post=342"}],"curies":[{"name":"wp","href":"https:\/\/api.w.org\/{rel}","templated":true}]}}