{"id":344,"date":"2012-08-02T00:38:12","date_gmt":"2012-08-02T04:38:12","guid":{"rendered":"http:\/\/sporek.com\/blog\/?p=344"},"modified":"2012-08-02T00:44:59","modified_gmt":"2012-08-02T04:44:59","slug":"takie-tam","status":"publish","type":"post","link":"https:\/\/sporek.com\/blog\/?p=344","title":{"rendered":"Takie tam&#8230;"},"content":{"rendered":"<p><span style=\"font-size: 13px; font-family: Verdana; color: #000000; background-color: transparent; font-weight: normal; font-style: normal; font-variant: normal; text-decoration: none; vertical-align: baseline\" id=\"internal-source-marker_0.2445101306984726\"><\/span><span style=\"font-size: 13px; font-family: Verdana; color: #000000; background-color: transparent; font-weight: normal; font-style: normal; font-variant: normal; text-decoration: none; vertical-align: baseline\">Sprawuj\u0105cy  funkcj\u0119 prezydenta USA, B. H. O. \u00a0m\u00f3wi\u0142 o \u201cpolskich obozach \u015bmierci\u201d i  nigdy za to nie przeprosi\u0142. Kandyduj\u0105cy na to stanowisko M. R. leci do  Polski i spotyka si\u0119 wy\u0142\u0105cznie z czterema facetami:: Wa\u0142\u0119s\u0105, Tuskiem,  Komorowskim i Sikorskim i, paradoksalnie, liczy na g\u0142osy Polonii. <\/span><!--more--><span style=\"font-size: 13px; font-family: Verdana; color: #000000; background-color: transparent; font-weight: normal; font-style: normal; font-variant: normal; text-decoration: none; vertical-align: baseline\">Nie  zareagowa\u0142 na tysi\u0105ce list\u00f3w apeluj\u0105cych do niego, aby z\u0142o\u017cy\u0142 ho\u0142d  zmar\u0142emu tragicznie \u015bp. Prezydentowi Lechowi Kaczy\u0144skiemu. Odnosz\u0119  wra\u017cenie, \u017ce kto\u015b go wmanewrowa\u0142, bo sukcesem ta jego podr\u00f3\u017c nie by\u0142a w najmniejszym nawet stopniu.  Je\u015bli prawd\u0105 jest, \u017ce organizowa\u0142 j\u0105 syn Zbigniewa Brzezi\u0144skiego, to  zastanawia mnie jeden fakt: jak to si\u0119 sta\u0142o, \u017ce syn tak zagorza\u0142ego  demokraty, \u201crobi\u201d eskapad\u0119 wyborcz\u0105 republikanowi? To wygl\u0105da troch\u0119 na  spisek przeciwko temu republika\u0144skiemu kandydatowi. Ale te\u017c \u015bwiadczy o  tym, \u017ce Mitt Romney, nie ma zielonego poj\u0119cia o tym, co dzieje si\u0119 w  Polsce. Rzuci\u0142 \u0142echc\u0105ce polskie spo\u0142ecze\u0144stwo i w\u0142adze \u00a0zdanie, \u017ce <\/span><span style=\"font-size: 13px; font-family: Verdana; color: #000000; background-color: transparent; font-weight: bold; font-style: italic; font-variant: normal; text-decoration: none; vertical-align: baseline\">je\u015bli  \u015bwiat zastanawia\u0142 si\u0119 kiedy\u015b, jak sko\u0144czy\u0107 z komunizmem, to patrzy\u0142 na  Polsk\u0119, a je\u015bli teraz \u015bwiat chce si\u0119 d\u017awign\u0105\u0107 z kryzysu, to te\u017c patrzy  na Polsk\u0119.<\/span><span style=\"font-size: 13px; font-family: Verdana; color: #000000; background-color: transparent; font-weight: normal; font-style: normal; font-variant: normal; text-decoration: none; vertical-align: baseline\"> <\/span><br \/>\n<span style=\"font-size: 13px; font-family: Verdana; color: #000000; background-color: transparent; font-weight: normal; font-style: normal; font-variant: normal; text-decoration: none; vertical-align: baseline\">Niestety,  jedynie pierwsza cz\u0119\u015b\u0107 tego zdania ma pokrycie w rzeczywisto\u015bci, tylko  czemu pojecha\u0142 z tym do Wa\u0142\u0119sy, a nie spotka\u0142 si\u0119 na przyk\u0142ad z Gwiazdami,  Wyszkowskim&#8230;? Co za\u015b si\u0119 tyczy drugiej cz\u0119\u015bci tego podlizuj\u0105cego si\u0119  nam zdania, to Mitt Romney zapomnia\u0142 spojrze\u0107 na \u201clicznik\u201d  Balcerowicza; &#8211; trzy dni temu pokazywa\u0142 oko\u0142o 860 miliard\u00f3w z\u0142otych  zad\u0142u\u017cenia (z tego ponad 300 miliard\u00f3w przyby\u0142o za panowania \u201czielonego  wyspiarza\u201d, Donalda Tuska). Romney nie ma poj\u0119cia o kraju, do ktorego  pojecha\u0142, by walczy\u0107 o g\u0142osy w bie\u017c\u0105cej kampanii. Nie wiem, czy p\u00f3jd\u0119 w  tym roku do wybor\u00f3w; nie ma na kogo g\u0142osowa\u0107.<\/span><br \/>\n<span style=\"font-size: 13px; font-family: Verdana; color: #000000; background-color: transparent; font-weight: normal; font-style: normal; font-variant: normal; text-decoration: none; vertical-align: baseline\"><\/span><br \/>\n<span style=\"font-size: 13px; font-family: Verdana; color: #000000; background-color: transparent; font-weight: normal; font-style: normal; font-variant: normal; text-decoration: none; vertical-align: baseline\">Polska  odnios\u0142a (?) wielki sukces na Euro 2012: pi\u0142karze si\u0119 zb\u0142a\u017anili, kibice  byli fenomenalni, s\u0142u\u017cby i w\u0142adze terenowe na pi\u0105tk\u0119, stadiony  najdro\u017csze na \u015bwiecie, autostrady najdro\u017csze we wszech\u015bwiecie; ponad 800  firm zbankrutowa\u0142o (w\u0142a\u015bnie w zwi\u0105zku z budow\u0105 tych autostrad). I mimo,  \u017ce autostrady najdro\u017csze, to wi\u0119kszo\u015b\u0107 tych firm nie dosta\u0142a pieni\u0119dzy.  Wi\u0119c, gdzie one posz\u0142y?<\/span><br \/>\n<span style=\"font-size: 13px; font-family: Verdana; color: #000000; background-color: transparent; font-weight: normal; font-style: normal; font-variant: normal; text-decoration: none; vertical-align: baseline\">  A, \u017ceby wreszcie nam\u00f3wi\u0107 pana Adama, (tego z komentarzy do  przedostatniego artyku\u0142u), aby przesta\u0142 ogl\u0105da\u0107 TVN24 i czyta\u0107  \u201cWybi\u00f3rcz\u0105\u201d, podsy\u0142am jemu i wszystkim zainteresowanym losami Polski  link do przem\u00f3wienia pos\u0142anki Beaty Szyd\u0142o. Prosz\u0119 te\u017c zwr\u00f3ci\u0107 uwag\u0119 na  liczb\u0119 pos\u0142\u00f3w podczas tej debaty &#8211; czy si\u0119 stoi, czy si\u0119 le\u017cy 12 tysi\u0119cy si\u0119 nale\u017cy. Wspomniany w tym przem\u00f3wieniu \u00a0Gra\u015b  wola\u0142 odda\u0107 mandat poselski zdobyty \u00a0na bredniach o tym, jak to interes  Polski i Polak\u00f3w le\u017cy mu na sercu i zakotwiczy\u0142 si\u0119 w sp\u00f3\u0142ce, gdzie  kasuje r\u00f3wno. Zreszt\u0105 pos\u0142uchajcie, bo jest to fascynuj\u0105ca,  15-tominutowa lektura. Tyle fascynuj\u0105ca ile wstrz\u0105saj\u0105ca i powiedziana  publicznie, z m\u00f3wnicy sejmowej. Pan Adam uparcie wysy\u0142a mi pr\u00f3bki swoich  komentarzy, ale wy\u0142\u0105cznie na m\u00f3j temat, zabraniaj\u0105c mi pisa\u0107 o sprawach  polskich, &#8211; jako\u015b jednak do dzi\u015b nie podj\u0105\u0142 wyzwania, kt\u00f3re mu rzuci\u0142em, aby  skomentowa\u0142 <strong>afer\u0119 ta\u015bmow\u0105<\/strong>. Pewnie biedak, siedz\u0105cy tak blisko spraw  polskich nie wie nawet, \u017ce PSL nie wnios\u0142o niczego, <\/span><span style=\"font-size: 13px; font-family: Verdana; color: #000000; background-color: transparent; font-weight: normal; font-style: normal; font-variant: normal; text-decoration: none; vertical-align: baseline\">k  o m p le t n i e niczego do dzia\u0142a\u0144 sejmowych, nie tylko w tej  kadencji, ale i we wszystkich poprzednich, w kt\u00f3rych uda\u0142o si\u0119 tej  partii kopulowa\u0107 z innym koalicjantem.<\/span><br \/>\n<span style=\"font-size: 13px; font-family: Verdana; color: #000000; background-color: transparent; font-weight: normal; font-style: normal; font-variant: normal; text-decoration: none; vertical-align: baseline\">Oto wspomniany link:- niesamowite!!!<\/span><br \/>\n<a href=\"http:\/\/www.youtube.com\/watch?feature=endscreen&amp;NR=1&amp;v=dolx6ekymlw\"><span style=\"font-size: 13px; font-family: Verdana; color: #1155cc; background-color: transparent; font-weight: normal; font-style: normal; font-variant: normal; text-decoration: underline; vertical-align: baseline\">http:\/\/www.youtube.com\/watch?feature=endscreen&amp;NR=1&amp;v=dolx6ekymlw<\/span><\/a><br \/>\n<span style=\"font-size: 13px; font-family: Verdana; color: #000000; background-color: transparent; font-weight: normal; font-style: normal; font-variant: normal; text-decoration: none; vertical-align: baseline\"><\/span><br \/>\n<span style=\"font-size: 13px; font-family: Verdana; color: #000000; background-color: transparent; font-weight: normal; font-style: normal; font-variant: normal; text-decoration: none; vertical-align: baseline\">A co w Polonii? Jak m\u00f3wi\u0105 Amerykanie: SSDD &#8211; same sh-t, different day: <\/span><span style=\"font-size: 13px; font-family: Verdana; color: #000000; background-color: transparent; font-weight: normal; font-style: italic; font-variant: normal; text-decoration: none; vertical-align: baseline\">to samo g&#8230;, tylko inny dzie\u0144.<\/span><br \/>\n<span style=\"font-size: 13px; font-family: Verdana; color: #000000; background-color: transparent; font-weight: normal; font-style: normal; font-variant: normal; text-decoration: none; vertical-align: baseline\">Niekt\u00f3rzy  cz\u0142onkowie i czlonkinie rady dyrektor\u00f3w Unii Kredytowej, jako te\u017c i tzw. rady nadzorczej, czyli komisji, po\u017cal si\u0119 Bo\u017ce, rewizyjnej, za przyk\u0142adem DT (zielonego  \u00a0wyspiarza) obiecuj\u0105 \u201ctransparentno\u015b\u0107\u201d (strasznie modne s\u0142owo ostatnio) i  oszcz\u0119dno\u015b\u0107 i na to konto kilka pa\u0144 (niekt\u00f3re z towarzysz\u0105cymi panami)  i kilku pan\u00f3w (niekt\u00f3rzy z towarzysz\u0105cymi paniami) zrobi\u0142o sobie (na  czele z przewodnicz\u0105c\u0105, najbardziej krzycz\u0105c\u0105 o oszcz\u0119dno\u015bciach, a  jak\u017ce) wycieczk\u0119 do Gda\u0144ska, oczywi\u015bcie na koszt cz\u0142onk\u00f3w. W Gda\u0144sku,  \u017ceby nikt nie my\u015bla\u0142, nie odbywa\u0142o si\u0119 \u017cadne szkolenie. Tam by\u0142 po  prostu zlot przedstawicieli unii kredytowych, &#8211; czytaj balanga.<\/span><br \/>\n<span style=\"font-size: 13px; font-family: Verdana; color: #000000; background-color: transparent; font-weight: normal; font-style: normal; font-variant: normal; text-decoration: none; vertical-align: baseline\">Jak  wie\u015b\u0107 niesie, nie zapomniano wynagrodzi\u0107 posterunkowego, kt\u00f3ry obali\u0142  poprzedni zarz\u0105d i nawet go pono\u0107 zawieziono do Bia\u0142egostoku &#8211; mo\u017ce tam  otworzy si\u0119 nowy oddzia\u0142 naszej Unii? Kto wie &#8211; posterunkowy szuka  spokojnej emeryturki, mo\u017cna mu j\u0105 zabezpieczy\u0107 i zrobi\u0107 go tam  mena\u017cerem&#8230;\u017cerem, \u017cerem, a\u017c si\u0119 na\u017cerem.<\/span><br \/>\n<span style=\"font-size: 13px; font-family: Verdana; color: #000000; background-color: transparent; font-weight: normal; font-style: normal; font-variant: normal; text-decoration: none; vertical-align: baseline\">Co  niekt\u00f3rzy z niecierpliwo\u015bci\u0105 czekaj\u0105 na kolejne zebranie z cyklu  \u201cinformacyjnych\u201d i, o dziwo, s\u0105 to ludzie z dawnego otoczenia  posterunkowego i pani przewodnicz\u0105cej. Co\u015b si\u0119 obr\u00f3ci\u0142o o 180 stopni.  Ludzie po czasie m\u0105drzej\u0105. Lepiej p\u00f3\u017ano, ni\u017c wcale. I na POlsk\u0119  przyjdzie czas.<\/span><\/p>\n","protected":false},"excerpt":{"rendered":"<p>Sprawuj\u0105cy funkcj\u0119 prezydenta USA, B. H. O. \u00a0m\u00f3wi\u0142 o \u201cpolskich obozach \u015bmierci\u201d i nigdy za to nie przeprosi\u0142. Kandyduj\u0105cy na to stanowisko M. R. leci do Polski i spotyka si\u0119 wy\u0142\u0105cznie z czterema facetami:: Wa\u0142\u0119s\u0105, Tuskiem, Komorowskim i Sikorskim i, paradoksalnie, liczy na g\u0142osy Polonii.<\/p>\n","protected":false},"author":2,"featured_media":0,"comment_status":"open","ping_status":"open","sticky":false,"template":"","format":"standard","meta":[],"categories":[1],"tags":[],"_links":{"self":[{"href":"https:\/\/sporek.com\/blog\/index.php?rest_route=\/wp\/v2\/posts\/344"}],"collection":[{"href":"https:\/\/sporek.com\/blog\/index.php?rest_route=\/wp\/v2\/posts"}],"about":[{"href":"https:\/\/sporek.com\/blog\/index.php?rest_route=\/wp\/v2\/types\/post"}],"author":[{"embeddable":true,"href":"https:\/\/sporek.com\/blog\/index.php?rest_route=\/wp\/v2\/users\/2"}],"replies":[{"embeddable":true,"href":"https:\/\/sporek.com\/blog\/index.php?rest_route=%2Fwp%2Fv2%2Fcomments&post=344"}],"version-history":[{"count":0,"href":"https:\/\/sporek.com\/blog\/index.php?rest_route=\/wp\/v2\/posts\/344\/revisions"}],"wp:attachment":[{"href":"https:\/\/sporek.com\/blog\/index.php?rest_route=%2Fwp%2Fv2%2Fmedia&parent=344"}],"wp:term":[{"taxonomy":"category","embeddable":true,"href":"https:\/\/sporek.com\/blog\/index.php?rest_route=%2Fwp%2Fv2%2Fcategories&post=344"},{"taxonomy":"post_tag","embeddable":true,"href":"https:\/\/sporek.com\/blog\/index.php?rest_route=%2Fwp%2Fv2%2Ftags&post=344"}],"curies":[{"name":"wp","href":"https:\/\/api.w.org\/{rel}","templated":true}]}}