{"id":347,"date":"2012-09-05T02:19:14","date_gmt":"2012-09-05T06:19:14","guid":{"rendered":"http:\/\/sporek.com\/blog\/?p=347"},"modified":"2012-09-05T02:19:14","modified_gmt":"2012-09-05T06:19:14","slug":"a-ty-narodzie-spij","status":"publish","type":"post","link":"https:\/\/sporek.com\/blog\/?p=347","title":{"rendered":"A ty Narodzie, \u015bpij"},"content":{"rendered":"<p><span style=\"font-size: 13px; font-family: Verdana; color: #000000; background-color: transparent; font-weight: normal; font-style: normal; font-variant: normal; text-decoration: none; vertical-align: baseline\">To  ju\u017c dwudziesty drugi raz, gdy co najmniej dwa tysi\u0105ce \u201cwa\u017cnych\u201d facet\u00f3w  z Europy radzi w naszej przepi\u0119knej Krynicy, jak wyj\u015b\u0107 z kryzysu i udaje, \u017ce s\u0105 w Davos.. <\/span><!--more--><span style=\"font-size: 13px; font-family: Verdana; color: #000000; background-color: transparent; font-weight: normal; font-style: normal; font-variant: normal; text-decoration: none; vertical-align: baseline\">W tym  roku jest ich ju\u017c prawie trzy tysi\u0105ce. Sk\u0105d na to pieni\u0105dze? Dotychczas  radzili, jak kreowa\u0107 post\u0119p i dobrobyt. A\u017c doszli do kryzysu. Maj\u0105 si\u0119  dobrze w domach zdrojowych, wytwornych hotelach i bajdurzeniu o niczym.  Nawet dziennikarze TVN24 mieli dzi\u015b rano du\u017cy problem, \u017ceby jako\u015b  skomentowa\u0107 pustos\u0142owie Bronis\u0142awa Komorowskiego g\u0142oszone z krynickiej  m\u00f3wnicy.<\/span><br \/>\n<span style=\"font-size: 13px; font-family: Verdana; color: #000000; background-color: transparent; font-weight: bold; font-style: normal; font-variant: normal; text-decoration: none; vertical-align: baseline\">A ty Narodzie, \u015bpij.<\/span><br \/>\n<span style=\"font-size: 13px; font-family: Verdana; color: #000000; background-color: transparent; font-weight: normal; font-style: normal; font-variant: normal; text-decoration: none; vertical-align: baseline\"><\/span><br \/>\n<span style=\"font-size: 13px; font-family: Verdana; color: #000000; background-color: transparent; font-weight: normal; font-style: normal; font-variant: normal; text-decoration: none; vertical-align: baseline\">Premier  miota si\u0119 w \u201czeznaniach\u201d o udziale swojego syna i swoim w aferze Amber  Gold. Oszukani prze ca\u0142e to towarzystwo obywatele nie dostaj\u0105 \u017cadnego,  wyra\u017anego znaku na jakiekolwiek szanse zwrotu swoich pieni\u0119dzy,  rekompensaty strat. Mo\u017cna nazywa\u0107 ich naiwnymi i, jak \u201cgenialny\u201d pan  Balcerowicz por\u00f3wnywa\u0107 ich do pokerzyst\u00f3w, ale oni przede wszystkim  chcieli zabezpieczy\u0107 si\u0119 przed nadchodz\u0105cym kryzysem. Chcieli pomno\u017cy\u0107  swoje pieni\u0105dze, aby w momencie, gdy to wszystko p&#8230;.nie, mie\u0107 jakie\u015b  zabezpieczenie.<\/span><br \/>\n<span style=\"font-size: 13px; font-family: Verdana; color: #000000; background-color: transparent; font-weight: normal; font-style: normal; font-variant: normal; text-decoration: none; vertical-align: baseline\">Marcin  P. b\u0119dzie mia\u0142 na koszt podatnik\u00f3w luksusow\u0105 cel\u0119 z plazm\u0105, jakie\u015b  zwichrowane wydawnictwo zaproponuje mu wydanie \u201cpami\u0119tnik\u00f3w\u201d, durnie  kupi\u0105 ten \u201cbestseller\u201d i \u201ctowarzystwo\u201d nie przestanie si\u0119 mie\u0107 dobrze.  Rzecznik PO, \u00a0Pawe\u0142 Olszewski, najwi\u0119kszy cynik, jakiego widzia\u0142em, <\/span><span style=\"font-size: 13px; font-family: Verdana; color: #000000; background-color: transparent; font-weight: bold; font-style: normal; font-variant: normal; text-decoration: none; vertical-align: baseline\">Wiadomo\u015bciom<\/span><span style=\"font-size: 13px; font-family: Verdana; color: #000000; background-color: transparent; font-weight: normal; font-style: normal; font-variant: normal; text-decoration: none; vertical-align: baseline\"> m\u00f3wi, \u017ce \u201cnie ma wiedzy w jaki spos\u00f3b pisma z ABW \u00a0byly kolportowane\u201d, ale ju\u017c <\/span><span style=\"font-size: 13px; font-family: Verdana; color: #000000; background-color: transparent; font-weight: bold; font-style: normal; font-variant: normal; text-decoration: none; vertical-align: baseline\">Tele Ekspressowi <\/span><span style=\"font-size: 13px; font-family: Verdana; color: #000000; background-color: transparent; font-weight: normal; font-style: normal; font-variant: normal; text-decoration: none; vertical-align: baseline\">m\u00f3wi,  \u017ce \u201copozycja u\u017cywa tej sprawy do swoich, politycznych rogrywek\u201d. Dla  niego pokrzywdzeni w tej aferze nie maj\u0105 najmniejszego znaczenia, &#8211; on  musi wybieli\u0107 swojego szefa.<\/span><br \/>\n<span style=\"font-size: 13px; font-family: Verdana; color: #000000; background-color: transparent; font-weight: normal; font-style: normal; font-variant: normal; text-decoration: none; vertical-align: baseline\">24  maja, br. \u00a0ABW przes\u0142a\u0142o informacje o z\u0142otym bursztynie (Amber Gold)  premierowi, prezydentowi, ministrowi finans\u00f3w, ministrowi spraw  wewn\u0119trznych, ministrowi transportu, szefowi komisji nadzoru  finansowego. A oni m\u00f3wi\u0105 spo\u0142ecze\u0144stwu, \u017ce dowiadywali si\u0119 o Amber Gold  tylko z medi\u00f3w i wiedz\u0105 tylko tyle, ile podawa\u0142y media. Trzeba by\u0107  sko\u0144czonych idiot\u0105, \u017ceby wierzy\u0107, \u017ce tak powa\u017cny biznes, jak Amber God  dzia\u0142a\u0142 bez wiedzy kacyk\u00f3w z rz\u0105du i bez przyzwolenia z :\u201dg\u00f3ry\u201d, &#8211; czyt.  &#8211; grupy trzymaj\u0105cej w\u0142adz\u0119.<\/span><br \/>\n<span style=\"font-size: 13px; font-family: Verdana; color: #000000; background-color: transparent; font-weight: normal; font-style: normal; font-variant: normal; text-decoration: none; vertical-align: baseline\">\u201cKompletnie  bezradne pa\u0144stwo\u201d, powiedzia\u0142 jeden z komentator\u00f3w. Uwa\u017cam to za  bezczelno\u015b\u0107. Kompletnie bezradnym jest polski rz\u0105d, premier, \u00a0prezydent i  wszystkie podleg\u0142e tym dw\u00f3m g\u0142owom pa\u0144stwa urz\u0119dy pa\u0144stwowe.<\/span><br \/>\n<span style=\"font-size: 13px; font-family: Verdana; color: #000000; background-color: transparent; font-weight: bold; font-style: normal; font-variant: normal; text-decoration: none; vertical-align: baseline\">A ty Narodzie, \u015bpij.<\/span><br \/>\n<span style=\"font-size: 13px; font-family: Verdana; color: #000000; background-color: transparent; font-weight: normal; font-style: normal; font-variant: normal; text-decoration: none; vertical-align: baseline\"><\/span><br \/>\n<span style=\"font-size: 13px; font-family: Verdana; color: #000000; background-color: transparent; font-weight: normal; font-style: normal; font-variant: normal; text-decoration: none; vertical-align: baseline\">Gospodarka  zwolni, p\u0142ace stan\u0105, a bezrobocie wzro\u015bnie. PKB, zamiast doj\u015b\u0107 do 2.9%  wyniesie zaledwie 2.2%. Oczywi\u015bcie podatki w g\u00f3r\u0119: zniknie ulga  internetowa, ulga dla artyst\u00f3w, tw\u00f3rc\u00f3w i dziennikarzy i nast\u0105pi\u0105 spore  (?) zmiany w ulgach na dzieci. I wszystko wskazuje te\u017c na to, ze  podniesiona zostanie wysoko\u015b\u0107 VATu. To efekt zaledwie kilkugodzinnych  obrad rz\u0105dowych specjalist\u00f3w od bud\u017cetu. Kilka godzin dali sobie na  ustalenie, jak wygl\u0105da\u0107 b\u0119dzie bud\u017cet czterdziesto milionowego pa\u0144stwa.  Niewiarygodne!!! Czy oni to robi\u0105 spo\u0142ecznie, bez wynagrodzenia? Wow, co  za po\u015bwi\u0119cenie.<\/span><br \/>\n<span style=\"font-size: 13px; font-family: Verdana; color: #000000; background-color: transparent; font-weight: bold; font-style: normal; font-variant: normal; text-decoration: none; vertical-align: baseline\">A ty Narodzie, \u015bpij.<\/span><br \/>\n<span style=\"font-size: 13px; font-family: Verdana; color: #000000; background-color: transparent; font-weight: normal; font-style: normal; font-variant: normal; text-decoration: none; vertical-align: baseline\"><\/span><br \/>\n<span style=\"font-size: 13px; font-family: Verdana; color: #000000; background-color: transparent; font-weight: normal; font-style: normal; font-variant: normal; text-decoration: none; vertical-align: baseline\">Wizyta  u kardiologa, &#8211; za cztery miesi\u0105ce, u rehabilitanta, &#8211; za p\u00f3\u0142 roku, a u  naczyniowca &#8211; za oko\u0142o dwa lata. Trzeba mie\u0107 ko\u0144skie zdrowie, \u017ceby  chorowa\u0107 w Polsce, a Narodowy Fundusz <\/span><br \/>\n<span style=\"font-size: 13px; font-family: Verdana; color: #000000; background-color: transparent; font-weight: normal; font-style: normal; font-variant: normal; text-decoration: none; vertical-align: baseline\">Zdrowia  beztrosko stwierdza, \u017ce to wina&#8230; pacjent\u00f3w i lekarzy. Lekarzy, bo  jest ich za ma\u0142o; &#8211; pacjent\u00f3w, bo jest ich za du\u017co. Chyba nawet wielki  Lechu nie wymy\u015bli\u0142by \u015bmieszniejszej argumentacji, nawet gdyby nie  chcia\u0142, ale musia\u0142.<\/span><br \/>\n<span style=\"font-size: 13px; font-family: Verdana; color: #000000; background-color: transparent; font-weight: bold; font-style: normal; font-variant: normal; text-decoration: none; vertical-align: baseline\">A ty Narodzie, \u015bpij.<\/span><br \/>\n<span style=\"font-size: 13px; font-family: Verdana; color: #000000; background-color: transparent; font-weight: bold; font-style: normal; font-variant: normal; text-decoration: none; vertical-align: baseline\"><\/span><br \/>\n<span style=\"font-size: 13px; font-family: Verdana; color: #000000; background-color: transparent; font-weight: bold; font-style: normal; font-variant: normal; text-decoration: none; vertical-align: baseline\">Niepe\u0142nosprawni <\/span><span style=\"font-size: 13px; font-family: Verdana; color: #000000; background-color: transparent; font-weight: normal; font-style: normal; font-variant: normal; text-decoration: none; vertical-align: baseline\">zdobyli na para-olimpiadzie, w Londynie, w ci\u0105gu zaledwie sze\u015bciu dni wi\u0119cej medali, ni\u017c <\/span><span style=\"font-size: 13px; font-family: Verdana; color: #000000; background-color: transparent; font-weight: bold; font-style: normal; font-variant: normal; text-decoration: none; vertical-align: baseline\">pe\u0142nosprawni <\/span><span style=\"font-size: 13px; font-family: Verdana; color: #000000; background-color: transparent; font-weight: normal; font-style: normal; font-variant: normal; text-decoration: none; vertical-align: baseline\">w ci\u0105gu ca\u0142ej, minionej olimpiady, a zdob\u0119d\u0105 jeszcze wi\u0119cej, bo walcz\u0105 z niespotykan\u0105 u <\/span><span style=\"font-size: 13px; font-family: Verdana; color: #000000; background-color: transparent; font-weight: bold; font-style: normal; font-variant: normal; text-decoration: none; vertical-align: baseline\">pe\u0142nosprawnych<\/span><span style=\"font-size: 13px; font-family: Verdana; color: #000000; background-color: transparent; font-weight: normal; font-style: normal; font-variant: normal; text-decoration: none; vertical-align: baseline\"> ambicj\u0105 i niesamowitymi umiej\u0119tno\u015bciami. <\/span><br \/>\n<span style=\"font-size: 13px; font-family: Verdana; color: #000000; background-color: transparent; font-weight: normal; font-style: normal; font-variant: normal; text-decoration: none; vertical-align: baseline\">Szkoda, \u017ce nie ma mistrzostw Europy niepe\u0142nosprawnych w pi\u0142ce no\u017cnej. Pewnie lukratywni pi\u0142karze te\u017c dostaliby po nosie. <\/span><br \/>\n<span style=\"font-size: 13px; font-family: Verdana; color: #000000; background-color: transparent; font-weight: bold; font-style: normal; font-variant: normal; text-decoration: none; vertical-align: baseline\">A ty Narodzie, \u015bpij.<\/span><br \/>\n<span style=\"font-size: 13px; font-family: Verdana; color: #000000; background-color: transparent; font-weight: normal; font-style: normal; font-variant: normal; text-decoration: none; vertical-align: baseline\">I  podno\u015b s\u0142upki bezradnej PO, beradnego premiera, bezradnego prezydenta,  \u00a0bezradnego, ale jak\u017ce kreatywnego ministra finans\u00f3w, bezradnego  ministra transportu, bezradnego szefa nadzoru finansowego i ca\u0142ej,  bezradnej aparatury rz\u0105dz\u0105cej Polsk\u0105.<\/span><br \/>\n<span style=\"font-size: 13px; font-family: Verdana; color: #000000; background-color: transparent; font-weight: normal; font-style: normal; font-variant: normal; text-decoration: none; vertical-align: baseline\"><\/span><br \/>\n<span style=\"font-size: 13px; font-family: Verdana; color: #000000; background-color: transparent; font-weight: normal; font-style: normal; font-variant: normal; text-decoration: none; vertical-align: baseline\">Kto  wie, na 100% czyje cia\u0142o le\u017cy w trumnie \u015bp. Anny Walentynowicz?  Wszystko wskazuje na to, \u017ce nie cia\u0142o Anny, of kt\u00f3rej zacz\u0119\u0142a si\u0119  Solidarno\u015b\u0107. Tej Anny, kt\u00f3ra by\u0142a wi\u0119ksza, ni\u017c najwi\u0119kszy Lechu, tej  Anny, od kt\u00f3rej zacz\u0119\u0142y si\u0119 strajki, kt\u00f3re w konsekwencji wyrwa\u0142y nas z  obj\u0119\u0107 sowieckiego u\u015bcisku. To nie Lechu, to Anna obali\u0142a komunizm, no i  mo\u017ce jeszcze&#8230;Jan Pietrzak, kt\u00f3rego \u201cszlachetnie urodzone\u201d media nie  dopuszczaj\u0105 do g\u0142osu. I to spo\u0142ecze\u0144stwo, kt\u00f3re kiedy\u015b tak Pietrzaka  uwielbia\u0142o, dzi\u015b fika nogami i sika w portki ze \u015bmiechu na durnych,  przebieranych kabaretach. \u00a0Lechu zniewa\u017ca\u0142 Ann\u0119 za Jej \u017cycia, rz\u0105dz\u0105cy  zniewa\u017cyli J\u0105 po \u015bmierci.<\/span><br \/>\n<span style=\"font-size: 13px; font-family: Verdana; color: #000000; background-color: transparent; font-weight: bold; font-style: normal; font-variant: normal; text-decoration: none; vertical-align: baseline\">A ty Narodzie, \u015bpij.<\/span><br \/>\n<span style=\"font-size: 13px; font-family: Verdana; color: #000000; background-color: transparent; font-weight: normal; font-style: normal; font-variant: normal; text-decoration: none; vertical-align: baseline\">i  podno\u015b s\u0142upki k\u0142ami\u0105cej Ci\u0119 w \u017cywe oczy by\u0142ej ministry zdrowia, obecnej  \u201cmarsza\u0142ki\u201d sejmu, Ewy Kopacz. Obdarzaj j\u0105 zaufaniem za to k\u0142amstwo o  przesianej do metra ziemi, o tych \u201cbez s\u0142\u00f3w\u201d wsp\u00f3\u0142pracuj\u0105cych z sob\u0105  lekarzy polskich i rosyjskich przy sekcjach zw\u0142ok. I podno\u015b zaufanie do  ministra Sikorskiego i premiera, za oddanie \u015bledztwa ruskim s\u0142u\u017cbom; za  zniewa\u017cenie polskiego pa\u0144stwa, polskiego spo\u0142ecze\u0144stwa, naszej historii i  honoru, godno\u015bci i dumy.<\/span><br \/>\n<span style=\"font-size: 13px; font-family: Verdana; color: #000000; background-color: transparent; font-weight: normal; font-style: normal; font-variant: normal; text-decoration: none; vertical-align: baseline\"><\/span><br \/>\n<span style=\"font-size: 13px; font-family: Verdana; color: #000000; background-color: transparent; font-weight: normal; font-style: normal; font-variant: normal; text-decoration: none; vertical-align: baseline\">Cyryl  I-y by\u0142 tym, przy poprzednim patriarsze Wszechrusi, kt\u00f3ry przeszkodzi\u0142 w  wizycie Jana Paw\u0142a II w Rosji. Polscy biskupi, w tajemnicy przed  wiernymi knuli z nim \u201cporozumienie\u201d i jego wizyt\u0119 w Polsce. Ci sami  biskupi, kt\u00f3rzy byli tak oburzeni, gdy ich \u201cukochany\u201d Papie\u017c nie dosta\u0142  zgody na wizyt\u0119 w Rosji, kt\u00f3rzy ca\u0142owali jego d\u0142onie, k\u0142\u0119kali przed nim z  szacunkiem i mi\u0142o\u015bci\u0105. Jak teraz wida\u0107 b\u0142udn\u0105 mi\u0142o\u015bci\u0105, ob\u0142udnym  szacunkiem. Ilu z nich otrzyma\u0142o swoje purputowe birety z r\u0105k  B\u0142ogos\u0142awionego Jana Paw\u0142a? I ju\u017c o tym zapomnieli?<\/span><br \/>\n<span style=\"font-size: 13px; font-family: Verdana; color: #000000; background-color: transparent; font-weight: bold; font-style: normal; font-variant: normal; text-decoration: none; vertical-align: baseline\">A ty Narodzie, \u015bpij. <\/span><span style=\"font-size: 13px; font-family: Verdana; color: #000000; background-color: transparent; font-weight: normal; font-style: normal; font-variant: normal; text-decoration: none; vertical-align: baseline\">I  k\u0142aniaj si\u0119 purpurowym ksi\u0105\u017c\u0119tom, kt\u00f3rzy zapomnieli o honorze, kt\u00f3rzy  nie widz\u0105, \u017ce katolicy w Rosji maj\u0105 si\u0119 du\u017co, du\u017co gorzej, ni\u017c  prawos\u0142awni w Polsce. Ale nie upomnieli si\u0119 o nich u Cyryla, nie  poprosili, aby wp\u0142yn\u0105\u0142 na cara Vladimira.<\/span><br \/>\n<span style=\"font-size: 13px; font-family: Verdana; color: #000000; background-color: transparent; font-weight: normal; font-style: normal; font-variant: normal; text-decoration: none; vertical-align: baseline\"><\/span><br \/>\n<span style=\"font-size: 13px; font-family: Verdana; color: #000000; background-color: transparent; font-weight: normal; font-style: normal; font-variant: normal; text-decoration: none; vertical-align: baseline\">Co  dalej? Oczywi\u015bcie nie b\u0119dzie komisji sejmowej, premier nie stanie przed  trybuna\u0142em stanu. Politykom w\u0142os z g\u0142owy nie spadnie, pieni\u0119dzy na ich  kontach b\u0119dzie przybywa\u0107. Ksi\u0105\u017c\u0119ta ko\u015bcio\u0142a te\u017c b\u0119d\u0105 si\u0119 mieli dobrze i  nawet nie zauwa\u017c\u0105, \u017ce wierni odsun\u0119li si\u0119 od nich. Od nich, ale tylko po  to, aby broni\u0107 Ko\u015bcio\u0142a. Szkoda tylko, \u017ce trzeba go broni\u0107 przed jego  najwy\u017cszymi przedstawicielami.<\/span><br \/>\n<span style=\"font-size: 13px; font-family: Verdana; color: #000000; background-color: transparent; font-weight: bold; font-style: normal; font-variant: normal; text-decoration: none; vertical-align: baseline\">Za wszystko zap\u0142aci spo\u0142ecze\u0144stwo.<\/span><br \/>\n<span style=\"font-size: 15px; font-family: Arial; color: #000000; background-color: transparent; font-weight: normal; font-style: normal; font-variant: normal; text-decoration: none; vertical-align: baseline\"><\/span><\/p>\n","protected":false},"excerpt":{"rendered":"<p>To ju\u017c dwudziesty drugi raz, gdy co najmniej dwa tysi\u0105ce \u201cwa\u017cnych\u201d facet\u00f3w z Europy radzi w naszej przepi\u0119knej Krynicy, jak wyj\u015b\u0107 z kryzysu i udaje, \u017ce s\u0105 w Davos..<\/p>\n","protected":false},"author":2,"featured_media":0,"comment_status":"open","ping_status":"open","sticky":false,"template":"","format":"standard","meta":[],"categories":[4],"tags":[],"_links":{"self":[{"href":"https:\/\/sporek.com\/blog\/index.php?rest_route=\/wp\/v2\/posts\/347"}],"collection":[{"href":"https:\/\/sporek.com\/blog\/index.php?rest_route=\/wp\/v2\/posts"}],"about":[{"href":"https:\/\/sporek.com\/blog\/index.php?rest_route=\/wp\/v2\/types\/post"}],"author":[{"embeddable":true,"href":"https:\/\/sporek.com\/blog\/index.php?rest_route=\/wp\/v2\/users\/2"}],"replies":[{"embeddable":true,"href":"https:\/\/sporek.com\/blog\/index.php?rest_route=%2Fwp%2Fv2%2Fcomments&post=347"}],"version-history":[{"count":0,"href":"https:\/\/sporek.com\/blog\/index.php?rest_route=\/wp\/v2\/posts\/347\/revisions"}],"wp:attachment":[{"href":"https:\/\/sporek.com\/blog\/index.php?rest_route=%2Fwp%2Fv2%2Fmedia&parent=347"}],"wp:term":[{"taxonomy":"category","embeddable":true,"href":"https:\/\/sporek.com\/blog\/index.php?rest_route=%2Fwp%2Fv2%2Fcategories&post=347"},{"taxonomy":"post_tag","embeddable":true,"href":"https:\/\/sporek.com\/blog\/index.php?rest_route=%2Fwp%2Fv2%2Ftags&post=347"}],"curies":[{"name":"wp","href":"https:\/\/api.w.org\/{rel}","templated":true}]}}