{"id":348,"date":"2012-09-08T01:30:07","date_gmt":"2012-09-08T05:30:07","guid":{"rendered":"http:\/\/sporek.com\/blog\/?p=348"},"modified":"2012-09-08T01:45:51","modified_gmt":"2012-09-08T05:45:51","slug":"spadek","status":"publish","type":"post","link":"https:\/\/sporek.com\/blog\/?p=348","title":{"rendered":"Spadek"},"content":{"rendered":"<p><span style=\"font-size: 13px; font-family: Verdana; color: #000000; background-color: transparent; font-weight: normal; font-style: normal; font-variant: normal; text-decoration: none; vertical-align: baseline\">Naipierw  wyt\u0142umacz\u0119 mo\u017ce czym jest prowadzenie czego\u015b takiego, jak blog. Nie  jest to czynno\u015b\u0107, do kt\u00f3rej ktokolwiek zmusza blogera. Wynika ona z  w\u0142asnego wn\u0119trza: reakcji na codzienno\u015b\u0107. <\/span><!--more--><span style=\"font-size: 13px; font-family: Verdana; color: #000000; background-color: transparent; font-weight: normal; font-style: normal; font-variant: normal; text-decoration: none; vertical-align: baseline\">Czasem czyni si\u0119 to regularnie  (s\u0105 tacy, kt\u00f3rzy z tego \u017cyj\u0105, bo p\u0142ac\u0105 im reklamodawcy), czasem z  doskoku, a czasem po prostu z potrzeby chwili w miar\u0119 dysponowania  czasem. Nie jestem regularny cho\u0107by dlatego, \u017ce pracuj\u0119, jako pedagog,  cho\u0107by dlatego, \u017ce ci\u0105gle dopisuj\u0119 co\u015b do ksi\u0105\u017cki, kt\u00f3ra rodzi si\u0119 w  b\u00f3lach i cho\u0107by dlatego, \u017ce do niedawna przygotowywa\u0142em moje felietony,  pisane niegdy\u015b dla Nowego Dziennika do wydania ksi\u0105\u017ckowego. <\/span><span style=\"font-size: 13px; font-family: Verdana; color: #000000; background-color: transparent; font-weight: normal; font-style: normal; font-variant: normal; text-decoration: none; vertical-align: baseline\"><span style=\"font-size: 13px; font-family: Verdana; color: #000000; background-color: transparent; font-weight: normal; font-style: normal; font-variant: normal; text-decoration: none; vertical-align: baseline\" id=\"internal-source-marker_0.31753890441515065\">Drukowa\u0142em je w Polsce, \u017ceby da\u0107 zarobi\u0107 polskiemu wydawnictwu.<\/span> S\u0105 ju\u017c  uko\u0144czone i w\u0142a\u015bnie p\u0142yn\u0105 w poprzek oceanu i przyb\u0119d\u0105 pod koniec  wrze\u015bnia. Pisanie na blogu jest wi\u0119c spraw\u0105 bardzo osobist\u0105, zale\u017cn\u0105 od  mo\u017cliwo\u015bci czasowych autora. Pisanie na w\u0142asnym blogu jest te\u017c, co tu  du\u017co m\u00f3wi\u0107 indywidualnym poczuciem obowi\u0105zku reagowania na wydarzenia  wok\u00f3\u0142, jest efektem wewn\u0119trznej wra\u017cliwo\u015bci. Ludzie, kt\u00f3rzy nie maj\u0105 nic  do powiedzenia nie powinni wpisywa\u0107 swoich komentarzy. Post\u0119p rodzi  si\u0119, gdy dyskutujemy, czasem nawet ostro, ale na temat. <\/span><br \/>\n<span style=\"font-size: 13px; font-family: Verdana; color: #000000; background-color: transparent; font-weight: normal; font-style: normal; font-variant: normal; text-decoration: none; vertical-align: baseline\">Jeste\u015bmy  tu, w Stanach po konwencjach obydwu partii. Jakie by\u0142y? Takie, jak  zawsze. Nikt nie zadaje pyta\u0144 prezydentowi czego dokona\u0142 (mam na my\u015bli  zwyk\u0142ych ludzi), ale wszyscy zachwycaj\u0105 si\u0119 Pierwsz\u0105 Dam\u0105. Zadziwiaj\u0105cy  jest pro-demokratyczny ton polskich sprawozdawc\u00f3w (id\u0105c tokiem my\u015blenia  mojego dy\u017curnego komentatora-krytykanta, Adama, ludzie z Polski nie  powinni wypowiada\u0107 si\u0119 na tematy ameryka\u0144skie, skoro on zabrania mi  pisa\u0107 o Polsce..,). <\/span><br \/>\n<span style=\"font-size: 13px; font-family: Verdana; color: #000000; background-color: transparent; font-weight: normal; font-style: normal; font-variant: normal; text-decoration: none; vertical-align: baseline\">Oto  s\u0142ysz\u0119 w Wiadomo\u015bciach, \u017ce Republikanie mieli problem z obecno\u015bci\u0105  artyst\u00f3w-celebryt\u00f3w, kt\u00f3rych pono\u0107 zatrz\u0119sienie by\u0142o na konwencji  Demokrat\u00f3w. Jako\u015b jednak wszyscy zachwycaj\u0105 si\u0119 rewelacyjnym \u201cskeczem\u201d Clinta Eastwooda  w\u0142a\u015bnie na konwencji Republikan\u00f3w. Takimi pokr\u0119tnymi komentarzami  pierze si\u0119 m\u00f3zgi polskiego spo\u0142ecze\u0144stwa. Zachwycali si\u0119 nasi  sprawozdawcy \u017con\u0105 obecnego prezydenta, oczywi\u015bcie taki\u017c zachwyt wali\u0142 z  hali konwencji jego partii, tymczasem na Internecie Amerykanie  przypominaj\u0105 wszystkim, \u017ce ta zakochana w swoim m\u0119\u017cu pani w ci\u0105gu tej  jednej kadencji wyjecha\u0142a pi\u0119ciokrotnie na \u201czas\u0142u\u017cone\u201d wakacje, co  kosztowa\u0142o podatnik\u00f3w, bagatela, &#8211; p\u00f3\u0142 miliarda dolar\u00f3w, \u0142\u0105cznie z  lataniem Air Force One!! Ale nie przeszkadza\u0142o to pani Obamowej  o\u015bwiadczy\u0107, \u017ce \u201cbycie pierwsz\u0105 dam\u0105, to ci\u0119\u017cka har\u00f3wa\u201d. \u00a0Od pocz\u0105tku  rz\u0105d\u00f3w B. Obamy ca\u0142\u0105 win\u0119 za obecny stan zwala si\u0119 na Georga W Busha. I  jest to najwierutniejsze k\u0142amstwo.<\/span><br \/>\n<span style=\"font-size: 13px; font-family: Verdana; color: #000000; background-color: transparent; font-weight: normal; font-style: normal; font-variant: normal; text-decoration: none; vertical-align: baseline\">Bradley  J. Donner, Sr VP Investments, J. P. Turner &amp; Company, LLC, napisa\u0142  fantastyczne t\u0142umaczenie obecnej sytuacji. Nie napisa\u0142 anonimowo, poda\u0142  imi\u0119, nazwisko, funkcj\u0119 w JP Turner &amp; Company, adres i telefony.<\/span><br \/>\n<span style=\"font-size: 13px; font-family: Verdana; color: #000000; background-color: transparent; font-weight: normal; font-style: normal; font-variant: normal; text-decoration: none; vertical-align: baseline\">Bradley  przypomina i nawo\u0142uje, aby pami\u0119ta\u0107, \u017ce 3 stycznia, 2007 roku  Deomokraci doszli do w\u0142adzy absolutnej, to znaczy zdobyli wi\u0119kszo\u015b\u0107  zar\u00f3wno w Izbie Reprezentant\u00f3w (Kongres), jak i w Senacie. Je\u015bli chcemy  zrzuca\u0107 win\u0119 za kryzys na Busha to powini\u015bmy pami\u0119ta\u0107, \u017ce G. W Bush  ustanowi\u0142 swoisty rekord utrzymuj\u0105c wzrost zatrudnienia przez 52  tygodnie.<\/span><br \/>\n<span style=\"font-size: 13px; font-family: Verdana; color: #000000; background-color: transparent; font-weight: normal; font-style: normal; font-variant: normal; text-decoration: none; vertical-align: baseline\">3  stycznia, 2007 roku gdy Demokraci przej\u0119li w\u0142adz\u0119, Down Jones zamkn\u0105\u0142  si\u0119 na 12.621.77, GDP (Gross Domestic Product &#8211; product krajowy) za  ostatni kwarta\u0142, 2006 roku wynois\u0142 3.5% (dla przypomnienia;- nasz  genialny rz\u0105d przewiduje go na wysoko\u015bci 2.2, cho\u0107 mia\u0142o by\u0107 2.9), a bezrobocie zamkn\u0119\u0142o si\u0119  na wysoko\u015bci 4.6%. Od tego czasu, &#8211; pami\u0119tajmy: 3 stycznia, 2007-  rz\u0105dy, a wi\u0119c decyzje przesz\u0142y w r\u0119ce Demokrat\u00f3w. Tego\u017c dnia Barney  Frank zosta\u0142 szefem Komisji Finansowej Kongresu, (<\/span><span style=\"font-size: 13px; font-family: Verdana; color: #000000; background-color: transparent; font-weight: normal; font-style: italic; font-variant: normal; text-decoration: none; vertical-align: baseline\">House Financial Services Committee <\/span><span style=\"font-size: 13px; font-family: Verdana; color: #000000; background-color: transparent; font-weight: normal; font-style: normal; font-variant: normal; text-decoration: none; vertical-align: baseline\">), a Chris Dodd obj\u0105\u0142 Komitet Bankowy w Senacie (<\/span><span style=\"font-size: 13px; font-family: Verdana; color: #000000; background-color: transparent; font-weight: normal; font-style: italic; font-variant: normal; text-decoration: none; vertical-align: baseline\">Senate Banking Committee<\/span><span style=\"font-size: 13px; font-family: Verdana; color: #000000; background-color: transparent; font-weight: normal; font-style: normal; font-variant: normal; text-decoration: none; vertical-align: baseline\">).  Gdzie znalaz\u0142 si\u0119 najbardziej newralgiczny punkt za\u0142amania  gospodarczego pi\u0119tna\u015bcie miesi\u0119cy p\u00f3\u017aniej? W\u0142a\u015bnie w bankowo\u015bci i  finansach. Rekordowe \u00a0bezrobocie spowodowane zosta\u0142o wpompowaniem w  rynek niewiarygodnych sum na toksyczne po\u017cyczki z Fannie Mae i Freddie  Mac i lawin\u0119 tzw. forclosures (odbierania dom\u00f3w przez banki), a wi\u0119c  bezdomno\u015b\u0107. G. W. Bush <strong>17-stokrotnie<\/strong> apelowa\u0142 do kongresu, ostrzegaj\u0105c,  \u017ce te dwa para-banki s\u0105 zagro\u017ceniem dla finans\u00f3w USA. Kongres  wi\u0119kszo\u015bci\u0105 g\u0142os\u00f3w demokratycznych, niestety odmawia\u0142 mu zaj\u0119cia si\u0119 t\u0105  kwesti\u0105 (ameryka\u0144ski Amber Gold? &#8211; tak, tyle, ze w bia\u0142ych r\u0119kawiczkach)  Pami\u0119ta\u0107 trzeba, \u017ce bud\u017cet nie wychodzi z Bia\u0142ego Domu, bud\u017cet, to  sprawa kongresu. A od 3 stycznia, 2007 roku Kongres USA kontroluj\u0105  Demokraci. Tylko w 2008 musieli p\u00f3j\u015b\u0107 na kompromis, gdy Bush, jako  prezydent twardo sprzeciwi\u0142 si\u0119 podnoszeniu wydatk\u00f3w. Bud\u017cetem w 2009  rz\u0105dzili ju\u017c Nancy Pelosi i Harry Reid. Uruchomili oni istny omnibus  wydatk\u00f3w, a potem Demokraci ju\u017c byli \u201cpanami \u015bwiata\u201d ze swoim,  demokratycznym prezydentem, kt\u00f3ry dzi\u015b chwali si\u0119, \u017ce uratowa\u0142 General  Motors. Gdzie by\u0142 wtedy Barack Obama? By\u0142 cz\u0142onkiem kongresu i g\u0142osowa\u0142  za tym nieprawdopodobnym wzrostem wydatk\u00f3w, a p\u00f3\u017aniej autoryzowa\u0142 je  ju\u017c, jako prezydent. Deficyt, jaki zosta\u0142 po Republikanach za rok 2007  by\u0142 najmniejszy za ca\u0142e poprzednie pi\u0119\u0107 lat i czwarty w ca\u0142ej historii  deficyt\u00f3w. Dzi\u015b Obama twierdzi, pior\u0105c m\u00f3zgi wyborc\u00f3w, \u017ce \u201cw spadku po  swoim poprzedniku odziedziczy\u0142 pot\u0119\u017cny deficyt\u201d.<\/span><br \/>\n<span style=\"font-size: 13px; font-family: Verdana; color: #000000; background-color: transparent; font-weight: normal; font-style: normal; font-variant: normal; text-decoration: none; vertical-align: baseline\">Bradley  Donner pisze, \u017ce Obama powinien m\u00f3wi\u0107 \u201codziedziczy\u0142em pot\u0119\u017cny deficyt,  bo sam na niego g\u0142osowa\u0142em, a potem sam powi\u0119kszy\u0142em go czterokrotnie\u201d. I  taka jest prawda o obencym prezydencie i jego zas\u0142ugach w obecnym  kryzysie.<\/span><br \/>\n<span style=\"font-size: 13px; font-family: Verdana; color: #000000; background-color: transparent; font-weight: normal; font-style: normal; font-variant: normal; text-decoration: none; vertical-align: baseline\">W  Ameryce nie dzieje si\u0119 najlepiej i wszyscy o tym wiedz\u0105. Pami\u0119tamy  s\u0142awetne \u201dwyznanie\u201d szefa Rezerw Federalnych, Bena Bernanke, gdy podczas  przes\u0142uchania przed komisj\u0105 kongresow\u0105, na pytanie gdzie podzia\u0142o si\u0119 500 milion\u00f3w dolar\u00f3w powiedzia\u0142, \u017ce \u201cposz\u0142o gdzie\u015b, do r\u00f3\u017cnych kraj\u00f3w,  ale on nie wie dok\u0142adnie do jakich\u201d. Po raz pierwszy doprowadzono do  \u201caudytu\u201d w FED i wysz\u0142o na jaw, \u017ce rozmy\u0142o si\u0119 gdzie\u015b&#8230;16 miliard\u00f3w. Czy co\u015b si\u0119 z tym zrobi?  W\u0105tpi\u0119<\/span><br \/>\n<span style=\"font-size: 13px; font-family: Verdana; color: #000000; background-color: transparent; font-weight: normal; font-style: normal; font-variant: normal; text-decoration: none; vertical-align: baseline\">Padaj\u0105  biznesy, dro\u017cyzna szaleje, ceny benzyny si\u0119gaj\u0105 sufitu. Kiedy\u015b  je\u017adzi\u0142em ci\u0119\u017car\u00f3wk\u0105 dla Adamby, rozwo\u017c\u0105c polskie produkty \u017cywno\u015bciowe  do polskich sklep\u00f3w od Nowego Jorku do Bostonu, Baltimore, stan\u00f3w Main i  Rhode Island. Widzia\u0142em, jak rozwija\u0142y si\u0119 te polskie sklepy. Kilka  tygodni temu rozwozili\u015bmy z koleg\u0105 afisze wyst\u0119p\u00f3w Pietrzaka. W  Stamford, CT z pi\u0119ciu sklep\u00f3w zosta\u0142y dwa, na Ridgewood, w Nowym Jorku  pojechali\u015bmy do sklep\u00f3w, kt\u00f3re zna\u0142em \u00a0i&#8230; trzech ju\u017c nie ma.  Emigranci, kt\u00f3rzy jako\u015b si\u0119 tam dorobili wyje\u017cd\u017caj\u0105. Jedni maj\u0105 tyle  forsy i jakie\u015b ci\u0105g\u0142e dochody st\u0105d i nie narzekaj\u0105 w starej Ojczy\u017anie,  ale s\u0105 i tacy, kt\u00f3rzy wracaj\u0105 i podejmuj\u0105 wysi\u0142ki, aby wr\u00f3ci\u0107 do pracy,  za\u0142o\u017cy\u0107 jaki\u015b biznes, bo w Polsce z dnia, na dzie\u0144 zaczyna\u0142o brakowa\u0107. A  s\u0105 i tacy, kt\u00f3rzy pozbyli si\u0119 tutaj mieszkania, nie dopilnowali spraw  emerytalnych i dzwoni\u0105, \u017ce ju\u017c nie wyrabiaj\u0105, \u017ce znowu chc\u0105 do Ameryki.<\/span><br \/>\n<span style=\"font-size: 13px; font-family: Verdana; color: #000000; background-color: transparent; font-weight: normal; font-style: normal; font-variant: normal; text-decoration: none; vertical-align: baseline\">Nie  wiem, czy wiedz\u0105 o tym przeci\u0119tni Amerykanie, ale od stycznia 2013  wchodzi w \u017cycie ustawa w\/g kt\u00f3rej ka\u017cda operacja bankowa (wp\u0142acanie  emerytury, czek\u00f3w z pracy itp) b\u0119dzie ob\u0142o\u017cone rz\u0105dow\u0105 op\u0142at\u0105 w  wysoko\u015bci 1 procenta. Nie wiedz\u0105, bo nie czytaj\u0105, bo przeci\u0119tnych ludzi  nie interesuje to, co serwuj\u0105 im politycy. Chwal\u0105 prezydenta, bo \u0142adnie o  nim powiedzia\u0142a \u017cona. Lemingi s\u0105 wsz\u0119dzie. A wystarczy troch\u0119  wyobra\u017ani, aby uzmys\u0142owi\u0107 sobie, jak ogromne kwoty trafi\u0105 do rz\u0105dowej  kasy i tym samym skradzione zostan\u0105 podatnikom. Jedyn\u0105 kast\u0105, bo to nie  jest normalna grupa, to w\u0142a\u015bnie kasta, kt\u00f3rej powodzi si\u0119 \u015bwietnie, to  kasta polityk\u00f3w; za pieni\u0105dze podatnik\u00f3w k\u0142ami\u0105, kradn\u0105 i maj\u0105 si\u0119  doskonale, &#8211; z pokolenia, na pokolenie.<\/span><br \/>\n<span style=\"font-size: 13px; font-family: Verdana; color: #000000; background-color: transparent; font-weight: normal; font-style: normal; font-variant: normal; text-decoration: none; vertical-align: baseline\">My\u015bl\u0119,  \u017ce wszyscy, kt\u00f3rzy chc\u0105 si\u0119 wybra\u0107 na jesieni do ameryka\u0144skich urn  powinni du\u017co czyta\u0107 i to z r\u00f3\u017cnych \u017ar\u00f3de\u0142. Te wybory b\u0119d\u0105 niezwykle  wa\u017cne. Jestem z przekonania republikaninem, a najbardziej przekonuje  mnie poni\u017csza anegdota:<\/span><br \/>\n<span style=\"font-size: 13px; font-family: Verdana; color: #000000; background-color: transparent; font-weight: normal; font-style: normal; font-variant: normal; text-decoration: none; vertical-align: baseline\">Mieszkank\u0119  Long Island, o pogl\u0105dach republika\u0144skich odwiedzili przypadkowo  s\u0105siedzi, gdy wyszli na spacer z dorastaj\u0105c\u0105 c\u00f3rk\u0105 i psem i zobaczyli j\u0105  obrabiaj\u0105c\u0105 klomb z kwiatami. S\u0105siedzi byli zatwardzia\u0142ymi demokratami.  C\u00f3reczka oczywi\u015bcie te\u017c.<\/span><br \/>\n<span style=\"font-size: 13px; font-family: Verdana; color: #000000; background-color: transparent; font-weight: normal; font-style: normal; font-variant: normal; text-decoration: none; vertical-align: baseline\">W rozmowie, piel\u0119gnuj\u0105ca swoje kwiaty republikanka zapyta\u0142a c\u00f3rk\u0119 s\u0105siad\u00f3w:<\/span><br \/>\n<span style=\"font-size: 13px; font-family: Verdana; color: #000000; background-color: transparent; font-weight: normal; font-style: normal; font-variant: normal; text-decoration: none; vertical-align: baseline\">-Kim chcesz by\u0107, gdy doro\u015bniesz?<\/span><br \/>\n<span style=\"font-size: 13px; font-family: Verdana; color: #000000; background-color: transparent; font-weight: normal; font-style: normal; font-variant: normal; text-decoration: none; vertical-align: baseline\">-Prezydentem.<\/span><br \/>\n<span style=\"font-size: 13px; font-family: Verdana; color: #000000; background-color: transparent; font-weight: normal; font-style: normal; font-variant: normal; text-decoration: none; vertical-align: baseline\">-O, to \u015bwietnie. A jaki mia\u0142aby\u015b g\u0142\u00f3wny cel?<\/span><br \/>\n<span style=\"font-size: 13px; font-family: Verdana; color: #000000; background-color: transparent; font-weight: normal; font-style: normal; font-variant: normal; text-decoration: none; vertical-align: baseline\">-Pom\u00f3c wszystkim bezdomnym i bezrobotnym; da\u0107 im mieszkania, zapewni\u0107 po\u017cywienie i pieni\u0105dze.<\/span><br \/>\n<span style=\"font-size: 13px; font-family: Verdana; color: #000000; background-color: transparent; font-weight: normal; font-style: normal; font-variant: normal; text-decoration: none; vertical-align: baseline\">-Wspania\u0142y  cel, ale wiesz co, nie musisz czeka\u0107, a\u017c zostaniesz prezydentem. Ju\u017c  teraz mo\u017cesz wpada\u0107 do mnie, pokosi\u0107 traw\u0119, obrobi\u0107 kwiaty, a ja b\u0119d\u0119 ci  p\u0142aci\u0107 50 dolar\u00f3w na godzin\u0119. Mo\u017cesz wtedy zacz\u0105\u0107 kupowa\u0107 bezdomnym  \u017cywno\u015b\u0107 i im pomaga\u0107.<\/span><br \/>\n<span style=\"font-size: 13px; font-family: Verdana; color: #000000; background-color: transparent; font-weight: normal; font-style: normal; font-variant: normal; text-decoration: none; vertical-align: baseline\">-O nie, &#8211; oburzy\u0142a si\u0119 dziewczynka. <\/span><br \/>\n<span style=\"font-size: 13px; font-family: Verdana; color: #000000; background-color: transparent; font-weight: normal; font-style: normal; font-variant: normal; text-decoration: none; vertical-align: baseline\">-Dlaczego?<\/span><br \/>\n<span style=\"font-size: 13px; font-family: Verdana; color: #000000; background-color: transparent; font-weight: normal; font-style: normal; font-variant: normal; text-decoration: none; vertical-align: baseline\">-To przecie\u017c oni sami mogliby przyj\u015b\u0107 i zarobi\u0107 te pieni\u0105dze.<\/span><br \/>\n<span style=\"font-size: 13px; font-family: Verdana; color: #000000; background-color: transparent; font-weight: normal; font-style: normal; font-variant: normal; text-decoration: none; vertical-align: baseline\">-Witaj w klubie republikan\u00f3w, &#8211; skwitowa\u0142a kobieta.<\/span><br \/>\n<span style=\"font-size: 13px; font-family: Verdana; color: #000000; background-color: transparent; font-weight: normal; font-style: normal; font-variant: normal; text-decoration: none; vertical-align: baseline\">Od  tamtego dnia s\u0105siedzi-demokraci nie rozmawiaj\u0105 z t\u0105 kobiet\u0105 i nawet nie  podchodz\u0105 w pobli\u017ce jej domu. Napisa\u0142a o tym na jakim\u015b portalu i  obieg\u0142o to ju\u017c ca\u0142e Stany.<\/span><br \/>\n<span style=\"font-size: 13px; font-family: Verdana; color: #000000; background-color: transparent; font-weight: normal; font-style: normal; font-variant: normal; text-decoration: none; vertical-align: baseline\">Je\u015bli cokolwiek od nas zale\u017cy, to najbardziej przy okazji wybor\u00f3w.<\/span><br \/>\n<span style=\"font-size: 13px; font-family: Verdana; color: #000000; background-color: transparent; font-weight: normal; font-style: normal; font-variant: normal; text-decoration: none; vertical-align: baseline\">To  prawo, wynikaj\u0105ce z konstytucji zobowi\u0105zuje nas do bardzo szczeg\u00f3\u0142owego  my\u015blenia i analizowania tera\u017aniejszo\u015bci, zanim \u201codfajkujemy\u201d kratk\u0119 z  nazwiskiem kandydata do kongresu, czy senatu, albo wybierzemy \u201cballot\u201d z  nawiskiem kandydata na prezydenta.<\/span><br \/>\n<span style=\"font-size: 16px; font-family: Verdana; color: #000000; background-color: transparent; font-weight: normal; font-style: normal; font-variant: normal; text-decoration: none; vertical-align: baseline\"><\/span><br \/>\n<span style=\"font-size: 16px; font-family: Verdana; color: #000000; background-color: transparent; font-weight: normal; font-style: normal; font-variant: normal; text-decoration: none; vertical-align: baseline\"><\/span><br \/>\n<span style=\"font-size: 16px; font-family: Verdana; color: #000000; background-color: transparent; font-weight: normal; font-style: normal; font-variant: normal; text-decoration: none; vertical-align: baseline\"><\/span><\/p>\n","protected":false},"excerpt":{"rendered":"<p>Naipierw wyt\u0142umacz\u0119 mo\u017ce czym jest prowadzenie czego\u015b takiego, jak blog. Nie jest to czynno\u015b\u0107, do kt\u00f3rej ktokolwiek zmusza blogera. Wynika ona z w\u0142asnego wn\u0119trza: reakcji na codzienno\u015b\u0107.<\/p>\n","protected":false},"author":2,"featured_media":0,"comment_status":"open","ping_status":"open","sticky":false,"template":"","format":"standard","meta":[],"categories":[4],"tags":[],"_links":{"self":[{"href":"https:\/\/sporek.com\/blog\/index.php?rest_route=\/wp\/v2\/posts\/348"}],"collection":[{"href":"https:\/\/sporek.com\/blog\/index.php?rest_route=\/wp\/v2\/posts"}],"about":[{"href":"https:\/\/sporek.com\/blog\/index.php?rest_route=\/wp\/v2\/types\/post"}],"author":[{"embeddable":true,"href":"https:\/\/sporek.com\/blog\/index.php?rest_route=\/wp\/v2\/users\/2"}],"replies":[{"embeddable":true,"href":"https:\/\/sporek.com\/blog\/index.php?rest_route=%2Fwp%2Fv2%2Fcomments&post=348"}],"version-history":[{"count":0,"href":"https:\/\/sporek.com\/blog\/index.php?rest_route=\/wp\/v2\/posts\/348\/revisions"}],"wp:attachment":[{"href":"https:\/\/sporek.com\/blog\/index.php?rest_route=%2Fwp%2Fv2%2Fmedia&parent=348"}],"wp:term":[{"taxonomy":"category","embeddable":true,"href":"https:\/\/sporek.com\/blog\/index.php?rest_route=%2Fwp%2Fv2%2Fcategories&post=348"},{"taxonomy":"post_tag","embeddable":true,"href":"https:\/\/sporek.com\/blog\/index.php?rest_route=%2Fwp%2Fv2%2Ftags&post=348"}],"curies":[{"name":"wp","href":"https:\/\/api.w.org\/{rel}","templated":true}]}}