{"id":349,"date":"2012-09-12T00:29:33","date_gmt":"2012-09-12T04:29:33","guid":{"rendered":"http:\/\/sporek.com\/blog\/?p=349"},"modified":"2012-09-12T00:29:33","modified_gmt":"2012-09-12T04:29:33","slug":"historia-klamstwem-pisana","status":"publish","type":"post","link":"https:\/\/sporek.com\/blog\/?p=349","title":{"rendered":"Historia k\u0142amstwem pisana"},"content":{"rendered":"<p><span style=\"font-size: 13px; font-family: Verdana; color: #000000; background-color: transparent; font-weight: normal; font-style: normal; font-variant: normal; text-decoration: none; vertical-align: baseline\">Co  najmniej kilka razy pisa\u0142em, \u017ce najgorsz\u0105 grup\u0105 spo\u0142eczn\u0105 s\u0105 politycy.  Im zawdzi\u0119czamy kryzysy, wojny, podst\u0119pne mordestwa, bezrobocie, bied\u0119,  bezdomno\u015b\u0107.<\/span><!--more--><br \/>\n<span style=\"font-size: 13px; font-family: Verdana; color: #000000; background-color: transparent; font-weight: normal; font-style: normal; font-variant: normal; text-decoration: none; vertical-align: baseline\">KATY\u0143  &#8211; rz\u0105d ameryka\u0144ski puszy si\u0119 z dumy, \u017ce po ponad poi\u0119\u0107dziesi\u0119ciu latach  odtajni\u0142 dokumenty dotycz\u0105ce ludob\u00f3jstwa w Katyniu. W takim razie po co  by\u0142a i kto j\u0105 wymy\u015bli\u0142, ta \u201c\u017celazna kurtyna\u201d? Polska sta\u0142a si\u0119 ofiar\u0105  Hitlera, potem Zwi\u0105zku Z-radzieckiego, potem Aliant\u00f3w, a wreszcie  Churchilla, Roosevelta i Stalina, a na ko\u0144cu rz\u0105du USA, kt\u00f3ry zatai\u0142 i  przez pi\u0119\u0107dziesi\u0105t lat bezdusznie ukrywa\u0142 katy\u0144skie ludob\u00f3jstwo. Ukrywa\u0142  przed \u015bwiatem, przed polskim spo\u0142ecze\u0144stwem, a przede wszystkim przed  rodzinami osieroconymi tamtymi, pod\u0142ymi strza\u0142ami w ty\u0142 g\u0142owy.polskich  oficer\u00f3w, naukowc\u00f3w, intelektualist\u00f3w. <\/span><br \/>\n<span style=\"font-size: 13px; font-family: Verdana; color: #000000; background-color: transparent; font-weight: normal; font-style: normal; font-variant: normal; text-decoration: none; vertical-align: baseline\">Po  co? \u017beby rosyjski nied\u017awied\u017a mia\u0142 si\u0119 dobrze? \u017beby Polska podzieli\u0142a  si\u0119 na tych, kt\u00f3rzy nic nie wiedz\u0105, tych, kt\u00f3rzy wiedz\u0105, ale nie mog\u0105  m\u00f3wi\u0107 i tych, kt\u00f3rzy karani byli za ch\u0119\u0107 odkrycia i ujawnienia prawdy o  zbrodni w lasach katy\u0144skich?<\/span><br \/>\n<span style=\"font-size: 13px; font-family: Verdana; color: #000000; background-color: transparent; font-weight: normal; font-style: normal; font-variant: normal; text-decoration: none; vertical-align: baseline\">A  czemu teraz nagle odtajni\u0142y te dokumenty? A no, trzeba jako\u015b  pomanipulowa\u0107 wyborcami polskiego pochodzenia. To ju\u017c nie kie\u0142basa  wyborcza od obecnego prezydenta, &#8211; to szynka, baleron, kark\u00f3weczka i  pol\u0119dwica.<\/span><br \/>\n<span style=\"font-size: 13px; font-family: Verdana; color: #000000; background-color: transparent; font-weight: normal; font-style: normal; font-variant: normal; text-decoration: none; vertical-align: baseline\">Stany  Zjednoczone nadal upaprane s\u0105 po \u0142okcie w tego rodzaju k\u0142amstwach;  World Trade Center, Bin Laden, Kadafi, Irak, Afganistan i najbardziej  znowu dla nas \u00a0bolesne k\u0142amstwo w kwestii \u201cpolsko-rosyjskiej\u201d &#8211;  SMOLE\u0143SK. I zn\u00f3w mamy tych, kt\u00f3rzy wol\u0105 nie pyta\u0107, tych, kt\u00f3rzy domagaj\u0105  si\u0119 prawdy i dodatkowo tych, kt\u00f3rzy z poszukuj\u0105cych prawdy szydz\u0105, albo  nawet kieruj\u0105 w ich stron\u0119 seryjnego \u201csamob\u00f3jc\u0119\u201d. <\/span><br \/>\n<span style=\"font-size: 13px; font-family: Verdana; color: #000000; background-color: transparent; font-weight: normal; font-style: normal; font-variant: normal; text-decoration: none; vertical-align: baseline\">Trzy  miesi\u0105ce po katstrofie kongresmen Peter King zaapelowa\u0142 o  mi\u0119dzynarodow\u0105 komisj\u0119 \u015bledcz\u0105. I zaraz po wyborach, czyli znowu trzy  miesi\u0105ce p\u00f3\u017aniej zamilk\u0142. G\u0142osowali\u015bmy na niego. Pozosta\u0142 w kongresie i  ani raz nie wr\u00f3ci\u0142 do tematu. Otrzyma\u0142 kilka grubych ksi\u0105g z podpisami  pod petycj\u0105. I nic. <\/span><br \/>\n<span style=\"font-size: 13px; font-family: Verdana; color: #000000; background-color: transparent; font-weight: normal; font-style: normal; font-variant: normal; text-decoration: none; vertical-align: baseline\">Amerykanie  wiedz\u0105 wszystko o katastrofie smole\u0144skiej. Lot tupolewa by\u0142 tamtego,  tragicznego dnia o tamtej, konretnej godzinie jedynym lotem rz\u0105dowego  samolotu na \u015bwiecie. Ca\u0142a trasa, od Warszawy, do Smole\u0144ska by\u0142a, musia\u0142a  by\u0107 pilnie obserwowana i fotografowana przez satelity i jestem pewien,  \u017ce zar\u00f3wno Pentagon, jak i NASA maj\u0105 pe\u0142n\u0105 dokumentacj\u0119; sekunda, po  sekundzie. Osobon\u0105 kwesti\u0105 jest fakt, \u017ce polski rz\u0105d nigdy oficjalnie o  t\u0119 dokumentacj\u0119 nie poprosi\u0142, ale to sprawa pod\u0142o\u015bci rz\u0105dz\u0105cych, kiedy\u015b  oceni ich historia.<\/span><br \/>\n<span style=\"font-size: 13px; font-family: Verdana; color: #000000; background-color: transparent; font-weight: normal; font-style: normal; font-variant: normal; text-decoration: none; vertical-align: baseline\">Dla  jakiej tym razem idei Amerykanie nie \u201codtajniaj\u0105\u201d? Dla przyja\u017ani, w  imi\u0119 kt\u00f3rej nasi ch\u0142opcy sp\u0119dzaj\u0105 d\u0142ugie miesi\u0105ce na ameryka\u0144skiej  wojnie, ryzykuj\u0105c \u017cycie z dala od \u017con, dzieci, ojc\u00f3w, matek, si\u00f3str i  braci? Tej przyja\u017ani, w imi\u0119 kt\u00f3rej Obama szepta\u0142 Miedwiediewowi na  ucho, my\u015bl\u0105c, \u017ce mikrofon jest wy\u0142\u0105czony, \u017ce ta tarcza, to tak naprawd\u0119  nie dla Polski? Tej przyja\u017ani, dla kt\u00f3rej obecnemu prezydentowi Stan\u00f3w  Zjednoczonych nie chcia\u0142o si\u0119 poczyta\u0107 o nazistowskich obozach \u015bmierci i  nazwa\u0142 je \u201cpolskimi\u201d, za co nigdy nie przeprosi\u0142? Poszed\u0142 gra\u0107 w golfa,  gdy \u00a0w Polsce \u017cegnali\u015bmy Par\u0119 Prezydenck\u0105. Ta \u201cprzyja\u017a\u0144\u201d nie jest nawet  wirtualna. To zwyk\u0142y blef, w kt\u00f3ry rz\u0105dz\u0105cy Polsk\u0105 idiotycznie wierz\u0105  przetrzymuj\u0105c naszych \u017co\u0142nierzy na pustynnych terenach Bliskiego  Wschodu. Oszukano Polsk\u0119 w kwestii kontrakt\u00f3w w Iraku, oszukano Polsk\u0119 w  sprawie tarczy antyrakietowej, oszukuje si\u0119 Polsk\u0119 w sprawie wiz. Ale  c\u00f3\u017c si\u0119 dziwi\u0107? Oszukano r\u00f3wnie\u017c spo\u0142ecze\u0144\u015btwo ameryka\u0144skie w sprawie  ataku 11 wrze\u015bnia. Nikt si\u0119 nie zastanawia, jak to si\u0119 sta\u0142o, \u017ce akurat  samolot, kt\u00f3ry mia\u0142 wyr\u017cn\u0105\u0107 w Bia\u0142y Dom nie dolecia\u0142 do celu? Jak to si\u0119  sta\u0142o, \u017ce pot\u0119\u017cny samolot wybi\u0142 w murze Pentagonu dziur\u0119, szerok\u0105  zaledwie na kilka metr\u00f3w i nie znaleziono skrzyde\u0142, kad\u0142uba, pasa\u017cer\u00f3w?  Nigdy nie wyja\u015bniono, sk\u0105d izraelscy emigranci, na godzin\u0119 przed wbiciem  si\u0119 w mury pierwszej wie\u017cy ustawili sobie kamer\u0119 w Liberty Park, w New  Jersey, sk\u0105d jest idealny widok na miejsce wrze\u015bniowej katastrofy i  robili sobie weso\u0142e\u201dparty\u201d&#8230;czekaj\u0105c na dogodny moment filmowania?  Policjant, kt\u00f3ry ich aresztowa\u0142 przerwa\u0142 milczenie i da\u0142 na ten temat  wywiad dla wolno\u015bciowego portalu w Waszyngtonie. Ale nic, cisza.<\/span><br \/>\n<span style=\"font-size: 13px; font-family: Verdana; color: #000000; background-color: transparent; font-weight: normal; font-style: normal; font-variant: normal; text-decoration: none; vertical-align: baseline\">Ludob\u00f3jstwo  katy\u0144skie czeka\u0142o ponad pi\u0119\u0107dziesi\u0105t lat na odtajnienie. Jak d\u0142ugo  \u015bwiat b\u0119dzie czeka\u0142 na ujawnienie prawdy na temat straszliwych katastrof  pocz\u0105tku XXI wieku?<\/span><br \/>\n<span style=\"font-size: 13px; font-family: Verdana; color: #000000; background-color: transparent; font-weight: normal; font-style: normal; font-variant: normal; text-decoration: none; vertical-align: baseline\">Czasy ju\u017c takie, \u017ce niekoniecznie wszystko zale\u017cy od rz\u0105dz\u0105cych.<\/span><br \/>\n<span style=\"font-size: 13px; font-family: Verdana; color: #000000; background-color: transparent; font-weight: normal; font-style: normal; font-variant: normal; text-decoration: none; vertical-align: baseline\">Ja  mam tylko nadziej\u0119, \u017ce Polonia nie da si\u0119 nabra\u0107 na t\u0119 ob\u0142udn\u0105 gr\u0119 i w  listopadzie da temu wyra\u017any odp\u00f3r i zasygnalizuje, \u017ce nie wolno nas tak  traktowa\u0107.<\/span><\/p>\n","protected":false},"excerpt":{"rendered":"<p>Co najmniej kilka razy pisa\u0142em, \u017ce najgorsz\u0105 grup\u0105 spo\u0142eczn\u0105 s\u0105 politycy. Im zawdzi\u0119czamy kryzysy, wojny, podst\u0119pne mordestwa, bezrobocie, bied\u0119, bezdomno\u015b\u0107.<\/p>\n","protected":false},"author":2,"featured_media":0,"comment_status":"open","ping_status":"open","sticky":false,"template":"","format":"standard","meta":[],"categories":[4],"tags":[],"_links":{"self":[{"href":"https:\/\/sporek.com\/blog\/index.php?rest_route=\/wp\/v2\/posts\/349"}],"collection":[{"href":"https:\/\/sporek.com\/blog\/index.php?rest_route=\/wp\/v2\/posts"}],"about":[{"href":"https:\/\/sporek.com\/blog\/index.php?rest_route=\/wp\/v2\/types\/post"}],"author":[{"embeddable":true,"href":"https:\/\/sporek.com\/blog\/index.php?rest_route=\/wp\/v2\/users\/2"}],"replies":[{"embeddable":true,"href":"https:\/\/sporek.com\/blog\/index.php?rest_route=%2Fwp%2Fv2%2Fcomments&post=349"}],"version-history":[{"count":0,"href":"https:\/\/sporek.com\/blog\/index.php?rest_route=\/wp\/v2\/posts\/349\/revisions"}],"wp:attachment":[{"href":"https:\/\/sporek.com\/blog\/index.php?rest_route=%2Fwp%2Fv2%2Fmedia&parent=349"}],"wp:term":[{"taxonomy":"category","embeddable":true,"href":"https:\/\/sporek.com\/blog\/index.php?rest_route=%2Fwp%2Fv2%2Fcategories&post=349"},{"taxonomy":"post_tag","embeddable":true,"href":"https:\/\/sporek.com\/blog\/index.php?rest_route=%2Fwp%2Fv2%2Ftags&post=349"}],"curies":[{"name":"wp","href":"https:\/\/api.w.org\/{rel}","templated":true}]}}