{"id":35,"date":"2007-10-23T00:51:29","date_gmt":"2007-10-23T04:51:29","guid":{"rendered":"http:\/\/sporek.com\/blog\/?p=35"},"modified":"2007-10-23T11:19:27","modified_gmt":"2007-10-23T15:19:27","slug":"%e2%80%a6i-po-wyborach%e2%80%a6odc-1","status":"publish","type":"post","link":"https:\/\/sporek.com\/blog\/?p=35","title":{"rendered":"\u2026I po wyborach\u2026Odc. 1"},"content":{"rendered":"<p><span style=\"font-size: 10pt; font-family: Arial\" lang=\"PL\"><\/span>\u00a0<span style=\"font-size: 10pt; font-family: Arial\" lang=\"PL\">\u00a0<\/span><span style=\"font-size: 10pt; font-family: Arial\" lang=\"PL\"><span style=\"font-size: 10pt; font-family: Arial\" lang=\"PL\">Jako\u015b nie mam ochoty powtarza\u0107 tych wszystkich dramatycznych s\u0105d\u00f3w o przegranej PiS-u. <\/span><span style=\"font-size: 10pt; font-family: Arial\" lang=\"PL\">Wyg\u0142aszaj\u0105 je wy\u0142\u0105cznie ci, dla kt\u00f3rych PiS by\u0142 i pozostaje parti\u0105, kt\u00f3ra, jako jedyna powinna rz\u0105dzi\u0107 w wi\u0119kszo\u015bci sejmowej i nie mie\u0107 za patrner\u00f3w \u017cadnej innej partii, bo \u017cadna inna nie jest w stanie przywr\u00f3ci\u0107 Polsce normalnego oblicza. Tak uwa\u017cam r\u00f3wnie\u017c ja, do\u0142\u0105czaj\u0105c do tych, kt\u00f3rych przegrana PiS-u boli, jakby odci\u0119to im jaki\u015b kawa\u0142ek \u017cywego organizmu.<!--more--><\/span><span style=\"font-size: 10pt; font-family: Arial\" lang=\"PL\">Przyznam, \u017ce napawa mnie obrzydzeniem potok e-maili, jakie otrzyma\u0142em z Anglii i Irlandii, w sumie od ludzi nawet mi bliskich, ale jak\u017ce dalekich. Fizycznie dzieli nas Ocean, ideowo i pogl\u0105dowo dziel\u0105 nas dwa, albo i trzy pot\u0119\u017cne oceany. Pomijam r\u00f3\u017cnice zda\u0144 i pogl\u0105d\u00f3w. Tolerancja dopuszcza diametralne r\u00f3\u017cnice opinii. To, co mnie oburza, to j\u0119zyk, jakiego ci ludzie u\u017cywaj\u0105. Oto fragmenty czat\u00f3w od przedstawicieli tamtejszej Polonii: \u201e<em>Rok temu m\u00f3wi\u0142em \u017ce w Europie nie ma miejsca dla polityki braci K i<span>\u00a0 <\/span>ta Europa wsp\u00f3lnymi si\u0142ami zrobi wszystko \u017ceby ich rozwali\u0107.To by\u0142o oczywiste. I tak te\u017c si\u0119 sta\u0142o\u201d.<span>\u00a0 <\/span><\/em><\/span><span style=\"font-size: 10pt; font-family: Arial\" lang=\"PL\">Zastanawiaj\u0105ca jest potulno\u015b\u0107 i oddawanie \u201eEuropie\u201d los\u00f3w polskiego rz\u0105du. Przede wszystkim jednak gratuluj\u0119 &#8222;patriotycznej&#8221; satysfakcji z tego, \u017ce Europa dokopa\u0142a braciom K. Godna na\u015bladowania przewidywalno\u015b\u0107 i polityczna intuicja. Zupe\u0142nie, jak u Wa\u0142\u0119sy: &#8222;a ja to m\u00f3wi\u0142em&#8230;&#8221;\u00a0Przeczytajmy te s\u0142owa jeszcze raz. Kto mo\u017ce co\u015b takiego wypowiedzie\u0107? Patriota? Kto\u015b, kto nienawidzi? Ekspert polityczny? Cz\u0142owiek do\u015bwiadczony czym\u015b okrutnym? A mo\u017ce kto\u015b, kto by\u0142 na spotkaniu z Tuskiem, albo s\u0142ucha\u0142 sprawozdania z tego spotkania? <\/span><span style=\"font-size: 10pt; font-family: Arial\" lang=\"PL\">Nie, to s\u0142owa cz\u0142owieka, kt\u00f3ry sko\u0144czy\u0142 studia w komunistycznej Polsce, nie splami\u0142 si\u0119 \u017cadn\u0105 szczeg\u00f3ln\u0105 robot\u0105, czy te\u017c dzia\u0142aniem. Tworzy\u0142 swoje obrazy i nie przeszkadza\u0142 mu ani system komunistyczny, ani ten, kt\u00f3ry nasta\u0142 po nim. Do Liverpool\u2019u wyjecha\u0142, bo\u2026\u017cona dosta\u0142a tam prac\u0119. A wi\u0119c u\u0142o\u017cy\u0142o mu si\u0119 nie\u017ale. Kupili dom. Sk\u0105d taka ocena rz\u0105du Kaczy\u0144skich? Wygl\u0105da na to, \u017ce wy\u0142\u0105cznie z ocen zewn\u0119trznych, od angielskich, niemieckich, ale I polskich gryzipi\u00f3rk\u00f3w, kt\u00f3rym nie w smak by\u0142o sprz\u0105tanie Polski po komunistycznym bagnie. <\/span><span style=\"font-size: 10pt; font-family: Arial\" lang=\"PL\">Oto inny przyk\u0142ad: \u201e<em>Prawda jest taka \u017ce z Kaczy\u0144skimi Europie by\u0142o nie po drodze i odwrotnie. Zatem ca\u0142a nadzieja w tym, \u017ce ci m\u0142odzi ludzie, kt\u00f3rzy g\u0142osowali i za kilka lat b\u0119d\u0105 Polsk\u0105 zarz\u0105dza\u0107, potrafi\u0105 wybra\u0107 te warto\u015bci kt\u00f3re sprzyjaj\u0105 rozwojowi kraju bez wi\u0119kszych strat. Czas biegnie i to nie my, ale oni wpisuj\u0105 si\u0119 w ow\u0105 wizj\u0119 Europy. M\u0105dra polityka wobec Unii wystarczy. Wierz\u0119 \u017ce m\u0142odzi nie s\u0105 g\u0142upsi od starych. Ba. M\u0142odzi s\u0105 wolni od naszych grzech\u00f3w przesz\u0142osci. Oni nie chc\u0105 babra\u0107 si\u0119 w historii.Taki swiat. B\u00f3g z nami\u201d.<\/em><\/span><span style=\"font-size: 10pt; font-family: Arial\" lang=\"PL\">Co\u015b niesamowitego\u2026\u201dz Kaczy\u0144skimi Europie by\u0142o nie po drodze\u201d, a wi\u0119c najlepiej wej\u015b\u0107 Europie w ty\u0142ek bez pytania: <em>co z tego b\u0119dzie mia\u0142a Polska?<\/em>. Ot\u00f3\u017c Europie \u201enie by\u0142o po drodze\u201d, bo Kaczy\u0144scy pytali o Polsk\u0119. A co znaczy \u201e\u2026m\u0105dra polityka wobec Unii wystarczy?\u201d Tak\u0105 m\u0105dr\u0105 polityk\u0105 by\u0142a polityka tych, kt\u00f3rzy negocjowali. I teraz dowiadujemy si\u0119, \u017ce ju\u017c nied\u0142ugo naszego rolnictwa nie b\u0119dzie, \u017ce aby posadzi\u0107 las, musimy pyta\u0107 o zgod\u0119 Europ\u0119. Aby zrobi\u0107 autostrad\u0119, musimy pyta\u0107 Europ\u0119. Postkomunistyczni europos\u0142owie zarabiaj\u0105 ok. 40 ty\u015b. Euro rocznie. Wygl\u0105da na to, \u017ce \u201em\u0105dra polityka\u201d, to uk\u0142ony w pas i zgoda na wszystko. Masz jakie\u015b &#8222;grzechy przesz\u0142o\u015bci&#8221;? Ja nie mam. Opr\u00f3cz bycia przeciw komunizmowi, mam na sumieniu kilka niewiast\u00a0i czasem\u00a0naganne zachowania w podstaw\u00f3wce&#8230;<\/span><span style=\"font-size: 10pt; font-family: Arial\" lang=\"PL\">A co to s\u0105 <em>\u201ewarto\u015bci, kt\u00f3re sprzyjaj\u0105 rozwojowi kraju bez wi\u0119kszych strat\u201d?<\/em> Nie kojarz\u0119. Jakie straty ponosi nasz kraj z powodu Kaczy\u0144skich? Wla\u015bnie Unia zgodzi\u0142a si\u0119 na nasze warunki dotycz\u0105ce Joaniny i to bez \u017cadnej sensacji. Prezydent Francji uk\u0142ada si\u0119 z naszym, jak z r\u00f3wnym. O czym Ty m\u00f3wisz, Drogi Przyjacielu? <\/span><span style=\"font-size: 10pt; font-family: Arial\" lang=\"PL\">Kilka czat\u00f3w po prostu przerwa\u0142em, wy\u0142\u0105czaj\u0105c skype\u2019a. To by\u0142o ponad moje si\u0142y. <\/span><span style=\"font-size: 10pt; font-family: Arial\" lang=\"PL\">Cdn.<\/span><\/span><\/p>\n","protected":false},"excerpt":{"rendered":"<p>\u00a0\u00a0Jako\u015b nie mam ochoty powtarza\u0107 tych wszystkich dramatycznych s\u0105d\u00f3w o przegranej PiS-u. Wyg\u0142aszaj\u0105 je wy\u0142\u0105cznie ci, dla kt\u00f3rych PiS by\u0142 i pozostaje parti\u0105, kt\u00f3ra, jako jedyna powinna rz\u0105dzi\u0107 w wi\u0119kszo\u015bci sejmowej i nie mie\u0107 za patrner\u00f3w \u017cadnej innej partii, bo \u017cadna inna nie jest w stanie przywr\u00f3ci\u0107 Polsce normalnego oblicza. Tak uwa\u017cam r\u00f3wnie\u017c ja, do\u0142\u0105czaj\u0105c [&hellip;]<\/p>\n","protected":false},"author":2,"featured_media":0,"comment_status":"open","ping_status":"open","sticky":false,"template":"","format":"standard","meta":[],"categories":[1,4],"tags":[],"_links":{"self":[{"href":"https:\/\/sporek.com\/blog\/index.php?rest_route=\/wp\/v2\/posts\/35"}],"collection":[{"href":"https:\/\/sporek.com\/blog\/index.php?rest_route=\/wp\/v2\/posts"}],"about":[{"href":"https:\/\/sporek.com\/blog\/index.php?rest_route=\/wp\/v2\/types\/post"}],"author":[{"embeddable":true,"href":"https:\/\/sporek.com\/blog\/index.php?rest_route=\/wp\/v2\/users\/2"}],"replies":[{"embeddable":true,"href":"https:\/\/sporek.com\/blog\/index.php?rest_route=%2Fwp%2Fv2%2Fcomments&post=35"}],"version-history":[{"count":0,"href":"https:\/\/sporek.com\/blog\/index.php?rest_route=\/wp\/v2\/posts\/35\/revisions"}],"wp:attachment":[{"href":"https:\/\/sporek.com\/blog\/index.php?rest_route=%2Fwp%2Fv2%2Fmedia&parent=35"}],"wp:term":[{"taxonomy":"category","embeddable":true,"href":"https:\/\/sporek.com\/blog\/index.php?rest_route=%2Fwp%2Fv2%2Fcategories&post=35"},{"taxonomy":"post_tag","embeddable":true,"href":"https:\/\/sporek.com\/blog\/index.php?rest_route=%2Fwp%2Fv2%2Ftags&post=35"}],"curies":[{"name":"wp","href":"https:\/\/api.w.org\/{rel}","templated":true}]}}