{"id":350,"date":"2012-09-19T00:52:31","date_gmt":"2012-09-19T04:52:31","guid":{"rendered":"http:\/\/sporek.com\/blog\/?p=350"},"modified":"2012-09-19T00:52:31","modified_gmt":"2012-09-19T04:52:31","slug":"sekcje-zwlok","status":"publish","type":"post","link":"https:\/\/sporek.com\/blog\/?p=350","title":{"rendered":"Sekcje zw\u0142ok"},"content":{"rendered":"<p><span style=\"font-size: 13px; font-family: Verdana; color: #000000; background-color: transparent; font-weight: normal; font-style: normal; font-variant: normal; text-decoration: none; vertical-align: baseline\">Data: 2012-09-18<\/span><br \/>\n<span style=\"font-size: 13px; font-family: Verdana; color: #000000; background-color: transparent; font-weight: normal; font-style: normal; font-variant: normal; text-decoration: none; vertical-align: baseline\">Zapami\u0119tajmy  t\u0119 dat\u0119. Dat\u0119 bolesnej kompromitacji polskich w\u0142adz, dat\u0119 odkrycia  potwornych zaniedba\u0144, k\u0142amstwa i dat\u0119 kl\u0119cz\u0105cej przed Rosj\u0105 pozycji Polski. <\/span><!--more--><span style=\"font-size: 13px; font-family: Verdana; color: #000000; background-color: transparent; font-weight: normal; font-style: normal; font-variant: normal; text-decoration: none; vertical-align: baseline\">Nie  mie\u015bci mi si\u0119 w g\u0142owie, \u017ce Nar\u00f3d, Spo\u0142ecze\u0144stwo, czytaj\u0105ce niegdy\u015b  Trylogi\u0119, Pana Tadeusza, Dziady wierzy w uczciwo\u015b\u0107 obecnej w\u0142adzy. Nie  mog\u0119 uwierzy\u0107, \u017ce Nar\u00f3d, kt\u00f3ry wyda\u0142 najwi\u0119kszego Polaka-Papie\u017ca,  zapomnia\u0142 o Jego naukach, zapomnia\u0142 Jego s\u0142\u00f3w: \u201cNiech zst\u0105pi Duch \u015awi\u0119ty  i odmieni oblicze Ziemi &#8211; TEJ ZIEMI\u201d. Nie wierz\u0119, nie mog\u0119 uwierzy\u0107, \u017ce  widz\u0119 na tym filmie to, co widz\u0119. Wszystko, co m\u00f3wi\u0142 i do czego  doszed\u0142 w swoim \u015bledztwie pose\u0142 Macierewicz zaczyna przybiera\u0107 realne  kszta\u0142ty. Kiedy do dymisji poda si\u0119 Ewa Kopacz? Kiedy do dymisji poda  si\u0119 ten para-rz\u0105d, para-prokuratora, para-sejm? Kiedy atrap\u0119 pa\u0144stwa  polskiego zast\u0105pi wreszcie PRAWDZIWE PA\u0143STWO POLSKIE? <\/span><br \/>\n<span style=\"font-size: 13px; font-family: Verdana; color: #000000; background-color: transparent; font-weight: normal; font-style: normal; font-variant: normal; text-decoration: none; vertical-align: baseline\"><\/span><br \/>\n<span style=\"font-size: 13px; font-family: Verdana; color: #000000; background-color: transparent; font-weight: normal; font-style: normal; font-variant: normal; text-decoration: none; vertical-align: baseline\">\u201cWstrz\u0105saj\u0105ce  informacje dotycz\u0105ce b\u0142\u0119d\u00f3w przy poch\u00f3wku ofiar katastrofy smole\u0144skiej.  Naczelna Prokuratura Wojskowa zdecydowa\u0142a o przeprowadzeniu ekshumacji  szcz\u0105tek kolejnych czterech os\u00f3b. Pu\u0142kownik Ireneusz Szel\u0105g przyzna\u0142, \u017ce  s\u0105 w\u0105tpliwo\u015bci, czy cia\u0142a nie zosta\u0142y zamienione i obecnie spoczywaj\u0105 w  niew\u0142a\u015bciwych grobach. Przewodnicz\u0105cy Komitetu Katy\u0144skiego Andrzej  Melak, kt\u00f3rego \u015bp. brat Stefan zgin\u0105\u0142 w katastrofie smole\u0144skiej, jest  wstrz\u0105\u015bni\u0119ty informacj\u0105 podan\u0105 przez wojskowych \u015bledczych.<\/span><br \/>\n<span style=\"font-size: 13px; font-family: Verdana; color: #000000; background-color: transparent; font-weight: normal; font-style: normal; font-variant: normal; text-decoration: none; vertical-align: baseline\">&#8211;  Trzeba krzycze\u0107 i napi\u0119tnowa\u0107 skandal jaki wykreowa\u0142a polska  prokuratura i polski rz\u0105d. Od samego pocz\u0105tku domagali\u015bmy si\u0119, aby  dog\u0142\u0119bnie weryfikowa\u0107 wszystkie informacje podawane przez Rosjan. Nie  zrobiono tego \u2013 m\u00f3wi Niezale\u017cnej.pl Andrzej Melak. \u2013 W Polsce nale\u017ca\u0142o  przeprowadzi\u0107 identyfikacje cia\u0142 i sekcje zw\u0142ok. Dlaczego zrezygnowano? A  wr\u0119cz robiono wszystko, aby do tego nie dopu\u015bci\u0107. A teraz, podkre\u015blam  po 28 miesi\u0105cach, okazuje si\u0119, \u017ce cia\u0142a zosta\u0142y zamienione.\u201d<\/span><br \/>\n<a href=\"http:\/\/vod.gazetapolska.pl\/2399-ekshumacja-na-powazkach-wstrzasajace\"><span style=\"font-size: 13px; font-family: Verdana; color: #1155cc; background-color: transparent; font-weight: normal; font-style: normal; font-variant: normal; text-decoration: underline; vertical-align: baseline\">http:\/\/vod.gazetapolska.pl\/2399-ekshumacja-na-powazkach-wstrzasajace<\/span><\/a><span style=\"font-size: 13px; font-family: Verdana; color: #000000; background-color: transparent; font-weight: normal; font-style: normal; font-variant: normal; text-decoration: none; vertical-align: baseline\"><\/span><br \/>\n<span style=\"font-size: 13px; font-family: Verdana; color: #000000; background-color: transparent; font-weight: normal; font-style: normal; font-variant: normal; text-decoration: none; vertical-align: baseline\"><\/span><\/p>\n","protected":false},"excerpt":{"rendered":"<p>Data: 2012-09-18 Zapami\u0119tajmy t\u0119 dat\u0119. Dat\u0119 bolesnej kompromitacji polskich w\u0142adz, dat\u0119 odkrycia potwornych zaniedba\u0144, k\u0142amstwa i dat\u0119 kl\u0119cz\u0105cej przed Rosj\u0105 pozycji Polski.<\/p>\n","protected":false},"author":2,"featured_media":0,"comment_status":"open","ping_status":"open","sticky":false,"template":"","format":"standard","meta":[],"categories":[4],"tags":[],"_links":{"self":[{"href":"https:\/\/sporek.com\/blog\/index.php?rest_route=\/wp\/v2\/posts\/350"}],"collection":[{"href":"https:\/\/sporek.com\/blog\/index.php?rest_route=\/wp\/v2\/posts"}],"about":[{"href":"https:\/\/sporek.com\/blog\/index.php?rest_route=\/wp\/v2\/types\/post"}],"author":[{"embeddable":true,"href":"https:\/\/sporek.com\/blog\/index.php?rest_route=\/wp\/v2\/users\/2"}],"replies":[{"embeddable":true,"href":"https:\/\/sporek.com\/blog\/index.php?rest_route=%2Fwp%2Fv2%2Fcomments&post=350"}],"version-history":[{"count":0,"href":"https:\/\/sporek.com\/blog\/index.php?rest_route=\/wp\/v2\/posts\/350\/revisions"}],"wp:attachment":[{"href":"https:\/\/sporek.com\/blog\/index.php?rest_route=%2Fwp%2Fv2%2Fmedia&parent=350"}],"wp:term":[{"taxonomy":"category","embeddable":true,"href":"https:\/\/sporek.com\/blog\/index.php?rest_route=%2Fwp%2Fv2%2Fcategories&post=350"},{"taxonomy":"post_tag","embeddable":true,"href":"https:\/\/sporek.com\/blog\/index.php?rest_route=%2Fwp%2Fv2%2Ftags&post=350"}],"curies":[{"name":"wp","href":"https:\/\/api.w.org\/{rel}","templated":true}]}}