{"id":351,"date":"2012-09-30T00:02:16","date_gmt":"2012-09-30T04:02:16","guid":{"rendered":"http:\/\/sporek.com\/blog\/?p=351"},"modified":"2012-09-30T00:04:47","modified_gmt":"2012-09-30T04:04:47","slug":"anna-wroci","status":"publish","type":"post","link":"https:\/\/sporek.com\/blog\/?p=351","title":{"rendered":"Anna wr\u00f3ci"},"content":{"rendered":"<p><span style=\"font-size: 13px; font-family: Verdana; color: #000000; background-color: transparent; font-weight: normal; font-style: normal; font-variant: normal; text-decoration: none; vertical-align: baseline\">Czas  rozlicze\u0144 przychodzi zawsze i na ka\u017cdego. Tylko dziwnym trafem <\/span><span style=\"font-size: 13px; font-family: Verdana; color: #000000; background-color: transparent; font-weight: normal; font-style: normal; font-variant: normal; text-decoration: none; vertical-align: baseline\"><span style=\"font-size: 13px; font-family: Verdana; color: #000000; background-color: transparent; font-weight: normal; font-style: normal; font-variant: normal; text-decoration: none; vertical-align: baseline\">politycy jako\u015b nie s\u0105<\/span>  rozliczani. Polska jest ju\u017c tylko resztk\u0105 Polski tamtych  czas\u00f3w, &#8211; sprzed owej, chwalebnej walki o wolno\u015b\u0107. <\/span><!--more--><span style=\"font-size: 13px; font-family: Verdana; color: #000000; background-color: transparent; font-weight: normal; font-style: normal; font-variant: normal; text-decoration: none; vertical-align: baseline\">Wolno\u015b\u0107 pozosta\u0142a ju\u017c tylko pustym s\u0142owem. Zniszczyli j\u0105 g\u0142\u00f3wnie  ci, kt\u00f3rzy po osi\u0105gni\u0119ciu wolno\u015bci wepchali si\u0119 do w\u0142adzy. Zniszczyli  j\u0105 ci, kt\u00f3rym by\u0142o wygodnie, bo po Europie na dow\u00f3d je\u017adzili i wspierali  wyborach band\u0119 jedn\u0105 po drugiej, kt\u00f3ra sprzedawa\u0142a, albo za bezcen  oddawa\u0142a obcym maj\u0105tek ojczy\u017aniany. A kto im na to pozwoli\u0142? WY, wyborcy  Kwa\u015bniewskiego, Komorowskiego i Platformy, <\/span><br \/>\n<span style=\"font-size: 13px; font-family: Verdana; color: #000000; background-color: transparent; font-weight: normal; font-style: normal; font-variant: normal; text-decoration: none; vertical-align: baseline\">Wy,  naiwni, wierz\u0105cy, \u017ce obcy bank b\u0119dzie lepszy, ni\u017c polski; Wy, wierz\u0105cy,  \u017ce obce gazety b\u0119d\u0105 lepsze, ni\u017c polskie, \u017ce obce biznesy, sklepy,  fabryki lepsze b\u0119d\u0105, ni\u017c nasze, polskie, ojczyste. To Wy wyrzekli\u015bcie  si\u0119 wolno\u015bci dla w\u0142asnej wygody. Teraz wyrzekacie si\u0119 Boga i historii,  honoru i prawdy. Wyrzekli\u015bcie si\u0119 Anny, wielkiej Anny Solidarno\u015bci. To  ONA stworzy\u0142a Solidarn\u0105 Polsk\u0119. Nikt inny &#8211; Anna, z Matk\u0105 Bosk\u0105 w sercu,  nie w klapie, nie na pokaz. Teraz Anna wr\u00f3ci, po trzydziestu dw\u00f3ch  latach wr\u00f3ci, jako przepot\u0119\u017cna pami\u0119\u0107 tamtych dni, jako przepot\u0119\u017cny  protest przeciwko zaprza\u0144com, kt\u00f3rzy deptali J\u0105 za \u017cycia, kt\u00f3rzy  zniewa\u017cyli Jej m\u0119cze\u0144skie cia\u0142o po tragicznej \u015bmierci. Wr\u00f3ci Anna i  wr\u00f3ci Solidarno\u015b\u0107. Tamta Solidarno\u015b\u0107. I modl\u0119 si\u0119, by wr\u00f3ci\u0142a tamta  uczciwo\u015b\u0107, i tamte s\u0142owa B\u00d3G, HONOR, \u00a0OJCZYZNA.<\/span><\/p>\n","protected":false},"excerpt":{"rendered":"<p>Czas rozlicze\u0144 przychodzi zawsze i na ka\u017cdego. Tylko dziwnym trafem politycy jako\u015b nie s\u0105 rozliczani. Polska jest ju\u017c tylko resztk\u0105 Polski tamtych czas\u00f3w, &#8211; sprzed owej, chwalebnej walki o wolno\u015b\u0107.<\/p>\n","protected":false},"author":2,"featured_media":0,"comment_status":"open","ping_status":"open","sticky":false,"template":"","format":"standard","meta":[],"categories":[4],"tags":[],"_links":{"self":[{"href":"https:\/\/sporek.com\/blog\/index.php?rest_route=\/wp\/v2\/posts\/351"}],"collection":[{"href":"https:\/\/sporek.com\/blog\/index.php?rest_route=\/wp\/v2\/posts"}],"about":[{"href":"https:\/\/sporek.com\/blog\/index.php?rest_route=\/wp\/v2\/types\/post"}],"author":[{"embeddable":true,"href":"https:\/\/sporek.com\/blog\/index.php?rest_route=\/wp\/v2\/users\/2"}],"replies":[{"embeddable":true,"href":"https:\/\/sporek.com\/blog\/index.php?rest_route=%2Fwp%2Fv2%2Fcomments&post=351"}],"version-history":[{"count":0,"href":"https:\/\/sporek.com\/blog\/index.php?rest_route=\/wp\/v2\/posts\/351\/revisions"}],"wp:attachment":[{"href":"https:\/\/sporek.com\/blog\/index.php?rest_route=%2Fwp%2Fv2%2Fmedia&parent=351"}],"wp:term":[{"taxonomy":"category","embeddable":true,"href":"https:\/\/sporek.com\/blog\/index.php?rest_route=%2Fwp%2Fv2%2Fcategories&post=351"},{"taxonomy":"post_tag","embeddable":true,"href":"https:\/\/sporek.com\/blog\/index.php?rest_route=%2Fwp%2Fv2%2Ftags&post=351"}],"curies":[{"name":"wp","href":"https:\/\/api.w.org\/{rel}","templated":true}]}}