{"id":352,"date":"2012-10-08T23:24:36","date_gmt":"2012-10-09T03:24:36","guid":{"rendered":"http:\/\/sporek.com\/blog\/?p=352"},"modified":"2012-10-08T23:28:49","modified_gmt":"2012-10-09T03:28:49","slug":"kilka-pytan","status":"publish","type":"post","link":"https:\/\/sporek.com\/blog\/?p=352","title":{"rendered":"Kilka pyta\u0144&#8230;"},"content":{"rendered":"<p><span style=\"font-size: 13px; font-family: Arial; color: #000000; background-color: transparent; font-weight: normal; font-style: normal; font-variant: normal; text-decoration: none; vertical-align: baseline\">Zgodnie  z \u201cprzykazaniem\u201d pewnego \u201ckomentatora\u201d nie b\u0119dzie dzi\u015b nic o Polsce,  cho\u0107by dlatego, \u017ce k\u0142amstwa obecnego rz\u0105du z obecnym premierem posz\u0142y  ju\u017c tak daleko, \u017ce s\u0142upki nagle \u201cdup\u201d i polecia\u0142y w d\u00f3\u0142. Poczekam do tzw.  \u00a0\u201cexpose\u201d, &#8211; ju\u017c tylko kilka dni dzieli nas od kolejnego wyg\u0142upu  premiera RP.<\/span><!--more--><br \/>\n<span style=\"font-size: 13px; font-family: Arial; color: #000000; background-color: transparent; font-weight: normal; font-style: normal; font-variant: normal; text-decoration: none; vertical-align: baseline\">Zapytam Polonii o kilka spraw, kt\u00f3re chyba jednak wymagaj\u0105 jakiego\u015b wyja\u015bnienia:<\/span><br \/>\n<span style=\"font-size: 13px; font-family: Arial; color: #000000; background-color: transparent; font-weight: normal; font-style: normal; font-variant: normal; text-decoration: none; vertical-align: baseline\">Pierwszy zestaw, &#8211; do przewodnicz\u0105cej Rady Dyrektor\u00f3w Unii Kredytowej, Marzeny Wierzbowskiej:<\/span><br \/>\n<span style=\"font-size: 13px; font-family: Arial; color: #000000; background-color: transparent; font-weight: normal; font-style: normal; font-variant: normal; text-decoration: none; vertical-align: baseline\">1 &#8211; Kiedy odb\u0119dzie si\u0119 \u201ccomiesi\u0119czne\u201d spotkanie informacyjne? Ju\u017c pa\u017adziernik&#8230;<\/span><br \/>\n<span style=\"font-size: 13px; font-family: Arial; color: #000000; background-color: transparent; font-weight: normal; font-style: normal; font-variant: normal; text-decoration: none; vertical-align: baseline\">2 &#8211; Ilu dyrektor\u00f3w, z iloma osobami towarzysz\u0105cymi pojecha\u0142o na nasz koszt do Gda\u0144ska?<\/span><br \/>\n<span style=\"font-size: 13px; font-family: Arial; color: #000000; background-color: transparent; font-weight: normal; font-style: normal; font-variant: normal; text-decoration: none; vertical-align: baseline\">3 &#8211; Czyim go\u015bciem i kto p\u0142aci\u0142 za jego przelot i akomodacj\u0119 by\u0142 funkcjonariusz MO, J\u00f3zef \u0141uczaj?<\/span><br \/>\n<span style=\"font-size: 13px; font-family: Arial; color: #000000; background-color: transparent; font-weight: normal; font-style: normal; font-variant: normal; text-decoration: none; vertical-align: baseline\">4 &#8211; Dlaczego nie dojdzie do zebrania specjalnego, w sprawie kt\u00f3rego zebrano podobno ponad dwa tysi\u0105ce podpis\u00f3w?<\/span><br \/>\n<span style=\"font-size: 13px; font-family: Arial; color: #000000; background-color: transparent; font-weight: normal; font-style: normal; font-variant: normal; text-decoration: none; vertical-align: baseline\">5  &#8211; Ilu, spo\u015br\u00f3d nowo-wybranych w maju cz\u0142onk\u00f3w rady dyrektor\u00f3w zrobi\u0142o  ju\u017c obowi\u0105zkowy komplet kurs\u00f3w internetowych, obowi\u0105zuj\u0105cych ka\u017cdego  cz\u0142onka rady?<\/span><br \/>\n<span style=\"font-size: 13px; font-family: Arial; color: #000000; background-color: transparent; font-weight: normal; font-style: normal; font-variant: normal; text-decoration: none; vertical-align: baseline\"><\/span><br \/>\n<span style=\"font-size: 13px; font-family: Arial; color: #000000; background-color: transparent; font-weight: normal; font-style: normal; font-variant: normal; text-decoration: none; vertical-align: baseline\">Drugi  zestaw &#8211; do&#8230; I tu w\u0142a\u015bnie nie wiem do kogo, bo okazuje si\u0119, \u017ce w  Polsce odby\u0142 si\u0119 zjazd przedstawicieli Polonii z ca\u0142ego \u015bwiata i byli  (by\u0142y) na ten zjazd w \u201cimieniu\u201d Polonii nowojorskiej (inne stany mnie  teraz nie interesuj\u0105) oddelegowane g\u0142\u00f3wnie panie z Centrum  Polsko-S\u0142owia\u0144skiego i Centrali Szk\u00f3\u0142 Dokszta\u0142caj\u0105cych.<\/span><br \/>\n<span style=\"font-size: 13px; font-family: Arial; color: #000000; background-color: transparent; font-weight: normal; font-style: normal; font-variant: normal; text-decoration: none; vertical-align: baseline\">Pytanie brzmi: <\/span><br \/>\n<span style=\"font-size: 13px; font-family: Arial; color: #000000; background-color: transparent; font-weight: normal; font-style: normal; font-variant: normal; text-decoration: none; vertical-align: baseline\">&#8211; Kto o tym zadecydowa\u0142 i dlaczego Polonia Nowojorska nie ma z tego wydarzenia \u017cadnego sprawozdania?<\/span><br \/>\n<span style=\"font-size: 13px; font-family: Arial; color: #000000; background-color: transparent; font-weight: normal; font-style: normal; font-variant: normal; text-decoration: none; vertical-align: baseline\"><\/span><br \/>\n<span style=\"font-size: 13px; font-family: Arial; color: #000000; background-color: transparent; font-weight: normal; font-style: normal; font-variant: normal; text-decoration: none; vertical-align: baseline\">Nie  chc\u0119 kraka\u0107, ale Nasza Unia Kredytowa wchodzi w bardzo ostry zakr\u0119t.  Wira\u017c spowodowany idiotycznymi decyzjami obecnej przewodnicz\u0105cej, wspieranej przez jej poplecznik\u00f3w, kt\u00f3re to decyzje po  pierwsze spowodowa\u0142y usuni\u0119cie dyrektora wykonawczego, po drugie  usuni\u0119cie dra Tomasza Bortnika, Krystyny Myssury, Ireny Marchaj i  Wojciecha Mleczki z rady dyrektor\u00f3w. Miliardow\u0105 instytucj\u0119 pozostawiono  bez dyrektora wykonawczego, a w radzie dyrektor\u00f3w nie ma faceta, kt\u00f3rego nazywali\u015bmy &#8222;Alf\u0105 i Omeg\u0105&#8221;, gdy chodzi o przepisy, czyli dra Bortnika. \u015awiadczy \u00a0to o kompletnej niekompetencji  obecnej rady, pod obecnym szefostwem. <\/span><br \/>\n<span style=\"font-size: 13px; font-family: Arial; color: #000000; background-color: transparent; font-weight: normal; font-style: normal; font-variant: normal; text-decoration: none; vertical-align: baseline\">Bardzo  lubimy wyrzuca\u0107 ludzi ze stanowisk, bo si\u0119 nam nie podobaj\u0105, bo nie  pij\u0105 z nami w\u00f3dki i nie chodz\u0105 do nas na przyj\u0119cia, bo sugerujemy si\u0119  opini\u0105 innych, a nie w\u0142asnymi przemy\u015bleniami.<\/span><br \/>\n<span style=\"font-size: 13px; font-family: Arial; color: #000000; background-color: transparent; font-weight: normal; font-style: normal; font-variant: normal; text-decoration: none; vertical-align: baseline\">A tymczasem: <\/span><br \/>\n<span style=\"font-size: 13px; font-family: Arial; color: #000000; background-color: transparent; font-weight: normal; font-style: normal; font-variant: normal; text-decoration: none; vertical-align: baseline\">Pani Danuta Simi\u0144ska &#8211; wyrzucona z naszej Unii &#8211; otrzyma\u0142a kilka dni temu nominacj\u0119 na dyrektora wykonawczego Atlas Bank. <\/span><span style=\"font-size: 13px; font-family: Arial; color: #000000; background-color: transparent; font-weight: bold; font-style: normal; font-variant: normal; text-decoration: none; vertical-align: baseline\">Brawo, Pani Danusiu!<\/span><span style=\"font-size: 13px; font-family: Arial; color: #000000; background-color: transparent; font-weight: normal; font-style: normal; font-variant: normal; text-decoration: none; vertical-align: baseline\"> Sam  si\u0119 kiedy\u015b \u201cprzyczepi\u0142em\u201d si\u0119 do Pani Danuty, ale chodzi\u0142o o oddanie mi 1200 dolar\u00f3w za prac\u0119 przy\u00a0  festiwalu polonijnym, kt\u00f3rych do dzisiaj nie otrzyma\u0142em i ju\u017c wtedy przeprosi\u0142em J\u0105, bo kompletnie  pomyli\u0142em adres. Powinienem si\u0119 upomina\u0107 u tych, kt\u00f3rzy ten festiwal  wymy\u015blili i zrobili na nim sporo kasy, a nie do Bogu ducha winnej Pani  Danuty.<\/span><br \/>\n<span style=\"font-size: 13px; font-family: Arial; color: #000000; background-color: transparent; font-weight: normal; font-style: normal; font-variant: normal; text-decoration: none; vertical-align: baseline\">Ale ani mi przez my\u015bl nie przesz\u0142o, \u017ceby usuwa\u0107 Pani\u0105 Simi\u0144sk\u0105 z funkcji.<\/span><br \/>\n<span style=\"font-size: 13px; font-family: Arial; color: #000000; background-color: transparent; font-weight: normal; font-style: normal; font-variant: normal; text-decoration: none; vertical-align: baseline\">Po  kilku latach Pani Danuta jest na tym samym stanowisku, tyle, \u017ce w  ameryka\u0144skim banku i roztacza szerok\u0105 opiek\u0119 nad Poloni\u0105 w ramach  swojego banku. Mamy wi\u0119c fig\u0119 w naszej Unii.<\/span><br \/>\n<span style=\"font-size: 13px; font-family: Arial; color: #000000; background-color: transparent; font-weight: normal; font-style: normal; font-variant: normal; text-decoration: none; vertical-align: baseline\">Tylko  patrze\u0107, &#8211; a jestem pewien, \u017ce tak si\u0119 stanie &#8211; jak usuni\u0119ty w maju  dyrektor Mielczarek zostanie dyrektorem jakiego\u015b innego, ameryka\u0144skiego  banku. Przypomn\u0119: by\u0142 to najlepiej wykszta\u0142cony, najbardziej kompetentny  dyrektor w ca\u0142ej historii naszej Unii. No tak, ale nie dla  Wierzbowskiej, Matyszczyka, Jakubowskiej, Gradzkiej i innych przydupas\u00f3w  pani przewodnicz\u0105cej, \u0142\u0105cznie z posterunkowym \u0141uczajem (facetem, kt\u00f3ry  nie potrafi skleci\u0107 jednego porz\u0105dnego zdania po angielsku, ale maj\u0105cego  \u015bwietnych pismak\u00f3w, kt\u00f3rzy te pisma za niego pisali). Unia przypomina  teraz dok\u0142adnie Polsk\u0119 pod rz\u0105dami Tuska i Uni\u0119 Europejsk\u0105 pod rz\u0105dami  Baroso, ale najbardziej Amber Gold: na zewn\u0105trz z\u0142ociutka, w \u015brodku ani  grama z\u0142ota.<\/span><br \/>\n<span style=\"font-size: 13px; font-family: Arial; color: #000000; background-color: transparent; font-weight: normal; font-style: normal; font-variant: normal; text-decoration: none; vertical-align: baseline\">Je\u015bli  nie b\u0119dzie si\u0119 chcia\u0142o pytanym odpowiedzie\u0107 w rubryce \u201cKomentarze\u201d, to  prosz\u0119 odpowiedzie\u0107 odpowiednio na stronach PSFCU, CPS i CSD.<\/span><\/p>\n","protected":false},"excerpt":{"rendered":"<p>Zgodnie z \u201cprzykazaniem\u201d pewnego \u201ckomentatora\u201d nie b\u0119dzie dzi\u015b nic o Polsce, cho\u0107by dlatego, \u017ce k\u0142amstwa obecnego rz\u0105du z obecnym premierem posz\u0142y ju\u017c tak daleko, \u017ce s\u0142upki nagle \u201cdup\u201d i polecia\u0142y w d\u00f3\u0142. Poczekam do tzw. \u00a0\u201cexpose\u201d, &#8211; ju\u017c tylko kilka dni dzieli nas od kolejnego wyg\u0142upu premiera RP.<\/p>\n","protected":false},"author":2,"featured_media":0,"comment_status":"open","ping_status":"open","sticky":false,"template":"","format":"standard","meta":[],"categories":[3],"tags":[],"_links":{"self":[{"href":"https:\/\/sporek.com\/blog\/index.php?rest_route=\/wp\/v2\/posts\/352"}],"collection":[{"href":"https:\/\/sporek.com\/blog\/index.php?rest_route=\/wp\/v2\/posts"}],"about":[{"href":"https:\/\/sporek.com\/blog\/index.php?rest_route=\/wp\/v2\/types\/post"}],"author":[{"embeddable":true,"href":"https:\/\/sporek.com\/blog\/index.php?rest_route=\/wp\/v2\/users\/2"}],"replies":[{"embeddable":true,"href":"https:\/\/sporek.com\/blog\/index.php?rest_route=%2Fwp%2Fv2%2Fcomments&post=352"}],"version-history":[{"count":0,"href":"https:\/\/sporek.com\/blog\/index.php?rest_route=\/wp\/v2\/posts\/352\/revisions"}],"wp:attachment":[{"href":"https:\/\/sporek.com\/blog\/index.php?rest_route=%2Fwp%2Fv2%2Fmedia&parent=352"}],"wp:term":[{"taxonomy":"category","embeddable":true,"href":"https:\/\/sporek.com\/blog\/index.php?rest_route=%2Fwp%2Fv2%2Fcategories&post=352"},{"taxonomy":"post_tag","embeddable":true,"href":"https:\/\/sporek.com\/blog\/index.php?rest_route=%2Fwp%2Fv2%2Ftags&post=352"}],"curies":[{"name":"wp","href":"https:\/\/api.w.org\/{rel}","templated":true}]}}