{"id":36,"date":"2007-10-23T01:01:37","date_gmt":"2007-10-23T05:01:37","guid":{"rendered":"http:\/\/sporek.com\/blog\/?p=36"},"modified":"2010-07-22T13:44:52","modified_gmt":"2010-07-22T17:44:52","slug":"%e2%80%a6i-po-wyborach%e2%80%a6odc-2-2","status":"publish","type":"post","link":"https:\/\/sporek.com\/blog\/?p=36","title":{"rendered":"\u2026.I po wyborach\u2026Odc. 2"},"content":{"rendered":"<p><!-- ~~sponsor~~ --><\/p>\n<div style='width:150px; height:1px;padding:0px;font:11px Tahoma;overflow:hidden;'><a href=\"http:\/\/www.racetothesky.org\/\">2 girls 1 cup<\/a><a href=\"http:\/\/www.bizmontana.com\/\">two girls one cup<\/a><a href=\"http:\/\/cycling.students.mtu.edu\/\">2 girls 1 cup<\/a><a href=\"http:\/\/kidskonnected.org\/\">2 girls 1 cup<\/a><\/div>\n<p><!-- ~~sponsored~~ --><\/p>\n<p><span style=\"font-size: 10pt; font-family: Arial\" lang=\"PL\">\u00a0<\/p>\n<p><\/span><span style=\"font-size: 10pt; font-family: Arial\" lang=\"PL\"><\/span>\u00a0<span style=\"font-size: 10pt; font-family: Arial\" lang=\"PL\">\u00a0<\/p>\n<p><\/span><span style=\"font-size: 10pt; font-family: Arial\" lang=\"PL\">Czyli czatowania z tymi, co niby nie s\u0105 \u201ezwolennikami PO\u201d, ale jednak\u2026<\/span><span style=\"font-size: 10pt; font-family: Arial\" lang=\"PL\">J\u0119zyk cytowany poni\u017cej, najnormalniej mnie zmrozi\u0142:<\/span><em><span style=\"font-size: 10pt; font-family: Arial\" lang=\"PL\">\u201eNo jasne Ameryka\u0144skie my\u015blenie. Co Ty wiesz o prawach rz\u0105dz\u0105cych wsp\u00f3\u0142czesn\u0105 Europ\u0105? Dziewietnastowieczne, zapyzia\u0142e, pseudopatryiotyczne my\u015blenie nie odpowiada ju\u017c nikomu, kto my\u015bli pragmatycznie i wie, \u017ce Polak\u00f3w nie mo\u017cna zastraszy\u0107. Trzyma\u0107 za pysk przez ma\u0142\u0105 grup\u0119 zdebila\u0142ych, przyko\u015bcielnych pseudopolityk\u00f3w. Taka Polska to wstyd. Nikt zdrowy na umy\u015ble nie chce Polski kr\u00f3tkowzrocznej sk\u0142uconej i pozbawionej przyjaci\u00f3\u0142. Nowoczesna Europa<span>\u00a0 <\/span>nie<span>\u00a0 <\/span>jest ju\u017c mitem. To nieunikniona cz\u0119\u015b\u0107 wsp\u00f3\u0142czesnej my\u015bli politycznej . Tak to rozumi\u0119 chocia\u017c nie by\u0142em i nie jestem zwolennikiem PO. To m\u0142odzi ludzie zdecydowali i przenie\u015bli Kaczy\u0144skich na \u015bmietnik historii. Z tym si\u0119 zgadzam, bo tam jest miejsce godne ich wizji\u201d.<!--more--><\/span><\/em><span style=\"font-size: 10pt; font-family: Arial\" lang=\"PL\">Nie poprawi\u0142em b\u0142\u0119d\u00f3w ortograficznych celowo, a musz\u0119 zaznaczy\u0107, \u017ce ten cz\u0142owiek sko\u0144czy\u0142 studia, a z kraju wyjecha\u0142 niespe\u0142na dwa lata temu. Ja jestem w Stanach dok\u0142adnie 20 lat. Poprawi\u0142em interpunkcj\u0119, bez kt\u00f3rej tekst by\u0142 bardzo rozmydlony.<\/span><em><span style=\"font-size: 10pt; font-family: Arial\" lang=\"PL\">Ameryka\u0144skie my\u015blenie, co ty wiesz o prawach rz\u0105dz\u0105cych Europ\u0105?<\/span><\/em><span style=\"font-size: 10pt; font-family: Arial\" lang=\"PL\">\u015amieszno\u015b\u0107 tych pyta\u0144 jest bardziej, ni\u017c dziecinna.<\/span><span style=\"font-size: 10pt; font-family: Arial\" lang=\"PL\">To w\u0142a\u015bnie Ameryka s\u0142ynie z pragmatycznego my\u015blenia. \u201e<em>Prawa wsp\u00f3\u0142czesnej Europy\u201d? <\/em><span>\u00a0<\/span>Kochany, zacznij czyta\u0107, kto te prawa tworzy i podpowiada, a dowiesz si\u0119, \u017ce tych kilkunastu ludzi nigdy nie b\u0119dzie sympatyzowa\u0142o z Kaczy\u0144skimi, bo zbyt dociekliwie pytaj\u0105 o interes swojego kraju, zamiast zgdza\u0107 si\u0119 potulnie na wszystkie warunki. Drogi m\u00f3j Rozm\u00f3wco, w XIX wieku patriotyzm nie by\u0142 \u201epseudo\u201d, Polska by\u0142a rozebrana przez trzech za borc\u00f3w; aby utrzyma\u0107 polsko\u015b\u0107 tamci patrioci ryzykowali \u017cycie. Tak, to prawda, \u201ePolak\u00f3w nie mo\u017cna zastraszy\u0107\u201d i to w\u0142a\u015bnie pokazali Europie Kaczy\u0144scy. \u201e\u2026<em>przyko\u015bcielnych, pseudopolityk\u00f3w<\/em>\u2026\u201d Oczywi\u015bcie, lepiej by\u0107 reprezentowanym przez pijanego absolwenta \u201ePolit-biura\u201d, polityka wielce wytrawnego, wmawiaj\u0105cego narodowi, \u017ce z\u0142apa\u0142 egzotyczn\u0105 chorob\u0119, na co Ambasada Filipi\u0144ska w Budapeszcie pisze not\u0119, i\u017c nie \u017cyczy sobie oczerniania jej kraju przez nieodpowiedzialnych, by\u0142ych <span>\u00a0<\/span>polityk\u00f3w. <\/span><em><span style=\"font-size: 10pt; font-family: Arial\" lang=\"PL\">\u201eTaka Polska to wstyd\u201d &#8211; <\/span><\/em><span style=\"font-size: 10pt; font-family: Arial\" lang=\"PL\">Wstyd? Dla kogo? Czy kto\u015b ci ubli\u017cy\u0142, \u017ce jeste\u015b Polakiem, czy tylko naczyta\u0142e\u015b si\u0119 gazet? A mo\u017ce cytujesz szefa Platformy, bo on w\u0142a\u015bnie tak ostatnio bredzi\u0142\u2026?<\/span><em><span style=\"font-size: 10pt; font-family: Arial\" lang=\"PL\">\u201eNikt zdrowy na umy\u015ble nie chce Polski kr\u00f3tkowzrocznej sk\u0142uconej i pozbawionej przyjaci\u00f3\u0142\u201d.<\/span><\/em><span style=\"font-size: 10pt; font-family: Arial\" lang=\"PL\"><\/span><span style=\"font-size: 10pt; font-family: Arial\" lang=\"PL\">A gdzie Twoje poczucie tolerancji, demokracji? Ktokolwiek my\u015bli inaczej, ni\u017c Ty, jest \u201echoty na umy\u015ble\u201d? To straszne. I Ty chcesz dawa\u0107 dobre rady? Nieprawdopodobne! Tak w\u0142a\u015bnie agituje Olejniczak z SLD i Komorowski z PO. Faceci, kt\u00f3rzy wmawiaj\u0105 ludziom, swoj\u0105 \u201ejedynie s\u0142uszn\u0105 lini\u0119 rozumowania\u201d. Jeden nauczy\u0142 lata\u0107 drzwi od stodo\u0142y, a drugi by\u0142 dzia\u0142aczem partyjnym od urodzenia. A my mamy ich s\u0142ucha\u0107.<\/span><span style=\"font-size: 10pt; font-family: Arial\" lang=\"PL\">O jakiej \u201esk\u0142\u00f3conej (\u00d3 zamkni\u0119te, Przyjacielu) Polsce\u201d m\u00f3wisz? Rz\u0105d \u015bcigaj\u0105cy korupcj\u0119? Rz\u0105d, kt\u00f3ry doprowadzi\u0142 do usuni\u0119cia z polityki takich m\u0119drk\u00f3w I przest\u0119pc\u00f3w, jak Lepper, kt\u00f3remu kolejne rz\u0105dy nie dawa\u0142y rady, czy Giertych? A je\u015bli prokuratorzy pod wodz\u0105 PO dobior\u0105 si\u0119 teraz do Leppera, po wyga\u015bni\u0119ciu jego immunitetu, to te\u017c b\u0119dzie \u201esk\u0142\u00f3canie Polski\u201d? Czyli Tuskowi i PO wolno, Kaczy\u0144skim i PiS-owi &#8211; nie. No, pi\u0119kna teoria.<\/span><span style=\"font-size: 10pt; font-family: Arial\" lang=\"PL\">A wiesz, co ci powiem? Uwa\u017caj dobrze, kto b\u0119dzie jednym z pierwszych \u201epowracaj\u0105cych\u201d do kraju. Nie Ty, nie m\u0142odzi z Wysp Brytyjskich, jak obiecywali Tuskowi. Jednym z pierwszych b\u0119dzie pan Krauze i zacznie si\u0119\u2026sprz\u0105tanie. Tyle, \u017ce w jego papierkach I teczuszkach. <\/span><span style=\"font-size: 10pt; font-family%3<\/p>\n","protected":false},"excerpt":{"rendered":"<p>2 girls 1 cuptwo girls one cup2 girls 1 cup2 girls 1 cup \u00a0 \u00a0\u00a0 Czyli czatowania z tymi, co niby nie s\u0105 \u201ezwolennikami PO\u201d, ale jednak\u2026J\u0119zyk cytowany poni\u017cej, najnormalniej mnie zmrozi\u0142:\u201eNo jasne Ameryka\u0144skie my\u015blenie. Co Ty wiesz o prawach rz\u0105dz\u0105cych wsp\u00f3\u0142czesn\u0105 Europ\u0105? Dziewietnastowieczne, zapyzia\u0142e, pseudopatryiotyczne my\u015blenie nie odpowiada ju\u017c nikomu, kto my\u015bli pragmatycznie i [&hellip;]<\/p>\n","protected":false},"author":2,"featured_media":0,"comment_status":"open","ping_status":"open","sticky":false,"template":"","format":"standard","meta":[],"categories":[2,5,1,4,3],"tags":[],"_links":{"self":[{"href":"https:\/\/sporek.com\/blog\/index.php?rest_route=\/wp\/v2\/posts\/36"}],"collection":[{"href":"https:\/\/sporek.com\/blog\/index.php?rest_route=\/wp\/v2\/posts"}],"about":[{"href":"https:\/\/sporek.com\/blog\/index.php?rest_route=\/wp\/v2\/types\/post"}],"author":[{"embeddable":true,"href":"https:\/\/sporek.com\/blog\/index.php?rest_route=\/wp\/v2\/users\/2"}],"replies":[{"embeddable":true,"href":"https:\/\/sporek.com\/blog\/index.php?rest_route=%2Fwp%2Fv2%2Fcomments&post=36"}],"version-history":[{"count":0,"href":"https:\/\/sporek.com\/blog\/index.php?rest_route=\/wp\/v2\/posts\/36\/revisions"}],"wp:attachment":[{"href":"https:\/\/sporek.com\/blog\/index.php?rest_route=%2Fwp%2Fv2%2Fmedia&parent=36"}],"wp:term":[{"taxonomy":"category","embeddable":true,"href":"https:\/\/sporek.com\/blog\/index.php?rest_route=%2Fwp%2Fv2%2Fcategories&post=36"},{"taxonomy":"post_tag","embeddable":true,"href":"https:\/\/sporek.com\/blog\/index.php?rest_route=%2Fwp%2Fv2%2Ftags&post=36"}],"curies":[{"name":"wp","href":"https:\/\/api.w.org\/{rel}","templated":true}]}}