{"id":37,"date":"2007-10-23T01:01:37","date_gmt":"2007-10-23T05:01:37","guid":{"rendered":"http:\/\/sporek.com\/blog\/?p=37"},"modified":"2007-10-25T20:16:36","modified_gmt":"2007-10-26T00:16:36","slug":"%e2%80%a6i-po-wyborach%e2%80%a6odc-2","status":"publish","type":"post","link":"https:\/\/sporek.com\/blog\/?p=37","title":{"rendered":"\u2026.I po wyborach\u2026Odc. 2"},"content":{"rendered":"<p><span style=\"font-family: Arial\">Czyli czatowania z tymi, co niby nie s\u0105 \u201ezwolennikami PO\u201d, ale jednak\u2026<br \/>\nJ\u0119zyk cytowany poni\u017cej, najnormalniej mnie zmrozi\u0142:<br \/>\n&#8222;<em>No jasne Ameryka\u0144skie my\u015blenie. Co Ty wiesz o prawach rz\u0105dz\u0105cych wsp\u00f3\u0142czesn\u0105 Europ\u0105? Dziewi\u0119tnastowieczne, zapyzia\u0142e, pseudopatryiotyczne my\u015blenie nie odpowiada ju\u017c nikomu, kto my\u015bli pragmatycznie i wie, \u017ce Polak\u00f3w nie mo\u017cna zastraszy\u0107. Trzyma\u0107 za pysk przez ma\u0142\u0105 grup\u0119 zdebila\u0142ych, przyko\u015bcielnych pseudopolityk\u00f3w. Taka Polska to wstyd. Nikt zdrowy na umy\u015ble nie chce Polski kr\u00f3tkowzrocznej sk\u0142uconej i pozbawionej przyjaci\u00f3\u0142. Nowoczesna Europa nie jest ju\u017c mitem. To nieunikniona cz\u0119\u015b\u0107 wsp\u00f3\u0142czesnej my\u015bli politycznej . Tak to rozumi\u0119 chocia\u017c nie by\u0142em i nie jestem zwolennikiem PO. To m\u0142odzi ludzie zdecydowali i przenie\u015bli Kaczy\u0144skich na \u015bmietnik historii. Z tym si\u0119 zgadzam, bo tam jest miejsce godne ich wizji<\/em>\u201d. <!--more--><shapetype coordsize=\"21600,21600\" o:spt=\"75\" o:preferrelative=\"t\" path=\"m@4@5l@4@11@9@11@9@5xe\" filled=\"f\" stroked=\"f\" id=\"_x0000_t75\"><\/shapetype><stroke joinstyle=\"miter\"><\/stroke><br \/>\nNie poprawi\u0142em b\u0142\u0119d\u00f3w ortograficznych celowo, a musz\u0119 zaznaczy\u0107, \u017ce ten cz\u0142owiek sko\u0144czy\u0142 studia, a z kraju wyjecha\u0142 niespe\u0142na dwa lata temu. Ja jestem w Stanach dok\u0142adnie 20 lat. Poprawi\u0142em jedynie interpunkcj\u0119, bez kt\u00f3rej tekst by\u0142 bardzo rozmydlony.<br \/>\nAmeryka\u0144skie my\u015blenie, co ty wiesz o prawach rz\u0105dz\u0105cych Europ\u0105?<br \/>\n\u015amieszno\u015b\u0107 tych pyta\u0144 jest bardziej, ni\u017c dziecinna.<br \/>\nTo w\u0142a\u015bnie Ameryka s\u0142ynie z pragmatycznego my\u015blenia. A co ma pragmatyzm do patriotyzmu&#8230;? \u201ePrawa wsp\u00f3\u0142czesnej Europy\u201d? Kochany, zacznij czyta\u0107, kto te prawa tworzy i podpowiada, a dowiesz si\u0119, \u017ce tych kilkunastu ludzi nigdy nie b\u0119dzie sympatyzowa\u0142o z Kaczy\u0144skimi, bo zbyt dociekliwie pytaj\u0105 o interes swojego kraju, zamiast zgadza\u0107 si\u0119 potulnie na wszystkie warunki. Drogi m\u00f3j Rozm\u00f3wco, w XIX wieku patriotyzm nie by\u0142 \u201epseudo\u201d. Polska by\u0142a rozebrana przez trzech zaborc\u00f3w; aby utrzyma\u0107 polsko\u015b\u0107 tamci patrioci ryzykowali \u017cycie. Tak, to prawda, \u201ePolak\u00f3w nie mo\u017cna zastraszy\u0107\u201d i to w\u0142a\u015bnie pokazali Europie Kaczy\u0144scy. \u201e\u2026zdebila\u0142ych, przyko\u015bcielnych, pseudopolityk\u00f3w\u2026\u201d Oczywi\u015bcie, lepiej by\u0107 reprezentowanym przez pijanego absolwenta \u201ePolit-biura\u201d, polityka \u201ewielce wytrawnego\u201d, wmawiaj\u0105cego narodowi, \u017ce z\u0142apa\u0142 egzotyczn\u0105 chorob\u0119, na co Ambasada Filipi\u0144ska w Budapeszcie pisze not\u0119, i\u017c nie \u017cyczy sobie oczerniania jej kraju przez nieodpowiedzialnych, by\u0142ych polityk\u00f3w. Ma\u0142o tego, on jest na wylocie, bo ju\u017c niebawem odbdzie si\u0119 nadzwyczajny kongres SLD i Kwa\u015bniewskiemu podzi\u0119kuj\u0105 &#8211; maj\u0105 po prostu dosy\u0107 zalanej \u201etwarzy LiD-u&#8221;.\u00a0 Wyzywanie Kaczy\u0144skich od \u201ezdebila\u0142ych\u201d pachnie jakim\u015b wywy\u017cszaniem pijanego pseudo-intelektualisty nad reszt\u0105 \u015bwiata, kt\u00f3ra w\/g niego nie si\u0119ga mu pi\u0119t. Ale przede wszystkim jest prymitywne.<br \/>\n\u201eTaka Polska to wstyd\u201d &#8211; Wstyd? Dla kogo? Czy kto\u015b Ci ubli\u017cy\u0142, \u017ce jeste\u015b Polakiem, czy tylko naczyta\u0142e\u015b si\u0119 gazet? A mo\u017ce cytujesz szefa Platformy, bo on w\u0142a\u015bnie tak ostatnio bredzi\u0142\u2026?<br \/>\n\u201eNikt zdrowy na umy\u015ble nie chce Polski kr\u00f3tkowzrocznej sk\u0142uconej i pozbawionej przyjaci\u00f3\u0142\u201d.<br \/>\nA gdzie Twoje poczucie tolerancji, demokracji? Ktokolwiek my\u015bli inaczej, ni\u017c Ty, jest \u201echory na umy\u015ble\u201d? To straszne. I Ty chcesz dawa\u0107 dobre rady? Nieprawdopodobne! Tak w\u0142a\u015bnie agituje Olejniczak z SLD i Komorowski z PO. Faceci, kt\u00f3rzy wmawiaj\u0105 ludziom, swoj\u0105 \u201ejedynie s\u0142uszn\u0105 lini\u0119 rozumowania\u201d. Jeden nauczy\u0142 lata\u0107 drzwi od stodo\u0142y, a drugi by\u0142 dzia\u0142aczem partyjnym od urodzenia. Dni tego drugiego, jako szefa partii te\u017c s\u0105 policzone &#8211; partyjni Trze\u017awi dzia\u0142acze maj\u0105 go tak samo dosy\u0107, jak podpitej \u201etwarzy\u201d.<br \/>\nO jakiej \u201esk\u0142\u00f3conej (\u00d3 zamkni\u0119te, Przyjacielu) Polsce\u201d m\u00f3wisz? Rz\u0105d \u015bcigaj\u0105cy korupcj\u0119? Rz\u0105d, kt\u00f3ry doprowadzi\u0142 do usuni\u0119cia z polityki takich m\u0119drk\u00f3w\u00a0i przest\u0119pc\u00f3w, jak Lepper, kt\u00f3remu kolejne ekipy nie dawa\u0142y rady, czy Giertych? A je\u015bli prokuratorzy pod wodz\u0105 PO dobior\u0105 si\u0119 teraz do Leppera, po wyga\u015bni\u0119ciu jego immunitetu, to te\u017c b\u0119dzie \u201esk\u0142\u00f3canie Polski\u201d, czy raczej wszystko OK i tak powinno by\u0107? Czyli Tuskowi i PO wolno, Kaczy\u0144skim i PiS-owi &#8211; nie. No, pi\u0119kna teoria.<br \/>\nA wiesz, co ci powiem? Uwa\u017caj dobrze, kto b\u0119dzie jednym z pierwszych \u201epowracaj\u0105cych\u201d do kraju. Nie Ty, nie m\u0142odzi z Wysp Brytyjskich, jak obiecywali Tuskowi. Jednym z pierwszych b\u0119dzie pan Krauze i zacznie si\u0119\u2026sprz\u0105tanie. Tyle, \u017ce w jego papierkach, teczuszkach i&#8230;pod dywan.<br \/>\n\u201eNowoczesna Europa nie jest ju\u017c mitem. To nieunikniona cz\u0119\u015b\u0107 wsp\u00f3\u0142czesnej my\u015bli politycznej . Tak to rozumi\u0119 chocia\u017c nie by\u0142em i nie jestem zwolennikiem PO.\u201d<br \/>\nTo ju\u017c absolutne szczytowanie intelektualne. C\u00f3\u017c za g\u00f3rnolotne sformu\u0142owania. A, czy \u201enowoczesna Europa\u201d by\u0142a kiedy\u015b mitem? Dla kogo? A co to ma wsp\u00f3lnego z Kaczy\u0144skimi?<br \/>\n\u201eWsp\u00f3\u0142czesna my\u015bl polityczna\u201d, no, no, to ju\u017c co\u015b. A przy okazji: czyja ta my\u015bl, bo nie s\u0142ysza\u0142em\u2026?<br \/>\nA teraz troch\u0119 \u017cartu. W ostatnich latach wielu polityk\u00f3w z najwy\u017cszej p\u00f3\u0142ki ukaza\u0142o problem j\u0119zykowy polegaj\u0105cy na wymawianiu konc\u00f3wki \u201eem\u201d, albo \u201eom\u201d, tam gdzie powinno by\u0107 \u201e\u0119\u201d, albo \u201e\u0105\u201d np: pr\u00f3bujom, zamiast pr\u00f3buj\u0105, albo wychodzom, zamiast wychodz\u0105, czy wreszcie idem, zamiast id\u0119. (rej wodzi\u0142 w tej materii pan Giertych, ale niez\u0142y by\u0142 te\u017c Kaczmarek, ten, co mu zrobili film kr\u00f3tkometra\u017cowy w windzie hotelowej). Kolega Rozm\u00f3wca cierpi na odwrotno\u015b\u0107 tego zjawiska, jak wnioskuje-m po s\u0142owach \u201etak to rozumi\u0119\u201d. Powinno jednak by\u0107 \u201erozumiem\u201d. -Tak wnioskuj\u0119.<br \/>\nGdziekolwiek jeste\u015bmy, naszym podstawowym obowi\u0105zkiem jest dba\u0107 o nasz j\u0119zyk, wszako\u017c my nie g\u0119si\u2026I popatrz, od stuleci namawiaj\u0105 nas, by\u015bmy byli sob\u0105, a nie wronami, co po\u015br\u00f3d \u201einnych\u201d \u201ekracz\u0105, jako one\u201d. Rej, Mickiewicz, to byli patrioci! A ci w Pary\u017cu, przyjaciele Chopina i On\u017ce sam? To\u017c to wiek XIX !! Tacy byli \u201epseudo\u201d\u2026? A ty w tej Anglii\u2026? Jakim\u017c jeste\u015b PATRIOT\u0104?<br \/>\nNo i na koniec ju\u017c, nareszcie co\u015b, co wprawi\u0142o mnie w dobry humor: \u201echocia\u017c nie by\u0142em i nie jestem zwolennikiem PO\u201d.<br \/>\nOt\u00f3\u017c przyznam ci si\u0119, Drogi Adwersa\u017cu m\u00f3j, \u017ce ja te\u017c nie jestem zwolennikiem Platformy. A skoro nie jestem, to na ni\u0105 nie g\u0142osowa\u0142em. Je\u015bli wi\u0119c PO dosz\u0142a do w\u0142adzy, to przez takich w\u0142a\u015bnie &#8211; i najprawdopodobniej wy\u0142\u0105cznie takich -, jak TY. Nie s\u0105 zwolennikami PO, ale wszystkiego, czego chc\u0105, to &#8211; \u201ebyle nie Kaczy\u0144scy\u201d. Reszta argumentacji to takie bicie piany, jak w powy\u017cszych cytatach. Przecie\u017c to g\u0142upsze, ni\u017c ustawa przewiduje. To takich magistr\u00f3w powypuszczali z tych uczelni? To tacy \u015bwiadomi obywatele maj\u0105 decydowa\u0107 o losach Polski?<br \/>\nNie-mi\u0142o by\u0142o pogada\u0107. \u017bycz\u0119 szcz\u0119\u015bcia i sukces\u00f3w na wyspach. Ale pami\u0119tajcie, co obiecali\u015bcie panu Tuskowi. Wracacie, bo\u2026tam czeka na was drugi ju\u017c \u201eCud nad Wis\u0142\u0105\u201d. Jeden (elektrykiem by\u0142) obiecywa\u0142 Japoni\u0119 &#8211; cudu nie by\u0142o. Teraz ten, troch\u0119 bli\u017cej &#8211; Irrrrlandi\u0119. A m\u0142odzi w to uwierzyli. A, \u017ceby im by\u0142o l\u017cej na sumieniu, dopasowuj\u0105 do tego dziwne teorie o nowoczesnej my\u015bli politycznej.<br \/>\nW jednym z nast\u0119pnych artyku\u0142\u00f3w zadam, Tobie i wielu innym z tych, kt\u00f3rzy nie s\u0105 zwolennikami PO, ale jednak na ni\u0105 g\u0142osowali, do\u015b\u0107 istotne pytanie: \u201ezastan\u00f3wcie si\u0119, kto najbardziej cieszy si\u0119 z przegranej PiS-u?\u201d<br \/>\nPrzysi\u0119gam Ci, cholernie intryguj\u0105ce i pouczaj\u0105ce. Ale p\u00f3ki co jeszcze kilka czat\u00f3w.<br \/>\nPytanko: g\u0142osowa\u0142e\u015b? Je\u015bli nie, to przykro mi, ale nie masz moralnego prawa zabiera\u0107 g\u0142osu. Powiem dosadnie: ola\u0142e\u015b wybory, zakpi\u0142e\u015b z obywatelskiego obowi\u0105zku, sied\u017a wi\u0119c cicho, nie jeste\u015b partnerem do rozm\u00f3w, bo chcia\u0142e\u015b, aby inni za\u0142atwili to za Ciebie.<\/span><span style=\"font-family: Arial\">\u00a0<\/span><\/p>\n","protected":false},"excerpt":{"rendered":"<p>Czyli czatowania z tymi, co niby nie s\u0105 \u201ezwolennikami PO\u201d, ale jednak\u2026 J\u0119zyk cytowany poni\u017cej, najnormalniej mnie zmrozi\u0142: &#8222;No jasne Ameryka\u0144skie my\u015blenie. Co Ty wiesz o prawach rz\u0105dz\u0105cych wsp\u00f3\u0142czesn\u0105 Europ\u0105? Dziewi\u0119tnastowieczne, zapyzia\u0142e, pseudopatryiotyczne my\u015blenie nie odpowiada ju\u017c nikomu, kto my\u015bli pragmatycznie i wie, \u017ce Polak\u00f3w nie mo\u017cna zastraszy\u0107. Trzyma\u0107 za pysk przez ma\u0142\u0105 grup\u0119 zdebila\u0142ych, [&hellip;]<\/p>\n","protected":false},"author":2,"featured_media":0,"comment_status":"open","ping_status":"open","sticky":false,"template":"","format":"standard","meta":[],"categories":[4],"tags":[],"_links":{"self":[{"href":"https:\/\/sporek.com\/blog\/index.php?rest_route=\/wp\/v2\/posts\/37"}],"collection":[{"href":"https:\/\/sporek.com\/blog\/index.php?rest_route=\/wp\/v2\/posts"}],"about":[{"href":"https:\/\/sporek.com\/blog\/index.php?rest_route=\/wp\/v2\/types\/post"}],"author":[{"embeddable":true,"href":"https:\/\/sporek.com\/blog\/index.php?rest_route=\/wp\/v2\/users\/2"}],"replies":[{"embeddable":true,"href":"https:\/\/sporek.com\/blog\/index.php?rest_route=%2Fwp%2Fv2%2Fcomments&post=37"}],"version-history":[{"count":0,"href":"https:\/\/sporek.com\/blog\/index.php?rest_route=\/wp\/v2\/posts\/37\/revisions"}],"wp:attachment":[{"href":"https:\/\/sporek.com\/blog\/index.php?rest_route=%2Fwp%2Fv2%2Fmedia&parent=37"}],"wp:term":[{"taxonomy":"category","embeddable":true,"href":"https:\/\/sporek.com\/blog\/index.php?rest_route=%2Fwp%2Fv2%2Fcategories&post=37"},{"taxonomy":"post_tag","embeddable":true,"href":"https:\/\/sporek.com\/blog\/index.php?rest_route=%2Fwp%2Fv2%2Ftags&post=37"}],"curies":[{"name":"wp","href":"https:\/\/api.w.org\/{rel}","templated":true}]}}