{"id":373,"date":"2013-02-02T21:21:31","date_gmt":"2013-02-03T01:21:31","guid":{"rendered":"http:\/\/sporek.com\/blog\/?p=373"},"modified":"2013-02-02T21:22:15","modified_gmt":"2013-02-03T01:22:15","slug":"dekalog-polskiego-emigranta","status":"publish","type":"post","link":"https:\/\/sporek.com\/blog\/?p=373","title":{"rendered":"Dekalog polskiego emigranta"},"content":{"rendered":"<p><span style=\"font-size: 13px; font-family: Verdana; color: #000000; background-color: transparent; font-weight: normal; font-style: normal; font-variant: normal; text-decoration: none; vertical-align: baseline\">Od  czasu, do czasu, kto\u015b przem\u0105drza\u0142y poucza nas, emigrant\u00f3w, \u017ce pisanie,  m\u00f3wienie, czy dzia\u0142anie w kwestiach Ojczyzny, z kt\u00f3rej wyjechali\u015bmy, z  r\u00f3\u017cnych wzgl\u0119d\u00f3w jest nam zabronione i nie mamy do tego prawa.<\/span><!--more--><span style=\"font-size: 13px; font-family: Verdana; color: #000000; background-color: transparent; font-weight: normal; font-style: normal; font-variant: normal; text-decoration: none; vertical-align: baseline\">\u00a0 Oto Dekalog B\u0142ogos\u0142awionego Jana Paw\u0142a II skierowany w\u0142a\u015bnie do nas &#8211; EMIGRANT\u00d3W:<\/span><br \/>\n<span style=\"font-size: 13px; font-family: Verdana; color: #000000; background-color: transparent; font-weight: normal; font-style: normal; font-variant: normal; text-decoration: none; vertical-align: baseline\"><\/span><br \/>\n<span style=\"font-size: 13px; font-family: Verdana; color: #000000; background-color: transparent; font-weight: normal; font-style: normal; font-variant: normal; text-decoration: none; vertical-align: baseline\"><\/span><span style=\"font-size: 13px; font-family: Verdana; color: #000000; background-color: transparent; font-weight: normal; font-style: normal; font-variant: normal; text-decoration: none; vertical-align: baseline\">1. Nie zapominaj, \u017ce najwy\u017cszym dobrem jest B\u00f3g i bez Niego nie zrozumiesz samego siebie i nie odnajdziesz sensu \u017cycia.<\/span><span style=\"font-size: 13px; font-family: Verdana; color: #000000; background-color: transparent; font-weight: normal; font-style: normal; font-variant: normal; text-decoration: none; vertical-align: baseline\"><\/span><\/p>\n<p><span style=\"font-size: 13px; font-family: Verdana; color: #000000; background-color: transparent; font-weight: normal; font-style: normal; font-variant: normal; text-decoration: none; vertical-align: baseline\">2. Nie  zapieraj si\u0119 imienia swojego narodu, ani jego historycznych do\u015bwiadcze\u0144  bo s\u0105 to jego w\u0142asne korzenie, jego m\u0105dro\u015b\u0107, cho\u0107by gorzka, jego pow\u00f3d  do dumy.<\/span><span style=\"font-size: 13px; font-family: Verdana; color: #000000; background-color: transparent; font-weight: normal; font-style: normal; font-variant: normal; text-decoration: none; vertical-align: baseline\"><\/span><\/p>\n<p><span style=\"font-size: 13px; font-family: Verdana; color: #000000; background-color: transparent; font-weight: normal; font-style: normal; font-variant: normal; text-decoration: none; vertical-align: baseline\">3. Pami\u0119taj  o tym, \u017ce gdziekolwiek rzuca ci\u0119 losy, zawsze masz prawo, a\u017c po kres  dni twoich, pozosta\u0107 cz\u0142onkiem swej narodowej rodziny.<\/span><span style=\"font-size: 13px; font-family: Verdana; color: #000000; background-color: transparent; font-weight: normal; font-style: normal; font-variant: normal; text-decoration: none; vertical-align: baseline\"><\/span><\/p>\n<p><span style=\"font-size: 13px; font-family: Verdana; color: #000000; background-color: transparent; font-weight: normal; font-style: normal; font-variant: normal; text-decoration: none; vertical-align: baseline\">4. W  najgorszych nawet okoliczno\u015bciach, zmieniaj\u0105c \u015brodowisko, obywatelstwo,  nie wypieraj si\u0119 nigdy wiary i tradycji twych przodk\u00f3w, je\u015bli chcesz,  by twoi nowi bracia i twoje dzieci nie wypar\u0142y si\u0119 ciebie. Rodzino sta\u0144  si\u0119 tak, jak wielki Ko\u015bci\u00f3\u0142, nauczycielem i matk\u0105.<\/span><span style=\"font-size: 13px; font-family: Verdana; color: #000000; background-color: transparent; font-weight: normal; font-style: normal; font-variant: normal; text-decoration: none; vertical-align: baseline\"><\/span><\/p>\n<p><span style=\"font-size: 13px; font-family: Verdana; color: #000000; background-color: transparent; font-weight: normal; font-style: normal; font-variant: normal; text-decoration: none; vertical-align: baseline\">5. Szanuj  sw\u00f3j nar\u00f3d, pomna\u017caj jego dobre imi\u0119 i nie dozw\u00f3l, aby bylo nadu\u017cywane  dla politycznych, nacjonalistycznych, czy jakichkolwiek innych cel\u00f3w.<\/span><span style=\"font-size: 13px; font-family: Verdana; color: #000000; background-color: transparent; font-weight: normal; font-style: normal; font-variant: normal; text-decoration: none; vertical-align: baseline\"><\/span><\/p>\n<p><span style=\"font-size: 13px; font-family: Verdana; color: #000000; background-color: transparent; font-weight: normal; font-style: normal; font-variant: normal; text-decoration: none; vertical-align: baseline\">6. Nie dozw\u00f3l, aby twoja rodzina, nar\u00f3d, by\u0142 przez kogokolwiek okradany, l\u017cony, nies\u0142usznie oczerniany.<\/span><span style=\"font-size: 13px; font-family: Verdana; color: #000000; background-color: transparent; font-weight: normal; font-style: normal; font-variant: normal; text-decoration: none; vertical-align: baseline\"><\/span><\/p>\n<p><span style=\"font-size: 13px; font-family: Verdana; color: #000000; background-color: transparent; font-weight: normal; font-style: normal; font-variant: normal; text-decoration: none; vertical-align: baseline\">7. Nie  wywy\u017cszaj siebie i swojego narodu ponad jego rzeczywiste zas\u0142ugi i  ponad narody inne; raczej poka\u017c innym to, co w twoim narodzie jest  najlepsze.<\/span><span style=\"font-size: 13px; font-family: Verdana; color: #000000; background-color: transparent; font-weight: normal; font-style: normal; font-variant: normal; text-decoration: none; vertical-align: baseline\"><\/span><\/p>\n<p><span style=\"font-size: 13px; font-family: Verdana; color: #000000; background-color: transparent; font-weight: normal; font-style: normal; font-variant: normal; text-decoration: none; vertical-align: baseline\">8. Ucz si\u0119 od innych narod\u00f3w dobrego, ale nie powtarzaj ich b\u0142\u0119d\u00f3w.<\/span><span style=\"font-size: 13px; font-family: Verdana; color: #000000; background-color: transparent; font-weight: bold; font-style: normal; font-variant: normal; text-decoration: none; vertical-align: baseline\"><\/span><\/p>\n<p><span style=\"font-size: 13px; font-family: Verdana; color: #000000; background-color: transparent; font-weight: bold; font-style: normal; font-variant: normal; text-decoration: none; vertical-align: baseline\">9. Pami\u0119taj,  \u017ce mie\u0107 rodzin\u0119-nar\u00f3d, jest to wielki przywilej wynikaj\u0105cy z prawa  cz\u0142owieka, ale i nie zapominaj o tym, \u017ce Ojczyzna to wielki zbiorowy  obowi\u0105zek.<\/span><span style=\"font-size: 13px; font-family: Verdana; color: #000000; background-color: transparent; font-weight: normal; font-style: normal; font-variant: normal; text-decoration: none; vertical-align: baseline\"><\/span><\/p>\n<p><span style=\"font-size: 13px; font-family: Verdana; color: #000000; background-color: transparent; font-weight: normal; font-style: normal; font-variant: normal; text-decoration: none; vertical-align: baseline\">10. Pami\u0119taj,  \u017ce jeste\u015b dzieckiem narodu, kt\u00f3rego Matk\u0105 i Kr\u00f3low\u0105 jest Bogurodzica  Maryja dana jako pomoc ku obronie. Powtarzaj cz\u0119sto modlitw\u0119 serc  polskich: <\/span><span style=\"font-size: 13px; font-family: Verdana; color: #000000; background-color: transparent; font-weight: bold; font-style: normal; font-variant: normal; text-decoration: none; vertical-align: baseline\">Jestem przy Tobie, pami\u0119tam, czuwam<\/span><\/p>\n","protected":false},"excerpt":{"rendered":"<p>Od czasu, do czasu, kto\u015b przem\u0105drza\u0142y poucza nas, emigrant\u00f3w, \u017ce pisanie, m\u00f3wienie, czy dzia\u0142anie w kwestiach Ojczyzny, z kt\u00f3rej wyjechali\u015bmy, z r\u00f3\u017cnych wzgl\u0119d\u00f3w jest nam zabronione i nie mamy do tego prawa.<\/p>\n","protected":false},"author":2,"featured_media":0,"comment_status":"open","ping_status":"open","sticky":false,"template":"","format":"standard","meta":[],"categories":[1],"tags":[],"_links":{"self":[{"href":"https:\/\/sporek.com\/blog\/index.php?rest_route=\/wp\/v2\/posts\/373"}],"collection":[{"href":"https:\/\/sporek.com\/blog\/index.php?rest_route=\/wp\/v2\/posts"}],"about":[{"href":"https:\/\/sporek.com\/blog\/index.php?rest_route=\/wp\/v2\/types\/post"}],"author":[{"embeddable":true,"href":"https:\/\/sporek.com\/blog\/index.php?rest_route=\/wp\/v2\/users\/2"}],"replies":[{"embeddable":true,"href":"https:\/\/sporek.com\/blog\/index.php?rest_route=%2Fwp%2Fv2%2Fcomments&post=373"}],"version-history":[{"count":0,"href":"https:\/\/sporek.com\/blog\/index.php?rest_route=\/wp\/v2\/posts\/373\/revisions"}],"wp:attachment":[{"href":"https:\/\/sporek.com\/blog\/index.php?rest_route=%2Fwp%2Fv2%2Fmedia&parent=373"}],"wp:term":[{"taxonomy":"category","embeddable":true,"href":"https:\/\/sporek.com\/blog\/index.php?rest_route=%2Fwp%2Fv2%2Fcategories&post=373"},{"taxonomy":"post_tag","embeddable":true,"href":"https:\/\/sporek.com\/blog\/index.php?rest_route=%2Fwp%2Fv2%2Ftags&post=373"}],"curies":[{"name":"wp","href":"https:\/\/api.w.org\/{rel}","templated":true}]}}