{"id":375,"date":"2013-03-07T01:24:48","date_gmt":"2013-03-07T05:24:48","guid":{"rendered":"http:\/\/sporek.com\/blog\/?p=375"},"modified":"2013-03-07T01:27:24","modified_gmt":"2013-03-07T05:27:24","slug":"calujcie-anne-wraczke","status":"publish","type":"post","link":"https:\/\/sporek.com\/blog\/?p=375","title":{"rendered":"Ca\u0142ujcie Ann\u0119 w&#8230;r\u0105czk\u0119"},"content":{"rendered":"<p><span style=\"font-size: 13px; font-family: Verdana; color: #000000; background-color: transparent; font-weight: normal; font-style: normal; font-variant: normal; text-decoration: none; vertical-align: baseline\">Problemy Polski w wersji rz\u0105dz\u0105cych i medi\u00f3w g\u0142\u00f3wnego \u015bcieku:<\/span><br \/>\n<span style=\"font-size: 13px; font-family: Verdana; color: #000000; background-color: transparent; font-weight: normal; font-style: normal; font-variant: normal; text-decoration: none; vertical-align: baseline\">-Czy Ann\u0119 -ch\u0142op to, czy baba &#8211; ca\u0142owa\u0107 w r\u0119k\u0119, czy w cz\u00f3\u0142ko?<\/span><br \/>\n<span style=\"font-size: 13px; font-family: Verdana; color: #000000; background-color: transparent; font-weight: normal; font-style: normal; font-variant: normal; text-decoration: none; vertical-align: baseline\">-Biedny Kalisz; wyrzuc\u0105 go, czy tylko zawiesz\u0105?<\/span><br \/>\n<span style=\"font-size: 13px; font-family: Verdana; color: #000000; background-color: transparent; font-weight: normal; font-style: normal; font-variant: normal; text-decoration: none; vertical-align: baseline\">-Gowin, czy Tusk; kto\u015b musi wygra\u0107?<\/span><br \/>\n<span style=\"font-size: 13px; font-family: Verdana; color: #000000; background-color: transparent; font-weight: normal; font-style: normal; font-variant: normal; text-decoration: none; vertical-align: baseline\">-A mo\u017ce Schetyna?<\/span><br \/>\n<span style=\"font-size: 13px; font-family: Verdana; color: #000000; background-color: transparent; font-weight: normal; font-style: normal; font-variant: normal; text-decoration: none; vertical-align: baseline\">-Tranwestyta, czy te\u017c -tytka na marsza\u0142ka<\/span><br \/>\n<span style=\"font-size: 13px; font-family: Verdana; color: #000000; background-color: transparent; font-weight: normal; font-style: normal; font-variant: normal; text-decoration: none; vertical-align: baseline\">-Jak wyda\u0107 miliony w urz\u0119dach &#8211; najlepiej na nagrody<\/span><!--more--><br \/>\n<span style=\"font-size: 13px; font-family: Verdana; color: #000000; background-color: transparent; font-weight: normal; font-style: normal; font-variant: normal; text-decoration: none; vertical-align: baseline\">A  tymczasem umieraj\u0105 dzieci, 14% obywateli nie ma pracy, gospodarka  zwalnia, przemys\u0142 wyprzedany, d\u0142ug ro\u015bnie w post\u0119pie atyrmetycznym,  starsi bracia stoj\u0105 w kolejkach po obywatelstwo, ogarni\u0119ci nag\u0142\u0105  mi\u0142o\u015bci\u0105 do Polski, kt\u00f3ra ich ostatnio tak strasznie gn\u0119bi\u0142a i taka jest  antysemicka. Ba, ale s\u0105 kamienice, lasy, \u0142\u0105ki, jeziora. P\u00f3jdziemy na  s\u0142u\u017cb\u0119, oj p\u00f3jdziemy&#8230; <\/span><br \/>\n<span style=\"font-size: 13px; font-family: Verdana; color: #000000; background-color: transparent; font-weight: normal; font-style: normal; font-variant: normal; text-decoration: none; vertical-align: baseline\">A  ty, Narodzie \u015bpij s\u0142odko snem pijanego idioty wierz\u0105cego w S\u0142o\u0144ce Peru i  tego drugiego, co si\u0119 w Peru leczy\u0142 z filipi\u0144skiej choroby.<\/span><span style=\"font-size: 13px; font-family: Verdana; color: #000000; background-color: transparent; font-weight: normal; font-style: normal; font-variant: normal; text-decoration: none; vertical-align: baseline\"> Zapachnia\u0142y  panom-w\u0142adcom europejskie apana\u017ce. Komuchy przypomnia\u0142y sobie po co nam  ta Europa by\u0142a. Najpierw by\u0142a europejska pani komisarz; &#8211; prosto z KC  do parlamentu w Brukseli, a teraz Olo wzywa do Europy. B\u0119d\u0105 pos\u0142owa\u0107.  Dla dobra Narodu zapewni\u0105 sobie dozgonne emeryturki brukselskie. A  narodek zag\u0142osuje, bo przecie\u017c nikt nie lubi Kaczy\u0144skiego. Jak ju\u017c kto\u015b  ma nas reprezentowa\u0107 na jewropejskich salonach, to najlepiej spece od  zataczania si\u0119.<\/span><br \/>\n<span style=\"font-size: 13px; font-family: Verdana; color: #000000; background-color: transparent; font-weight: normal; font-style: normal; font-variant: normal; text-decoration: none; vertical-align: baseline\">Warsiawka  ma problem: ich ulubieniec, na kt\u00f3rego ka\u017cde s\u0142owo krytyki pod adresem  Kaczy\u0144skich \u201csalonik\u201d rechota\u0142 z rado\u015bci dzi\u015b wylewa na\u0144 salonowe  pomyje, bo&#8230;?<\/span><br \/>\n<span style=\"font-size: 13px; font-family: Verdana; color: #000000; background-color: transparent; font-weight: normal; font-style: normal; font-variant: normal; text-decoration: none; vertical-align: baseline\">Bo pos\u0142a\u0142 homoseksualist\u00f3w do ostatnich \u0142awek, albo i za mur.<\/span><br \/>\n<span style=\"font-size: 13px; font-family: Verdana; color: #000000; background-color: transparent; font-weight: normal; font-style: normal; font-variant: normal; text-decoration: none; vertical-align: baseline\">Od  czasu, gdy Lechu \u201cnie chcia\u0142, ale musia\u0142\u201d, nie zgadza\u0142em si\u0119 z \u017cadnym  jego tekstem. Pl\u00f3t\u0142 g\u0142upoty, jak osza\u0142a\u0142y. \u201cSalonik\u201d, w uznaniu zas\u0142ug w  krytyce Kaczy\u0144skich desygnowa\u0142 Lecha na \u201cm\u0119drca Europy\u201d. Po pierwszym  spotkaniu \u201cm\u0119drc\u00f3w\u201d, drugie ju\u017c si\u0119 nie odby\u0142o. I m\u0119drzec wreszcie  powiedzia\u0142 co\u015b, z czym zgadza si\u0119 wi\u0119kszo\u015b\u0107, tyle, \u017ce p\u00f3ki co ta  wi\u0119kszo\u015b\u0107 chowa g\u0142owy w piasek, bo nu\u017c \u201csalonik\u201d zn\u00f3w ich nazwie  mocherami, albo innymi oszo\u0142omami. I czeka ta wi\u0119kszo\u015b\u0107. A ja te\u017c si\u0119 z  Lechem zgadzam. Nic nie mam przeciwko gejom, ani lesbijkom; taka ich  uroda. Ale niech nie w\u0142a\u017c\u0105 spo\u0142ecze\u0144stwu na g\u0142ow\u0119. Chc\u0105 si\u0119 \u017ceni\u0107 -ich,  zasr&#8230;.a potrzeba, ale niech si\u0119 odczepi\u0105 od adoptowania dzieci, niech  nie afiszuj\u0105 swoich dewiacji na manifach \u201cwolno\u015bci\u201d, czytaj; perwersji.  Ja niekt\u00f3rych nawet lubi\u0119, bo znam paru, ale oni s\u0105 nieszkodliwi i ja  ich nawet akceptuj\u0119, tak daleko, jak mi nie m\u00f3wi\u0105, \u017ce musz\u0105 mie\u0107 to,  tamto, siamto, bo s\u0105 gejami. Ej, do roboty! Jak my wszyscy.<\/span><br \/>\n<span style=\"font-size: 13px; font-family: Verdana; color: #000000; background-color: transparent; font-weight: normal; font-style: normal; font-variant: normal; text-decoration: none; vertical-align: baseline\">Wr\u00f3\u0107my  do tych, tragicznie zmar\u0142ych dzieci\u0105tek. Niewinnych, kochanych przez  swoich rodzic\u00f3w i rodze\u0144stwo, dziadk\u00f3w, s\u0105siad\u00f3w nawet. Ich jedyn\u0105 win\u0105  by\u0142o, \u017ce zachorowa\u0142y. Owsiak (oj Jurek, jaki\u015b Ty g\u0142upi) wspiera ten  niemrawy rz\u0105d coroczn\u0105 akcj\u0105, a pan minister Ar\u0142ukowicz, id\u0105c za  przyk\u0142adem s\u0142ynnej z najwi\u0119kszego k\u0142amstwa o przesianej z \u201cca\u0142\u0105  staranno\u015bci\u0105\u201d ziemi smole\u0144skiej, Kopaczowej rozdaje z\u0142ot\u00f3wki. Da\u0142 ponad  300 tysi\u0119cy z\u0142otych nagr\u00f3d!! Brawo, panie ministrze. Tak jest;- ludzie  pracuj\u0105, trzeba im da\u0107 nagrod\u0119. A jak? Tylko, \u017ce oni, panie pediatro  maj\u0105 swoje, comiesi\u0119czne, wysokie zarobki, a ponad dwa miliony nie ma  pracy, drugie tyle, \u017cyje na g\u0142odowych emeryturach. M\u00f3g\u0142by si\u0119 pan  wstydzi\u0107.<\/span><br \/>\n<span style=\"font-size: 13px; font-family: Verdana; color: #000000; background-color: transparent; font-weight: normal; font-style: normal; font-variant: normal; text-decoration: none; vertical-align: baseline\">A  swoj\u0105 drog\u0105, Jurku, to czemu w Polsce nie m\u00f3wi si\u0119, ile zebra\u0142 i rozda\u0142  Caritas, Janka Ochojska i inne Czerwone Krzy\u017ce? Tylko Ty zbierasz?  Czemu nie m\u00f3wi si\u0119, ile Caritas wydaje na swoje potrzeby, a ile Wielka  Orkiestra odcina sobie od tego kuponiku na 50 par\u0119 milion\u00f3w?<\/span><br \/>\n<span style=\"font-size: 13px; font-family: Verdana; color: #000000; background-color: transparent; font-weight: normal; font-style: normal; font-variant: normal; text-decoration: none; vertical-align: baseline\">Co\u015b mi tu nie gra. Za \u0142adne, \u017ceby by\u0142o prawdziwe.<\/span><br \/>\n<span style=\"font-size: 13px; font-family: Verdana; color: #000000; background-color: transparent; font-weight: normal; font-style: normal; font-variant: normal; text-decoration: none; vertical-align: baseline\">Tusku, Tusku, Tusku, <\/span><br \/>\n<span style=\"font-size: 13px; font-family: Verdana; color: #000000; background-color: transparent; font-weight: normal; font-style: normal; font-variant: normal; text-decoration: none; vertical-align: baseline\">co\u015b Nar\u00f3d wprowadzi\u0142 w udr\u0119k\u0119,<\/span><br \/>\n<span style=\"font-size: 13px; font-family: Verdana; color: #000000; background-color: transparent; font-weight: normal; font-style: normal; font-variant: normal; text-decoration: none; vertical-align: baseline\">ludzie nie maj\u0105 na zup\u0119,<\/span><br \/>\n<span style=\"font-size: 13px; font-family: Verdana; color: #000000; background-color: transparent; font-weight: normal; font-style: normal; font-variant: normal; text-decoration: none; vertical-align: baseline\">ca\u0142uj ty Ann\u0119 w \u2026 r\u0119k\u0119.<\/span><\/p>\n","protected":false},"excerpt":{"rendered":"<p>Problemy Polski w wersji rz\u0105dz\u0105cych i medi\u00f3w g\u0142\u00f3wnego \u015bcieku: -Czy Ann\u0119 -ch\u0142op to, czy baba &#8211; ca\u0142owa\u0107 w r\u0119k\u0119, czy w cz\u00f3\u0142ko? -Biedny Kalisz; wyrzuc\u0105 go, czy tylko zawiesz\u0105? -Gowin, czy Tusk; kto\u015b musi wygra\u0107? -A mo\u017ce Schetyna? -Tranwestyta, czy te\u017c -tytka na marsza\u0142ka -Jak wyda\u0107 miliony w urz\u0119dach &#8211; najlepiej na nagrody<\/p>\n","protected":false},"author":2,"featured_media":0,"comment_status":"open","ping_status":"open","sticky":false,"template":"","format":"standard","meta":[],"categories":[4],"tags":[],"_links":{"self":[{"href":"https:\/\/sporek.com\/blog\/index.php?rest_route=\/wp\/v2\/posts\/375"}],"collection":[{"href":"https:\/\/sporek.com\/blog\/index.php?rest_route=\/wp\/v2\/posts"}],"about":[{"href":"https:\/\/sporek.com\/blog\/index.php?rest_route=\/wp\/v2\/types\/post"}],"author":[{"embeddable":true,"href":"https:\/\/sporek.com\/blog\/index.php?rest_route=\/wp\/v2\/users\/2"}],"replies":[{"embeddable":true,"href":"https:\/\/sporek.com\/blog\/index.php?rest_route=%2Fwp%2Fv2%2Fcomments&post=375"}],"version-history":[{"count":0,"href":"https:\/\/sporek.com\/blog\/index.php?rest_route=\/wp\/v2\/posts\/375\/revisions"}],"wp:attachment":[{"href":"https:\/\/sporek.com\/blog\/index.php?rest_route=%2Fwp%2Fv2%2Fmedia&parent=375"}],"wp:term":[{"taxonomy":"category","embeddable":true,"href":"https:\/\/sporek.com\/blog\/index.php?rest_route=%2Fwp%2Fv2%2Fcategories&post=375"},{"taxonomy":"post_tag","embeddable":true,"href":"https:\/\/sporek.com\/blog\/index.php?rest_route=%2Fwp%2Fv2%2Ftags&post=375"}],"curies":[{"name":"wp","href":"https:\/\/api.w.org\/{rel}","templated":true}]}}