{"id":377,"date":"2013-03-30T00:04:08","date_gmt":"2013-03-30T04:04:08","guid":{"rendered":"http:\/\/sporek.com\/blog\/?p=377"},"modified":"2013-03-30T00:22:20","modified_gmt":"2013-03-30T04:22:20","slug":"wielkanoc-2","status":"publish","type":"post","link":"https:\/\/sporek.com\/blog\/?p=377","title":{"rendered":"Wielkanoc"},"content":{"rendered":"<p dir=\"ltr\" style=\"margin-top: 0pt; margin-bottom: 0pt\"><span style=\"font-size: 13px; font-family: Verdana; color: #000000; background-color: transparent; font-weight: normal; font-style: normal; font-variant: normal; text-decoration: none; vertical-align: baseline\">S\u0142owo z dw\u00f3ch s\u0142\u00f3w: Wielka Noc; <\/span><\/p>\n<p dir=\"ltr\" style=\"margin-top: 0pt; margin-bottom: 0pt\"><span style=\"font-size: 13px; font-family: Verdana; color: #000000; background-color: transparent; font-weight: normal; font-style: normal; font-variant: normal; text-decoration: none; vertical-align: baseline\">Zmartychwstanie; Z Martwych Wstanie. <\/span><\/p>\n<p dir=\"ltr\" style=\"margin-top: 0pt; margin-bottom: 0pt\"><span style=\"font-size: 13px; font-family: Verdana; color: #000000; background-color: transparent; font-weight: normal; font-style: normal; font-variant: normal; text-decoration: none; vertical-align: baseline\">Tylko chyba j\u0119zyk polski tak genialnie pozlepia\u0142 te s\u0142owa.<\/span><!--more--><\/p>\n<p dir=\"ltr\" style=\"margin-top: 0pt; margin-bottom: 0pt\"><span style=\"font-size: 13px; font-family: Verdana; color: #000000; background-color: transparent; font-weight: normal; font-style: normal; font-variant: normal; text-decoration: none; vertical-align: baseline\">Wielki  Pi\u0105tek, 29 marca, 2013. Przyznaj\u0119 przed sob\u0105, ale i przed Czytelnikami,  \u017ce czuj\u0119 si\u0119 od rana dziwnie. Po porannej spowiedzi w ko\u015bciele \u015aw.  Stanis\u0142awa Kostki nie mia\u0142em ochoty na prac\u0119. Poszed\u0142em na bardzo d\u0142ugi  spacer i Greenpoint wyda\u0142 mi si\u0119 inny. Pewnie dlatego, \u017ce czu\u0142em  obecno\u015b\u0107 Boga; &#8211; ludzie pi\u0119kni, k\u0142aniaj\u0105cy si\u0119, park ju\u017c prawie zielony  tygodniow\u0105 wiosn\u0105. Przy wej\u015bciu przywita\u0142 mnie pot\u0119\u017cny pies mojego  przyjaciela. To najserdeczniejsze w ostarnim czasie stworzenie dla mnie.  Nie pyta\u0142, gdzie by\u0142em, dlaczego tak d\u0142ugo nie spotkali\u015bmy si\u0119 na  parkowych \u015bcie\u017ckach; kr\u0119ci\u0142 tym swoim \u201cu\u015bmiechni\u0119tym\u201d \u0142bem, macha\u0142  ogonem, obijaj\u0105c swoje \u017cebra i tuli\u0142 si\u0119 do moich n\u00f3g, a potem liza\u0142  moje d\u0142onie \u201cm\u00f3wi\u0105c\u201d bezg\u0142o\u015bnie: <\/span><span style=\"font-size: 13px; font-family: Verdana; color: #000000; background-color: transparent; font-weight: normal; font-style: italic; font-variant: normal; text-decoration: none; vertical-align: baseline\">strasznie si\u0119 st\u0119skni\u0142em; tak si\u0119 ciesz\u0119, \u017ce ci\u0119 widz\u0119.<\/span><\/p>\n<p dir=\"ltr\" style=\"margin-top: 0pt; margin-bottom: 0pt\"><span style=\"font-size: 13px; font-family: Verdana; color: #000000; background-color: transparent; font-weight: normal; font-style: normal; font-variant: normal; text-decoration: none; vertical-align: baseline\">Przyjaciel stwierdzi\u0142, \u017ce on z nikim tak si\u0119 nie wita, \u201cwida\u0107 czuje same pozytywy\u201d-<\/span><\/p>\n<p dir=\"ltr\" style=\"margin-top: 0pt; margin-bottom: 0pt\"><span style=\"font-size: 13px; font-family: Verdana; color: #000000; background-color: transparent; font-weight: normal; font-style: normal; font-variant: normal; text-decoration: none; vertical-align: baseline\">\u201cA psy to czuj\u0105, oj czuj\u0105\u201d- doda\u0142 z u\u015bmiechem.<\/span><\/p>\n<p dir=\"ltr\" style=\"margin-top: 0pt; margin-bottom: 0pt\"><span style=\"font-size: 13px; font-family: Verdana; color: #000000; background-color: transparent; font-weight: normal; font-style: normal; font-variant: normal; text-decoration: none; vertical-align: baseline\">Nic mnie nie denerwowa\u0142o, wszystko by\u0142o, jak nagroda i wszystko czyste, jak niebo nade mn\u0105.<\/span><\/p>\n<p dir=\"ltr\" style=\"margin-top: 0pt; margin-bottom: 0pt\"><span style=\"font-size: 13px; font-family: Verdana; color: #000000; background-color: transparent; font-weight: normal; font-style: normal; font-variant: normal; text-decoration: none; vertical-align: baseline\">Wieczorne nabo\u017ce\u0144stwo, jak\u017ce inne od wszystkich;- ko\u015bci\u00f3\u0142 wype\u0142niony od \u015bciany, do \u015bciany i wszystkie \u0142awki. <\/span><\/p>\n<p dir=\"ltr\" style=\"margin-top: 0pt; margin-bottom: 0pt\"><span style=\"font-size: 13px; font-family: Verdana; color: #000000; background-color: transparent; font-weight: normal; font-style: normal; font-variant: normal; text-decoration: none; vertical-align: baseline\">-Co robi\u0105 teraz rz\u0105dcy tego \u015bwiata, co robi\u0105 rz\u0105dcy mojej Ojczyzny? Poszli na nabo\u017ce\u0144stwo, czy si\u0119 wstydz\u0105? A celebryci? <\/span><\/p>\n<p dir=\"ltr\" style=\"margin-top: 0pt; margin-bottom: 0pt\"><span style=\"font-size: 13px; font-family: Verdana; color: #000000; background-color: transparent; font-weight: normal; font-style: normal; font-variant: normal; text-decoration: none; vertical-align: baseline\">Dziwna  my\u015bl wpad\u0142a mi do g\u0142owy, gdy ksi\u0105dz o krzy\u017cu m\u00f3wi\u0142 w homilii: Polska  walczy\u0142a z Krzy\u017cem. Ta Papieska Polska, z tysi\u0105cletnim chrze\u015bcija\u0144stwem i  Matk\u0105 Bosk\u0105 w klapie, \u201cSobiesk\u0105 husari\u0105\u201d i \u201cJagiello\u0144sk\u0105 ci\u0119\u017ck\u0105 jazd\u0105\u201d.  C\u00f3\u017c zosta\u0142o z nauk Jana Paw\u0142a? Co si\u0119 sta\u0142o na Krakowskim Przedmie\u015bciu?  Dlaczego? Dlaczego obecny prezydent rozpocz\u0105\u0142 od usuni\u0119cia Krzy\u017ca?  Dlatego m\u0142odzie\u017c tak l\u017cy\u0142a, kpi\u0142a i wyszydza\u0142a? Co sta\u0142o si\u0119 z Polsk\u0105 i  Polakami w tym kr\u00f3tkim kilkuleciu od \u015bmierci najwi\u0119kszego z nas?<\/span><\/p>\n<p dir=\"ltr\" style=\"margin-top: 0pt; margin-bottom: 0pt\"><span style=\"font-size: 13px; font-family: Verdana; color: #000000; background-color: transparent; font-weight: normal; font-style: normal; font-variant: normal; text-decoration: none; vertical-align: baseline\">Wielkanoc,  to czas znak\u00f3w. Tu\u017c przed Wielkanoc\u0105 dostali\u015bmy Papie\u017ca, kt\u00f3ry od  pierwszych s\u0142\u00f3w zaskakuje \u015bwiat. Wierz\u0105cych i niewierz\u0105cych. <\/span><\/p>\n<p dir=\"ltr\" style=\"margin-top: 0pt; margin-bottom: 0pt\"><span style=\"font-size: 13px; font-family: Verdana; color: #000000; background-color: transparent; font-weight: normal; font-style: normal; font-variant: normal; text-decoration: none; vertical-align: baseline\">Jednym  z najwi\u0119kszych objawie\u0144 Wielkanocnych by\u0142 nie kto inny, a Wolfgang  Amadeusz Mozart. Jego geniusz B\u00f3g objawi\u0142 w\u0142a\u015bnie w Wielkanoc, 1770  roku, sto czterdzie\u015bci lat po tym, jak powsta\u0142o najwspanialsze dzie\u0142o  w\u0142oskiego kompozytora, Gregorio Allegriego (1582-1652), <\/span><span style=\"font-size: 13px; font-family: Verdana; color: #000000; background-color: transparent; font-weight: bold; font-style: italic; font-variant: normal; text-decoration: none; vertical-align: baseline\">\u201cMiserere mei, Deus\u201d<\/span><span style=\"font-size: 13px; font-family: Verdana; color: #000000; background-color: transparent; font-weight: normal; font-style: normal; font-variant: normal; text-decoration: none; vertical-align: baseline\">.  Cudowny utw\u00f3r napisany na dwa ch\u00f3ry; jeden pi\u0119cio-, drugi  czterog\u0142osowy. Ten genialny utw\u00f3r wykonywany by\u0142 w Kaplicy Syksty\u0144skiej  przez prawie p\u00f3\u0142tora wieku wy\u0142\u0105cznie w \u015brod\u0119 Wielkiego Tygodnia i w  Wielki Pi\u0105tek. Nuty by\u0142y trzymane w sejfie pod zamkni\u0119ciem. Skopiowanie  ich, lub wykonanie tego dzie\u0142a gdziekolwiek indziej ob\u0142o\u017cone by\u0142o  ekskomunik\u0105. I oto, czternastoletni Wolfgang, bawi\u0105cy z ojcem w Rzymie w  okresie Wielkiego Tygodnia wraca do swojej kwatery, po \u015brodowym  nabo\u017ce\u0144stwie, siada przy swoim pulpicie i z pami\u0119ci spisuje ka\u017cdy g\u0142os z  osobna. W Wielki Pi\u0105tek wraca do kaplicy, by \u201cdos\u0142ucha\u0107\u201d szczeg\u00f3\u0142\u00f3w i  wprowadzi\u0107 niewielkie korekty. Przekazuje ten spisany przez siebie, a  okryty zakl\u0119t\u0105 tajemnic\u0105 utw\u00f3r angielskiemu historykowi, Dr. Charlesowi  Burney\u2019owi. Ten zabiera go do Londynu i&#8230;publikuje. Mozartowi grozi  ekskomunika. Papie\u017c wzywa m\u0142odego Amadeusza do Rzymu, ale zamiast  ekskomunikowa\u0107 ch\u0142opca wychwala publicznie jego geniusz. Od tego momentu  cofni\u0119ty zostaje zakaz publikowania i wykonywania <\/span><span style=\"font-size: 13px; font-family: Verdana; color: #000000; background-color: transparent; font-weight: bold; font-style: italic; font-variant: normal; text-decoration: none; vertical-align: baseline\">Miserere<\/span><span style=\"font-size: 13px; font-family: Verdana; color: #000000; background-color: transparent; font-weight: normal; font-style: normal; font-variant: normal; text-decoration: none; vertical-align: baseline\"> w innych, ni\u017c Kaplica Syksty\u0144ska miejscach. Wielkanocny cud. <\/span><span style=\"font-size: 13px; font-family: Verdana; color: #000000; background-color: transparent; font-weight: bold; font-style: italic; font-variant: normal; text-decoration: none; vertical-align: baseline\">Miserere<\/span><span style=\"font-size: 13px; font-family: Verdana; color: #000000; background-color: transparent; font-weight: normal; font-style: normal; font-variant: normal; text-decoration: none; vertical-align: baseline\">  staje si\u0119 jednym z najbardziej popularnych utwor\u00f3w \u015bpiewanych przez  ch\u00f3ry na ca\u0142ym \u015bwiecie. Do dzi\u015b, w wielu \u015bwi\u0105tyniach jest cz\u0119\u015bci\u0105  wielkopi\u0105tkowych nabo\u017ce\u0144stw. A Mozart objawia najwi\u0119kszy geniusz w  historii muzyki. Wszystko, co napisa\u0142 jest genialne. Genialnie wielka  jest te\u017c ilo\u015b\u0107 dzie\u0142, jakie skomponowa\u0142. Naukowcy udowodnili, \u017ce aby  przepisa\u0107 r\u0119cznie wszystkie utwory Mozarta (ma\u0142e formy, koncerty, opery,  po prostu wszystko), trzeba by pracowa\u0107 codziennie po osiem godzin  przez oko\u0142o 60 lat. Mozart tworzy\u0142 przy \u015bwieczce, pisa\u0142 g\u0119sim pi\u00f3rem,  \u017cy\u0142 35 lat, zacz\u0105\u0142 komponowa\u0107, gdy mia\u0142 sze\u015b\u0107, przez p\u00f3\u0142tora roku, gdy  wpad\u0142 w konflikt z ojcem nie napisa\u0142 ani jednej nutki, a wi\u0119c tworzy\u0142  lat dwadzie\u015bcia siedem (!)<\/span><\/p>\n<p dir=\"ltr\" style=\"margin-top: 0pt; margin-bottom: 0pt\"><span style=\"font-size: 13px; font-family: Verdana; color: #000000; background-color: transparent; font-weight: normal; font-style: normal; font-variant: normal; text-decoration: none; vertical-align: baseline\">Drogi  Czytelniku, usi\u0105d\u017a wygodnie w fotelu, zamknij oczy, (cho\u0107 trudno  oderwa\u0107 si\u0119 od ch\u00f3r\u00f3w i scenerii), przenie\u015b si\u0119 w tamten czas, ponad  dwie\u015bcie czterdzie\u015bci lat temu i spr\u00f3buj sp\u0119dzi\u0107 niespe\u0142na dziesi\u0119\u0107  minut w cudownym \u015bwiecie ludzkich g\u0142os\u00f3w wy\u015bpiewuj\u0105cych ten boski utw\u00f3r,  jeden z najpi\u0119kniejszych w historii muzyki: <\/span><a href=\"http:\/\/www.youtube.com\/watch?v=fcWo1hKHu40\"><span style=\"font-size: 13px; font-family: Verdana; color: #1155cc; background-color: transparent; font-weight: normal; font-style: normal; font-variant: normal; text-decoration: underline; vertical-align: baseline\">http:\/\/www.youtube.com\/watch?v=fcWo1hKHu40<\/span><\/a><span style=\"font-size: 13px; font-family: Verdana; color: #000000; background-color: transparent; font-weight: normal; font-style: normal; font-variant: normal; text-decoration: none; vertical-align: baseline\"><\/span><\/p>\n<p dir=\"ltr\" style=\"margin-top: 0pt; margin-bottom: 0pt\"><span style=\"font-size: 13px; font-family: Verdana; color: #000000; background-color: transparent; font-weight: normal; font-style: normal; font-variant: normal; text-decoration: none; vertical-align: baseline\">I  zapytasz: jak to by\u0142o mo\u017cliwe, aby czternastoletni umys\u0142 ogarn\u0105\u0142 te  dziesi\u0119\u0107 minut tak wielog\u0142osowej muzyki bez Boskiej ingerencji?<\/span><\/p>\n<p dir=\"ltr\" style=\"margin-top: 0pt; margin-bottom: 0pt\"><span style=\"font-size: 13px; font-family: Verdana; color: #000000; background-color: transparent; font-weight: normal; font-style: normal; font-variant: normal; text-decoration: none; vertical-align: baseline\">A kiedy sko\u0144czysz, odtw\u00f3rz go jeszcze raz i odwied\u017a Kaplic\u0119 Syksty\u0144sk\u0105: <\/span><\/p>\n<p dir=\"ltr\" style=\"margin-top: 0pt; margin-bottom: 0pt\"><a href=\"http:\/\/www.vatican.va\/various\/cappelle\/sistina_vr\/index.html\"><span style=\"font-size: 13px; font-family: Verdana; color: #1155cc; background-color: transparent; font-weight: normal; font-style: normal; font-variant: normal; text-decoration: underline; vertical-align: baseline\">http:\/\/www.vatican.va\/various\/cappelle\/sistina_vr\/index.html<\/span><\/a><span style=\"font-size: 13px; font-family: Verdana; color: #000000; background-color: transparent; font-weight: normal; font-style: normal; font-variant: normal; text-decoration: none; vertical-align: baseline\"><\/span><\/p>\n<p dir=\"ltr\" style=\"margin-top: 0pt; margin-bottom: 0pt\"><span style=\"font-size: 13px; font-family: Verdana; color: #000000; background-color: transparent; font-weight: normal; font-style: normal; font-variant: normal; text-decoration: none; vertical-align: baseline\">przesuwaj\u0105c  myszk\u0119 w r\u00f3\u017cne strony, przybli\u017caj\u0105c i oddalaj\u0105c (+-) obejrzyj ka\u017cdy  szczeg\u00f3\u0142, a i tak nie ogarniesz geniuszu Micha\u0142a Anio\u0142a. Kiedy jest si\u0119  tam, na miejscu, \u017cycie cofa si\u0119 w czasie, a cz\u0142owiek w obliczu tego  arcydzie\u0142a staje si\u0119 malusie\u0144k\u0105, mikroskopijn\u0105 cz\u0105stk\u0105 Boskiego \u0141adu,  nie rozumiej\u0105c, jak to mog\u0142o by\u0107 stworzone bez komputer\u00f3w, d\u017awig\u00f3w  (Bazylika \u015aw. Piotra). W tym miejscu, w tej Kaplicy wybrano Jana Paw\u0142a  II, tam te\u017c wybrano Papie\u017ca Franciszka i wszystkich, poprzednich  biskup\u00f3w Rzymu.<\/span><\/p>\n<p dir=\"ltr\" style=\"margin-top: 0pt; margin-bottom: 0pt\"><span style=\"font-size: 13px; font-family: Verdana; color: #000000; background-color: transparent; font-weight: normal; font-style: normal; font-variant: normal; text-decoration: none; vertical-align: baseline\">A  dzi\u015b? Dzi\u015b wszyscy mo\u017cni tego \u015bwiata udaj\u0105, \u017ce da si\u0119 omin\u0105\u0107 Boga,  mo\u017cna usun\u0105\u0107 Krzy\u017c, mo\u017cna go zdepta\u0107, zala\u0107 piwem, w\u00f3dk\u0105, moczem i mo\u017cna  to zrobi\u0107 bezkarnie, na oczach rz\u0105dz\u0105cych. Czy aby na pewno? Kara ju\u017c  wisi nad Polsk\u0105 i&#8230; nad Europ\u0105, ale i nad USA. I to b\u0119dzie kara, kt\u00f3rej  oni, rzadz\u0105cy nie s\u0105 w stanie unikn\u0105\u0107. Szkoda tylko, \u017ce skutki dotkn\u0105  ca\u0142e spo\u0142ecze\u0144stwa. Ale to pewnie dlatego, \u017ce s\u0105 takie g\u0142upie i  wybieraj\u0105 takich w\u0142a\u015bnie rz\u0105dz\u0105cych.<\/span><\/p>\n<p dir=\"ltr\" style=\"margin-top: 0pt; margin-bottom: 0pt\"><span style=\"font-size: 13px; font-family: Verdana; color: #000000; background-color: transparent; font-weight: normal; font-style: normal; font-variant: normal; text-decoration: none; vertical-align: baseline\">Dwa  tygodnie temu, po sumie, lektorka og\u0142osi\u0142a: \u201cpozosta\u0144my jeszcze na  troch\u0119 i odm\u00f3wmy r\u00f3\u017caniec za Ojczyzn\u0119\u201d &#8211; wysz\u0142o dwie trzecie Rodak\u00f3w,  zatroskanych o niedzielny obiad, spotkania ze znajomymi, fiu-bzdziu, i  inne ha, ha, ha. S\u0142owo \u201cOjczyzna\u201d nie zrobi\u0142o na nich najmniejszego  wra\u017cenia. \u201cR\u00f3\u017caniec\u201d te\u017c. Szkoda by\u0142o po\u015bwi\u0119ci\u0107 Ojczy\u017anie i Bogu jeszcze 20 minut po mszy.<\/span><\/p>\n<p dir=\"ltr\" style=\"margin-top: 0pt; margin-bottom: 0pt\"><span style=\"font-size: 13px; font-family: Verdana; color: #000000; background-color: transparent; font-weight: normal; font-style: normal; font-variant: normal; text-decoration: none; vertical-align: baseline\">Mam  ca\u0142y ogrom spostrze\u017ce\u0144 na temat naszych \u201csposob\u00f3w\u201d wyznawania wiary.  Mo\u017ce innym razem. Mo\u017ce Zmartwychwstanie przyniesie troch\u0119 refleksji&#8230;<\/span><\/p>\n<p><span style=\"font-size: 13px; font-family: Verdana; color: #000000; background-color: transparent; font-weight: normal; font-style: normal; font-variant: normal; text-decoration: none; vertical-align: baseline\">\u017bycz\u0119  wszystkim Czytelnikom i wszystkim Rodakom w kraju i na emigracji,  spokojnych, zdrowych, radosnych i B\u0142ogos\u0142awionych \u015awi\u0105t Zmartwychwstania  Pa\u0144skiego. <\/span><\/p>\n","protected":false},"excerpt":{"rendered":"<p>S\u0142owo z dw\u00f3ch s\u0142\u00f3w: Wielka Noc; Zmartychwstanie; Z Martwych Wstanie. Tylko chyba j\u0119zyk polski tak genialnie pozlepia\u0142 te s\u0142owa.<\/p>\n","protected":false},"author":2,"featured_media":0,"comment_status":"open","ping_status":"open","sticky":false,"template":"","format":"standard","meta":[],"categories":[1],"tags":[],"_links":{"self":[{"href":"https:\/\/sporek.com\/blog\/index.php?rest_route=\/wp\/v2\/posts\/377"}],"collection":[{"href":"https:\/\/sporek.com\/blog\/index.php?rest_route=\/wp\/v2\/posts"}],"about":[{"href":"https:\/\/sporek.com\/blog\/index.php?rest_route=\/wp\/v2\/types\/post"}],"author":[{"embeddable":true,"href":"https:\/\/sporek.com\/blog\/index.php?rest_route=\/wp\/v2\/users\/2"}],"replies":[{"embeddable":true,"href":"https:\/\/sporek.com\/blog\/index.php?rest_route=%2Fwp%2Fv2%2Fcomments&post=377"}],"version-history":[{"count":0,"href":"https:\/\/sporek.com\/blog\/index.php?rest_route=\/wp\/v2\/posts\/377\/revisions"}],"wp:attachment":[{"href":"https:\/\/sporek.com\/blog\/index.php?rest_route=%2Fwp%2Fv2%2Fmedia&parent=377"}],"wp:term":[{"taxonomy":"category","embeddable":true,"href":"https:\/\/sporek.com\/blog\/index.php?rest_route=%2Fwp%2Fv2%2Fcategories&post=377"},{"taxonomy":"post_tag","embeddable":true,"href":"https:\/\/sporek.com\/blog\/index.php?rest_route=%2Fwp%2Fv2%2Ftags&post=377"}],"curies":[{"name":"wp","href":"https:\/\/api.w.org\/{rel}","templated":true}]}}