{"id":381,"date":"2013-04-20T22:16:20","date_gmt":"2013-04-21T02:16:20","guid":{"rendered":"http:\/\/sporek.com\/blog\/?p=381"},"modified":"2013-04-20T22:26:42","modified_gmt":"2013-04-21T02:26:42","slug":"wybory-do-unii","status":"publish","type":"post","link":"https:\/\/sporek.com\/blog\/?p=381","title":{"rendered":"Wybory do Unii"},"content":{"rendered":"<p dir=\"ltr\" style=\"line-height: 1.15; margin-top: 0pt; margin-bottom: 0pt\"><span style=\"font-size: 13px; font-family: Verdana; color: #000000; background-color: transparent; font-weight: normal; font-style: normal; font-variant: normal; text-decoration: none; vertical-align: baseline\">Wiem,  wiem, &#8211; dawno nie pisa\u0142em o naszej najs\u0142awetniejszej organizacji  finansowej; Unii, Sp\u00f3\u0142dzielni, oazie demokracji, uczciwo\u015bci, rozs\u0105dku,  gospodarno\u015bci, przejrzysto\u015bci. Spr\u00f3buj\u0119 to jako\u015b naprawi\u0107. Okazja jest  ca\u0142kiem na czasie, &#8211; lada dzie\u0144 dostaniemy poczt\u0105 karty wyborcze i  apeluj\u0119: nie wyrzucajcie ich do kosza!!! <\/span><!--more--><span style=\"font-size: 13px; font-family: Verdana; color: #000000; background-color: transparent; font-weight: normal; font-style: normal; font-variant: normal; text-decoration: none; vertical-align: baseline\">Ode\u015blijcie, zag\u0142osujcie. Zaraz  Wam powiem na kogo i dlaczego. Powinni\u015bmy jak najliczniej wzi\u0105\u0107 udzia\u0142 w  wyborach, bo czas najwy\u017cszy zainteresowa\u0107 si\u0119 nasz\u0105 Uni\u0105, poniewa\u017c  dopu\u015bcili\u015bmy do tego, \u017ce w tej naszej, kochanej sk\u0105din\u0105d instytucji  karty rozdaje cz\u0142owiek niemaj\u0105cy nic wsp\u00f3lnego z rad\u0105 dyrektor\u00f3w, bo nie  jest jej cz\u0142onkiem i niemaj\u0105cy zielonego poj\u0119cia o bankowo\u015bci, bo po  prostu nie ma adekwatnego wykszta\u0142cenia, nie m\u00f3wi\u0105c o tym, \u017ce swoj\u0105  edukacj\u0119 zako\u0144czy\u0142 na poziomie kt\u00f3rej\u015b tam klasy szko\u0142y \u015bredniej, a  do\u015bwiadczenie zawodowe pog\u0142\u0119bia\u0142 z milicyjn\u0105 pa\u0142k\u0105 w r\u0119ce, za czas\u00f3w  PRL-owskiego prosperity. Dzisiaj, tutaj wspieraj\u0105 go co bardziej  przestraszeni o swoje horrendalne po\u017cyczki polonijni biznesmeni i nawet  tacy, kt\u00f3rzy przez wiele lat udawali, \u017ce wszystko, co zwi\u0105zane z  komunizmem ich brzydzi. Teraz wspieraj\u0105 milicjanta poka\u017anymi kwotami, a  ten krzyczy, pisze wredne artyku\u0142y (drukuj\u0105 go gazecid\u0142a te\u017c niby  antykomunistyczne), wyrzuca m\u0105drych ludzi i sp\u00f3\u0142kuje z tymi, dzi\u0119ki  kt\u00f3rym, w ostatnim czasie ka\u017cdy dolar \u201cobracany\u201d w naszej Unii przynosi  koszty operacyjne w wysoko\u015bci prawie 85 cent\u00f3w; tych, kt\u00f3rzy sprzedali  innym bankom najlepsze po\u017cyczki, na kt\u00f3rych nasz bank m\u00f3g\u0142 zarabia\u0107 i  tych, kt\u00f3rzy, zw\u0142aszcza w ostatnim roku przyrzekali przejrzysto\u015b\u0107 i  niewydawanie pieni\u0119dzy na s\u0105dy, ale oczywi\u015bcie tych obietnic nie  dotrzymali.<\/span><\/p>\n<p dir=\"ltr\" style=\"line-height: 1.15; margin-top: 0pt; margin-bottom: 0pt\"><span style=\"font-size: 13px; font-family: Verdana; color: #000000; background-color: transparent; font-weight: normal; font-style: normal; font-variant: normal; text-decoration: none; vertical-align: baseline\">G\u0142osowa\u0107  trzeba, bo i czas najwy\u017cszy, aby wreszcie odeszli ci, kt\u00f3rzy w radzie  dyrektor\u00f3w wyleguj\u0105 si\u0119 od ponad 15 lat i po drodze narazili Uni\u0119  Kredytow\u0105 na setki tysi\u0119cy dolar\u00f3w strat. Dolar\u00f3w wydanych na prawnik\u00f3w  do obrony ich i ich kumpli, a brane (kradzione) ciep\u0142\u0105 r\u0105czk\u0105 z zasob\u00f3w  wypracowanych z naszych oszcz\u0119dno\u015bci. <\/span><\/p>\n<p dir=\"ltr\" style=\"line-height: 1.15; margin-top: 0pt; margin-bottom: 0pt\"><span style=\"font-size: 13px; font-family: Verdana; color: #000000; background-color: transparent; font-weight: normal; font-style: normal; font-variant: normal; text-decoration: none; vertical-align: baseline\">Ja  si\u0119 zastanawiam, czy na przyk\u0142ad pan Matyszczyk ma zamiar siedzie\u0107 ju\u017c w  tej radzie do emerytury? Siedzi w niej, z niewielk\u0105 przerw\u0105, od 1996  roku. Przyczyni\u0142 si\u0119 walnie do wyrzucenia dra Bortnika, kt\u00f3remu &#8211;  powt\u00f3rz\u0119 to jeszcze raz &#8211; wiedz\u0105 o bankowo\u015bci nie si\u0119ga nawet do pi\u0119t.  R\u00f3wnie wielk\u0105 przewag\u0119 nad Matyszczykiem dr. Bortnik ma w kwestii tzw.  \u201cRoberts Rules of Order\u201d. Nie pisa\u0142bym tego, gdybym nie by\u0142 \u015bwiadkiem  \u015bmiesznego zdarzenia, podczas posiedzenia rady dyrektor\u00f3w. \u00d3wcze\u015bnie  sprawuj\u0105cy funkcj\u0119 \u201cradca prawny\u201d Unii, nie m\u00f3g\u0142 odpowiedzie\u0107 na pytanie  cz\u0142onk\u00f3w rady, m\u00f3wi\u0105c, \u017ce sprawdzi to w \u201cRRO\u201d. I wtedy Tomasz Bortnik  podszed\u0142 do niego z ksi\u0105\u017ck\u0105 Robert\u2019s Rules i pokaza\u0142 mu konkretn\u0105  stron\u0119, na kt\u00f3rej by\u0142a odpowied\u017a, &#8211; czarno-na bia\u0142ym. Ani najstarszy  sta\u017cem Matyszczyk, ani teoretycznie zobowi\u0105zany do posiadania takiej  wiedzy radca prawny nie potrafili znale\u017a\u0107 tej odpowiedzi.<\/span><\/p>\n<p dir=\"ltr\" style=\"line-height: 1.15; margin-top: 0pt; margin-bottom: 0pt\"><span style=\"font-size: 13px; font-family: Verdana; color: #000000; background-color: transparent; font-weight: normal; font-style: normal; font-variant: normal; text-decoration: none; vertical-align: baseline\">Bortnika  trzeba by\u0142o wyrzuci\u0107, bo tak kaza\u0142 milicjant i sekunduj\u0105cy mu w tym  Marek Wysocki. I, o dziwo, dzi\u015b Marek Wysocki kandyduje do rady. Czy\u017cby  takie by\u0142y plany? A jak\u0105 nagrod\u0119 dostanie za swoje pos\u0142usze\u0144stwo  trzyfakultetowa przewodnicz\u0105ca? Etat w Chicago? Nie zdziwi\u0142bym si\u0119, bo  ta grupka umie si\u0119 sobie nawzajem odwdzi\u0119cza\u0107. Nawiasem m\u00f3wi\u0105c, to  prosz\u0119 o wyja\u015bnienie, czy Unia zap\u0142aci\u0142a za wyjazd pani Wierzbowskiej na  jakie\u015b tam spotkania (?) w Ministerstwie Spraw Zagranicznych? Je\u015bli  tak, to z jakiej racji? Czy spotkania w MSZ mia\u0142y co\u015b wsp\u00f3lnego z Uni\u0105  Kredytow\u0105? Je\u015bli tak, co co?<\/span><\/p>\n<p dir=\"ltr\" style=\"line-height: 1.15; margin-top: 0pt; margin-bottom: 0pt\"><span style=\"font-size: 13px; font-family: Verdana; color: #000000; background-color: transparent; font-weight: normal; font-style: normal; font-variant: normal; text-decoration: none; vertical-align: baseline\">A teraz moje kandydatury:<\/span><\/p>\n<p><span style=\"font-size: 13px; font-family: Verdana; color: #000000; background-color: transparent; font-weight: normal; font-style: normal; font-variant: normal; text-decoration: none; vertical-align: baseline\"><\/span><\/p>\n<p dir=\"ltr\" style=\"line-height: 1.15; margin-top: 0pt; margin-bottom: 0pt\"><span style=\"font-size: 13px; font-family: Verdana; color: #000000; background-color: transparent; font-weight: bold; font-style: normal; font-variant: normal; text-decoration: none; vertical-align: baseline\">Ryszard F. B\u0105k- <\/span><span style=\"font-size: 13px; font-family: Verdana; color: #000000; background-color: transparent; font-weight: normal; font-style: normal; font-variant: normal; text-decoration: none; vertical-align: baseline\">Jest prezesem Polonia Technica. Znam go i popieram.<\/span><\/p>\n<p dir=\"ltr\" style=\"line-height: 1.15; margin-top: 0pt; margin-bottom: 0pt\"><span style=\"font-size: 13px; font-family: Verdana; color: #000000; background-color: transparent; font-weight: bold; font-style: normal; font-variant: normal; text-decoration: none; vertical-align: baseline\">Pawe\u0142 Pachacz &#8211; <\/span><span style=\"font-size: 13px; font-family: Verdana; color: #000000; background-color: transparent; font-weight: normal; font-style: normal; font-variant: normal; text-decoration: none; vertical-align: baseline\">my\u015bli  podobnie, jak Leon Kokoszka, a Leon jest w tej chwili, w tym babi\u0144cu  najbardziej zdroworozs\u0105dkowo my\u015bl\u0105cym dyrektorem. (wi\u0119kszo\u015b\u0107 \u017ce\u0144ska jest  w tej radzie przera\u017caj\u0105ca &#8211; nie jestem antyfeminist\u0105, wr\u0119cz odwrotnie,  ale czasem do pasji doprowadza\u0142a mnie niemo\u017cliwo\u015b\u0107 prowadzenia dyskusji,  bo ta pani tak, a tamta tak, a czas lecia\u0142 i nic si\u0119 nie da\u0142o zrobi\u0107).<\/span><\/p>\n<p dir=\"ltr\" style=\"line-height: 1.15; margin-top: 0pt; margin-bottom: 0pt\"><span style=\"font-size: 13px; font-family: Verdana; color: #000000; background-color: transparent; font-weight: bold; font-style: normal; font-variant: normal; text-decoration: none; vertical-align: baseline\">Zygmunt Staszewski &#8211; <\/span><span style=\"font-size: 13px; font-family: Verdana; color: #000000; background-color: transparent; font-weight: normal; font-style: normal; font-variant: normal; text-decoration: none; vertical-align: baseline\">to te\u017c m\u00f3j typ i to mocny. No, i wreszcie-<\/span><\/p>\n<p dir=\"ltr\" style=\"line-height: 1.15; margin-top: 0pt; margin-bottom: 0pt\"><span style=\"font-size: 13px; font-family: Verdana; color: #000000; background-color: transparent; font-weight: bold; font-style: normal; font-variant: normal; text-decoration: none; vertical-align: baseline\">Ma\u0142gorzata W\u0105do\u0142owska &#8211; <\/span><span style=\"font-size: 13px; font-family: Verdana; color: #000000; background-color: transparent; font-weight: normal; font-style: normal; font-variant: normal; text-decoration: none; vertical-align: baseline\">widzia\u0142em  Ma\u0142ogosi\u0119 w akcji i cho\u0107 kiedy\u015b tam czepia\u0142em si\u0119 jej w moich  artyku\u0142ach, to uwa\u017cam, \u017ce ma ona spor\u0105 wiedz\u0119 i je\u015bli przez okres  przerwy otwar\u0142y si\u0119 jej oczy na niekt\u00f3re sprawy, to jestem pewien, \u017ce  b\u0119dzie bardzo pozytywnym cz\u0142onkiem nowej rady. Dlaczego nie optuj\u0119 za  innymi z tzw. \u201cnowych\u201d, zar\u00f3wno mianowanych, jak i tych zbieraj\u0105cych  podopisy? Proste: \u017caden z nich nie przekona\u0142 mnie swoj\u0105 dotychczasow\u0105  dzia\u0142alno\u015bci\u0105, \u017ce mo\u017ce gwarantowa\u0107 zaprowadzenie zmian na lepsze.<\/span><\/p>\n<p dir=\"ltr\" style=\"line-height: 1.15; margin-top: 0pt; margin-bottom: 0pt\"><span style=\"font-size: 13px; font-family: Verdana; color: #000000; background-color: transparent; font-weight: normal; font-style: normal; font-variant: normal; text-decoration: none; vertical-align: baseline\">A  ju\u017c tych dwoje kandydat\u00f3w, kt\u00f3rzy nie podaj\u0105 w \u017cyciorysach, ani gdzie  pracuj\u0105, ani, jakie maj\u0105 wykszta\u0142cenie, ani do jakich organizacji  polonijnych nale\u017c\u0105, eliminuj\u0119 od razu i bez zb\u0119dnego tracenia czasu na  decyzj\u0119. Nie wierz\u0119 ludziom, kt\u00f3rzy chc\u0105 sprawowa\u0107 funkcje publiczne,  ale nie chc\u0105 poda\u0107 jakie maj\u0105 wykszta\u0142cenie, zaw\u00f3d wyuczony, wykonywany i z czego si\u0119 utrzymuj\u0105. To jacy\u015b cichociemni, kt\u00f3rym nie odda\u0142bym do pilnowania nawet  zdezelowanego roweru, a co dopiero tak zacnej instytucji.<\/span><\/p>\n<p dir=\"ltr\" style=\"line-height: 1.15; margin-top: 0pt; margin-bottom: 0pt\"><span style=\"font-size: 13px; font-family: Verdana; color: #000000; background-color: transparent; font-weight: normal; font-style: normal; font-variant: normal; text-decoration: none; vertical-align: baseline\">A  teraz o sprawie, \u015bwiadcz\u0105cej o tym, \u017ce kto\u015b, kto przygotowywa\u0142 te  \u017cyciorysy na stronie internetowej Unii jest albo z\u0142o\u015bliwy, albo nie ma  poj\u0119cia, co robi. M\u00f3wi\u0119 o rodzaju czcionki, jak\u0105 napisano te \u017cyciorysy  po polsku. Ale ju\u017c w j\u0119zyku angielskim s\u0105 napisane przyzwoit\u0105, \u0142atwo  czyteln\u0105 czcionk\u0105. Co stanowi\u0142o trudno\u015b\u0107, aby t\u0119 sam\u0105 czcionk\u0119 u\u017cy\u0107 do  j\u0119zyka polskiego? Trudno mi to wyt\u0142umaczy\u0107, wi\u0119c mo\u017ce kto\u015b si\u0119 tego  podejmie. Ale \u201ckto\u015b\u201d to sprawdza\u0142, \u201ckto\u015b\u201d jest odpowiedzialny za  wypuszczenie tego w Internet. Tym \u201cktosiem\u201d powinna by\u0107 obecna  przewodnicz\u0105ca. No, to bym si\u0119 za bardzo nie dziwi\u0142. I dobrze, \u017ce ni  st\u0105d, ni zow\u0105d ta pani nie zg\u0142osi\u0142a swojej kandydatury. Ale ja bym si\u0119  tak nie cieszy\u0142. Raczej b\u0119d\u0119 obserwowa\u0142 jej \u201czawodow\u0105\u201d drog\u0119 w naszej  Unii, bo co\u015b mi m\u00f3wi, \u017ce to wcale nie koniec.<\/span><\/p>\n<p dir=\"ltr\" style=\"line-height: 1.15; margin-top: 0pt; margin-bottom: 0pt\"><span style=\"font-size: 13px; font-family: Verdana; color: #000000; background-color: transparent; font-weight: normal; font-style: normal; font-variant: normal; text-decoration: none; vertical-align: baseline\">I  jeszcze jedno: kilka dni temu podszed\u0142 do mnie na Nassau Avenue, w pobli\u017cu Adam&#8217;s Delicatessen pewien  starszy (ode mnie) pan, znany mi z r\u00f3\u017cnych, polonijnych spotka\u0144, Do\u015b\u0107  nie\u015bmia\u0142o zapyta\u0142, czy wiem, kiedy te \u017cyciorysy b\u0119d\u0105 og\u0142oszone, \u201cbo to  ju\u017c, wie pan, trzeba te balloty wysy\u0142a\u0107\u201d. Uspokoi\u0142em go, \u017ce lada dzie\u0144  b\u0119d\u0105 na stronie Unii, a za nast\u0119pne kilka dni pewnie listonosze wrzuc\u0105  je do naszych skrzynek pocztowych. I wtedy ten pan powiedzia\u0142 mi dziwn\u0105  rzecz. Ot\u00f3\u017c stwierdzi\u0142, \u017ce czuje si\u0119, jakby zobowi\u0105zany, \u017ceby zag\u0142osowa\u0107  na jednego z kandydat\u00f3w, ale osobi\u015bcie nigdy ju\u017c tego kandydata by nie  wybiera\u0142.<\/span><\/p>\n<p dir=\"ltr\" style=\"line-height: 1.15; margin-top: 0pt; margin-bottom: 0pt\"><span style=\"font-size: 13px; font-family: Verdana; color: #000000; background-color: transparent; font-weight: normal; font-style: normal; font-variant: normal; text-decoration: none; vertical-align: baseline\">-To co, czuje si\u0119 pan zastraszony?<\/span><\/p>\n<p dir=\"ltr\" style=\"line-height: 1.15; margin-top: 0pt; margin-bottom: 0pt\"><span style=\"font-size: 13px; font-family: Verdana; color: #000000; background-color: transparent; font-weight: normal; font-style: normal; font-variant: normal; text-decoration: none; vertical-align: baseline\">-No, nie a\u017c tak, ale jako\u015b mi tak dziwnie, bo wie pan, jestem jakby troch\u0119 od niego uzale\u017cniony.<\/span><\/p>\n<p dir=\"ltr\" style=\"line-height: 1.15; margin-top: 0pt; margin-bottom: 0pt\"><span style=\"font-size: 13px; font-family: Verdana; color: #000000; background-color: transparent; font-weight: normal; font-style: normal; font-variant: normal; text-decoration: none; vertical-align: baseline\">Wkurzy\u0142em si\u0119 i powiedzia\u0142em do\u015b\u0107 niegrzecznie, \u017ce nie mam ochoty na tego typu dyskusje:<\/span><\/p>\n<p dir=\"ltr\" style=\"line-height: 1.15; margin-top: 0pt; margin-bottom: 0pt\"><span style=\"font-size: 13px; font-family: Verdana; color: #000000; background-color: transparent; font-weight: normal; font-style: normal; font-variant: normal; text-decoration: none; vertical-align: baseline\">-Niby  mieszka pan w wolnym kraju od wielu lat, a mam pan ci\u0105gle te zakichane  przyzwyczajenia z komuny &#8211; wygarn\u0105\u0142em. Powiem panu jedn\u0105 rzecz,  oczywist\u0105: pan nie jest zobowi\u0105zany nikomu m\u00f3wi\u0107, jak pan g\u0142osowa\u0142, a  ten kandydat, czy ta kandydatka nie b\u0119d\u0105 panu stali nad g\u0142ow\u0105 i  sprawdzali, jak pan skre\u015bla.<\/span><\/p>\n<p dir=\"ltr\" style=\"line-height: 1.15; margin-top: 0pt; margin-bottom: 0pt\"><span style=\"font-size: 13px; font-family: Verdana; color: #000000; background-color: transparent; font-weight: normal; font-style: normal; font-variant: normal; text-decoration: none; vertical-align: baseline\">-I co, my\u015bli pan, \u017ce si\u0119 nie dowie?<\/span><\/p>\n<p dir=\"ltr\" style=\"line-height: 1.15; margin-top: 0pt; margin-bottom: 0pt\"><span style=\"font-size: 13px; font-family: Verdana; color: #000000; background-color: transparent; font-weight: normal; font-style: normal; font-variant: normal; text-decoration: none; vertical-align: baseline\">Tego ju\u017c by\u0142o za wiele:<\/span><\/p>\n<p dir=\"ltr\" style=\"line-height: 1.15; margin-top: 0pt; margin-bottom: 0pt\"><span style=\"font-size: 13px; font-family: Verdana; color: #000000; background-color: transparent; font-weight: normal; font-style: normal; font-variant: normal; text-decoration: none; vertical-align: baseline\">-Niech  pan g\u0142osuje na tego swojego kandydata, czy kandydatk\u0119 &#8211; wybuchn\u0105\u0142em, &#8211;  ale ja, na pana miejscu skre\u015bla\u0142bym wed\u0142ug w\u0142asnego rozumu, serca i  sumienia. <\/span><\/p>\n<p dir=\"ltr\" style=\"line-height: 1.15; margin-top: 0pt; margin-bottom: 0pt\"><span style=\"font-size: 13px; font-family: Verdana; color: #000000; background-color: transparent; font-weight: normal; font-style: normal; font-variant: normal; text-decoration: none; vertical-align: baseline\">Zatem  we\u017amy udzia\u0142 w tegorocznych wyborach, bo naprawd\u0119 z Uni\u0105 dobrze nie  jest, a mo\u017ce by\u0107 znacznie gorzej. A to w ko\u0144cu nasza ostoja. By\u0142y  szanse, za panowania Oskara Mielczarka, \u017ce zmieni si\u0119 wiele na lepsze.  Sitwa po\u0142o\u017cy\u0142a \u0142ap\u0119: 25 marca 2012 wyrzucili z rady (i z Unii w og\u00f3le)  pi\u0119ciu dyrektor\u00f3w. I to tych, kt\u00f3rzy zastopowali wielomilionowe inwestycje w Chicago (dziwi\u0119 si\u0119, \u017ce mnie te\u017c za to nie wylali), a dwa miesi\u0105ce p\u00f3\u017aniej, w maju zwolnili najlepiej do tej funkcji  przygotowanego dyrektora wykonawczego, ale od tamtego czasu nie zrobili  nic, aby poprawi\u0107 sytuacj\u0119. Wr\u0119cz odwrotnie; s\u0105 nowi znajomi na etatach,  ba\u0142agan z po\u017cyczkami, sprawy s\u0105dowe i straty, no i czywi\u015bcie prze\u015bmieszne oprocentaowania.<\/span><\/p>\n<p dir=\"ltr\" style=\"line-height: 1.15; margin-top: 0pt; margin-bottom: 0pt\"><span style=\"font-size: 13px; font-family: Verdana; color: #000000; background-color: transparent; font-weight: normal; font-style: normal; font-variant: normal; text-decoration: none; vertical-align: baseline\">Wewn\u0119trznie czuj\u0119, \u017ce kandydaci, kt\u00f3rych rekomenduj\u0119 b\u0119d\u0105 w stanie wiele zmieni\u0107.<\/span><\/p>\n<p dir=\"ltr\" style=\"line-height: 1.15; margin-top: 0pt; margin-bottom: 0pt\"><span style=\"font-size: 13px; font-family: Verdana; color: #000000; background-color: transparent; font-weight: normal; font-style: normal; font-variant: normal; text-decoration: none; vertical-align: baseline\">Oczywi\u015bcie,  b\u0119d\u0119 jednym z pierwszych, kt\u00f3rzy b\u0119d\u0105 ich na \u201cspotkaniach  informacyjnych\u201d rozliczali z ich dzia\u0142a\u0144. Podczas mojej trzyletniej  kadencji nauczy\u0142em si\u0119 nie\u017ale czyta\u0107 te s\u0142upki i b\u0119dzie Wam ci\u0119\u017cko mnie  wysterowa\u0107, Kandydaci. Wi\u0119c, gdyby los si\u0119 do Was u\u015bmiechn\u0105\u0142, to ju\u017c  dzi\u015b Wam m\u00f3wi\u0119, &#8211; lekko nie b\u0119dzie.<\/span><\/p>\n","protected":false},"excerpt":{"rendered":"<p>Wiem, wiem, &#8211; dawno nie pisa\u0142em o naszej najs\u0142awetniejszej organizacji finansowej; Unii, Sp\u00f3\u0142dzielni, oazie demokracji, uczciwo\u015bci, rozs\u0105dku, gospodarno\u015bci, przejrzysto\u015bci. Spr\u00f3buj\u0119 to jako\u015b naprawi\u0107. Okazja jest ca\u0142kiem na czasie, &#8211; lada dzie\u0144 dostaniemy poczt\u0105 karty wyborcze i apeluj\u0119: nie wyrzucajcie ich do kosza!!!<\/p>\n","protected":false},"author":2,"featured_media":0,"comment_status":"open","ping_status":"open","sticky":false,"template":"","format":"standard","meta":[],"categories":[3],"tags":[],"_links":{"self":[{"href":"https:\/\/sporek.com\/blog\/index.php?rest_route=\/wp\/v2\/posts\/381"}],"collection":[{"href":"https:\/\/sporek.com\/blog\/index.php?rest_route=\/wp\/v2\/posts"}],"about":[{"href":"https:\/\/sporek.com\/blog\/index.php?rest_route=\/wp\/v2\/types\/post"}],"author":[{"embeddable":true,"href":"https:\/\/sporek.com\/blog\/index.php?rest_route=\/wp\/v2\/users\/2"}],"replies":[{"embeddable":true,"href":"https:\/\/sporek.com\/blog\/index.php?rest_route=%2Fwp%2Fv2%2Fcomments&post=381"}],"version-history":[{"count":0,"href":"https:\/\/sporek.com\/blog\/index.php?rest_route=\/wp\/v2\/posts\/381\/revisions"}],"wp:attachment":[{"href":"https:\/\/sporek.com\/blog\/index.php?rest_route=%2Fwp%2Fv2%2Fmedia&parent=381"}],"wp:term":[{"taxonomy":"category","embeddable":true,"href":"https:\/\/sporek.com\/blog\/index.php?rest_route=%2Fwp%2Fv2%2Fcategories&post=381"},{"taxonomy":"post_tag","embeddable":true,"href":"https:\/\/sporek.com\/blog\/index.php?rest_route=%2Fwp%2Fv2%2Ftags&post=381"}],"curies":[{"name":"wp","href":"https:\/\/api.w.org\/{rel}","templated":true}]}}