{"id":382,"date":"2013-04-23T14:53:32","date_gmt":"2013-04-23T18:53:32","guid":{"rendered":"http:\/\/sporek.com\/blog\/?p=382"},"modified":"2013-04-23T14:53:33","modified_gmt":"2013-04-23T18:53:33","slug":"kij-w-polonie","status":"publish","type":"post","link":"https:\/\/sporek.com\/blog\/?p=382","title":{"rendered":"Kij w &#8230;Poloni\u0119"},"content":{"rendered":"<p dir=\"ltr\" style=\"line-height: 1.15; margin-top: 0pt; margin-bottom: 0pt\"><span style=\"font-size: 13px; font-family: Verdana; color: #000000; background-color: transparent; font-weight: normal; font-style: normal; font-variant: normal; text-decoration: none; vertical-align: baseline\">W\u0142o\u017cy\u0142em  ten przys\u0142owiowy kij w polonijne mrowisko ca\u0142kowicie \u015bwiadomie i z  premedytacj\u0105. Dyskusja uwidacznia kilka, co najmniej zjawisk:<\/span><!--more--><\/p>\n<p dir=\"ltr\" style=\"line-height: 1.15; margin-top: 0pt; margin-bottom: 0pt\"><span style=\"font-size: 13px; font-family: Verdana; color: #000000; background-color: transparent; font-weight: normal; font-style: normal; font-variant: normal; text-decoration: none; vertical-align: baseline\">1  &#8211; nie ma na kogo g\u0142osowa\u0107 (cho\u0107 moim zdaniem Pawe\u0142 Pachacz jest  jedynym, kt\u00f3remu ci\u0105gle warto da\u0107 t\u0119 szans\u0119, bo w radzie nie by\u0142, a jako  wieletni cz\u0142onek komisji rewizyjnej wie du\u017co i wie, od kt\u00f3rej strony  ugry\u017a\u0107 to przygni\u0142e jab\u0142ko). Ale i do Niego mam pretensje, \u017ce nie doko\u0144czy\u0142 sprawy budowy &#8222;meczetu&#8221; przy McGuinnes Blvd. Mo\u017ce wi\u0119c teraz&#8230;?<br \/>\n<\/span><\/p>\n<p dir=\"ltr\" style=\"line-height: 1.15; margin-top: 0pt; margin-bottom: 0pt\"><span style=\"font-size: 13px; font-family: Verdana; color: #000000; background-color: transparent; font-weight: normal; font-style: normal; font-variant: normal; text-decoration: none; vertical-align: baseline\">2 &#8211; Polonijne spo\u0142ecze\u0144stwo jest doskonale zorientowane na temat kandydat\u00f3w i te wiadomo\u015bci zawarte s\u0105 w komentarzach.<\/span><\/p>\n<p dir=\"ltr\" style=\"line-height: 1.15; margin-top: 0pt; margin-bottom: 0pt\">&nbsp;<\/p>\n<p dir=\"ltr\" style=\"line-height: 1.15; margin-top: 0pt; margin-bottom: 0pt\"><span style=\"font-size: 13px; font-family: Verdana; color: #000000; background-color: transparent; font-weight: normal; font-style: normal; font-variant: normal; text-decoration: none; vertical-align: baseline\">Gdybym  optowa\u0142 w spos\u00f3b bezdyskusyjny za kandydatami, o kt\u00f3rych pisa\u0142em, to  nie wpu\u015bci\u0142bym \u017cadnych komentarzy. Ale w\u0142a\u015bnie o to chodzi\u0142o, \u017ceby\u015bmy  zacz\u0119li g\u0142o\u015bno m\u00f3wi\u0107. Sami widzimy, jak spraw\u0119 wybor\u00f3w traktuj\u0105 gazety:  jak si\u0119 im zap\u0142aci, to daj\u0105 pot\u0119\u017cne artyku\u0142y (tak to pracuje i \u017cadna to  nowo\u015b\u0107), ale czy wszyscy maj\u0105 pieni\u0105dze na takie promowanie siebie? &#8211;  Nie s\u0105dz\u0119.<\/span><\/p>\n<p dir=\"ltr\" style=\"line-height: 1.15; margin-top: 0pt; margin-bottom: 0pt\"><span style=\"font-size: 13px; font-family: Verdana; color: #000000; background-color: transparent; font-weight: normal; font-style: normal; font-variant: normal; text-decoration: none; vertical-align: baseline\">Zgodnie z propozycj\u0105 jednej z \u201ckomentatorek\u201d otwieram mojego bloga dla Kandydat\u00f3w i niech si\u0119 t\u0142umacz\u0105. ZA DARMO.<\/span><\/p>\n<p dir=\"ltr\" style=\"line-height: 1.15; margin-top: 0pt; margin-bottom: 0pt\"><span style=\"font-size: 13px; font-family: Verdana; color: #000000; background-color: transparent; font-weight: normal; font-style: normal; font-variant: normal; text-decoration: none; vertical-align: baseline\">Zgadzam  si\u0119 z komentarzem, \u017ce tak \u017ale jeszcze nie by\u0142o &#8211; pozwol\u0119 sobie nawet na  taki \u201csamo\u017cart\u201d: tak \u017ale nie by\u0142o nawet wtedy, gdy ja, jako muzyk  kandydowa\u0142em do tej rady.<\/span><\/p>\n<p dir=\"ltr\" style=\"line-height: 1.15; margin-top: 0pt; margin-bottom: 0pt\"><span style=\"font-size: 13px; font-family: Verdana; color: #000000; background-color: transparent; font-weight: normal; font-style: normal; font-variant: normal; text-decoration: none; vertical-align: baseline\">Te  \u017cyciorysy, to jaka\u015b nowomowa be\u0142koc\u0105cego pijaka. \u017badnych konkret\u00f3w. Czego\u015b tak  kompromituj\u0105cego nie widzia\u0142em ju\u017c dawno. Gdyby kt\u00f3ry\u015b z tych kandydat\u00f3w  stara\u0142 si\u0119 o prac\u0119 u mnie, na pewno by jej nie otrzyma\u0142, bo z tych  \u017cyciorys\u00f3w nic nie wynika. Ju\u017c nie pisze si\u0119, \u017ce \u201cuzyska\u0142 dyplom  uko\u0144czenia\u201d, ale uzyska\u0142 \u201cuprawnienia\u201d. Co do doktorat\u00f3w, to ja mia\u0142em  konkretn\u0105 propozycj\u0119 pozostania na uniwersytecie i pracy, jako  wyk\u0142adowca, w\u0142a\u015bnie po to, \u017ceby robi\u0107 doktorat. Nie przyj\u0105\u0142\u0119m  propozycji, bo tytu\u0142 mnie nie interesowa\u0142, &#8211; poszed\u0142em do pracy z  m\u0142odzie\u017c\u0105, i tyle. I do g\u0142owy by mi nie przysz\u0142o, \u017ceby u\u017cywa\u0107 tego w  swoim CV.<\/span><\/p>\n<p dir=\"ltr\" style=\"line-height: 1.15; margin-top: 0pt; margin-bottom: 0pt\"><span style=\"font-size: 13px; font-family: Verdana; color: #000000; background-color: transparent; font-weight: normal; font-style: normal; font-variant: normal; text-decoration: none; vertical-align: baseline\">Kiedy przeczyta si\u0119 te wszystkie wypociny, to naprawd\u0119 w\u0142osy staj\u0105 d\u0119ba; &#8211; kto b\u0119dzie t\u0105 Uni\u0105 rz\u0105dzi\u0142&#8230;?<\/span><\/p>\n<p dir=\"ltr\" style=\"line-height: 1.15; margin-top: 0pt; margin-bottom: 0pt\"><span style=\"font-size: 13px; font-family: Verdana; color: #000000; background-color: transparent; font-weight: normal; font-style: normal; font-variant: normal; text-decoration: none; vertical-align: baseline\">Drodzy  Czytelnicy, spr\u00f3bujmy dokona\u0107 w ci\u0105gu kilka najbli\u017cszych dni jakiej\u015b  segregacji, tzn. proponujcie Pa\u0144stwo swoje kandydatury i je  argumentujcie. Mo\u017ce z tego uda si\u0119 \u201codcedzi\u0107\u201d tych trzech, na kt\u00f3rych  powinni\u015bmy zag\u0142osowa\u0107. <\/span><\/p>\n<p dir=\"ltr\" style=\"line-height: 1.15; margin-top: 0pt; margin-bottom: 0pt\"><span style=\"font-size: 13px; font-family: Verdana; color: #000000; background-color: transparent; font-weight: normal; font-style: normal; font-variant: normal; text-decoration: none; vertical-align: baseline\">O\u015bmiel\u0119 si\u0119 otworzy\u0107 na pocz\u0105tek list\u0119 tych kandydat\u00f3w, na kt\u00f3rych na pewno bym nie zag\u0142osowa\u0142:<\/span><\/p>\n<p dir=\"ltr\" style=\"line-height: 1.15; margin-top: 0pt; margin-bottom: 0pt\"><span style=\"font-size: 13px; font-family: Verdana; color: #000000; background-color: transparent; font-weight: normal; font-style: normal; font-variant: normal; text-decoration: none; vertical-align: baseline\">Matyszczyk,  Gola, Bieda-Kurtysz, Czop, W\u0105do\u0142owska. (pisz\u0105c o pozytywach Ma\u0142gosi,  zapomnia\u0142em jednak o tym, \u017ce nigdy nam nie wyja\u015bni\u0142a, ani Ona, ani rada,  ca\u0142ej tej historii z rekompensat\u0105; mia\u0142o by\u0107 30 tysi\u0119cy, a zrobi\u0142o si\u0119  60). M\u00f3wimy przecie\u017c ci\u0105gle o pieni\u0105dzach, kt\u00f3re s\u0105 w\u0142asno\u015bci\u0105 Cz\u0142onk\u00f3w,  a nie rady dyrektor\u00f3w.<\/span><\/p>\n<p><span style=\"font-size: 13px; font-family: Verdana; color: #000000; background-color: transparent; font-weight: normal; font-style: normal; font-variant: normal; text-decoration: none; vertical-align: baseline\"><\/span><\/p>\n<p dir=\"ltr\" style=\"line-height: 1.15; margin-top: 0pt; margin-bottom: 0pt\"><span style=\"font-size: 13px; font-family: Verdana; color: #000000; background-color: transparent; font-weight: normal; font-style: normal; font-variant: normal; text-decoration: none; vertical-align: baseline\">Lista ze znakami zapytania, czyli z w\u0105tpliwo\u015bciami:<\/span><\/p>\n<p dir=\"ltr\" style=\"line-height: 1.15; margin-top: 0pt; margin-bottom: 0pt\"><span style=\"font-size: 13px; font-family: Verdana; color: #000000; background-color: transparent; font-weight: normal; font-style: normal; font-variant: normal; text-decoration: none; vertical-align: baseline\">B\u0105k, Burghardt, Staszewski, Wysocki.<\/span><\/p>\n<p><span style=\"font-size: 13px; font-family: Verdana; color: #000000; background-color: transparent; font-weight: normal; font-style: normal; font-variant: normal; text-decoration: none; vertical-align: baseline\"><\/span><\/p>\n<p dir=\"ltr\" style=\"line-height: 1.15; margin-top: 0pt; margin-bottom: 0pt\"><span style=\"font-size: 13px; font-family: Verdana; color: #000000; background-color: transparent; font-weight: normal; font-style: normal; font-variant: normal; text-decoration: none; vertical-align: baseline\">I wreszcie kandydaci&#8230;(jeden), pewni, na kt\u00f3rych zag\u0142osuj\u0119:<\/span><\/p>\n<p dir=\"ltr\" style=\"line-height: 1.15; margin-top: 0pt; margin-bottom: 0pt\"><span style=\"font-size: 13px; font-family: Verdana; color: #000000; background-color: transparent; font-weight: normal; font-style: normal; font-variant: normal; text-decoration: none; vertical-align: baseline\">Pawe\u0142 Pachacz.<\/span><\/p>\n<p><span style=\"font-size: 13px; font-family: Verdana; color: #000000; background-color: transparent; font-weight: normal; font-style: normal; font-variant: normal; text-decoration: none; vertical-align: baseline\"><\/span><\/p>\n<p dir=\"ltr\" style=\"line-height: 1.15; margin-top: 0pt; margin-bottom: 0pt\"><span style=\"font-size: 13px; font-family: Verdana; color: #000000; background-color: transparent; font-weight: normal; font-style: normal; font-variant: normal; text-decoration: none; vertical-align: baseline\">Zgadzam  si\u0119 z Markiem Wysockim, \u017ce tzw. komisja nominacyjna, to jedno, wielkie  nieporozumienie: powo\u0142uje j\u0105 przewodnicz\u0105ca rady, co od razu powoduje,  \u017ce kandydaci z przeciwnej do przewodnicz\u0105cej strony s\u0105 odrzucani. <\/span><\/p>\n<p><span style=\"font-size: 13px; font-family: Verdana; color: #000000; background-color: transparent; font-weight: normal; font-style: normal; font-variant: normal; text-decoration: none; vertical-align: baseline\">Tak  \u017ale naprawd\u0119 nie by\u0142o. A najgorsze jest to, \u017ce naszej Unii potrzebni s\u0105  fachowcy, a ci zdecydowali ju\u017c si\u0119 w te klocki ni bawi\u0107. <\/span><\/p>\n","protected":false},"excerpt":{"rendered":"<p>W\u0142o\u017cy\u0142em ten przys\u0142owiowy kij w polonijne mrowisko ca\u0142kowicie \u015bwiadomie i z premedytacj\u0105. Dyskusja uwidacznia kilka, co najmniej zjawisk:<\/p>\n","protected":false},"author":2,"featured_media":0,"comment_status":"open","ping_status":"open","sticky":false,"template":"","format":"standard","meta":[],"categories":[3],"tags":[],"_links":{"self":[{"href":"https:\/\/sporek.com\/blog\/index.php?rest_route=\/wp\/v2\/posts\/382"}],"collection":[{"href":"https:\/\/sporek.com\/blog\/index.php?rest_route=\/wp\/v2\/posts"}],"about":[{"href":"https:\/\/sporek.com\/blog\/index.php?rest_route=\/wp\/v2\/types\/post"}],"author":[{"embeddable":true,"href":"https:\/\/sporek.com\/blog\/index.php?rest_route=\/wp\/v2\/users\/2"}],"replies":[{"embeddable":true,"href":"https:\/\/sporek.com\/blog\/index.php?rest_route=%2Fwp%2Fv2%2Fcomments&post=382"}],"version-history":[{"count":0,"href":"https:\/\/sporek.com\/blog\/index.php?rest_route=\/wp\/v2\/posts\/382\/revisions"}],"wp:attachment":[{"href":"https:\/\/sporek.com\/blog\/index.php?rest_route=%2Fwp%2Fv2%2Fmedia&parent=382"}],"wp:term":[{"taxonomy":"category","embeddable":true,"href":"https:\/\/sporek.com\/blog\/index.php?rest_route=%2Fwp%2Fv2%2Fcategories&post=382"},{"taxonomy":"post_tag","embeddable":true,"href":"https:\/\/sporek.com\/blog\/index.php?rest_route=%2Fwp%2Fv2%2Ftags&post=382"}],"curies":[{"name":"wp","href":"https:\/\/api.w.org\/{rel}","templated":true}]}}