{"id":383,"date":"2013-04-24T00:05:40","date_gmt":"2013-04-24T04:05:40","guid":{"rendered":"http:\/\/sporek.com\/blog\/?p=383"},"modified":"2013-04-24T15:19:48","modified_gmt":"2013-04-24T19:19:48","slug":"rada-srada","status":"publish","type":"post","link":"https:\/\/sporek.com\/blog\/?p=383","title":{"rendered":"Rada, srada"},"content":{"rendered":"<p dir=\"ltr\" style=\"line-height: 1.15; margin-top: 0pt; margin-bottom: 0pt\"><span style=\"font-size: 13px; font-family: Verdana; color: #000000; background-color: transparent; font-weight: normal; font-style: normal; font-variant: normal; text-decoration: none; vertical-align: baseline\">S\u0105dz\u0119,  \u017ce wielu zainteresowanych losami i tym, co dzieje si\u0119 w Unii Kredytowej  \u017ca\u0142uje, \u017ce kiedy\u015b tam g\u0142osowali na obecny \u201cbeton\u201d w radzie dyrektor\u00f3w.  Przewodnicz\u0105ca zapowiada\u0142a pok\u00f3j, spok\u00f3j, sielank\u0119, przejrzysto\u015b\u0107,  uczciwo\u015b\u0107. Nic z tego nie wysz\u0142o. <\/span><!--more--><span style=\"font-size: 13px; font-family: Verdana; color: #000000; background-color: transparent; font-weight: normal; font-style: normal; font-variant: normal; text-decoration: none; vertical-align: baseline\">Dzisiaj mamy sytuacj\u0119, w kt\u00f3rej facet  spoza tej rady dyktuje jej, co powinna zrobi\u0107. Dopu\u015bci\u0142a do tego w\u0142a\u015bnie  Wierzbowska (przewodnicz\u0105ca) i Matyszczyk (wieczny cz\u0142onek rady). To  dzi\u0119ki nim cz\u0142owiek niemaj\u0105cy nic wsp\u00f3lnego z rad\u0105 dyrektor\u00f3w sta\u0142 si\u0119  szar\u0105 eminencj\u0105, kt\u00f3ra dyktuje radzie, co ma zrobi\u0107. Prosz\u0119 przeczyta\u0107  poni\u017cszy list. Jest to tak bulwersuj\u0105ce, \u017ce a\u017c trudno uwierzy\u0107, \u017ce  podobno \u201cuciekli\u015bmy\u201d z komunizmu. Jak to si\u0119 dzieje, \u017ce cz\u0142owiek maj\u0105cy  milicyjn\u0105 przesz\u0142o\u015b\u0107 z PRL-u otrzymuje prawo ingerowania w rad\u0119  dyrektor\u00f3w; otrzymuje pomieszczenie, kt\u00f3re jest w\u0142asno\u015bci\u0105 Unii  Kredytowej na jakie\u015b tam spotkania i pranie m\u00f3zg\u00f3w naiwnym ludziom. Jak  to si\u0119 dzieje, \u017ce rada dyrektor\u00f3w, na wniosek rozs\u0105dnych jej cz\u0142onk\u00f3w,  wi\u0119kszo\u015bci\u0105 g\u0142os\u00f3w przyjmuje wniosek, aby pozbawi\u0107 tego faceta  wp\u0142yw\u00f3w, a przewodnicz\u0105ca wyrzuca ten wniosek do kosza? To jest nasza  wina, a konkretnie tych z nas, kt\u00f3rzy nie przychodz\u0105 na zebrania, nie  g\u0142osuj\u0105, nie interesuj\u0105 si\u0119. Prosz\u0119 przeczyta\u0107 poni\u017cszy list (otwarty),  ale zaznaczam, \u017ce zosta\u0142 on wys\u0142any r\u00f3wnie\u017c na s\u0142u\u017cbowe e-maile  dyrektor\u00f3w, a to oznacza, \u017ce peerelowski milicjant czuje si\u0119 ju\u017c tak  pewnie, \u017ce zwracanie uwagi dyrektorom jest dla niego czym\u015b normalnym.  Ale oznacza te\u017c, \u017ce ta rada jest pozbawiona kr\u0119gos\u0142upa, jest po prostu \u017cenuj\u0105co ubezw\u0142asnowolniona. Jest to naprawd\u0119 niezwykle bulwersuj\u0105ce. Na miejscu dyrektor\u00f3w, kt\u00f3rzy  przeg\u0142osowali ten wniosek z\u0142o\u017cy\u0142bym stosowne pismo do NCUA, a przede  wszystkim zbojkotowa\u0142bym najbli\u017csze zebranie, &#8211; je\u015bli nie przez  nieuczestniczenie w nim, to przynajmniej przez ca\u0142kowite milczenie  podczas obrad, ignorowanie g\u0142osowa\u0144, a przede wszystkim przewodnicz\u0105cej.  Tak, jak ona zignorowa\u0142a ich wniosek. Oto ten list.<\/span><\/p>\n<p dir=\"ltr\" style=\"line-height: 1.15; margin-top: 0pt; margin-bottom: 0pt\"><span style=\"font-size: 13px; font-family: Verdana; color: #000000; background-color: transparent; font-weight: bold; font-style: italic; font-variant: normal; text-decoration: none; vertical-align: baseline\">\u201cProsimy<\/span><span style=\"font-size: 13px; font-family: Verdana; color: #000000; background-color: transparent; font-weight: normal; font-style: italic; font-variant: normal; text-decoration: none; vertical-align: baseline\"> \u00a0o \u00a0<\/span><span style=\"font-size: 13px; font-family: Verdana; color: #000000; background-color: transparent; font-weight: bold; font-style: italic; font-variant: normal; text-decoration: none; vertical-align: baseline\">uczciwo\u015b\u0107<\/span><span style=\"font-size: 13px; font-family: Verdana; color: #000000; background-color: transparent; font-weight: normal; font-style: italic; font-variant: normal; text-decoration: none; vertical-align: baseline\"> .<\/span><\/p>\n<p dir=\"ltr\" style=\"line-height: 1.15; margin-top: 0pt; margin-bottom: 0pt\"><span style=\"font-size: 13px; font-family: Verdana; color: #000000; background-color: transparent; font-weight: normal; font-style: italic; font-variant: normal; text-decoration: none; vertical-align: baseline\">W  Kurierze Plus z 20 kwietnia 2013 \u00a0ukazala sie reklama \u00a0Marka Wysockiego  kandydata do Rady Dyrektorow Unii Kredytowej. Po zapoznaniu si\u0119 z  trescia refleksja nie jest najlepsza. Dlaczego ?<\/span><\/p>\n<p dir=\"ltr\" style=\"line-height: 1.15; margin-top: 0pt; margin-bottom: 0pt\"><span style=\"font-size: 13px; font-family: Verdana; color: #000000; background-color: transparent; font-weight: normal; font-style: italic; font-variant: normal; text-decoration: none; vertical-align: baseline\">Doswiadczenie  zyciowe uczy, aby nie wierzyc w zbyt wiele obietnic. Gdy nie znamy  cz\u0142owieka, nie wiemy jak dzia\u0142a i jaki ma cel, latwo o pomylke.<\/span><\/p>\n<p dir=\"ltr\" style=\"line-height: 1.15; margin-top: 0pt; margin-bottom: 0pt\"><span style=\"font-size: 13px; font-family: Verdana; color: #000000; background-color: transparent; font-weight: normal; font-style: italic; font-variant: normal; text-decoration: none; vertical-align: baseline\">Pan  Marek Wysocki wspoldzialal przez pewien czas ze Spolecznym Komitetem  Czlonkowskim Unii i doskonale wie jakich zmian domagal si\u0119 Komitet wiec  przyjal jako swoje. Zmiany te aczkolwiek nie radykalnie ale zaczely  nastepowac po usunieciu z kierownictwa kilku osob szczeg\u00f3lnie  dzia\u0142aj\u0105cych na szkode. Calkowite uzdrowienie sytuacji wymaga czasu,  spokoju, dobrej woli ca\u0142ego Zarzadu a zw\u0142aszcza uczciwo\u015bci i  odpowiedzialno\u015bci czlonkow Rady Dyrektorow. Z uczciwo\u015bci wynikaj\u0105 inne  dzia\u0142ania. Uczciwy kandydat ma sw\u00f3j program mo\u017cliwy do realizacji.<\/span><\/p>\n<p dir=\"ltr\" style=\"line-height: 1.15; margin-top: 0pt; margin-bottom: 0pt\"><span style=\"font-size: 13px; font-family: Verdana; color: #000000; background-color: transparent; font-weight: normal; font-style: italic; font-variant: normal; text-decoration: none; vertical-align: baseline\"> \u00a0<\/span><span style=\"font-size: 13px; font-family: Verdana; color: #000000; background-color: transparent; font-weight: bold; font-style: italic; font-variant: normal; text-decoration: none; vertical-align: baseline\">NIE<\/span><span style=\"font-size: 13px; font-family: Verdana; color: #000000; background-color: transparent; font-weight: normal; font-style: italic; font-variant: normal; text-decoration: none; vertical-align: baseline\"> \u00a0<\/span><span style=\"font-size: 13px; font-family: Verdana; color: #000000; background-color: transparent; font-weight: bold; font-style: italic; font-variant: normal; text-decoration: none; vertical-align: baseline\">WIERZYMY<\/span><span style=\"font-size: 13px; font-family: Verdana; color: #000000; background-color: transparent; font-weight: normal; font-style: italic; font-variant: normal; text-decoration: none; vertical-align: baseline\"> \u00a0<\/span><span style=\"font-size: 13px; font-family: Verdana; color: #000000; background-color: transparent; font-weight: bold; font-style: italic; font-variant: normal; text-decoration: none; vertical-align: baseline\">MARKOWI<\/span><span style=\"font-size: 13px; font-family: Verdana; color: #000000; background-color: transparent; font-weight: normal; font-style: italic; font-variant: normal; text-decoration: none; vertical-align: baseline\"> \u00a0<\/span><span style=\"font-size: 13px; font-family: Verdana; color: #000000; background-color: transparent; font-weight: bold; font-style: italic; font-variant: normal; text-decoration: none; vertical-align: baseline\">WYSOCKIEMU<\/span><span style=\"font-size: 13px; font-family: Verdana; color: #000000; background-color: transparent; font-weight: normal; font-style: italic; font-variant: normal; text-decoration: none; vertical-align: baseline\">  ! \u00a0\u00a0Nieznane sa cz\u0142onkom jego \u00a0intencje i zamiary. Z dotychczasowej  dzia\u0142alno\u015bci wynika, ze jest on sterowany przez ludzi nieprzychylnych  Polonii. \u00a0Udowodnil ju\u017c wiele razy, ze nie jest uczciwy. Dzialal w  Centrum Polsko-Slowianskim i obiecywal zaprowadzi\u0107 tam porz\u0105dek.  Zacheceni ludzie opracowali i przeg\u0142osowali nowy statut Centrum. Co z  tego wynik\u0142o? \u00a0NIC. Kaminska i spolka \u00a0umocnili si\u0119 w Centrum. Dlaczego  panie Wysocki?<\/span><\/p>\n<p dir=\"ltr\" style=\"line-height: 1.15; margin-top: 0pt; margin-bottom: 0pt\"><span style=\"font-size: 13px; font-family: Verdana; color: #000000; background-color: transparent; font-weight: bold; font-style: italic; font-variant: normal; text-decoration: none; vertical-align: baseline\">Teraz<\/span><span style=\"font-size: 13px; font-family: Verdana; color: #000000; background-color: transparent; font-weight: normal; font-style: italic; font-variant: normal; text-decoration: none; vertical-align: baseline\"> w <\/span><span style=\"font-size: 13px; font-family: Verdana; color: #000000; background-color: transparent; font-weight: bold; font-style: italic; font-variant: normal; text-decoration: none; vertical-align: baseline\">Unii<\/span><span style=\"font-size: 13px; font-family: Verdana; color: #000000; background-color: transparent; font-weight: normal; font-style: italic; font-variant: normal; text-decoration: none; vertical-align: baseline\"> <\/span><span style=\"font-size: 13px; font-family: Verdana; color: #000000; background-color: transparent; font-weight: bold; font-style: italic; font-variant: normal; text-decoration: none; vertical-align: baseline\">Kredytowej<\/span><span style=\"font-size: 13px; font-family: Verdana; color: #000000; background-color: transparent; font-weight: normal; font-style: italic; font-variant: normal; text-decoration: none; vertical-align: baseline\"> <\/span><span style=\"font-size: 13px; font-family: Verdana; color: #000000; background-color: transparent; font-weight: bold; font-style: italic; font-variant: normal; text-decoration: none; vertical-align: baseline\">robi<\/span><span style=\"font-size: 13px; font-family: Verdana; color: #000000; background-color: transparent; font-weight: normal; font-style: italic; font-variant: normal; text-decoration: none; vertical-align: baseline\"> <\/span><span style=\"font-size: 13px; font-family: Verdana; color: #000000; background-color: transparent; font-weight: bold; font-style: italic; font-variant: normal; text-decoration: none; vertical-align: baseline\">zamieszanie<\/span><span style=\"font-size: 13px; font-family: Verdana; color: #000000; background-color: transparent; font-weight: normal; font-style: italic; font-variant: normal; text-decoration: none; vertical-align: baseline\">;  -Podwaza reputacje Unii i Polonii na szerokim forum poprzez popieranie  obel\u017cywych transparentow podczas Parady Pulaskiego, \u00a0&#8211; Robi nagrania  video podczas zebran informacyjnych i manipuluje puszczaj\u0105c w internecie  tylko wybrane odcinki, \u00a0&#8211; Stosuje komunistyczne metody puszczania w  obieg nieprawdziwych oskarzen o jednych osobach a zataja przewinienia  innych dzia\u0142aj\u0105cych na szkode Unii lub Polonii, \u00a0-Kilkakrotnie oglaszal  petycje o wyrzucanie dyrektorow z Unii, ale kazda petycja by\u0142a niezgodna  z prawem a ponadto nie wiadomo o co jemu chodzi bo raz zada wyrzucenia  jednych, potem innych i nie wiadomo kto jest dobry a kto zly i dlaczego?  \u00a0-Nie chce ujawni\u0107 o sobie informacji zgodnych z regulaminem NCUA  \u00a0potrzebnych aby by\u0107 dyrektorem, \u00a0\u00a0&#8211; Pisze nieetyczne listy do osob oraz  grozby podania do sadu gdy\u017c maja odmienne opinie ni\u017c Wysocki, &#8211;  Zastrasza sadem gazete za to, ze napisala o nim kilka slow prawdy,  \u00a0\u00a0-Twierdzi ze zlikwiduje sprawy sadowe Unii a jednocze\u015bnie sam grozi  sadami, \u00a0\u00a0&#8211; Na zebraniach oklamuje czlonkow wbrew faktom i wbrew znanym  jemu dokumentom. \u00a0&#8211; Promuje &#8211; jako kandydatow do rady dyrektorow Unii  osoby nie majace zadnych do tego predyspozycji.<\/span><\/p>\n<p dir=\"ltr\" style=\"line-height: 1.15; margin-top: 0pt; margin-bottom: 0pt\"><span style=\"font-size: 13px; font-family: Verdana; color: #000000; background-color: transparent; font-weight: normal; font-style: italic; font-variant: normal; text-decoration: none; vertical-align: baseline\">Jest to skrotowa czesc informacji \u00a0o kandydacie Marku Wysockim. Dlatego \u00a0prosz\u0119 CZLONKOW \u00a0NASZEJ \u00a0UNII \u00a0&#8211; <\/span><span style=\"font-size: 13px; font-family: Verdana; color: #000000; background-color: transparent; font-weight: bold; font-style: italic; font-variant: normal; text-decoration: none; vertical-align: baseline\">NIE<\/span><span style=\"font-size: 13px; font-family: Verdana; color: #000000; background-color: transparent; font-weight: normal; font-style: italic; font-variant: normal; text-decoration: none; vertical-align: baseline\"> \u00a0<\/span><span style=\"font-size: 13px; font-family: Verdana; color: #000000; background-color: transparent; font-weight: bold; font-style: italic; font-variant: normal; text-decoration: none; vertical-align: baseline\">GLOSUJMY<\/span><span style=\"font-size: 13px; font-family: Verdana; color: #000000; background-color: transparent; font-weight: normal; font-style: italic; font-variant: normal; text-decoration: none; vertical-align: baseline\"> \u00a0<\/span><span style=\"font-size: 13px; font-family: Verdana; color: #000000; background-color: transparent; font-weight: bold; font-style: italic; font-variant: normal; text-decoration: none; vertical-align: baseline\">NA<\/span><span style=\"font-size: 13px; font-family: Verdana; color: #000000; background-color: transparent; font-weight: normal; font-style: italic; font-variant: normal; text-decoration: none; vertical-align: baseline\"> \u00a0<\/span><span style=\"font-size: 13px; font-family: Verdana; color: #000000; background-color: transparent; font-weight: bold; font-style: italic; font-variant: normal; text-decoration: none; vertical-align: baseline\">MARKA<\/span><span style=\"font-size: 13px; font-family: Verdana; color: #000000; background-color: transparent; font-weight: normal; font-style: italic; font-variant: normal; text-decoration: none; vertical-align: baseline\"> \u00a0<\/span><span style=\"font-size: 13px; font-family: Verdana; color: #000000; background-color: transparent; font-weight: bold; font-style: italic; font-variant: normal; text-decoration: none; vertical-align: baseline\">WYSOCKIEGO<\/span><span style=\"font-size: 13px; font-family: Verdana; color: #000000; background-color: transparent; font-weight: normal; font-style: italic; font-variant: normal; text-decoration: none; vertical-align: baseline\">  !  \u00a0\u00a0\u00a0\u00a0\u00a0\u00a0\u00a0\u00a0\u00a0\u00a0\u00a0\u00a0\u00a0\u00a0\u00a0\u00a0\u00a0\u00a0\u00a0\u00a0\u00a0\u00a0\u00a0\u00a0\u00a0\u00a0\u00a0\u00a0\u00a0\u00a0\u00a0\u00a0\u00a0\u00a0\u00a0\u00a0\u00a0\u00a0\u00a0\u00a0\u00a0\u00a0\u00a0\u00a0\u00a0\u00a0\u00a0\u00a0\u00a0\u00a0\u00a0\u00a0\u00a0\u00a0\u00a0\u00a0\u00a0\u00a0\u00a0\u00a0\u00a0\u00a0\u00a0\u00a0\u00a0Jozef  Luczaj &#8211; przewodniczacy \u00a0\u00a0\u00a0Spolecznego Komitetu, 21 kwiecie\u0144 2013r.\u201d<\/span><\/p>\n<p><span style=\"font-size: 13px; font-family: Verdana; color: #000000; background-color: transparent; font-weight: normal; font-style: normal; font-variant: normal; text-decoration: none; vertical-align: baseline\"><\/span><\/p>\n<p dir=\"ltr\" style=\"line-height: 1.15; margin-top: 0pt; margin-bottom: 0pt\"><span style=\"font-size: 13px; font-family: Verdana; color: #000000; background-color: transparent; font-weight: normal; font-style: normal; font-variant: normal; text-decoration: none; vertical-align: baseline\">I teraz moje refleksje:<\/span><\/p>\n<p dir=\"ltr\" style=\"line-height: 1.15; margin-top: 0pt; margin-bottom: 0pt\"><span style=\"font-size: 13px; font-family: Verdana; color: #000000; background-color: transparent; font-weight: normal; font-style: normal; font-variant: normal; text-decoration: none; vertical-align: baseline\">Panie  Marku Wysocki, albo Pan musi nam, wyborcom co\u015b wyt\u0142umaczy\u0107, albo J.  \u0141uczaj musi co\u015b uzasadni\u0107. Artyku\u0142 w GP (to taka gazeta wyborcza na  rynku polonijnym) te\u017c nie daje Panu najlepszego \u015bwiadectwa, a osobi\u015bcie  w\u0105tpi\u0119, aby Pan co\u015b wskura\u0142, bo ja ju\u017c przerabia\u0142em z nimi spraw\u0119  oszczerstwa, niestety, bez skutku. Ostatecznie ich ola\u0142em i okaza\u0142o si\u0119  to lepsze, ni\u017c wojna o racj\u0119. Szkoda zachodu. To tak, jakby si\u0119 z  \u017cebrakiem walczy\u0142o o pieni\u0105dze. Ta gazeta jest obliczona na sensacje za  wszelk\u0105 cen\u0119, ale wy\u0142\u0105cznie na temat Polonii. O Amerykanach nie  o\u015bmieliliby si\u0119 napisa\u0107, bo ju\u017c by ich nie by\u0142o. A takie dobre zdanie  mia\u0142em niegdy\u015b o kilku ludziach z tego \u015brodowiska&#8230;<\/span><\/p>\n<p dir=\"ltr\" style=\"line-height: 1.15; margin-top: 0pt; margin-bottom: 0pt\"><span style=\"font-size: 13px; font-family: Verdana; color: #000000; background-color: transparent; font-weight: normal; font-style: normal; font-variant: normal; text-decoration: none; vertical-align: baseline\">Ale, za Wa\u0142\u0119s\u0119 te\u017c dawa\u0142em sobie obci\u0105\u0107 \u0142apy.<\/span><\/p>\n<p dir=\"ltr\" style=\"line-height: 1.15; margin-top: 0pt; margin-bottom: 0pt\"><span style=\"font-size: 13px; font-family: Verdana; color: #000000; background-color: transparent; font-weight: normal; font-style: normal; font-variant: normal; text-decoration: none; vertical-align: baseline\">Druga  refleksja dotyczy w\u0142a\u015bnie rozpadu tzw. \u201cgrupy \u0141uczaja\u201d. Ludzie,  byli\u015bcie razem, a teraz? &#8211; a\u017c serce ro\u015bnie, jak si\u0119 \u017crecie nawzajem. I  tak sobie my\u015bl\u0119, a dobrze wam tak. Wyko\u0144czyli\u015bcie znakomitych  dyrektor\u00f3w, wyko\u0144czcie si\u0119 te\u017c sami.<\/span><\/p>\n<p><span style=\"font-size: 13px; font-family: Verdana; color: #000000; background-color: transparent; font-weight: normal; font-style: normal; font-variant: normal; text-decoration: none; vertical-align: baseline\">Szkoda  tylko, \u017ce jak si\u0119 dowiaduj\u0119, kilku (co najmniej dw\u00f3ch) nowych  kandydat\u00f3w- R. B\u0105k i Z. Staszewski \u201cudzielaj\u0105\u201d si\u0119 na zebraniach u  milicjanta, szukaj\u0105c tam pomocy w wy\u015bcigu wyborczym. Panowie, jeste\u015bcie  ju\u017c poza moj\u0105 list\u0105. Sorry, Winetou. A nie\u017ale si\u0119 zapowiada\u0142o.<\/span><\/p>\n","protected":false},"excerpt":{"rendered":"<p>S\u0105dz\u0119, \u017ce wielu zainteresowanych losami i tym, co dzieje si\u0119 w Unii Kredytowej \u017ca\u0142uje, \u017ce kiedy\u015b tam g\u0142osowali na obecny \u201cbeton\u201d w radzie dyrektor\u00f3w. Przewodnicz\u0105ca zapowiada\u0142a pok\u00f3j, spok\u00f3j, sielank\u0119, przejrzysto\u015b\u0107, uczciwo\u015b\u0107. Nic z tego nie wysz\u0142o.<\/p>\n","protected":false},"author":2,"featured_media":0,"comment_status":"open","ping_status":"open","sticky":false,"template":"","format":"standard","meta":[],"categories":[3],"tags":[],"_links":{"self":[{"href":"https:\/\/sporek.com\/blog\/index.php?rest_route=\/wp\/v2\/posts\/383"}],"collection":[{"href":"https:\/\/sporek.com\/blog\/index.php?rest_route=\/wp\/v2\/posts"}],"about":[{"href":"https:\/\/sporek.com\/blog\/index.php?rest_route=\/wp\/v2\/types\/post"}],"author":[{"embeddable":true,"href":"https:\/\/sporek.com\/blog\/index.php?rest_route=\/wp\/v2\/users\/2"}],"replies":[{"embeddable":true,"href":"https:\/\/sporek.com\/blog\/index.php?rest_route=%2Fwp%2Fv2%2Fcomments&post=383"}],"version-history":[{"count":0,"href":"https:\/\/sporek.com\/blog\/index.php?rest_route=\/wp\/v2\/posts\/383\/revisions"}],"wp:attachment":[{"href":"https:\/\/sporek.com\/blog\/index.php?rest_route=%2Fwp%2Fv2%2Fmedia&parent=383"}],"wp:term":[{"taxonomy":"category","embeddable":true,"href":"https:\/\/sporek.com\/blog\/index.php?rest_route=%2Fwp%2Fv2%2Fcategories&post=383"},{"taxonomy":"post_tag","embeddable":true,"href":"https:\/\/sporek.com\/blog\/index.php?rest_route=%2Fwp%2Fv2%2Ftags&post=383"}],"curies":[{"name":"wp","href":"https:\/\/api.w.org\/{rel}","templated":true}]}}