{"id":384,"date":"2013-04-27T01:13:02","date_gmt":"2013-04-27T05:13:02","guid":{"rendered":"http:\/\/sporek.com\/blog\/?p=384"},"modified":"2013-04-27T01:25:57","modified_gmt":"2013-04-27T05:25:57","slug":"zebranie-informacyjne-2","status":"publish","type":"post","link":"https:\/\/sporek.com\/blog\/?p=384","title":{"rendered":"Zebranie informacyjne"},"content":{"rendered":"<p dir=\"ltr\" style=\"line-height: 1.15; margin-top: 0pt; margin-bottom: 0pt\"><span style=\"font-size: 13px; font-family: Verdana; color: #000000; background-color: transparent; font-weight: normal; font-style: normal; font-variant: normal; text-decoration: none; vertical-align: baseline\">By\u0142em  na nim kr\u00f3tko. Dojecha\u0142em dopiero o 21-ej, po ostatniej lekcji. W  kolejce do zadawania pyta\u0144 sta\u0142o sze\u015b\u0107 os\u00f3b, na \u015brodku okupowa\u0142 mikrofon  jeden z kandydat\u00f3w na dyrektora (nie b\u0119d\u0119 wymienia\u0142 nazwiska, bo to w  ko\u0144cu kandydat).<\/span><!--more--><\/p>\n<p dir=\"ltr\" style=\"line-height: 1.15; margin-top: 0pt; margin-bottom: 0pt\"><span style=\"font-size: 13px; font-family: Verdana; color: #000000; background-color: transparent; font-weight: normal; font-style: normal; font-variant: normal; text-decoration: none; vertical-align: baseline\">Mi\u0142y  pan z ochrony wskaza\u0142 mi wolne krzes\u0142o w pierwszym rz\u0119dzie, wi\u0119c  przycupn\u0105\u0142em i zamieni\u0142em si\u0119 w s\u0142uch. Rych\u0142o jednak pocz\u0119\u0142o mi brakowa\u0107  cierpliwo\u015bci, bo kandydat gada\u0142 i gada\u0142, ale pytania nie zadawa\u0142. W  ko\u0144cu ludzie wymusili na nim, \u017ceby wreszcie zapyta\u0142, o co mia\u0142 zapyta\u0107.  no wi\u0119c zacz\u0105\u0142 pyta\u0107 i zn\u00f3w wtr\u0105ca\u0142 jakie\u015b tam swoje \u201cz\u0142ote\u201d my\u015bli.<\/span><\/p>\n<p dir=\"ltr\" style=\"line-height: 1.15; margin-top: 0pt; margin-bottom: 0pt\"><span style=\"font-size: 13px; font-family: Verdana; color: #000000; background-color: transparent; font-weight: normal; font-style: normal; font-variant: normal; text-decoration: none; vertical-align: baseline\">Nasun\u0105\u0142  mi si\u0119 wniosek, \u017ce my nie potrafimy zrezygnowa\u0107 z mikrofonu. Jak ju\u017c  si\u0119 kto\u015b dorwie, to gada i gada, najcz\u0119\u015bciej bez sensu. Pan obok mnie  wkurzy\u0142 si\u0119 nie na \u017carty i krzykn\u0105\u0142: \u201cch\u0142opie zadaj wreszcie to  pytanie!\u201d. No wi\u0119c cz\u0142owiek przy mikrofonie powiedzia\u0142, \u201cOK, zadaj\u0119  pytanie, a w\u0142a\u015bciwie b\u0119d\u0105 dwa, nie, b\u0119d\u0105 trzy\u201d Tumult si\u0119 zrobi\u0142 na sali  i czu\u0142em, \u017ce za chwil\u0119 b\u0119dzie po zebraniu. Szkoda komentowa\u0107 t\u0119  sytuacj\u0119, &#8211; kr\u00f3tko m\u00f3wi\u0105c pytania nie odnios\u0142y \u017cadnego skutku;  rozmydli\u0142y si\u0119 w niezadowoleniu t\u0142umu. <\/span><\/p>\n<p dir=\"ltr\" style=\"line-height: 1.15; margin-top: 0pt; margin-bottom: 0pt\"><span style=\"font-size: 13px; font-family: Verdana; color: #000000; background-color: transparent; font-weight: normal; font-style: normal; font-variant: normal; text-decoration: none; vertical-align: baseline\">Nast\u0119pna  osoba zrobi\u0142a to nieco szybciej, a jednym z najwa\u017cniejszych pyta\u0144 by\u0142o  \u201cile pani przewodnicz\u0105ca wyda\u0142a naszych pieni\u0119dzy na wyjazdy do ciep\u0142ych  kraj\u00f3w, w celach tzw. \u201cszkole\u0144\u201d.<\/span><\/p>\n<p dir=\"ltr\" style=\"line-height: 1.15; margin-top: 0pt; margin-bottom: 0pt\"><span style=\"font-size: 13px; font-family: Verdana; color: #000000; background-color: transparent; font-weight: normal; font-style: normal; font-variant: normal; text-decoration: none; vertical-align: baseline\">No i tu zacz\u0105\u0142 si\u0119 festiwal dezinformacji ze strony przewodnicz\u0105cej Wierzbowskiej.<\/span><\/p>\n<p dir=\"ltr\" style=\"line-height: 1.15; margin-top: 0pt; margin-bottom: 0pt\"><span style=\"font-size: 13px; font-family: Verdana; color: #000000; background-color: transparent; font-weight: normal; font-style: normal; font-variant: normal; text-decoration: none; vertical-align: baseline\">Kuriozalnym  k\u0142amstwem by\u0142o obwieszczenie, \u017ce \u201ctakie s\u0105 regulacje, \u017ce naczelne  w\u0142adze unii kredytowych nak\u0142adaj\u0105 na cz\u0142onk\u00f3w rady dyrektor\u00f3w obowi\u0105zek  brania udzia\u0142u w szkoleniach i ka\u017cdy dyrektor musi gdzie\u015b pojecha\u0107, bo  ma taki obowi\u0105zek\u201d.<\/span><\/p>\n<p dir=\"ltr\" style=\"line-height: 1.15; margin-top: 0pt; margin-bottom: 0pt\"><span style=\"font-size: 13px; font-family: Verdana; color: #000000; background-color: transparent; font-weight: normal; font-style: normal; font-variant: normal; text-decoration: none; vertical-align: baseline\">Kompletna  bzdura. Owszem NCUA nak\u0142ada taki obowi\u0105zek, ale nic nie m\u00f3wi o ciep\u0142ych  krajach. Szkolenia s\u0105 w bezpo\u015bredniej blisko\u015bci Greenpointu, np. na  Manhattanie, szkolenia s\u0105 na Internecie i wreszcie istniej\u0105 szkolenia  organizowane przez ka\u017cd\u0105 uni\u0119 kredytow\u0105 i ja, dla przyk\u0142adu wzi\u0105\u0142em  udzia\u0142 w dw\u00f3ch takich, weekendowych sesjach. Obydwie kosztowa\u0142y kup\u0119  forsy, bo wynajmowano na to niez\u0142ej klasy kurorty. Zaczynali\u015bmy od  pi\u0105tku, a rozje\u017cd\u017cali\u015bmy si\u0119 w niedziel\u0119. W wi\u0119kszo\u015bci pokoje  indywidualne. Sesja popo\u0142udniowa (p\u00f3\u017ane popo\u0142udnie) i wieczorna, w  pi\u0105tek, potem kolacja, a p\u00f3\u017aniej luz i tzw. integracja. Mi\u0142o wspominam  pierwsz\u0105, bo nawet, jakby poprawi\u0142a kontakty towarzyskie przy bilardzie,  drinku. ale to wszystko trafi\u0142 szlag, gdy wr\u00f3cili\u015bmy do codzienno\u015bci,  czyli comiesi\u0119cznych zebra\u0144 na Greenpoincie. Sobota, to w\u0142a\u015bciwie ca\u0142y  dzie\u0144 sesje szkoleniowe, a potem jeszcze w niedzielne przedpo\u0142udnie i po  obiedzie rozjazd. Obecni byli wszyscy cz\u0142onkowie rady dyrektor\u00f3w i  manad\u017cment. I powiem szczerze mia\u0142o to sens i rozliczanie tego od strony  finansowej jest bezpodstawne, bo, (przynajmniej ja, jako muzyk) dowiedzia\u0142em si\u0119  sporo o \u201cbulchalteryjnej\u201d stronie naszej Unii. Wszystkie sesje by\u0142y prowadzone w j\u0119zyku angielskim, wi\u0119c kompletnie nie rozumiem, po co do rady chc\u0105 wej\u015b\u0107 ludzie, kt\u00f3rzy tego poga\u0144skiego j\u0119zyka nie znaj\u0105&#8230;?<br \/>\n<\/span><\/p>\n<p dir=\"ltr\" style=\"line-height: 1.15; margin-top: 0pt; margin-bottom: 0pt\"><span style=\"font-size: 13px; font-family: Verdana; color: #000000; background-color: transparent; font-weight: normal; font-style: normal; font-variant: normal; text-decoration: none; vertical-align: baseline\">Drugie,  weekendowe szkolenie, to ju\u017c, niestety konflikt z zacietrzewionymi,  nowymi cz\u0142onkiniami rady dyrektor\u00f3w, kt\u00f3re ju\u017c z Matyszczykiem i  Wierzbowsk\u0105 obmy\u015bla\u0142y, jak za\u0142atwi\u0107 nas, czyli tych z \u201cdrugiej strony  p\u0142otu\u201d, co to wyp\u0142acili dywidendy i lubi\u0105 dyrektora wykonawczego. A one  go akurat nie lubi\u0142y. Nas te\u017c nie bardzo.<\/span><\/p>\n<p dir=\"ltr\" style=\"line-height: 1.15; margin-top: 0pt; margin-bottom: 0pt\"><span style=\"font-size: 13px; font-family: Verdana; color: #000000; background-color: transparent; font-weight: normal; font-style: normal; font-variant: normal; text-decoration: none; vertical-align: baseline\">Nigdy  nie pragn\u0105\u0142em wyje\u017cd\u017ca\u0107 za granic\u0119, bo uwa\u017ca\u0142em, \u017ce cz\u0142onkowskie  pieni\u0105dze nie s\u0105 po to, \u017ceby mi fundowa\u0107 Bahamas, czy inne Karaiby, albo  Lasy Vagasy. Ale s\u0105 dyrektorzy, kt\u00f3rzy kochaj\u0105 szkolenia pod palmami.  Zabieraj\u0105 ze sob\u0105, \u017cony, dzieci, kochanki, nia\u0144ki i jakie\u015b tam te\u015bciowe  nawet i jad\u0105 si\u0119 szkoli\u0107.<\/span><\/p>\n<p dir=\"ltr\" style=\"line-height: 1.15; margin-top: 0pt; margin-bottom: 0pt\"><span style=\"font-size: 13px; font-family: Verdana; color: #000000; background-color: transparent; font-weight: normal; font-style: normal; font-variant: normal; text-decoration: none; vertical-align: baseline\">Powtarzam:  nie ma obowi\u0105zku narzuconego przez NCUA. Podstawowym obowi\u0105zkiem jest  test internetowy, kt\u00f3ry ka\u017cdy dyrektor powinien zrobi\u0107 na pocz\u0105tku  swojej kadencji. NCUA nie ma \u017cadnej w\u0142adzy, aby zmusi\u0107 dyrektora do  wyjazd\u00f3w na ciep\u0142e pla\u017ce, a tym bardziej nie ma \u017cadnych opcji na jakie\u015b  wyci\u0105ganie konsekwencji. Bo niby jak: mieliby usun\u0105\u0107 wybranego przez  cz\u0142onk\u00f3w dyrektora? Wierzbowska plot\u0142a wierutne bzdury.<\/span><\/p>\n<p dir=\"ltr\" style=\"line-height: 1.15; margin-top: 0pt; margin-bottom: 0pt\"><span style=\"font-size: 13px; font-family: Verdana; color: #000000; background-color: transparent; font-weight: normal; font-style: normal; font-variant: normal; text-decoration: none; vertical-align: baseline\">Zebranie  zako\u0144czy\u0142o si\u0119 w momencie, gdy w kolejce do mikrofonu sta\u0142y trzy osoby,  oczywi\u015bcie po tym, jak by\u0142y milicjant przez pi\u0119tna\u015bcie minut perorowa\u0142 o  swoich bzdurnych racjach, wymachuj\u0105c opas\u0142ym plikiem jakich\u015b  dokument\u00f3w, kt\u00f3re kaza\u0142 zebranym czyta\u0107 na odleg\u0142o\u015b\u0107, co chwil\u0119  wskazuj\u0105c palcem, w kt\u00f3rym miejscu, na aktualnie przewr\u00f3conej kartce  stoi, jak \u201cbyk\u201d, \u017ce on ma racj\u0119. Robi\u0142 te\u017c niezbyt sympatyczne wycieczki  pod adresem dyrektor Wojczulanis i kandydata Wysockiego.<\/span><\/p>\n<p dir=\"ltr\" style=\"line-height: 1.15; margin-top: 0pt; margin-bottom: 0pt\"><span style=\"font-size: 13px; font-family: Verdana; color: #000000; background-color: transparent; font-weight: normal; font-style: normal; font-variant: normal; text-decoration: none; vertical-align: baseline\">Te  trzy osoby to: \u00a0Marzena Wojczulanis (obecnie cz\u0142onek rady dyrektor\u00f3w),  kt\u00f3ra wydaje si\u0119 byc wielce niebezpieczna dla przewodnicz\u0105cej  Wierzbowskiej i cz\u0119\u015bci rady stoj\u0105cej przy przewodnicz\u0105cej, Marek Wysocki  &#8211; kandydat; niegdy\u015b w grupie milicjanta, dzi\u015b w przeciwnej, ostro  \u017c\u0105daj\u0105cy zmian w Unii, ale po mojemu to wzi\u0105\u0142 si\u0119 do tego od d&#8230;.  strony, no i ta trzecia, wielce skromna osoba to ja: by\u0142y cz\u0142onek rady  dyrektor\u00f3w, nigdy nienale\u017c\u0105cy do klubu \u201cpod palmami\u201d, kt\u00f3ry z  przys\u0142uguj\u0105cej mu karty kredytowej na &#8230;10 tysi\u0119cy dolar\u00f3w, wyda\u0142 przez  trzy lata niespe\u0142na 300 zielonych, wy\u0142\u0105cznie na benzyn\u0119, aby dojecha\u0107  na owe weekendowe szkolenia i zdaje si\u0119, \u017ce jakie\u015b tam ksi\u0105\u017cki kupi\u0142em i  zjad\u0142em po drodze jakiego\u015b kurczaka w przyautostradowym zaje\u017adzie. Taki  jestem durny; mia\u0142em do dyspozycji 10 ko\u0142a, a wyda\u0142em trzy st\u00f3wy. Co\u015b  nie hallo ze mn\u0105.<\/span><\/p>\n<p dir=\"ltr\" style=\"line-height: 1.15; margin-top: 0pt; margin-bottom: 0pt\"><span style=\"font-size: 13px; font-family: Verdana; color: #000000; background-color: transparent; font-weight: normal; font-style: normal; font-variant: normal; text-decoration: none; vertical-align: baseline\">I co zrobi\u0142a pani Wierzbowska?<\/span><\/p>\n<p dir=\"ltr\" style=\"line-height: 1.15; margin-top: 0pt; margin-bottom: 0pt\"><span style=\"font-size: 13px; font-family: Verdana; color: #000000; background-color: transparent; font-weight: normal; font-style: normal; font-variant: normal; text-decoration: none; vertical-align: baseline\">Oczywi\u015bcie, &#8211; zako\u0144czy\u0142a zebranie i kaza\u0142a wy\u0142\u0105czy\u0107 mikrofony.<\/span><\/p>\n<p dir=\"ltr\" style=\"line-height: 1.15; margin-top: 0pt; margin-bottom: 0pt\"><span style=\"font-size: 13px; font-family: Verdana; color: #000000; background-color: transparent; font-weight: normal; font-style: normal; font-variant: normal; text-decoration: none; vertical-align: baseline\">No, wi\u0119c si\u0119 zebra\u0142em w sobie i postanowi\u0142em opu\u015bci\u0107 meczet przy McGuinness Boulevard.<\/span><\/p>\n<p dir=\"ltr\" style=\"line-height: 1.15; margin-top: 0pt; margin-bottom: 0pt\"><span style=\"font-size: 13px; font-family: Verdana; color: #000000; background-color: transparent; font-weight: normal; font-style: normal; font-variant: normal; text-decoration: none; vertical-align: baseline\">Wyszed\u0142em  z sali i znalaz\u0142em si\u0119 na korytarzu, gdzie przewodnicz\u0105ca \u201curabia\u0142a\u201d  niesfornych cz\u0142onk\u00f3w. Zatrzyma\u0142em si\u0119 na chwil\u0119 i powiedzia\u0142em: &#8222;prosz\u0119  pa\u0144stwa, w naszej Unii by\u0142o \u017ale, owszem, ale najgorzej zacz\u0119\u0142o si\u0119  dzia\u0107, kiedy w\u0142adz\u0119 obj\u0119\u0142a obecna przewodnicz\u0105ca, i gdy pan \u0141uczaj  zacz\u0105\u0142 wp\u0142ywa\u0107 na decyzje rady i jej poszczeg\u00f3lnych cz\u0142onk\u00f3w\u201d.<\/span><\/p>\n<p dir=\"ltr\" style=\"line-height: 1.15; margin-top: 0pt; margin-bottom: 0pt\"><span style=\"font-size: 13px; font-family: Verdana; color: #000000; background-color: transparent; font-weight: normal; font-style: normal; font-variant: normal; text-decoration: none; vertical-align: baseline\">To wszystko. I skierowa\u0142em si\u0119 na schody, by jako\u015b wyspina\u0107 si\u0119 na parking.<\/span><\/p>\n<p dir=\"ltr\" style=\"line-height: 1.15; margin-top: 0pt; margin-bottom: 0pt\"><span style=\"font-size: 13px; font-family: Verdana; color: #000000; background-color: transparent; font-weight: normal; font-style: normal; font-variant: normal; text-decoration: none; vertical-align: baseline\">Na  ostatnim schodzie dop\u0119dzi\u0142a mnie starsza pani i &#8230; zacz\u0105\u0142 si\u0119  monolog:(pere\u0142ka na koniec dnia i koniec tego beznadziejnego zebrania):<\/span><\/p>\n<p dir=\"ltr\" style=\"line-height: 1.15; margin-top: 0pt; margin-bottom: 0pt\"><span style=\"font-size: 13px; font-family: Verdana; color: #000000; background-color: transparent; font-weight: normal; font-style: normal; font-variant: normal; text-decoration: none; vertical-align: baseline\">-Panie Sporek, pan nie wie kim jestem, bo ja jestem \u0141uczajowa.<\/span><\/p>\n<p dir=\"ltr\" style=\"line-height: 1.15; margin-top: 0pt; margin-bottom: 0pt\"><span style=\"font-size: 13px; font-family: Verdana; color: #000000; background-color: transparent; font-weight: normal; font-style: normal; font-variant: normal; text-decoration: none; vertical-align: baseline\">Spojrza\u0142em na ni\u0105 pytaj\u0105co&#8230;<\/span><\/p>\n<p dir=\"ltr\" style=\"line-height: 1.15; margin-top: 0pt; margin-bottom: 0pt\"><span style=\"font-size: 13px; font-family: Verdana; color: #000000; background-color: transparent; font-weight: normal; font-style: normal; font-variant: normal; text-decoration: none; vertical-align: baseline\">-&#8230;I  mam do pana pytanie (byli\u015bmy ju\u017c w drzwiach wyj\u015bciowych, wi\u0119c  przepu\u015bci\u0142em kobiet\u0119 przodem), kiedy pan si\u0119 odp&#8230;.. od mojego m\u0119\u017ca?  Niech pan si\u0119 zajmie swoimi pierd&#8230;. kochankami, (<em>chcia\u0142em powiedzie\u0107,  \u017ce aktualnie nie mam kochanki, a od Wielkiej Nocy, ka\u017cdej niedzieli  przyjmuj\u0119 komuni\u0119 \u015bwi\u0119t\u0105, co, daj mi Bo\u017ce jak najd\u0142u\u017cej, ale nie da\u0142a mi  doj\u015b\u0107 do s\u0142owa<\/em>), a od mojego m\u0119\u017ca niech si\u0119 pan odp&#8230; (p<em>owtarza si\u0119,  bidula<\/em>), bo jak si\u0119 kur&#8230;. nie odp&#8230;.sz, to ja ci, kur&#8230;. osobi\u015bcie  przyp&#8230;.. (<em>przepi\u0142a bruderszaft, wyra\u017anie przechodz\u0105c na ty i doda\u0142a<\/em>):, ty stary ch&#8230;..<em>(tylko nie stary,- oburzy\u0142em si\u0119 w duchu).<\/em><br \/>\n<\/span><\/p>\n<p dir=\"ltr\" style=\"line-height: 1.15; margin-top: 0pt; margin-bottom: 0pt\"><span style=\"font-size: 13px; font-family: Verdana; color: #000000; background-color: transparent; font-weight: normal; font-style: normal; font-variant: normal; text-decoration: none; vertical-align: baseline\">I  nagle zamilk\u0142a, odwr\u00f3ci\u0142a si\u0119 i szybciutko znikn\u0119\u0142a za drzwiami do  bankowej piwnicy). W tym momencie zobaczy\u0142em dwie panie, \u015bmiej\u0105ce si\u0119 do  rozpuku przy samochodzie i jedn\u0105, stoj\u0105ca przy schodach bankowych,  r\u00f3wnie\u017c w dobrym humorze. (to ich wystraszy\u0142a si\u0119 moja napastniczka).  Wszystkie mia\u0142y ubaw po pachy, ale te\u017c wszystkie skomentowa\u0142y: \u201cpanie  Januszu, szkoda si\u0119 w og\u00f3le wdawa\u0107 w dyskusj\u0119 z takim prymitywem, ale  g\u0119b\u0119 baba ma, jak szambo.\u201d S\u0142ysza\u0142y wszystko. Akurat znam te panie, one mnie znaj\u0105 i szybko  zapomnia\u0142em o \u0141uczajowej. By\u0142em tego samego zdania, nie warto,- i po  kr\u00f3tkiej, a sympatycznej rozmowie o bezsensie dzisiejszego zebrania,  po\u017cegna\u0142em si\u0119 i wsiad\u0142em do samochodu, aby znale\u017a\u0107 si\u0119, jak najdalej od  miejsca, kt\u00f3re zara\u017cone jest polonijn\u0105 d\u017cum\u0105. Zrobi\u0142em sobie ma\u0142y mix  \u201cJasia W\u0119drowniczka\u201d z coca col\u0105 (lekarz mi pozwoli\u0142) i usiad\u0142em, aby  zapisa\u0107 ten wieczorny fragment mojego, sk\u0105din\u0105d bardzo fajnego, acz  d\u0142ugiego dnia z moimi uczniami. By\u0142o fajnie&#8230;, dop\u00f3ki nie znalaz\u0142em si\u0119  w \u015bwiecie doros\u0142ych&#8230;<\/span><\/p>\n<p dir=\"ltr\" style=\"line-height: 1.15; margin-top: 0pt; margin-bottom: 0pt\"><span style=\"font-size: 13px; font-family: Verdana; color: #000000; background-color: transparent; font-weight: normal; font-style: normal; font-variant: normal; text-decoration: none; vertical-align: baseline\">A  teraz sobie u\u015bwiadamiam, \u017ce przecie\u017c niejaka \u0141uczajowa mi grozi\u0142a.  Niech wi\u0119c pozostanie ten fakt zapisany na tym blogu. A chcia\u0142em j\u0105  zapyta\u0107, czy jej ma\u0142\u017conkowi wolno obrzuca\u0107 b\u0142otem wszystkich, a na jego  temat nie wolno si\u0119 nikomu odezwa\u0107, no ale szans mi \u017cadnych nie da\u0142a. &#8211;  Uciek\u0142a.<\/span><\/p>\n<p dir=\"ltr\" style=\"line-height: 1.15; margin-top: 0pt; margin-bottom: 0pt\"><span style=\"font-size: 13px; font-family: Verdana; color: #000000; background-color: transparent; font-weight: normal; font-style: normal; font-variant: normal; text-decoration: none; vertical-align: baseline\">Wniosek odno\u015bnie zebrania jest jeden: <\/span><\/p>\n<p dir=\"ltr\" style=\"line-height: 1.15; margin-top: 0pt; margin-bottom: 0pt\"><span style=\"font-size: 13px; font-family: Verdana; color: #000000; background-color: transparent; font-weight: normal; font-style: normal; font-variant: normal; text-decoration: none; vertical-align: baseline\">zebrania  informacyjne prowadzone przez obecn\u0105 (jeszcze do maja) przewodnicz\u0105c\u0105,  nie maj\u0105 najmniejszego sensu. W og\u00f3le ta nasza Unia z t\u0105 przewodnicz\u0105c\u0105 i  jeszcze kilkoma cz\u0142onkiniami i jednym cz\u0142onkiem rady dyrektor\u00f3w te\u017c nie  ma kompletnie sensu.<\/span><\/p>\n<p dir=\"ltr\" style=\"line-height: 1.15; margin-top: 0pt; margin-bottom: 0pt\"><span style=\"font-size: 13px; font-family: Verdana; color: #000000; background-color: transparent; font-weight: normal; font-style: normal; font-variant: normal; text-decoration: none; vertical-align: baseline\">Najwi\u0119kszym  za\u015b k\u0142amstwem wieczoru by\u0142a informacja przewodnicz\u0105cej, (zd\u0105\u017cy\u0142em  us\u0142ysze\u0107 na w\u0142asne uczy), \u017ce sprawa s\u0105dowa z wyrzuconym w ub. roku  dyrektorem wykonawczym jest jeszcze w toku i ona nie mo\u017ce udzieli\u0107  \u017cadnej informacji. A tymczasem sprawy ju\u017c nie ma, jest tzw. settlement,  czyli ugoda stron. Unia zgodzi\u0142a si\u0119 wyp\u0142aci\u0107 wyrzuconemu dyrektorowi  \u201czado\u015b\u0107uczynienie\u201d, ale pani Wierzbowska zastrzeg\u0142a sobie, \u017ce nawet  cz\u0142onkom rady dyrektor\u00f3w nie ujawni wysoko\u015bci dolarowej tej ugody. <\/span><\/p>\n<p dir=\"ltr\" style=\"line-height: 1.15; margin-top: 0pt; margin-bottom: 0pt\"><span style=\"font-size: 13px; font-family: Verdana; color: #000000; background-color: transparent; font-weight: normal; font-style: normal; font-variant: normal; text-decoration: none; vertical-align: baseline\">Wi\u0119c mam pytanie do dyrektor\u00f3w: przeg\u0142osowali\u015bcie t\u0119 ugod\u0119? <\/span><\/p>\n<p dir=\"ltr\" style=\"line-height: 1.15; margin-top: 0pt; margin-bottom: 0pt\"><span style=\"font-size: 13px; font-family: Verdana; color: #000000; background-color: transparent; font-weight: normal; font-style: normal; font-variant: normal; text-decoration: none; vertical-align: baseline\">Tak,  czy nie? Je\u015bli nie, to nie ma ugody. Je\u015bli tak, to jakim prawem  przeg\u0142osowali\u015bcie j\u0105, nie znaj\u0105c kwoty, kt\u00f3r\u0105 Unia ma zap\u0142acic? Wi\u0119c,  je\u015bli tak, to wszyscy powinni\u015bcie si\u0119 poda\u0107 do dymisji, bo  rozporz\u0105dzacie naszymi pieni\u0119dzmi.<\/span><\/p>\n<p dir=\"ltr\" style=\"line-height: 1.15; margin-top: 0pt; margin-bottom: 0pt\"><span style=\"font-size: 13px; font-family: Verdana; color: #000000; background-color: transparent; font-weight: normal; font-style: normal; font-variant: normal; text-decoration: none; vertical-align: baseline\">I  jeszcze jedno pytanie: przeg\u0142osowali\u015bcie powr\u00f3t poprzedniego CEO? To  kolejne pytanie: czy ten pan odda pieni\u0105dze, kt\u00f3re dosta\u0142, jako  \u201czado\u015b\u0107uczynienie\u201d? Nasza Unia nie robi nic, tylko wyp\u0142aca  \u201czado\u015b\u0107uczynienia\u201d. I raz jedyny w ci\u0105gu 35 lat wyp\u0142aci\u0142a nam dywidendy  (dwa miliony z groszami, rozdzielone mi\u0119dzy 70 tysi\u0119cy c\u0142\u017conk\u00f3w), a sprawy s\u0105dowe po zarz\u0105dzie komisarycznym  kosztowa\u0142y wi\u0119cej, ni\u017c po\u0142owa owych dywidend &#8211; ponad milion dolar\u00f3w, dla kilkunastu &#8222;ura\u017conych&#8221; dyrektor\u00f3w. A K. Matyszczyk zebra\u0142 jeszcze od naiwnych i przyjaci\u00f3l 70 tysi\u0119cy. I wydawano te pieni\u0105dze  na prawnik\u00f3w bez zmru\u017cenia oka, a nad dywidendami radzili\u015bmy kilka miesi\u0119cy.<\/span><\/p>\n<p dir=\"ltr\" style=\"line-height: 1.15; margin-top: 0pt; margin-bottom: 0pt\"><span style=\"font-size: 13px; font-family: Verdana; color: #000000; background-color: transparent; font-weight: normal; font-style: normal; font-variant: normal; text-decoration: none; vertical-align: baseline\">Zatem, jak m\u00f3wi Cejrowski: Wierzbowska, won! Matyszczyk, won! Manad\u017cement, won! I ca\u0142a reszta rady dyrektor\u00f3w &#8211; WON!<\/span><\/p>\n<p><span style=\"font-size: 13px; font-family: Verdana; color: #000000; background-color: transparent; font-weight: normal; font-style: normal; font-variant: normal; text-decoration: none; vertical-align: baseline\">Bortnik  z powrotem i niech dobierze sobie ludzi, kt\u00f3rzy potraktuj\u0105 Uni\u0119, jak  swoj\u0105 misj\u0119, tylko Tomku, nie baw si\u0119 w demokracj\u0119, bo, jak m\u00f3wi  Lechu-Bolku: mia\u0142a byc demokracja, a tu ka\u017cdy gada, co chce.<\/span><\/p>\n","protected":false},"excerpt":{"rendered":"<p>By\u0142em na nim kr\u00f3tko. Dojecha\u0142em dopiero o 21-ej, po ostatniej lekcji. W kolejce do zadawania pyta\u0144 sta\u0142o sze\u015b\u0107 os\u00f3b, na \u015brodku okupowa\u0142 mikrofon jeden z kandydat\u00f3w na dyrektora (nie b\u0119d\u0119 wymienia\u0142 nazwiska, bo to w ko\u0144cu kandydat).<\/p>\n","protected":false},"author":2,"featured_media":0,"comment_status":"open","ping_status":"open","sticky":false,"template":"","format":"standard","meta":[],"categories":[3],"tags":[],"_links":{"self":[{"href":"https:\/\/sporek.com\/blog\/index.php?rest_route=\/wp\/v2\/posts\/384"}],"collection":[{"href":"https:\/\/sporek.com\/blog\/index.php?rest_route=\/wp\/v2\/posts"}],"about":[{"href":"https:\/\/sporek.com\/blog\/index.php?rest_route=\/wp\/v2\/types\/post"}],"author":[{"embeddable":true,"href":"https:\/\/sporek.com\/blog\/index.php?rest_route=\/wp\/v2\/users\/2"}],"replies":[{"embeddable":true,"href":"https:\/\/sporek.com\/blog\/index.php?rest_route=%2Fwp%2Fv2%2Fcomments&post=384"}],"version-history":[{"count":0,"href":"https:\/\/sporek.com\/blog\/index.php?rest_route=\/wp\/v2\/posts\/384\/revisions"}],"wp:attachment":[{"href":"https:\/\/sporek.com\/blog\/index.php?rest_route=%2Fwp%2Fv2%2Fmedia&parent=384"}],"wp:term":[{"taxonomy":"category","embeddable":true,"href":"https:\/\/sporek.com\/blog\/index.php?rest_route=%2Fwp%2Fv2%2Fcategories&post=384"},{"taxonomy":"post_tag","embeddable":true,"href":"https:\/\/sporek.com\/blog\/index.php?rest_route=%2Fwp%2Fv2%2Ftags&post=384"}],"curies":[{"name":"wp","href":"https:\/\/api.w.org\/{rel}","templated":true}]}}