{"id":385,"date":"2013-04-30T13:56:08","date_gmt":"2013-04-30T17:56:08","guid":{"rendered":"http:\/\/sporek.com\/blog\/?p=385"},"modified":"2013-04-30T13:56:43","modified_gmt":"2013-04-30T17:56:43","slug":"a-media","status":"publish","type":"post","link":"https:\/\/sporek.com\/blog\/?p=385","title":{"rendered":"A media&#8230;?"},"content":{"rendered":"<p dir=\"ltr\" style=\"line-height: 1.15; margin-top: 0pt; margin-bottom: 0pt\"><span style=\"font-size: 13px; font-family: Verdana; color: #000000; background-color: transparent; font-weight: normal; font-style: normal; font-variant: normal; text-decoration: none; vertical-align: baseline\">A  media nabra\u0142y wody w usta i milcz\u0105. Opisanie pi\u0105tkowego zebrania i  umieszczenie tego opisu na pierwszej stronie z zagadkowym tytu\u0142em:<\/span><span style=\"font-size: 13px; font-family: Verdana; color: #000000; background-color: transparent; font-weight: normal; font-style: normal; font-variant: normal; text-decoration: none; vertical-align: baseline\"> \u201cP\u00f3\u0142tora  miliona dolar\u00f3w&#8230;.?\u201d nie jest \u017cadn\u0105 akcj\u0105 w celu poprawienia sytuacji.  <\/span><!--more--><span style=\"font-size: 13px; font-family: Verdana; color: #000000; background-color: transparent; font-weight: normal; font-style: normal; font-variant: normal; text-decoration: none; vertical-align: baseline\">Nie od dzi\u015b przekonujemy si\u0119, \u017ce media albo nie maj\u0105 wyczucia, albo s\u0105  tak uzale\u017cnione od pieni\u0119dzy, \u017ce nie sta\u0107 ich na trze\u017aw\u0105 ocen\u0119. Taki  tytu\u0142 wy\u0142\u0105cznie podbija sprzeda\u017c, ale, czy pomaga? Pami\u0119tamy te  wszystkie artyku\u0142y gloryfikuj\u0105ce ci\u0105gle jeszcze obecn\u0105 przewodnicz\u0105c\u0105.  Pami\u0119tamy ogromnych rozmiar\u00f3w artyku\u0142y pa\u0142kownika, ale ja nie pami\u0119tam,  \u017ceby kto\u015b podszed\u0142 do mnie, gdy by\u0142em w radzie, czy do koleg\u00f3w z tej\u017ce  rady i poprosi\u0142 o ocen\u0119 sytuacji. Pytano wszystkich, tylko nie tych,  kt\u00f3rych pyta\u0107 si\u0119 powinno. Media polonijne maj\u0105 na swoim sumieniu  usuni\u0119cie T. Bortnika i innych dyrektor\u00f3w, maj\u0105 na sumieniu usuni\u0119cie  dyrektora wykonawczego i maj\u0105 na sumieniu obecn\u0105 sytuacj\u0119.<\/span><\/p>\n<p dir=\"ltr\" style=\"line-height: 1.15; margin-top: 0pt; margin-bottom: 0pt\"><span style=\"font-size: 13px; font-family: Verdana; color: #000000; background-color: transparent; font-weight: normal; font-style: normal; font-variant: normal; text-decoration: none; vertical-align: baseline\">Leon  Kokoszka, cz\u0142onek obecnej rady dyrektor\u00f3w, chyba najm\u0105drzejszy i  najbardziej adekwatny cz\u0142owiek w tej radzie, z ogromnym do\u015bwiadczeniem  wys\u0142a\u0142 prze \u015awi\u0119tami Wielkiej Nocy list otwarty, w kt\u00f3rym ocenia obecn\u0105  sytuacj\u0119. Wys\u0142a\u0142 do wszystkich polonijnych gazet. Z przeoczenia nie  wys\u0142a\u0142 go do Polskiej Gazety.<\/span><\/p>\n<p dir=\"ltr\" style=\"line-height: 1.15; margin-top: 0pt; margin-bottom: 0pt\"><span style=\"font-size: 13px; font-family: Verdana; color: #000000; background-color: transparent; font-weight: normal; font-style: normal; font-variant: normal; text-decoration: none; vertical-align: baseline\">\u017badna  z gazet tego listu nie zamie\u015bci\u0142a. List ten jest teraz wklejony pod  artyku\u0142em \u201cZebranie informacyjne\u201d, a wklei\u0142a go Alka, za co Jej  dzi\u0119kuj\u0119. Czy gazety si\u0119 zm\u00f3wi\u0142y&#8230;? A na pewno zapomnia\u0142y, \u017ce jest  Internet i pr\u0119dzej, czy po\u017aniej&#8230;<\/span><\/p>\n<p dir=\"ltr\" style=\"line-height: 1.15; margin-top: 0pt; margin-bottom: 0pt\"><span style=\"font-size: 13px; font-family: Verdana; color: #000000; background-color: transparent; font-weight: normal; font-style: normal; font-variant: normal; text-decoration: none; vertical-align: baseline\">Jak nasze, polonijne gazety wyja\u015bni\u0105 te sytuacj\u0119? Cenzura? Stronniczo\u015b\u0107?, Tumiwisizm?<\/span><\/p>\n<p dir=\"ltr\" style=\"line-height: 1.15; margin-top: 0pt; margin-bottom: 0pt\"><span style=\"font-size: 13px; font-family: Verdana; color: #000000; background-color: transparent; font-weight: normal; font-style: normal; font-variant: normal; text-decoration: none; vertical-align: baseline\">A  mo\u017ce obawa, \u017ce \u201c\u017celazna dama\u201d z Unii Kredytowej (przepraszam \u015bp.  Margaret Thacher) nie przyzna funduszy na gazety, nie da og\u0142osze\u0144 Unii?<\/span><\/p>\n<p dir=\"ltr\" style=\"line-height: 1.15; margin-top: 0pt; margin-bottom: 0pt\"><span style=\"font-size: 13px; font-family: Verdana; color: #000000; background-color: transparent; font-weight: normal; font-style: normal; font-variant: normal; text-decoration: none; vertical-align: baseline\">Wi\u0119c  za te srebrniki postanowi\u0142y nasze gazety nie opublikowa\u0107 listu, kt\u00f3ry  ponad miesi\u0105c temu by\u0142 krzykiem cz\u0142owieka, kt\u00f3ry zna sytuacj\u0119 od  wewn\u0105trz. Trzy lata temu bohaterk\u0105 na pierwsz\u0105 stron\u0119 by\u0142a obecna  przewodnicz\u0105ca i jej przyboczny posterunkowy. Posterunkowy pisa\u0142 ponadto  wiersze poni\u017caj\u0105ce i obra\u017caj\u0105ce wszystkich, kt\u00f3rzy my\u015bleli inaczej, ni\u017c  oni. Dosta\u0142o si\u0119 i mnie kilka razy, ale ja ju\u017c dawno stwierdzi\u0142em, \u017ce  tym facetm przejmowa\u0107 si\u0119 nie ma co, bo to po prostu nie ten poziom.  Jeden z przyjaci\u00f3\u0142 ci\u0105gle mi powtarza: <\/span><span style=\"font-size: 13px; font-family: Verdana; color: #000000; background-color: transparent; font-weight: normal; font-style: italic; font-variant: normal; text-decoration: none; vertical-align: baseline\">nie zadawaj si\u0119 ze s\u0142u\u017cb\u0105.<\/span><\/p>\n<p dir=\"ltr\" style=\"line-height: 1.15; margin-top: 0pt; margin-bottom: 0pt\"><span style=\"font-size: 13px; font-family: Verdana; color: #000000; background-color: transparent; font-weight: normal; font-style: normal; font-variant: normal; text-decoration: none; vertical-align: baseline\">Kilkoro  pracownik\u00f3w Unii Kredytowej wys\u0142a\u0142o do mnie e-mail z informacj\u0105, \u017ce  przyboczny przewodnicz\u0105cej wys\u0142a\u0142 do nich (wszystkich, wi\u0119c sk\u0105d mia\u0142  adresy&#8230;?) ohydny list na temat jednej z pa\u0144, kt\u00f3ra o\u015bmieli\u0142a si\u0119 na  zebraniu informacyjnym zapyta\u0107 \u201cile pani przewodnicz\u0105ca wyda\u0142a naszych  pieni\u0119dzy na szkolenia\u201d. Ten wredny, poni\u017cej wszelkiego poziomu list  pracownicy za\u0142\u0105czyli i musz\u0119 powiedzie\u0107, \u017ce gdy go przeczyta\u0142em, to mi  si\u0119 po pierwsze zrobi\u0142o strasznie \u017cal tej opisanej kobiety, po drugie  stwierdzi\u0142em, \u017ce je\u015bli jest tak, \u017ce najpot\u0119\u017cniejsze wp\u0142ywy w naszej Unii  ma cz\u0142owiek tak pisz\u0105cy, to znaczy, \u017ce trzeba chyba likwidowa\u0107 konto i  przenie\u015b\u0107 oszcz\u0119dno\u015bci gdzie indziej. A jeszcze z innej strony  pomy\u015bla\u0142em sobie, &#8211; jak to wszystko si\u0119 dziwnie uk\u0142ada: jeste\u015bmy karani  za g\u0142upot\u0119, czasem za dwulicowo\u015b\u0107 i bardzo cz\u0119sto za pod\u0142e dzia\u0142ania z  premedytacj\u0105.<\/span><\/p>\n<p dir=\"ltr\" style=\"line-height: 1.15; margin-top: 0pt; margin-bottom: 0pt\"><span style=\"font-size: 13px; font-family: Verdana; color: #000000; background-color: transparent; font-weight: normal; font-style: normal; font-variant: normal; text-decoration: none; vertical-align: baseline\">Sk\u0105d  ta my\u015bl? Ta w\u0142a\u015bnie pani by\u0142a jedn\u0105 z najwi\u0119kszych or\u0119downiczek  usuni\u0119cia CEO i wszystkich pi\u0119ciu dyrektor\u00f3w. Jeszcze rok temu. Malo  tego, prawi\u0142a mi mora\u0142y, \u017ce nie mam rozeznania, \u017ce b\u0142\u0105dz\u0119 i da\u0142em si\u0119  kupi\u0107 i stoj\u0119 po z\u0142ej stronie p\u0142otu. No i porobi\u0142o si\u0119.<\/span><\/p>\n<p dir=\"ltr\" style=\"line-height: 1.15; margin-top: 0pt; margin-bottom: 0pt\"><span style=\"font-size: 13px; font-family: Verdana; color: #000000; background-color: transparent; font-weight: normal; font-style: normal; font-variant: normal; text-decoration: none; vertical-align: baseline\">Gazety  nie pytaj\u0105, jak prz\u0119dzie Chicago, a prz\u0119dzie bardzo \u017ale, nie pytaj\u0105 ile  warto\u015bciowych po\u017cyczek nasze unijne przyw\u00f3dztwo sprzeda\u0142o i pozbawi\u0142o  nas dochod\u00f3w z tych po\u017cyczek, nie pytaj\u0105, dlaczego jeden dolar kosztuje w  naszej Unii prawie 85 cent\u00f3w. Milicjant g\u0142o\u015bno wrzeszczy, \u017ce wygra\u0142  wszystkie sprawy, bez adwokat\u00f3w, che\u0142pi si\u0119, \u017ce wyrzuci\u0142 dyrektora  wykonawczego, ale gazety nie pytaj\u0105 go, jakie s\u0105 i jakie b\u0119d\u0105 skutki  tych \u201cbrawurowych\u201d decyzji. A skutki b\u0119d\u0105 fatalne i mam nadziej\u0119, \u017ce  obecne dyrektorki zdaj\u0105 sobie spraw\u0119 z tego, jak daleko to wszystko  zasz\u0142o. Unia nie zap\u0142aci wyrzuconemu dyrektorowi. Zap\u0142aci ubezpieczenie.  I to te\u017c jest t\u0142umaczenie, jakiego trzyma si\u0119 grupa, kt\u00f3ra go  wyrzuci\u0142a. Ale \u015bwiadczy to tylko o ich w\u0105skotorowych m\u00f3zgach. Chyba  ka\u017cdy wie, co si\u0119 dzieje, kiedy z naszej winy powodujemy wypadek  samochodowy. Owszem nasze ubezpieczenie zap\u0142aci poszkodowanemu, ale  natychmiast podnosi nam stawk\u0119, a kiedy wpadamy w recydyw\u0119 wypadkow\u0105, to  nie chce nas ju\u017c \u017cadna firma ubezpieczeniowa. A, niestety, nasza Unia  pod tym wzgl\u0119dem jest recydywistk\u0105.<\/span><\/p>\n<p dir=\"ltr\" style=\"line-height: 1.15; margin-top: 0pt; margin-bottom: 0pt\"><span style=\"font-size: 13px; font-family: Verdana; color: #000000; background-color: transparent; font-weight: normal; font-style: normal; font-variant: normal; text-decoration: none; vertical-align: baseline\">Mam  nadziej\u0119, \u017ce pozostaj\u0105cym w radzie paniom otworz\u0105 si\u0119 oczy i ju\u017c na  pierwszym zebraniu dokonaj\u0105 potrzebnych dzia\u0142a\u0144. Przede wszsytkim  desygnuj\u0105 Leona Kokoszk\u0119 do funkcji przewodnicz\u0105cego. Jest tam  definitywnie najbardziej predystynowanym czlowiekiem do tej funkcji.<\/span><\/p>\n<p dir=\"ltr\" style=\"line-height: 1.15; margin-top: 0pt; margin-bottom: 0pt\"><span style=\"font-size: 13px; font-family: Verdana; color: #000000; background-color: transparent; font-weight: normal; font-style: normal; font-variant: normal; text-decoration: none; vertical-align: baseline\">Moje typy do g\u0142osowania s\u0105 nast\u0119puj\u0105ce:<\/span><\/p>\n<p dir=\"ltr\" style=\"line-height: 1.15; margin-top: 0pt; margin-bottom: 0pt\"><span style=\"font-size: 13px; font-family: Verdana; color: #000000; background-color: transparent; font-weight: bold; font-style: normal; font-variant: normal; text-decoration: none; vertical-align: baseline\">Pachacz, Staszewski, B\u0105k.<\/span><\/p>\n<p dir=\"ltr\" style=\"line-height: 1.15; margin-top: 0pt; margin-bottom: 0pt\"><span style=\"font-size: 13px; font-family: Verdana; color: #000000; background-color: transparent; font-weight: normal; font-style: normal; font-variant: normal; text-decoration: none; vertical-align: baseline\">Dw\u00f3m  ostatnim zagrozi\u0142em niedawno, \u017ce wyrzucam ich z listy, ale  przeprowadzi\u0142em rozeznanie i wiem, \u017ce na \u0142uczajowskie zebranie byli  zaproszeni przez komitet cz\u0142onkowski i nie poszli tam, \u017ceby wspiera\u0107  milicjanta. Zreszt\u0105 p. Staszewski odci\u0105\u0142 si\u0119 od tego w jednym z  wyst\u0105pie\u0144 na stronie Nowego Dziennika. <\/span><\/p>\n<p dir=\"ltr\" style=\"line-height: 1.15; margin-top: 0pt; margin-bottom: 0pt\"><span style=\"font-size: 13px; font-family: Verdana; color: #000000; background-color: transparent; font-weight: normal; font-style: normal; font-variant: normal; text-decoration: none; vertical-align: baseline\">Wiem,  \u017ce s\u0105 ludzie, kt\u00f3rzy optuj\u0105 za Markiem Wysockim, ale ja, osobi\u015bcie nie  b\u0119d\u0119 go wspiera\u0142 w\u0142a\u015bnie dlatego, \u017ce b\u0119d\u0105c z \u0141uczajem rok temu  spowodowa\u0142 ca\u0142e to zamieszanie, kt\u00f3re w prostej linii doprowadzi\u0142o do  spraw s\u0105dowych, ogromnych wydatk\u00f3w i konsekwencji, kt\u00f3re dopiero  przyjd\u0105. By\u0142em wtedy cz\u0142onkiem rady i wiem, jak potwornie skrzywdzono  zar\u00f3wno dra Bortnika, jak i pozosta\u0142ych czterech dyrektor\u00f3w i wreszcie  dyrektora wykonawczego. ale przede wszystki Uni\u0119 i Cz\u0142onk\u00f3w, kt\u00f3rzy  ciu\u0142aj\u0105 w niej swoje oszcz\u0119dno\u015bci. Tamtego wieczoru, kiedy dyr.  Mielczarek pakowa\u0142 swoje rzeczy nie zapomn\u0119 nigdy, tak, jak nigdy nie  zapomn\u0119 momentu, w kt\u00f3rym og\u0142oszono, \u017ce dr. Bortnik i czw\u00f3rka  wyrzuconych dyrektor\u00f3w zostaj\u0105 r\u00f3wnie\u017c pozbawieni praw cz\u0142onkowskich  Unii Kredytowej. Wszyscy mieli konta w Unii, a chyba dwoje mia\u0142o  po\u017cyczk\u0119. Ten krok \u00f3wczesnej grupy opozycyjnej by\u0142 komplatnie  nieprzemy\u015blany i \u015bmierdzia\u0142 populizmem na odleg\u0142o\u015b\u0107. Dzia\u0142ania  populistyczne, wymachiwanie szabelk\u0105 nigdy nie przynosz\u0105 pozytywnych  rezultat\u00f3w. Kosztami tamtej, zesz\u0142orocznej decyzji obci\u0105\u017cy\u0142bym tych  kt\u00f3rz sprowokowali ca\u0142y ten splot wydarze\u0144 i wszystkich dyrektor\u00f3w,  kt\u00f3rzy g\u0142osowali za usuni\u0119ciem dyrektora wykonawczego.<\/span><\/p>\n<p dir=\"ltr\" style=\"line-height: 1.15; margin-top: 0pt; margin-bottom: 0pt\"><span style=\"font-size: 13px; font-family: Verdana; color: #000000; background-color: transparent; font-weight: normal; font-style: normal; font-variant: normal; text-decoration: none; vertical-align: baseline\">Przypomn\u0119 na koniec: w komentarzach do artyku\u0142u \u201cZebranie informacyjne\u201d<\/span><\/p>\n<p dir=\"ltr\" style=\"line-height: 1.15; margin-top: 0pt; margin-bottom: 0pt\"><span style=\"font-size: 13px; font-family: Verdana; color: #000000; background-color: transparent; font-weight: normal; font-style: normal; font-variant: normal; text-decoration: none; vertical-align: baseline\">jest  list otwarty dyrektora Kokoszki, wklejony przez Alk\u0119. Polecam bardzo.  Tym bardziej, \u017ce \u017cadna, polonijna gazeta go nie opublikowa\u0142a. <\/span><\/p>\n<p><span style=\"font-size: 13px; font-family: Verdana; color: #000000; background-color: transparent; font-weight: normal; font-style: normal; font-variant: normal; text-decoration: none; vertical-align: baseline\">A  media&#8230;? A media niech si\u0119 wezm\u0105 do powa\u017cnej roboty, bo nied\u0142ugo mo\u017ce  by\u0107 tak, \u017ce to, co mieli\u015bmy najcenniejszego, najwspanialszego, nad czym  pracowa\u0142y dwa pokolenia ludzi p\u00f3jdzie pod licytacyjny m\u0142otek  bukmacher\u00f3w, kt\u00f3rzy tylko czekaj\u0105, \u017ceby Unii Polsko-S\u0141owia\u0144skiej  powin\u0119\u0142a si\u0119 noga. I nie b\u0119dzie ju\u017c o czym pisa\u0107, nie b\u0119dzie reklam, nie  b\u0119dzie pieni\u0119dzy, nie b\u0119dzie Unii Polsko-S\u0142owia\u0144skiej.<\/span><\/p>\n","protected":false},"excerpt":{"rendered":"<p>A media nabra\u0142y wody w usta i milcz\u0105. Opisanie pi\u0105tkowego zebrania i umieszczenie tego opisu na pierwszej stronie z zagadkowym tytu\u0142em: \u201cP\u00f3\u0142tora miliona dolar\u00f3w&#8230;.?\u201d nie jest \u017cadn\u0105 akcj\u0105 w celu poprawienia sytuacji.<\/p>\n","protected":false},"author":2,"featured_media":0,"comment_status":"open","ping_status":"open","sticky":false,"template":"","format":"standard","meta":[],"categories":[3],"tags":[],"_links":{"self":[{"href":"https:\/\/sporek.com\/blog\/index.php?rest_route=\/wp\/v2\/posts\/385"}],"collection":[{"href":"https:\/\/sporek.com\/blog\/index.php?rest_route=\/wp\/v2\/posts"}],"about":[{"href":"https:\/\/sporek.com\/blog\/index.php?rest_route=\/wp\/v2\/types\/post"}],"author":[{"embeddable":true,"href":"https:\/\/sporek.com\/blog\/index.php?rest_route=\/wp\/v2\/users\/2"}],"replies":[{"embeddable":true,"href":"https:\/\/sporek.com\/blog\/index.php?rest_route=%2Fwp%2Fv2%2Fcomments&post=385"}],"version-history":[{"count":0,"href":"https:\/\/sporek.com\/blog\/index.php?rest_route=\/wp\/v2\/posts\/385\/revisions"}],"wp:attachment":[{"href":"https:\/\/sporek.com\/blog\/index.php?rest_route=%2Fwp%2Fv2%2Fmedia&parent=385"}],"wp:term":[{"taxonomy":"category","embeddable":true,"href":"https:\/\/sporek.com\/blog\/index.php?rest_route=%2Fwp%2Fv2%2Fcategories&post=385"},{"taxonomy":"post_tag","embeddable":true,"href":"https:\/\/sporek.com\/blog\/index.php?rest_route=%2Fwp%2Fv2%2Ftags&post=385"}],"curies":[{"name":"wp","href":"https:\/\/api.w.org\/{rel}","templated":true}]}}