{"id":388,"date":"2013-06-12T21:17:49","date_gmt":"2013-06-13T01:17:49","guid":{"rendered":"http:\/\/sporek.com\/blog\/?p=388"},"modified":"2013-06-12T21:17:49","modified_gmt":"2013-06-13T01:17:49","slug":"viii-zjazd-klubow-gp","status":"publish","type":"post","link":"https:\/\/sporek.com\/blog\/?p=388","title":{"rendered":"VIII Zjazd Klub\u00f3w GP"},"content":{"rendered":"<p dir=\"ltr\" style=\"line-height: 1.15; margin-top: 0pt; margin-bottom: 0pt\"><span style=\"font-size: 13px; font-family: Verdana; color: #000000; background-color: transparent; font-weight: normal; font-style: normal; font-variant: normal; text-decoration: none; vertical-align: baseline\">Kalwaria  Zebrzydowska, miejsce tyle Cudowne, ile przepi\u0119kne. Trzy dni sp\u0119dzone  tam z delegatami klub\u00f3w Gazety Polskiej z ca\u0142ego \u015bwiata by\u0142y jednymi z  najwspanialszych w mojej dotychczasowej pracy \u0142\u0105czenia si\u0119 z polsk\u0105  prawic\u0105. <\/span><!--more--><span style=\"font-size: 13px; font-family: Verdana; color: #000000; background-color: transparent; font-weight: normal; font-style: normal; font-variant: normal; text-decoration: none; vertical-align: baseline\">Pozna\u0142em wspania\u0142ych ludzi, a to, co cieszy\u0142o mnie najbardziej,  to wiek; by\u0142o bardzo du\u017co m\u0142odych, poni\u017cej czterdziestki, ale byli i  dwudziestolatkowie. Spotkania z pos\u0142em Macierewiczem, minister Szyd\u0142o,  ministrem Naimskim i wielu innymi, wspania\u0142ymi przedstawicielami prawego  skrzyd\u0142a polskiej polityki zostawi\u0142o przemo\u017cny \u015blad w mojej  \u015bwiadomo\u015bci. A spotkania z kole\u017cankami i kolegami z Francji, Niemiec,  Belgii, Austrii, Szwecji, Norwegii, W\u0119gier i oczywi\u015bcie Polski i wielu  innych kraj\u00f3w da\u0142o mi wiar\u0119, \u017ce jest, ci\u0105gle jest i powi\u0119ksza si\u0119  systematycznie ogromna reprezentacja spo\u0142ecze\u0144stwa maj\u0105cego do\u015b\u0107 rz\u0105d\u00f3w  obecnej koalicji.<\/span><\/p>\n<p dir=\"ltr\" style=\"line-height: 1.15; margin-top: 0pt; margin-bottom: 0pt\"><span style=\"font-size: 13px; font-family: Verdana; color: #000000; background-color: transparent; font-weight: normal; font-style: normal; font-variant: normal; text-decoration: none; vertical-align: baseline\">Oczywi\u015bcie w d\u0142ugim, pierwszym wieczorze dyskusyjnym pozwoli\u0142em sobie zabra\u0107 g\u0142os, a tekst mojego wyst\u0105pienia zamieszczam w\u0142a\u015bnie poni\u017cej:<\/span><\/p>\n<p><span style=\"font-size: 13px; font-family: Verdana; color: #000000; background-color: transparent; font-weight: normal; font-style: normal; font-variant: normal; text-decoration: none; vertical-align: baseline\"><\/span><\/p>\n<p dir=\"ltr\" style=\"line-height: 1.15; margin-top: 0pt; margin-bottom: 0pt; text-align: justify\"><span style=\"font-size: 13px; font-family: Verdana; color: #000000; background-color: transparent; font-weight: normal; font-style: normal; font-variant: normal; text-decoration: none; vertical-align: baseline\">&#8222;Polacy nie byli <\/span><span style=\"font-size: 13px; font-family: Verdana; color: #000000; background-color: transparent; font-weight: bold; font-style: normal; font-variant: normal; text-decoration: none; vertical-align: baseline\">nigdy<\/span><span style=\"font-size: 13px; font-family: Verdana; color: #000000; background-color: transparent; font-weight: normal; font-style: normal; font-variant: normal; text-decoration: none; vertical-align: baseline\">  tak drastycznie podzieleni na wewn\u0119trznych wr\u00f3g\u00f3w, jak za czas\u00f3w  panowania Platformy i PSL. Najsmutniejsze i najtragiczniejsze jest to,  \u017ce podzia\u0142 ten nie tylko wspieraj\u0105, ale go rozj\u0105trzaj\u0105 ludzie wywodz\u0105cy  si\u0119 z Solidarno\u015bci.<\/span><\/p>\n<p dir=\"ltr\" style=\"line-height: 1.15; margin-top: 0pt; margin-bottom: 0pt; text-align: justify\"><span style=\"font-size: 13px; font-family: Verdana; color: #000000; background-color: transparent; font-weight: normal; font-style: normal; font-variant: normal; text-decoration: none; vertical-align: baseline\">A  ju\u017c zupe\u0142nie nie rozumiem dzia\u0142aczy Solidarnej Polski. Ich wyst\u0105pie\u0144,  dyskredytuj\u0105cych parti\u0119, z kt\u00f3rej wyst\u0105pili i jej szefa, Jaros\u0142awa  Kaczy\u0144skiego, na kt\u00f3rego plecach wyp\u0142yn\u0119li, zrobili kariery polityczne,  ustawili si\u0119 w Europie. Czy jest to tylko kwestia organizm\u00f3w bez  kr\u0119gos\u0142upa, czy te\u017c jest to co\u015b, czego a\u017c boj\u0119 si\u0119 nazwa\u0107?- Nie wiem. <\/span><\/p>\n<p dir=\"ltr\" style=\"line-height: 1.15; margin-top: 0pt; margin-bottom: 0pt; text-align: justify\"><span style=\"font-size: 13px; font-family: Verdana; color: #000000; background-color: transparent; font-weight: normal; font-style: normal; font-variant: normal; text-decoration: none; vertical-align: baseline\">Powinien  zosta\u0107 opracowany plan, program z\u0142agodzenia wzajemnej nienawi\u015bci w\u015br\u00f3d  Polak\u00f3w. Dzi\u015b bowiem jest ju\u017c tak, \u017ce nie potrafi\u0105 ze sob\u0105 dyskutowa\u0107  dawni przyjaciele, znajomi, a nawet brat z siostr\u0105, czy dzieci z  rodzicami. Ten brak umiej\u0119tno\u015bci rozmowy nie wynika z r\u00f3\u017cnic  intelektualnych, ale z wzajemnej w\u015bciek\u0142o\u015bci na siebie, z nienawi\u015bci do  pogl\u0105d\u00f3w. Kampania nienawi\u015bci g\u0142\u00f3wnej partii rz\u0105dz\u0105cej by\u0142a tak  zmasowana, intensywna i co najstraszniejsze, skuteczna, \u017ce dzi\u015b ka\u017cda  partia, kt\u00f3ra wygra wybory i b\u0119dzie pr\u00f3bowa\u0142a u\u015bwiadomi\u0107 spo\u0142ecze\u0144stwu  do jakiego stanu doprowadzono nasz kraj, b\u0119dzie nara\u017cona na niech\u0119\u0107,  po\u0142\u0105czon\u0105 w\u0142a\u015bnie z nienawi\u015bci\u0105. To mo\u017ce doprowadzi\u0107 do apatii  spo\u0142ecze\u0144stwa, do pozbawienia go motywacji do po\u015bwi\u0119ce\u0144, wyrzecze\u0144 i  wreszcie do wsparcia dla rz\u0105dz\u0105cych. Krzywda, jak\u0105 Polsce wyrz\u0105dzili  obecni rz\u0105dz\u0105cy nie da si\u0119 policzy\u0107, wyliczy\u0107, wymierzy\u0107. O ile bowiem z  jednej strony mamy konkretne liczby sprzedanych przedsi\u0119biorstw, o tyle  z drugiej mamy ogromn\u0105 krzywd\u0119 w p\u0142aszczy\u017anie moralnej, obyczajowej,  religijnej, edukacyjnej, a nawet rodzinnej, nie m\u00f3wi\u0105c o tak wa\u017cnych  wektorach, jak zdrowie spo\u0142ecze\u0144stwa i suwerenno\u015b\u0107 kraju. Trudno b\u0119dzie  si\u0119 d\u017awign\u0105\u0107 z ekonomiczno-gospodarczej niemocy, ale wtedy niech  przynajmniej ten s\u0142awny duch, niedaj\u0105cego si\u0119 rzuci\u0107 na kolana Polaka,  da nam wszystkim si\u0142\u0119, aby odbudowa\u0107 zniszczenia, jakich dokona\u0142a obecna  koalicja. Niemieccy naje\u017ad\u017acy zbombardowali nasz\u0105 Ojczyzn\u0119, ale nie  pozbawili jej zak\u0142ad\u00f3w produkcyjnych, jako \u201corganizacji,  przedsi\u0119biorstwa\u201d. Da\u0142o si\u0119 je odbudowa\u0107 i rozpocz\u0105\u0107 dzia\u0142alno\u015b\u0107  gospodarcz\u0105 kraju. PO pozbawi\u0142o Polsk\u0119 tego w\u0142a\u015bnie \u017ar\u00f3d\u0142a, a zawsze  jest tak, \u017ce nawet, b\u0119d\u0105c ju\u017c na dnie, mo\u017cna si\u0119 z niego odbi\u0107. Pod  jednym wszak\u017ce warunkiem; &#8211; \u017ce dno jest twarde, A my mamy dno niezwykle  zamulone, bagniste, zagnojone i czego by\u015bmy nie ruszyli, to b\u0119dzie  smr\u00f3d, gn\u00f3j i ub\u00f3stwo. Odpowiedzialno\u015b\u0107 za to wszystko spada r\u00f3wnie\u017c na  wykszta\u0142conych, ale niedorozwini\u0119tych dziennikarzy g\u0142\u00f3wnego \u015bcieku. Za  posadki, za bycie na ekranie, przy mikrofonie k\u0142amali i nie dochodzili  rzeczywistej prawdy o sytuacji kraju. Win\u0119 za to ponosz\u0105 r\u00f3wnie\u017c ci  arty\u015bci, (aktorzy, re\u017cyserzy), kt\u00f3rzy zapomnieli za co usuni\u0119to  Kazimierza Dejmka z Teatru Narodowego. Ale jakakolwiek partia obejmie  w\u0142adz\u0119, po tym roleksowo-majbachowo-mercedesowo-willowym rz\u0105dzie, musi  ona pami\u0119ta\u0107 o prawid\u0142owym porz\u0105dku obieranego kursu: najpierw Nar\u00f3d i  reformy, cho\u0107by nawet bolesne, a takich b\u0119dzie sporo, a potem, ale w  kr\u00f3tkim czasie, rozliczenie winnych obecnej sytuacji  ekonomiczno-gospodarczej. Nie odwrotnie. Nar\u00f3d ma ju\u017c do\u015b\u0107 okrzyk\u00f3w, \u017ce  trzeba odbudowa\u0107 zaufanie w partii, \u017ce trzeba jedno\u015bci partyjnej, \u017ce  parti\u0119 trzeba umocni\u0107. Przeci\u0119tnego Polaka guzik obchodzi, czy dana  partia jest sk\u0142\u00f3cona, czy zjednoczona \u2013 zreszt\u0105 jedna \u201ezjednoczona\u201d ju\u017c  by\u0142a i to ju\u017c przerabiali\u015bmy. Nie t\u0119dy droga; &#8211; Nar\u00f3d musi si\u0119 jasno i  wyra\u017anie dowiedzie\u0107 kto i za co by\u0142 personalnie odpowiedzialny, za co i  jak srodze zostanie ukarany. A ci, kt\u00f3rzy chc\u0105 by\u0107 przy w\u0142adzy musz\u0105  dosta\u0107 sygna\u0142, \u017ce s\u0105 w s\u0142u\u017cbie Narodu. Wszyscy: i ci w gabinetach i ci w  \u0142awach poselskich i jak b\u0119d\u0105 uprawia\u0107 antyrozwojow\u0105 polityk\u0119, prywat\u0119,  korupcj\u0119, to p\u00f3jd\u0105 siedzie\u0107. I niewa\u017cne, czy b\u0119d\u0105 z PiSu, czy z innej  partii. Oni maj\u0105 by\u0107 dla Narodu!\u201d<\/span><\/p>\n<p><span style=\"font-size: 13px; font-family: Verdana; color: #000000; background-color: transparent; font-weight: normal; font-style: normal; font-variant: normal; text-decoration: none; vertical-align: baseline\"><\/span><\/p>\n","protected":false},"excerpt":{"rendered":"<p>Kalwaria Zebrzydowska, miejsce tyle Cudowne, ile przepi\u0119kne. Trzy dni sp\u0119dzone tam z delegatami klub\u00f3w Gazety Polskiej z ca\u0142ego \u015bwiata by\u0142y jednymi z najwspanialszych w mojej dotychczasowej pracy \u0142\u0105czenia si\u0119 z polsk\u0105 prawic\u0105.<\/p>\n","protected":false},"author":2,"featured_media":0,"comment_status":"open","ping_status":"open","sticky":false,"template":"","format":"standard","meta":[],"categories":[4],"tags":[],"_links":{"self":[{"href":"https:\/\/sporek.com\/blog\/index.php?rest_route=\/wp\/v2\/posts\/388"}],"collection":[{"href":"https:\/\/sporek.com\/blog\/index.php?rest_route=\/wp\/v2\/posts"}],"about":[{"href":"https:\/\/sporek.com\/blog\/index.php?rest_route=\/wp\/v2\/types\/post"}],"author":[{"embeddable":true,"href":"https:\/\/sporek.com\/blog\/index.php?rest_route=\/wp\/v2\/users\/2"}],"replies":[{"embeddable":true,"href":"https:\/\/sporek.com\/blog\/index.php?rest_route=%2Fwp%2Fv2%2Fcomments&post=388"}],"version-history":[{"count":0,"href":"https:\/\/sporek.com\/blog\/index.php?rest_route=\/wp\/v2\/posts\/388\/revisions"}],"wp:attachment":[{"href":"https:\/\/sporek.com\/blog\/index.php?rest_route=%2Fwp%2Fv2%2Fmedia&parent=388"}],"wp:term":[{"taxonomy":"category","embeddable":true,"href":"https:\/\/sporek.com\/blog\/index.php?rest_route=%2Fwp%2Fv2%2Fcategories&post=388"},{"taxonomy":"post_tag","embeddable":true,"href":"https:\/\/sporek.com\/blog\/index.php?rest_route=%2Fwp%2Fv2%2Ftags&post=388"}],"curies":[{"name":"wp","href":"https:\/\/api.w.org\/{rel}","templated":true}]}}