{"id":39,"date":"2007-10-26T00:41:21","date_gmt":"2007-10-26T04:41:21","guid":{"rendered":"http:\/\/sporek.com\/blog\/?p=39"},"modified":"2007-10-26T00:41:21","modified_gmt":"2007-10-26T04:41:21","slug":"lech-walesa-wstyd-i-ohyda","status":"publish","type":"post","link":"https:\/\/sporek.com\/blog\/?p=39","title":{"rendered":"Lech Wa\u0142\u0119sa &#8211; wstyd i ohyda"},"content":{"rendered":"<p><span style=\"font-family: Arial\" lang=\"PL\">To, co powiedzia\u0142 Lech Wa\u0142\u0119sa w rozmowie porannej z RMF FM jest bodaj najwi\u0119ksz\u0105 nikczemno\u015bci\u0105, jak\u0105 us\u0142ysza\u0142em i to chyba w ca\u0142ym 18-leciu tzw. \u201ewolnej Polski\u201d. S\u0142owo daj\u0119, \u017ce nigdy w \u017cyciu nie spodziewa\u0142em si\u0119 czego\u015b takiego, takich s\u0142\u00f3w, od cz\u0142owieka, kt\u00f3ry mieni\u0142 si\u0119 by\u0107 bardzo bliskim przyjacielem Papie\u017ca-Polaka, kt\u00f3ry podpisuj\u0105c Gda\u0144skie Porozumienie mia\u0142 w klapie znaczek z Matk\u0105 Bosk\u0105, kt\u00f3ry og\u0142osi\u0142 \u015bwiatu, \u017ce bezkrwawo zmi\u00f3t\u0142 komunizm z powierzchni demolud\u00f3w, kt\u00f3ry wreszcie otrzyma\u0142 pokojow\u0105 nagrod\u0119 Nobla.<!--more--><\/span><span style=\"font-family: Arial\" lang=\"PL\">W pierwszym odruchu, po rozmowach z moimi przyjaci\u00f3\u0142mi tu, w Nowym Jorku, tw\u00f3rcami kultury, biznesmenami, artystami, prawnikami, lekarzami byli\u015bmy zgodni i gotowi do podj\u0119cia decyzji o z\u0142o\u017ceniu doniesienia o pope\u0142nieniu przest\u0119pstwa. Przest\u0119pstwa polegaj\u0105cego na zniewa\u017ceniu nie tylko PiSu, ale wszystkich jego zwolennik\u00f3w. Owych 32 procent Polak\u00f3w, kt\u00f3re g\u0142osowa\u0142y na t\u0119 w\u0142a\u015bnie parti\u0119. <\/span><span style=\"font-family: Arial\" lang=\"PL\">\u201eWyci\u0105\u0107 w pie\u0144 funkcyjnych dzia\u0142aczy PiSu\u201d. Tego domaga si\u0119, tak doradza Platformie Obywatelskiej ,Obywatel Wa\u0142\u0119sa. <\/span><span style=\"font-family: Arial\" lang=\"PL\">Bylismy wzburzeni, ale po chwili namys\u0142u pad\u0142y stwierdzenia: <\/span><em><span style=\"font-family: Arial\" lang=\"PL\">A czeg\u00f3\u017c mo\u017cna si\u0119 spodziewa\u0107 po prostym elektryku? <\/span><\/em><em><span style=\"font-family: Arial\" lang=\"PL\">Po co babra\u0107 si\u0119 w czym\u015b tak prymitywnym?<\/span><\/em><em><span style=\"font-family: Arial\" lang=\"PL\">Wa\u0142\u0119sa nie jest ju\u017c i nigdy ju\u017c nie b\u0119dzie przyw\u00f3dc\u0105 \u017cadnej organizacji, a tym bardziej o zasi\u0119gu krajowym. <\/span><\/em><span style=\"font-family: Arial\" lang=\"PL\">Konkluzji by\u0142o wiele. Ostatecznie przewa\u017cy\u0142a ta, \u017ce istotnie jego nikt ju\u017c nie s\u0142ucha w sensie merytorycznym; nikt ju\u017c jego rad nie bierze serio. Polityczny emeryt, ba, polityczny bankrupt wy\u017cywa si\u0119 na wszystkich, kt\u00f3rzy kiedy\u015b o\u015bmielili si\u0119 mu sprzeciwi\u0107. Sta\u0142 si\u0119 ten cz\u0142owiek przyk\u0142adem prostaka, kt\u00f3ry dost\u0105pi\u0142 zaszczyt\u00f3w, ale nigdy nie dor\u00f3s\u0142 do pozycji na jak\u0105 zosta\u0142 przez histori\u0119 wyniesiony. Kto\u015b, kto nigdy nie mia\u0142 klasy, nie nab\u0119dzie jej tylko dlatego, \u017ce zosta\u0142 wybrany prezydentem, czy dali mu Nobla, czy te\u017c zaprzyja\u017ani\u0142 si\u0119 z Papie\u017cem. <\/span><span style=\"font-family: Arial\" lang=\"PL\">S\u0142oma z but\u00f3w wy\u0142azi nawet, jak ubierze si\u0119 frak, a butami s\u0105 lakierki. Czy on si\u0119 wstydzi swoich s\u0142\u00f3w? Nie wiem, chyba nie, bo, jak to kiedy\u015b okre\u015bli\u0142 my\u015biciel \u201enajlepiej jest prostakom, &#8211; oni nie widz\u0105 tych problem\u00f3w, kt\u00f3re dostrzegaj\u0105 inni\u201d. Niekoniecznie \u201ewykszta\u0142ciuchy\u201d. Znam ludzi o niskim stopniu edukacji, po zawod\u00f3wkach, czy tylko po maturze, bez studi\u00f3w. Klas\u0119 i \u201ekindersztub\u0119\u201d wynie\u015bli z dom\u00f3w i nauczyli si\u0119 wa\u017cy\u0107 s\u0142owa, nauczyli si\u0119 szacunku do innych, nawet, je\u015bli ci maj\u0105 odmienne zdanie. <\/span><span style=\"font-family: Arial\" lang=\"PL\">Jan Pawe\u0142 II wybaczy\u0142 cz\u0142owiekowi, kt\u00f3ry chcia\u0142 go zabi\u0107, kt\u00f3ry strzela\u0142 do niego z zimn\u0105 krwi\u0105, kt\u00f3ry, gdyby trafi\u0142 \u015bmiertelnie, \u015bci\u0105gn\u0105\u0142by \u017ca\u0142ob\u0119 na ca\u0142y \u015bwiat, nie tylko katolicki. Wielki Papie\u017c-Wielki Cz\u0142owiek wyci\u0105gn\u0105\u0142 r\u0119k\u0119 do swojego niedosz\u0142ego zab\u00f3jcy, kt\u00f3ry jednak ci\u0119\u017cko go zrani\u0142 i te rany ci\u0105\u017cy\u0142y Ojcu \u015awietemu a\u017c do dnia \u015bmierci. <\/span><span style=\"font-family: Arial\" lang=\"PL\">PiS i Kaczy\u0144scy oraz funkcyjni dzia\u0142acze tej partii, personalnie nic Wa\u0142\u0119sie nie zrobili. Po prostu pewnego dnia, kilkana\u015bcie lat temu stwierdzili, \u017ce nie po drodze im z \u201elegendarnym\u201d Lechem. I to jest pow\u00f3d dla uznanego przez ca\u0142y \u015bwiat \u201epacyfist\u0119\u201d, aby wnie\u015b\u0107 apel o \u201ewyci\u0119cie w pie\u0144\u201d. Nie wiem, jak\u0105 ma diet\u0119 pan Wa\u0142\u0119sa, ale jest takie powiedzenie: \u201ebyle co zje i byle co gada\u201d. \u017badne powiedzenie nie usprawiedliwia tych haniebnych s\u0142\u00f3w. <\/span><span style=\"font-family: Arial\" lang=\"PL\">By\u0142y szef Solidarno\u015bci, by\u0142y prezydent Polski od kilku lat sta\u0142 si\u0119 po\u015bmiewiskiem Polak\u00f3w i musz\u0119 si\u0119 przyzna\u0107, \u017ce gdy po trzynastu latach, w 2000 roku polecia\u0142em do Polski po raz pierwszy od czasu emigracji, by\u0142em oburzony brakiem szacunku, dla tej chodz\u0105cej legendy. Dzi\u015b musz\u0119 do\u0142\u0105czy\u0107 do grona tych, kt\u00f3rzy Wa\u0142\u0119sy maj\u0105 po dziurki w nosie. Jego wypowiedzi s\u0105 g\u0142upkowate, m\u00f3wione prostackim j\u0119zykiem &#8211; by\u0142y, bo teraz\u00a0s\u0105 jeszcze zabarwione krwistym kolorem. Czy ten facet w og\u00f3le wie, co znaczy \u201ewyci\u0105\u0107 w pie\u0144\u201d? To by\u0142a polityka Krzy\u017cak\u00f3w, Hitlera, Stalina&#8230; Czy tak kochany niegdy\u015b przez nar\u00f3d i ludzi pracy cz\u0142owiek, musia\u0142 stoczy\u0107 si\u0119 tak nisko? <\/span><span style=\"font-family: Arial\" lang=\"PL\">Wstyd mi, \u017ce nale\u017ca\u0142em do tej \u201ejego\u201d Solidarno\u015bci. \u017bal mi lat, w kt\u00f3rych by\u0142em \u015bledzony przez kapusi\u00f3w w mojej grupie artystycznej; \u017cal mi, \u017ce by\u0142em bezkrytyczny i jak inni my\u015bla\u0142em: co z tego, \u017ce to prosty ch\u0142op? Wyrobi si\u0119 z czasem. Nie. Nie wyrobi\u0142 si\u0119. Zni\u017cy\u0142 si\u0119 ju\u017c i zbli\u017cy\u0142 do poziomu ZERO. <\/span><span style=\"font-family: Arial\" lang=\"PL\">I mo\u017ce istotnie szkoda strz\u0119pi\u0107 j\u0119zyk i szkoda nerw\u00f3w na reakcje na temat jego paplaniny&#8230;? No wi\u0119c ju\u017c wi\u0119cej o Wa\u0142\u0119sie nie b\u0119d\u0119 pisa\u0142.<\/span><\/p>\n","protected":false},"excerpt":{"rendered":"<p>To, co powiedzia\u0142 Lech Wa\u0142\u0119sa w rozmowie porannej z RMF FM jest bodaj najwi\u0119ksz\u0105 nikczemno\u015bci\u0105, jak\u0105 us\u0142ysza\u0142em i to chyba w ca\u0142ym 18-leciu tzw. \u201ewolnej Polski\u201d. S\u0142owo daj\u0119, \u017ce nigdy w \u017cyciu nie spodziewa\u0142em si\u0119 czego\u015b takiego, takich s\u0142\u00f3w, od cz\u0142owieka, kt\u00f3ry mieni\u0142 si\u0119 by\u0107 bardzo bliskim przyjacielem Papie\u017ca-Polaka, kt\u00f3ry podpisuj\u0105c Gda\u0144skie Porozumienie mia\u0142 w [&hellip;]<\/p>\n","protected":false},"author":2,"featured_media":0,"comment_status":"open","ping_status":"open","sticky":false,"template":"","format":"standard","meta":[],"categories":[4],"tags":[],"_links":{"self":[{"href":"https:\/\/sporek.com\/blog\/index.php?rest_route=\/wp\/v2\/posts\/39"}],"collection":[{"href":"https:\/\/sporek.com\/blog\/index.php?rest_route=\/wp\/v2\/posts"}],"about":[{"href":"https:\/\/sporek.com\/blog\/index.php?rest_route=\/wp\/v2\/types\/post"}],"author":[{"embeddable":true,"href":"https:\/\/sporek.com\/blog\/index.php?rest_route=\/wp\/v2\/users\/2"}],"replies":[{"embeddable":true,"href":"https:\/\/sporek.com\/blog\/index.php?rest_route=%2Fwp%2Fv2%2Fcomments&post=39"}],"version-history":[{"count":0,"href":"https:\/\/sporek.com\/blog\/index.php?rest_route=\/wp\/v2\/posts\/39\/revisions"}],"wp:attachment":[{"href":"https:\/\/sporek.com\/blog\/index.php?rest_route=%2Fwp%2Fv2%2Fmedia&parent=39"}],"wp:term":[{"taxonomy":"category","embeddable":true,"href":"https:\/\/sporek.com\/blog\/index.php?rest_route=%2Fwp%2Fv2%2Fcategories&post=39"},{"taxonomy":"post_tag","embeddable":true,"href":"https:\/\/sporek.com\/blog\/index.php?rest_route=%2Fwp%2Fv2%2Ftags&post=39"}],"curies":[{"name":"wp","href":"https:\/\/api.w.org\/{rel}","templated":true}]}}