{"id":392,"date":"2013-07-08T00:03:17","date_gmt":"2013-07-08T04:03:17","guid":{"rendered":"http:\/\/sporek.com\/blog\/?p=392"},"modified":"2013-07-08T00:03:17","modified_gmt":"2013-07-08T04:03:17","slug":"urodziny-kata-narodu","status":"publish","type":"post","link":"https:\/\/sporek.com\/blog\/?p=392","title":{"rendered":"Urodziny Kata Narodu"},"content":{"rendered":"<p dir=\"ltr\" style=\"line-height: 1.15; margin-top: 0pt; margin-bottom: 0pt\" id=\"docs-internal-guid-7815abb2-bc71-6af4-b042-8acc02c6467a\"><span style=\"font-size: 13px; font-family: Verdana; color: #000000; background-color: transparent; font-weight: normal; font-style: normal; font-variant: normal; text-decoration: none; vertical-align: baseline\">Wstyd, jaki ogarnia\u0142 mnie bardziej i bardziej, w miar\u0119, jak Wiadomo\u015bci podawa\u0142y t\u0119 informacj\u0119 nie da si\u0119 por\u00f3wna\u0107 z \u017cadnym innym wstydem, jaki kiedykolwiek prze\u017cy\u0142em.<\/span><!--more--><\/p>\n<p dir=\"ltr\" style=\"line-height: 1.15; margin-top: 0pt; margin-bottom: 0pt\"><span style=\"font-size: 13px; font-family: Verdana; color: #000000; background-color: transparent; font-weight: normal; font-style: normal; font-variant: normal; text-decoration: none; vertical-align: baseline\">Po trzydziestu dw\u00f3ch latach, oprawcy Narodu, mordercy G\u00f3rnik\u00f3w z Kopalni Wujek celebruj\u0105 90-te urodziny najwi\u0119kszego z nich &#8211; Wojciecha Jaruzelskiego. Wynaj\u0119li hotel i kpi\u0105c z historii \u015bwi\u0119towali. Mign\u0119\u0142a mi na ekranie t\u0142usta g\u0119ba rzecznika z tamtych czas\u00f3w&#8230;&#8230;&#8230;&#8230;ca\u0142uj\u0105cego r\u0119k\u0119 by\u0142ego I-ego sekratarza PZPR &#8211; Polskiego Zwi\u0105zku Ps\u00f3w Rasowych, Oleksego.<\/span><\/p>\n<p dir=\"ltr\" style=\"line-height: 1.15; margin-top: 0pt; margin-bottom: 0pt\"><span style=\"font-size: 13px; font-family: Verdana; color: #000000; background-color: transparent; font-weight: normal; font-style: normal; font-variant: normal; text-decoration: none; vertical-align: baseline\">Pose\u0142 Iwanicki piej\u0105cy peany \u00a0o \u201cwybitnej postaci\u201d, jak\u0105 jest genera\u0142, \u00a0Kutz plot\u0105cy starcze brednie, Oleksy, ton\u0105cy w tamtej propagandzie. Zebra\u0142a si\u0119 \u015bmietanka lewak\u00f3w i zakpili po raz kolejny z Narodu, historii, \u015bmierci, ofiar, ich rodzin, s\u0105downictwa, sprawiedliwo\u015bci. Wymieniony w telewizyjnej relacji Wa\u0142\u0119sa doczeka\u0142 si\u0119 najbardziej ha\u0144bi\u0105cego podzi\u0119kowania za (teoretycznie) obalenie komunizmu; podzi\u0119kowali mu ci, przeciwko kt\u00f3rym (teoretycznie) walczy\u0142. On ju\u017c jest tak czerwony, \u017ce ze wstydu czerwieni\u0107 si\u0119 nie musi. Czy on wie, co to wstyd? A Jaruzelski? W przeciwie\u0144stwie do ci\u0119\u017ckiego stanu zdrowia przy ka\u017cdej rozprawie, teraz w zadziwiaj\u0105co dobrej formie, jak powiedzia\u0142 Oleksy. No, nie ma si\u0119 co dziwi\u0107, przecie\u017c urodziny odbywa\u0142y si\u0119 w hotelu, a nie na sali s\u0105dowej. <\/span><\/p>\n<p dir=\"ltr\" style=\"line-height: 1.15; margin-top: 0pt; margin-bottom: 0pt\"><span style=\"font-size: 13px; font-family: Verdana; color: #000000; background-color: transparent; font-weight: normal; font-style: normal; font-variant: normal; text-decoration: none; vertical-align: baseline\">A s\u0142u\u017calcza telewizja pokazuje t\u0119 \u017cenuj\u0105c\u0105 imprezk\u0119, jako wydarzenie. To te\u017c wstyd.<\/span><\/p>\n<p><span style=\"font-size: 13px; font-family: Verdana; color: #000000; background-color: transparent; font-weight: normal; font-style: normal; font-variant: normal; text-decoration: none; vertical-align: baseline\"><\/span><\/p>\n<p dir=\"ltr\" style=\"line-height: 1.15; margin-top: 0pt; margin-bottom: 0pt\"><span style=\"font-size: 13px; font-family: Verdana; color: #000000; background-color: transparent; font-weight: normal; font-style: normal; font-variant: normal; text-decoration: none; vertical-align: baseline\">\u201cPrzebrzyd\u0142a szumowino, pacho\u0142ku moskiewski,<\/span><\/p>\n<p dir=\"ltr\" style=\"line-height: 1.15; margin-top: 0pt; margin-bottom: 0pt\"><span style=\"font-size: 13px; font-family: Verdana; color: #000000; background-color: transparent; font-weight: normal; font-style: normal; font-variant: normal; text-decoration: none; vertical-align: baseline\">ty farbowana \u015bwinio, marsza\u0142ku kurewski<\/span><\/p>\n<p dir=\"ltr\" style=\"line-height: 1.15; margin-top: 0pt; margin-bottom: 0pt\"><span style=\"font-size: 13px; font-family: Verdana; color: #000000; background-color: transparent; font-weight: normal; font-style: normal; font-variant: normal; text-decoration: none; vertical-align: baseline\">chamie zbuntowany, zat\u0119ch\u0142a sklerozo,<\/span><\/p>\n<p dir=\"ltr\" style=\"line-height: 1.15; margin-top: 0pt; margin-bottom: 0pt\"><span style=\"font-size: 13px; font-family: Verdana; color: #000000; background-color: transparent; font-weight: normal; font-style: normal; font-variant: normal; text-decoration: none; vertical-align: baseline\">gnoju zasmarkany, ty zdrajco, zomozo,<\/span><\/p>\n<p dir=\"ltr\" style=\"line-height: 1.15; margin-top: 0pt; margin-bottom: 0pt\"><span style=\"font-size: 13px; font-family: Verdana; color: #000000; background-color: transparent; font-weight: normal; font-style: normal; font-variant: normal; text-decoration: none; vertical-align: baseline\">gnido zarzygana, \u00a0jadowita mendo,<\/span><\/p>\n<p dir=\"ltr\" style=\"line-height: 1.15; margin-top: 0pt; margin-bottom: 0pt\"><span style=\"font-size: 13px; font-family: Verdana; color: #000000; background-color: transparent; font-weight: normal; font-style: normal; font-variant: normal; text-decoration: none; vertical-align: baseline\">ty kuk\u0142o g\u00f3wniana, kacapski przyb\u0142\u0119do,<\/span><\/p>\n<p dir=\"ltr\" style=\"line-height: 1.15; margin-top: 0pt; margin-bottom: 0pt\"><span style=\"font-size: 13px; font-family: Verdana; color: #000000; background-color: transparent; font-weight: normal; font-style: normal; font-variant: normal; text-decoration: none; vertical-align: baseline\">tch\u00f3rzu zafajdany, ropiej\u0105cy strupie,<\/span><\/p>\n<p dir=\"ltr\" style=\"line-height: 1.15; margin-top: 0pt; margin-bottom: 0pt\"><span style=\"font-size: 13px; font-family: Verdana; color: #000000; background-color: transparent; font-weight: normal; font-style: normal; font-variant: normal; text-decoration: none; vertical-align: baseline\">padalcu rozdeptany, \u00a0ty wrzodzie na dupie,<\/span><\/p>\n<p dir=\"ltr\" style=\"line-height: 1.15; margin-top: 0pt; margin-bottom: 0pt\"><span style=\"font-size: 13px; font-family: Verdana; color: #000000; background-color: transparent; font-weight: normal; font-style: normal; font-variant: normal; text-decoration: none; vertical-align: baseline\">ty diabelskie \u0142ajno, \u00a0ty g\u0142upi \u017co\u0142daku,<\/span><\/p>\n<p dir=\"ltr\" style=\"line-height: 1.15; margin-top: 0pt; margin-bottom: 0pt\"><span style=\"font-size: 13px; font-family: Verdana; color: #000000; background-color: transparent; font-weight: normal; font-style: normal; font-variant: normal; text-decoration: none; vertical-align: baseline\">ty kurwo sprzedajna, ty ruski zupaku,<\/span><\/p>\n<p dir=\"ltr\" style=\"line-height: 1.15; margin-top: 0pt; margin-bottom: 0pt\"><span style=\"font-size: 13px; font-family: Verdana; color: #000000; background-color: transparent; font-weight: normal; font-style: normal; font-variant: normal; text-decoration: none; vertical-align: baseline\">wypierdku Bre\u017cniewa, ty \u015blepy pedale,<\/span><\/p>\n<p dir=\"ltr\" style=\"line-height: 1.15; margin-top: 0pt; margin-bottom: 0pt\"><span style=\"font-size: 13px; font-family: Verdana; color: #000000; background-color: transparent; font-weight: normal; font-style: normal; font-variant: normal; text-decoration: none; vertical-align: baseline\">kurduplu t\u0119pog\u0142owy, ty g\u0142upi b\u0119cwale,<\/span><\/p>\n<p dir=\"ltr\" style=\"line-height: 1.15; margin-top: 0pt; margin-bottom: 0pt\"><span style=\"font-size: 13px; font-family: Verdana; color: #000000; background-color: transparent; font-weight: normal; font-style: normal; font-variant: normal; text-decoration: none; vertical-align: baseline\">sukinsynie \u015bmierdz\u0105cy, \u00a0pluskwo zaszuszona,<\/span><\/p>\n<p dir=\"ltr\" style=\"line-height: 1.15; margin-top: 0pt; margin-bottom: 0pt\"><span style=\"font-size: 13px; font-family: Verdana; color: #000000; background-color: transparent; font-weight: normal; font-style: normal; font-variant: normal; text-decoration: none; vertical-align: baseline\">wrzodzie ropiej\u0105cy, ty ma\u0142po zielona,<\/span><\/p>\n<p dir=\"ltr\" style=\"line-height: 1.15; margin-top: 0pt; margin-bottom: 0pt\"><span style=\"font-size: 13px; font-family: Verdana; color: #000000; background-color: transparent; font-weight: normal; font-style: normal; font-variant: normal; text-decoration: none; vertical-align: baseline\">ty strachu na wr\u00f3ble, zboczony sadysto,<\/span><\/p>\n<p dir=\"ltr\" style=\"line-height: 1.15; margin-top: 0pt; margin-bottom: 0pt\"><span style=\"font-size: 13px; font-family: Verdana; color: #000000; background-color: transparent; font-weight: normal; font-style: normal; font-variant: normal; text-decoration: none; vertical-align: baseline\">Judaszu za ruble, ty ruski marksito,<\/span><\/p>\n<p dir=\"ltr\" style=\"line-height: 1.15; margin-top: 0pt; margin-bottom: 0pt\"><span style=\"font-size: 13px; font-family: Verdana; color: #000000; background-color: transparent; font-weight: normal; font-style: normal; font-variant: normal; text-decoration: none; vertical-align: baseline\">ty pa\u0142o gumowa, n\u0119dzny okupancie,<\/span><\/p>\n<p dir=\"ltr\" style=\"line-height: 1.15; margin-top: 0pt; margin-bottom: 0pt\"><span style=\"font-size: 13px; font-family: Verdana; color: #000000; background-color: transparent; font-weight: normal; font-style: normal; font-variant: normal; text-decoration: none; vertical-align: baseline\">zaka\u0142o Narodu, z\u0142amany palancie,<\/span><\/p>\n<p dir=\"ltr\" style=\"line-height: 1.15; margin-top: 0pt; margin-bottom: 0pt\"><span style=\"font-size: 13px; font-family: Verdana; color: #000000; background-color: transparent; font-weight: normal; font-style: normal; font-variant: normal; text-decoration: none; vertical-align: baseline\">cuchn\u0105cy pierdzielu, pe\u0142zaj\u0105ca glisto,<\/span><\/p>\n<p dir=\"ltr\" style=\"line-height: 1.15; margin-top: 0pt; margin-bottom: 0pt\"><span style=\"font-size: 13px; font-family: Verdana; color: #000000; background-color: transparent; font-weight: normal; font-style: normal; font-variant: normal; text-decoration: none; vertical-align: baseline\">ponury skurwielu, czerwony faszysto,<\/span><\/p>\n<p dir=\"ltr\" style=\"line-height: 1.15; margin-top: 0pt; margin-bottom: 0pt\"><span style=\"font-size: 13px; font-family: Verdana; color: #000000; background-color: transparent; font-weight: normal; font-style: normal; font-variant: normal; text-decoration: none; vertical-align: baseline\">ty s\u0142ugo kremlowy, \u00a0lokaju sowiecki,<\/span><\/p>\n<p dir=\"ltr\" style=\"line-height: 1.15; margin-top: 0pt; margin-bottom: 0pt\"><span style=\"font-size: 13px; font-family: Verdana; color: #000000; background-color: transparent; font-weight: normal; font-style: normal; font-variant: normal; text-decoration: none; vertical-align: baseline\">ty zb\u00f3ju wojskowy, pomiocie radziecki,<\/span><\/p>\n<p dir=\"ltr\" style=\"line-height: 1.15; margin-top: 0pt; margin-bottom: 0pt\"><span style=\"font-size: 13px; font-family: Verdana; color: #000000; background-color: transparent; font-weight: normal; font-style: normal; font-variant: normal; text-decoration: none; vertical-align: baseline\">ty m\u00f3wco ob\u0142\u0105kany, nad\u0119ty bufonie,<\/span><\/p>\n<p dir=\"ltr\" style=\"line-height: 1.15; margin-top: 0pt; margin-bottom: 0pt\"><span style=\"font-size: 13px; font-family: Verdana; color: #000000; background-color: transparent; font-weight: normal; font-style: normal; font-variant: normal; text-decoration: none; vertical-align: baseline\">za Nar\u00f3d sprzedany &#8211; piek\u0142o ci\u0119 poch\u0142onie!\u201d<\/span><\/p>\n","protected":false},"excerpt":{"rendered":"<p>Wstyd, jaki ogarnia\u0142 mnie bardziej i bardziej, w miar\u0119, jak Wiadomo\u015bci podawa\u0142y t\u0119 informacj\u0119 nie da si\u0119 por\u00f3wna\u0107 z \u017cadnym innym wstydem, jaki kiedykolwiek prze\u017cy\u0142em.<\/p>\n","protected":false},"author":2,"featured_media":0,"comment_status":"open","ping_status":"open","sticky":false,"template":"","format":"standard","meta":[],"categories":[4],"tags":[],"_links":{"self":[{"href":"https:\/\/sporek.com\/blog\/index.php?rest_route=\/wp\/v2\/posts\/392"}],"collection":[{"href":"https:\/\/sporek.com\/blog\/index.php?rest_route=\/wp\/v2\/posts"}],"about":[{"href":"https:\/\/sporek.com\/blog\/index.php?rest_route=\/wp\/v2\/types\/post"}],"author":[{"embeddable":true,"href":"https:\/\/sporek.com\/blog\/index.php?rest_route=\/wp\/v2\/users\/2"}],"replies":[{"embeddable":true,"href":"https:\/\/sporek.com\/blog\/index.php?rest_route=%2Fwp%2Fv2%2Fcomments&post=392"}],"version-history":[{"count":0,"href":"https:\/\/sporek.com\/blog\/index.php?rest_route=\/wp\/v2\/posts\/392\/revisions"}],"wp:attachment":[{"href":"https:\/\/sporek.com\/blog\/index.php?rest_route=%2Fwp%2Fv2%2Fmedia&parent=392"}],"wp:term":[{"taxonomy":"category","embeddable":true,"href":"https:\/\/sporek.com\/blog\/index.php?rest_route=%2Fwp%2Fv2%2Fcategories&post=392"},{"taxonomy":"post_tag","embeddable":true,"href":"https:\/\/sporek.com\/blog\/index.php?rest_route=%2Fwp%2Fv2%2Ftags&post=392"}],"curies":[{"name":"wp","href":"https:\/\/api.w.org\/{rel}","templated":true}]}}