{"id":397,"date":"2013-08-03T22:14:34","date_gmt":"2013-08-04T02:14:34","guid":{"rendered":"http:\/\/sporek.com\/blog\/?p=397"},"modified":"2014-03-28T21:13:53","modified_gmt":"2014-03-29T01:13:53","slug":"minister-cisek","status":"publish","type":"post","link":"https:\/\/sporek.com\/blog\/?p=397","title":{"rendered":"Minister Cisek"},"content":{"rendered":"<p dir=\"ltr\" style=\"line-height: 1.15; margin-top: 0pt; margin-bottom: 0pt\"><span style=\"color: #000000; font-family: Verdana; font-size: 13px; font-style: normal; font-variant: normal; font-weight: normal; text-decoration: none; vertical-align: baseline; background-color: transparent\">Przyznaj\u0119, \u017ce lubi\u0142em tego faceta, kiedy by\u0142 szefem Instytutu Pi\u0142sudskiego, w Nowym Jorku; mi\u0142y, sympatyczny, kulturalny. \u00a0\u00a0\u00a0<\/span><\/p>\n<p dir=\"ltr\" style=\"line-height: 1.15; margin-top: 0pt; margin-bottom: 0pt\"><span style=\"color: #000000; font-family: Verdana; font-size: 13px; font-style: normal; font-variant: normal; font-weight: normal; text-decoration: none; vertical-align: baseline; background-color: transparent\">Od czasu jednak, kiedy zwin\u0105\u0142 manatki i \u201cwyemigrowa\u0142\u201d do Polski, pocz\u0119\u0142o mi tu brakowa\u0107&#8230;fortepianu. <\/span><!--more--><\/p>\n<p dir=\"ltr\" style=\"line-height: 1.15; margin-top: 0pt; margin-bottom: 0pt\"><span style=\"color: #000000; font-family: Verdana; font-size: 13px; font-style: normal; font-variant: normal; font-weight: normal; text-decoration: none; vertical-align: baseline; background-color: transparent\">Pan Cisek awansowa\u0142, robi\u0142 b\u0142yskawiczn\u0105 i b\u0142yskotliw\u0105 karier\u0119, a\u017c po stanowisko, kt\u00f3re da\u0142o mu mo\u017cliwo\u015b\u0107 odebrania pieni\u0119dzy Polonii i przyznawania ich wy\u0142\u0105cznie \u201cznajomym kr\u00f3liczka\u201d, na przyk\u0142ad milion, czterysta tysi\u0119cy z\u0142otych dla Forum Rozwoju My\u015bli Obywatelskiej, &#8211; takie sobie kuriozum nie daj\u0105ce chleba, ale wo\u0142aj\u0105ce o pieni\u0105dze. Nazw\u0119 trudno zrozumie\u0107, a organizacj\u0119 jeszcze trudniej umiejscowi\u0107 w jakich\u015b potrzebnych Polsce sferach. FRMO powsta\u0142o chyba tylko po to, \u017ceby by\u0142o gdzie \u201cutopi\u0107\u201d \u00f3w milion, plus czterysta tysi\u0119cy. Pod rz\u0105dami PO-PSL mo\u017cliwe wszystko. Zje\u017adzi\u0142 te\u017c pan minister w towarzystwie by\u0142ego konsula w N. Jorku. K Kasprzyka chyba ca\u0142y \u015bwiat i gdzie m\u00f3g\u0142 i powinien, tam pieni\u0119dzy nie da\u0142, a gdzie w\u0105tpliwej jako\u015bci dzia\u0142alno\u015b\u0107, tam pieni\u0105dze wsadzi\u0142. Nie wiem, czy Kasprzyk by\u0142 doradc\u0105, czy tylko do towarzystwa, w ka\u017cdym razie zwiedzali za pieni\u0105dze podatnik\u00f3w. Tak te\u017c mo\u017cna, zw\u0142aszcza, gdy rz\u0105dza kolesie i nepoty.<\/span><\/p>\n<p dir=\"ltr\" style=\"line-height: 1.15; margin-top: 0pt; margin-bottom: 0pt\"><span style=\"color: #000000; font-family: Verdana; font-size: 13px; font-style: normal; font-variant: normal; font-weight: normal; text-decoration: none; vertical-align: baseline; background-color: transparent\">Szeroko i niezwykle ciekawie pisze o tym Krystyna Godowska w artykule pod tytu\u0142em \u201cGdzie utkn\u0119\u0142y pieni\u0105dze dla Polonii?\u201d. Szalenie intryguj\u0105ca lektura.<\/span><\/p>\n<p dir=\"ltr\" style=\"line-height: 1.15; margin-top: 0pt; margin-bottom: 0pt\"><a href=\"https:\/\/bay178.mail.live.com\/mail\/#n=475210061&amp;fid=1&amp;mid=3dfe1f0a-d399-11e2-9730-00215ad9df92&amp;fv=1\" style=\"text-decoration: none\"><span style=\"color: #1155cc; font-family: Verdana; font-size: 13px; font-style: normal; font-variant: normal; font-weight: normal; text-decoration: underline; vertical-align: baseline; background-color: transparent\"><br \/>\n<\/span><\/a><span style=\"color: #000000; font-family: Verdana; font-size: 13px; font-style: normal; font-variant: normal; font-weight: normal; text-decoration: none; vertical-align: baseline; background-color: transparent\"><\/span><\/p>\n<p dir=\"ltr\" style=\"line-height: 1.15; margin-top: 0pt; margin-bottom: 0pt\"><span style=\"color: #000000; font-family: Verdana; font-size: 13px; font-style: normal; font-variant: normal; font-weight: normal; text-decoration: none; vertical-align: baseline; background-color: transparent\">Ciekawych radosnej kariery by\u0142ego vice ministra Ciska odsy\u0142am do powy\u017cszego linku, (przepraszam wszystkich; link, kt\u00f3ry poda\u0142em w poprzedniej wersji, albo zosta\u0142 b\u0142\u0119dnie ustawiony, albo zosta\u0142 zablokowany. Natychmiast, gdy otrzymam prawid\u0142owy, wklej\u0119 w to miejsce. W ka\u017cdym razie artyku\u0142 ten ukaza\u0142 si\u0119 w Nowym Dzienniku), a ja, jako muzyk wr\u00f3c\u0119 do rzeczonego fortepianu. C\u00f3\u017c ma fortepian wsp\u00f3lnego z v-ce ministrem spraw zagranicznych? Teoretycznie nic. A praktycznie?<\/span><\/p>\n<p dir=\"ltr\" style=\"line-height: 1.15; margin-top: 0pt; margin-bottom: 0pt\"><span style=\"color: #000000; font-family: Verdana; font-size: 13px; font-style: normal; font-variant: normal; font-weight: normal; text-decoration: none; vertical-align: baseline; background-color: transparent\">No wi\u0119c praktycznie, to ja mam tylko jedno pytanie: Panie v-ce ministrze (by\u0142y), &#8211; <\/span><span style=\"color: #000000; font-family: Verdana; font-size: 13px; font-style: normal; font-variant: normal; font-weight: bold; text-decoration: none; vertical-align: baseline; background-color: transparent\">gdzie jest fortepian z Instytutu Pi\u0142sudskiego?<\/span><span style=\"color: #000000; font-family: Verdana; font-size: 13px; font-style: normal; font-variant: normal; font-weight: normal; text-decoration: none; vertical-align: baseline; background-color: transparent\"> Pi\u0119kny, o wspaniale rze\u017abionych nogach, ostrym, metalicznym d\u017awi\u0119ku, troch\u0119 rozstrojony, ale po remoncie, kt\u00f3ry m\u00f3g\u0142 kosztowa\u0107 tysi\u0105c, mo\u017ce dwa tysi\u0105ce dolar\u00f3w jego warto\u015b\u0107 mog\u0142a wzr\u00f3\u015b\u0107 do co najmniej 30 &#8211; 40 tysi\u0119cy, a zwa\u017cywszy, \u017ce by\u0142 raczej zabytkiem warto\u015b\u0107 ta mog\u0142a sta\u0107 si\u0119 warto\u015bci\u0105 nie do obliczenia. Pan Cisek wywi\u00f3z\u0142 do Polski sporo materia\u0142\u00f3w, kt\u00f3re by\u0142y w\u0142asno\u015bci\u0105 Instytutu twierdz\u0105c, \u017ce ich miejsce jest w Polsce, ale nawet on sam nie ujawnia miejsca, gdzie znalaz\u0142y one to miejsce. Czy\u017cby dla frotepianu te\u017c najlepszym miejscem by\u0142a Polska? A mo\u017ce zosta\u0142 sprzedany&#8230;?<\/span><\/p>\n<p dir=\"ltr\" style=\"line-height: 1.15; margin-top: 0pt; margin-bottom: 0pt\"><span style=\"color: #000000; font-family: Verdana; font-size: 13px; font-style: normal; font-variant: normal; font-weight: normal; text-decoration: none; vertical-align: baseline; background-color: transparent\">A by\u0142o tak: pewnego dnia lat temu wiele otrzyma\u0142em telefon z Instytutu z pro\u015bb\u0105, czy m\u00f3g\u0142bym wpa\u015b\u0107 i \u201czbada\u0107\u201d fortepian. Do tego czasu nie wiedzia\u0142em, \u017ce Instytut mia\u0142 fortepian, widzia\u0142em zawsze tylko nieco zdezelowane pianinko.<\/span><\/p>\n<p dir=\"ltr\" style=\"line-height: 1.15; margin-top: 0pt; margin-bottom: 0pt\"><span style=\"color: #000000; font-family: Verdana; font-size: 13px; font-style: normal; font-variant: normal; font-weight: normal; text-decoration: none; vertical-align: baseline; background-color: transparent\">Wybra\u0142em si\u0119 tam po kilku dniach i pan Cisek zaprowadzi\u0142 mnie na najwy\u017csze (chyba) pi\u0119tro, na kt\u00f3rym pomieszczenia by\u0142y pod wyra\u017anym pi\u0119tnem remontu. W jednym z pokoj\u00f3w, przykryte szar\u0105 plandek\u0105 sta\u0142o co\u015b, co od razu rozpozna\u0142em, jako fortepian. Kiedy unie\u015bli\u015bmy nakrycie moim oczom ukaza\u0142 si\u0119 przepi\u0119kny instrument, z cudownie rze\u017abionymi nogami, pi\u0119kn\u0105 politur\u0105 i ca\u0142ym rz\u0119dem bia\u0142o-czarnego uzebi\u0119nia. By\u0142 rozstrojony, ale dawa\u0142 d\u017awi\u0119k no\u015bny, metaliczny, \u0142adny. Mo\u017ce troch\u0119 za ostry, ale to si\u0119 da\u0142o przyt\u0142umi\u0107. Pan Cisek zapyta\u0142 mnie, czy orientuj\u0119 si\u0119, ile te\u017c m\u00f3g\u0142by ten fortepian kosztowa\u0107, lub ile kosztowa\u0142by remont.<\/span><\/p>\n<p dir=\"ltr\" style=\"line-height: 1.15; margin-top: 0pt; margin-bottom: 0pt\"><span style=\"color: #000000; font-family: Verdana; font-size: 13px; font-style: normal; font-variant: normal; font-weight: normal; text-decoration: none; vertical-align: baseline; background-color: transparent\">Na obydwa pytania odpowiedzia\u0142em enigmatycznie, bo niby sk\u0105d mia\u0142em wiedzie\u0107 ile we\u017amie stroiciel, kt\u00f3ry b\u0119dzie robi\u0142 remont? A sk\u0105d mia\u0142em wiedzie\u0107 ile m\u00f3g\u0142by kosztowa\u0107 ten instrument, gdyby go sprzeda\u0107 w takim stanie, w jakim go widzia\u0142em? Powiedzia\u0142em wi\u0119c, \u017ce wg mnie to remont pewnie wyniesie z tysi\u0105c, dwa, a gdybym go mia\u0142 wystawi\u0107 na sprzeda\u017c, to mo\u017ce za\u017cyczy\u0142bym 7, a mo\u017ce 10 tysi\u0119cy. \u201cTrzeba sprawdzi\u0107, czy istnieje jeszcze ta manufaktura i wtedy mo\u017cna w przybli\u017ceniu co\u015b wi\u0119cej powiedzie\u0107\u201d &#8211; zawyrokowa\u0142em, jak Salomon. <\/span><\/p>\n<p dir=\"ltr\" style=\"line-height: 1.15; margin-top: 0pt; margin-bottom: 0pt\"><span style=\"color: #000000; font-family: Verdana; font-size: 13px; font-style: normal; font-variant: normal; font-weight: normal; text-decoration: none; vertical-align: baseline; background-color: transparent\">Gdyby dotrze\u0107 do wytw\u00f3rcy, to prawdopodobnie on sam kupi\u0142by go za ka\u017cd\u0105 cen\u0119, jako w\u0142asny zabytek. I na tym si\u0119 sko\u0144czy\u0142o. Trzyna\u015bcie lat temu Janusz Cisek opu\u015bci\u0142 Stany, rozwin\u0105\u0142 skrzyd\u0142a dyplomatyczne w Polsce i nigdy nie mia\u0142em okazji si\u0119 z nim spotka\u0107. Nawet, kiedy by\u0142 w Stanach, rzekomo w kwestii przyznawania pieni\u0119dzy polonijnym organizacjom, omin\u0105\u0142 mnie szerokim \u0142ukiem, cho\u0107 wie, \u017ce jestem jedynym Polakiem, kt\u00f3ry zrobi\u0142 16 koncert\u00f3w w samym tylko Carnegie, nie licz\u0105c innych, presti\u017cowych sal. Omin\u0105\u0142 te\u017c Zwi\u0105zek \u015apiewak\u00f3w Polskich i wiele innych, zacnych organizacji. Mia\u0142 wszelako \u015bwietnego \u201cprzewodnika\u201d w osobie Krzysztofa Kasprzyka. No i ju\u017c si\u0119 niczemu nie dziwi\u0119.<\/span><\/p>\n<p dir=\"ltr\" style=\"line-height: 1.15; margin-top: 0pt; margin-bottom: 0pt\"><span style=\"color: #000000; font-family: Verdana; font-size: 13px; font-style: normal; font-variant: normal; font-weight: normal; text-decoration: none; vertical-align: baseline; background-color: transparent\">Kilka lat temu zapyta\u0142em o ten fortepian, ale nikt nie potrafi\u0142 mi nic konkretnego powiedzie\u0107. Zapomnia\u0142erm o sprawie, w ko\u0144cu nie samym fortepianem cz\u0142owiek \u017cyje. Kiedy jednak dowiedzia\u0142em si\u0119 o tych przer\u00f3\u017cnych, b\u0142yskotliwych awansach pana Janusza zacz\u0105\u0142em pyta\u0107 r\u00f3\u017cnych ludzi, ale nadal bez skutku. <\/span><\/p>\n<p dir=\"ltr\" style=\"line-height: 1.15; margin-top: 0pt; margin-bottom: 0pt\"><span style=\"color: #000000; font-family: Verdana; font-size: 13px; font-style: normal; font-variant: normal; font-weight: normal; text-decoration: none; vertical-align: baseline; background-color: transparent\">Zupe\u0142nie niedawno, \u00a0jeden z eminentnych pianist\u00f3w polonijnych, w przypadkowej rozmowie zapyta\u0142 mnie, czy nie wiem, co si\u0119 sta\u0142o z frotepianem z mieszkania Janusza Ciska.<\/span><\/p>\n<p dir=\"ltr\" style=\"line-height: 1.15; margin-top: 0pt; margin-bottom: 0pt\"><span style=\"color: #000000; font-family: Verdana; font-size: 13px; font-style: normal; font-variant: normal; font-weight: normal; text-decoration: none; vertical-align: baseline; background-color: transparent\">-Z mieszkania? &#8211; nie wierzy\u0142em. Czy m\u00f3wisz o pi\u0119knym fortepianie z rze\u017abionymi nogami&#8230;?<\/span><\/p>\n<p dir=\"ltr\" style=\"line-height: 1.15; margin-top: 0pt; margin-bottom: 0pt\"><span style=\"color: #000000; font-family: Verdana; font-size: 13px; font-style: normal; font-variant: normal; font-weight: normal; text-decoration: none; vertical-align: baseline; background-color: transparent\">-Tak, zosta\u0142em poproszony o ekspertyz\u0119. Przepi\u0119kny instrument. I ogl\u0105da\u0142em go w mieszkaniu \u00f3wczesnego szefa Instytutu Pi\u0142sudskiego.<\/span><\/p>\n<p dir=\"ltr\" style=\"line-height: 1.15; margin-top: 0pt; margin-bottom: 0pt\"><span style=\"color: #000000; font-family: Verdana; font-size: 13px; font-style: normal; font-variant: normal; font-weight: normal; text-decoration: none; vertical-align: baseline; background-color: transparent\">Panie by\u0142y v-ce ministrze spraw obcych, powt\u00f3rz\u0119 pytanie: <\/span><\/p>\n<p dir=\"ltr\" style=\"line-height: 1.15; margin-top: 0pt; margin-bottom: 0pt\"><span style=\"color: #000000; font-family: Verdana; font-size: 13px; font-style: normal; font-variant: normal; font-weight: bold; text-decoration: none; vertical-align: baseline; background-color: transparent\">gdzie jest pi\u0119kny fortepian z Instytutu Pi\u0142sudskiego?<\/span><\/p>\n","protected":false},"excerpt":{"rendered":"<p>Przyznaj\u0119, \u017ce lubi\u0142em tego faceta, kiedy by\u0142 szefem Instytutu Pi\u0142sudskiego, w Nowym Jorku; mi\u0142y, sympatyczny, kulturalny. \u00a0\u00a0\u00a0 Od czasu jednak, kiedy zwin\u0105\u0142 manatki i \u201cwyemigrowa\u0142\u201d do Polski, pocz\u0119\u0142o mi tu brakowa\u0107&#8230;fortepianu.<\/p>\n","protected":false},"author":2,"featured_media":0,"comment_status":"open","ping_status":"open","sticky":false,"template":"","format":"standard","meta":[],"categories":[3],"tags":[],"_links":{"self":[{"href":"https:\/\/sporek.com\/blog\/index.php?rest_route=\/wp\/v2\/posts\/397"}],"collection":[{"href":"https:\/\/sporek.com\/blog\/index.php?rest_route=\/wp\/v2\/posts"}],"about":[{"href":"https:\/\/sporek.com\/blog\/index.php?rest_route=\/wp\/v2\/types\/post"}],"author":[{"embeddable":true,"href":"https:\/\/sporek.com\/blog\/index.php?rest_route=\/wp\/v2\/users\/2"}],"replies":[{"embeddable":true,"href":"https:\/\/sporek.com\/blog\/index.php?rest_route=%2Fwp%2Fv2%2Fcomments&post=397"}],"version-history":[{"count":0,"href":"https:\/\/sporek.com\/blog\/index.php?rest_route=\/wp\/v2\/posts\/397\/revisions"}],"wp:attachment":[{"href":"https:\/\/sporek.com\/blog\/index.php?rest_route=%2Fwp%2Fv2%2Fmedia&parent=397"}],"wp:term":[{"taxonomy":"category","embeddable":true,"href":"https:\/\/sporek.com\/blog\/index.php?rest_route=%2Fwp%2Fv2%2Fcategories&post=397"},{"taxonomy":"post_tag","embeddable":true,"href":"https:\/\/sporek.com\/blog\/index.php?rest_route=%2Fwp%2Fv2%2Ftags&post=397"}],"curies":[{"name":"wp","href":"https:\/\/api.w.org\/{rel}","templated":true}]}}