{"id":398,"date":"2013-08-06T00:23:38","date_gmt":"2013-08-06T04:23:38","guid":{"rendered":"http:\/\/sporek.com\/blog\/?p=398"},"modified":"2013-08-06T00:30:13","modified_gmt":"2013-08-06T04:30:13","slug":"polska-kuwejtem","status":"publish","type":"post","link":"https:\/\/sporek.com\/blog\/?p=398","title":{"rendered":"Polska, Kuwejtem"},"content":{"rendered":"<p dir=\"ltr\" style=\"line-height: 1.15; margin-top: 0pt; margin-bottom: 0pt\"><span style=\"font-size: 13px; font-family: Verdana; color: #000000; background-color: transparent; font-weight: normal; font-style: normal; font-variant: normal; text-decoration: none; vertical-align: baseline\">O Irlandii ju\u017c s\u0142yszeli\u015bmy, o Japonii te\u017c, o komputerze dla ka\u017cdego dziecka i o polityce mi\u0142o\u015bci tudzie\u017c. Teraz cz\u0142owiek pe\u0142ni\u0105cy funkcj\u0119 pierwszego ministra, Donald Tusk obiecuje, <\/span><!--more--><span style=\"font-size: 13px; font-family: Verdana; color: #000000; background-color: transparent; font-weight: normal; font-style: normal; font-variant: normal; text-decoration: none; vertical-align: baseline\">a w\u0142a\u015bciwie deklaruje, \u017ce <\/span><span style=\"font-size: 13px; font-family: Verdana; color: #000000; background-color: transparent; font-weight: bold; font-style: normal; font-variant: normal; text-decoration: none; vertical-align: baseline\">\u201cPolska mo\u017ce sta\u0107 si\u0119 takim niekwestionowanym, takim oczywistym rajem inwestycyjnym w ca\u0142ej Unii Europejskiej\u201d <\/span><span style=\"font-size: 13px; font-family: Verdana; color: #000000; background-color: transparent; font-weight: normal; font-style: normal; font-variant: normal; text-decoration: none; vertical-align: baseline\">&#8211; powiedzia\u0142 to 3 sierpnia, 2013 r. w bazie logistycznej przedsi\u0119biorstwa poszukuj\u0105cego gazu \u0142upkowego. &#8211; ZAPAMI\u0118TAJMY. Tyle tylko, \u017ce nie dos\u0142ysza\u0142em &#8211; KIEDY ten raj na &#8222;zielonej wyspie&#8221; si\u0119 urealni&#8230;<\/span><\/p>\n<p dir=\"ltr\" style=\"line-height: 1.15; margin-top: 0pt; margin-bottom: 0pt\"><span style=\"font-size: 13px; font-family: Verdana; color: #000000; background-color: transparent; font-weight: normal; font-style: normal; font-variant: normal; text-decoration: none; vertical-align: baseline\">Pi\u0119\u0107 lat temu ani ten sam pierwszy minister, ani \u017caden inny minister z jego gabinetu, ani \u017caden przedstawiciel Polski w ONZ nie zwr\u00f3cili uwagi komitetowi ds klimatycznych, \u017ce zwo\u0142ywanie Szczytu Klimatycznego w Polsce na dzie\u0144 11 listopada stanie w konflikcie z obchodami \u015awi\u0119ta Niepodleg\u0142o\u015bci. Dlaczego pi\u0119\u0107 lat temu? Bo D. Tusk tak w\u0142a\u015bnie t\u0142umaczy\u0142, \u017ce ONZ t\u0119 dat\u0119 ustali\u0142 pi\u0119\u0107 lat temu. A gdyby tak trafi\u0142o na 25 grudnia, albo Sylwestra, albo Dzie\u0144 Zmartwychwstania? O, jestem pewien, \u017ce zwr\u00f3ciliby uwag\u0119. A dlaczego nie zwr\u00f3cili uwagi na 11 listopada? Bo ci ministrowie takich \u015bwi\u0105t nie maj\u0105 w sercu. I tyle. A co to w og\u00f3le za t\u0142umaczenie? To znaczy, \u017ce w Polsce kto chce i kiedy chce, mo\u017ce robi\u0107 imprez\u0119 na skal\u0119 \u015bwiatow\u0105? Dziecko w przedszkolu nie t\u0142umaczy\u0142oby si\u0119 g\u0142upiej, ni\u017c obecny premier. Podobno b\u0119dzie to wydarzenie, kt\u00f3re przyniesie ogromne dochody (?) &#8211; Euro nie przynios\u0142o, Madonna nie przynios\u0142a, ale Szczyt Klimatyczny przyniesie, a jak m\u00f3wi PSL-owiec Bury to b\u0119dzie r\u00f3wnie\u017c wydarzenie, kt\u00f3re zrobi Polsce wielk\u0105 reklam\u0119 i promocj\u0119 na ca\u0142ym \u015bwiecie. (S\u0142ysz\u0105c to w \u201cWiadomo\u015bciach\u201d zaplu\u0142em si\u0119 ze \u015bmiechu). Modl\u0119 si\u0119 jednak wszelako, aby tak by\u0142o, ale jestem realist\u0105, bo tam b\u0119d\u0105 antyglobali\u015bci. (taki rymik).<\/span><\/p>\n<p dir=\"ltr\" style=\"line-height: 1.15; margin-top: 0pt; margin-bottom: 0pt\"><span style=\"font-size: 13px; font-family: Verdana; color: #000000; background-color: transparent; font-weight: normal; font-style: normal; font-variant: normal; text-decoration: none; vertical-align: baseline\">Policja ju\u017c dzi\u015b kombinuje, jak da\u0107 sobie rad\u0119 z marszami niepodleg\u0142o\u015bci i jak okie\u0142zna\u0107 globalist\u00f3w, ale \u201cpremierowi mi\u0142o\u015bci\u201d nie sprawia k\u0142opotu stwierdzenie, \u017ce \u201ctrzeba mie\u0107 chor\u0105 wyobra\u017ani\u0119, aby wymy\u015ble\u0107 co\u015b takiego\u201d &#8211; to komentarz do pe\u0142nej realnych obaw wypowiedzi Jaros\u0142awa Kaczy\u0144skiego. Tusk zachowuje si\u0119, jak jaki\u015b paranoik. On nie ma ochoty zastanowi\u0107 si\u0119 nad tym, co b\u0119dzie. \u00a0\u201cWiadomo\u015bci\u201d pokazuj\u0105 wydarzenia w Katarze i w Danii, posuwaj\u0105c mu pod nos ekstremalne awantury, aTusk jest g\u0142uchy, \u015blepy i niestety &#8211; pe\u0142en nienawi\u015bci do Kaczy\u0144\u015bkiego. <\/span><\/p>\n<p dir=\"ltr\" style=\"line-height: 1.15; margin-top: 0pt; margin-bottom: 0pt\"><span style=\"font-size: 13px; font-family: Verdana; color: #000000; background-color: transparent; font-weight: normal; font-style: normal; font-variant: normal; text-decoration: none; vertical-align: baseline\">Nie bardzo rozumiem, po co wynaj\u0119to Narodowy Basen? Czy\u017cby tych delegat\u00f3w by\u0142o a\u017c tylu, czy chodzi tylko o wynaj\u0119cie pomieszcze\u0144 pod trybunami? No, to si\u0119 pani Mucha cieszy. Osobi\u015bcie boj\u0119 si\u0119 tej daty, a to \u017ce nikt nie zwr\u00f3ci\u0142 na to uwagi pi\u0119\u0107 lat termu, uwa\u017cam wr\u0119cz za pokaz indolencji wszystkich ministr\u00f3w z ich prezesem na czele i wszystkich polskich przedstawicieli w ONZ. Trudno wszak\u017ce uwierzy\u0107, \u017ce Ban Ki-moon, sekretarz generalny ONZ, albo przewodnicz\u0105cy komitetu ds klimatycznych ot tak sobie postanowili: zrobimy szczyt 11 listopada, 2013, \u00a0w Polsce. To nie s\u0105 idioci i dobrze wiedz\u0105, \u017ce ka\u017cdy rz\u0105d ma swoje zobowi\u0105zania i codzienn\u0105 prac\u0119. I musieli sprawdzi\u0107, czy w tym dniu premier b\u0119dzie w kraju, czy w tym dniu nie ma jakiej\u015b wa\u017cnej wizyty g\u0142owy jakiego\u015b tam pa\u0144stwa, czy w ko\u0144cu Polska nie obchodzi jakiego\u015b \u015bwi\u0119ta? A wi\u0119c musieli te pytania zada\u0107. Wyobra\u017amy sobie, \u017ce ONZ wyznacza szczyt w USA na 4 Lipca, czyli Fourth of July. Musz\u0119 ko\u0144czy\u0107, bo nie mam takiej wyobra\u017ani.<\/span><\/p>\n<p dir=\"ltr\" style=\"line-height: 1.15; margin-top: 0pt; margin-bottom: 0pt\"><span style=\"font-size: 13px; font-family: Verdana; color: #000000; background-color: transparent; font-weight: normal; font-style: normal; font-variant: normal; text-decoration: none; vertical-align: baseline\">Nast\u0119pny artyku\u0142 b\u0119dzie dotyczy\u0142 skandalicznego zniewa\u017cenia Profesora Marka Chodakiewicza, bo jest to skandal i uwa\u017cam, \u017ce pani konsul generalna powinna poda\u0107 si\u0119 do dymisji.<\/span><\/p>\n<p><span style=\"font-size: 13px; font-family: Verdana; color: #000000; background-color: transparent; font-weight: normal; font-style: normal; font-variant: normal; text-decoration: none; vertical-align: baseline\">Z ostatniej chwili: podobno polska strona wyznaczy\u0142a dat\u0119 Szczytu Klimatycznego nie pi\u0119\u0107 lat temu, a w roku ubieg\u0142ym, czyli 2012. Polska, a nie ONZ! Chyba ju\u017c przyzwyczaili\u015bmy si\u0119 do mijania si\u0119 z prawd\u0105 I-go ministra RP.<\/span><\/p>\n","protected":false},"excerpt":{"rendered":"<p>O Irlandii ju\u017c s\u0142yszeli\u015bmy, o Japonii te\u017c, o komputerze dla ka\u017cdego dziecka i o polityce mi\u0142o\u015bci tudzie\u017c. Teraz cz\u0142owiek pe\u0142ni\u0105cy funkcj\u0119 pierwszego ministra, Donald Tusk obiecuje,<\/p>\n","protected":false},"author":2,"featured_media":0,"comment_status":"open","ping_status":"open","sticky":false,"template":"","format":"standard","meta":[],"categories":[3],"tags":[],"_links":{"self":[{"href":"https:\/\/sporek.com\/blog\/index.php?rest_route=\/wp\/v2\/posts\/398"}],"collection":[{"href":"https:\/\/sporek.com\/blog\/index.php?rest_route=\/wp\/v2\/posts"}],"about":[{"href":"https:\/\/sporek.com\/blog\/index.php?rest_route=\/wp\/v2\/types\/post"}],"author":[{"embeddable":true,"href":"https:\/\/sporek.com\/blog\/index.php?rest_route=\/wp\/v2\/users\/2"}],"replies":[{"embeddable":true,"href":"https:\/\/sporek.com\/blog\/index.php?rest_route=%2Fwp%2Fv2%2Fcomments&post=398"}],"version-history":[{"count":0,"href":"https:\/\/sporek.com\/blog\/index.php?rest_route=\/wp\/v2\/posts\/398\/revisions"}],"wp:attachment":[{"href":"https:\/\/sporek.com\/blog\/index.php?rest_route=%2Fwp%2Fv2%2Fmedia&parent=398"}],"wp:term":[{"taxonomy":"category","embeddable":true,"href":"https:\/\/sporek.com\/blog\/index.php?rest_route=%2Fwp%2Fv2%2Fcategories&post=398"},{"taxonomy":"post_tag","embeddable":true,"href":"https:\/\/sporek.com\/blog\/index.php?rest_route=%2Fwp%2Fv2%2Ftags&post=398"}],"curies":[{"name":"wp","href":"https:\/\/api.w.org\/{rel}","templated":true}]}}