{"id":399,"date":"2013-08-08T10:04:01","date_gmt":"2013-08-08T14:04:01","guid":{"rendered":"http:\/\/sporek.com\/blog\/?p=399"},"modified":"2013-08-08T10:05:48","modified_gmt":"2013-08-08T14:05:48","slug":"zniewazenie-historyka","status":"publish","type":"post","link":"https:\/\/sporek.com\/blog\/?p=399","title":{"rendered":"Zniewa\u017cenie Historyka"},"content":{"rendered":"<p dir=\"ltr\" style=\"line-height: 1.15; margin-top: 0pt; margin-bottom: 0pt\"><span style=\"font-size: 13px; font-family: Verdana; color: #000000; background-color: transparent; font-weight: normal; font-style: normal; font-variant: normal; text-decoration: none; vertical-align: baseline\">Ja tu czego\u015b nie rozumiem. Profesor Marek Chodakiewicz zosta\u0142 wycofany z grona go\u015bci na spotkaniu m\u0142odych Polonus\u00f3w w Connecticut, a Polonia, m\u0142odzie\u017cowa organizacja, organizatorzy forum \u201cQuo Vadis\u201d chyba jednak zostali oszukani w t\u0142umaczeniu, jakie przeczyta\u0142em w Nowym Dzienniku.<\/span><!--more--><\/p>\n<p dir=\"ltr\" style=\"line-height: 1.15; margin-top: 0pt; margin-bottom: 0pt\"><span style=\"font-size: 13px; font-family: Verdana; color: #000000; background-color: transparent; font-weight: normal; font-style: normal; font-variant: normal; text-decoration: none; vertical-align: baseline\">Oto fragment artyku\u0142u w N. Dzienniku: (podkre\u015blenia moje)<\/span><\/p>\n<p dir=\"ltr\" style=\"line-height: 1.15; margin-top: 0pt; margin-bottom: 0pt\"><span style=\"font-size: 13px; font-family: Verdana; color: #000000; background-color: transparent; font-weight: normal; font-style: normal; font-variant: normal; text-decoration: none; vertical-align: baseline\">\u201c&#8230; Jednak kilka dni p\u00f3\u017aniej, jak dowiedzia\u0142 si\u0119 &#8222;Nowy Dziennik&#8221;, na roboczym spotkaniu partner\u00f3w bior\u0105cych udzia\u0142 w organizacji konferencji, przedstawiciele dw\u00f3ch pozosta\u0142ych partner\u00f3w, czyli <\/span><span style=\"font-size: 13px; font-family: Verdana; color: #000000; background-color: transparent; font-weight: bold; font-style: normal; font-variant: normal; text-decoration: none; vertical-align: baseline\">konsul generalna RP Ewa Junczyk-Ziomecka oraz prof. Mieczys\u0142aw Biskupski, nie wyrazili aprobaty <\/span><span style=\"font-size: 13px; font-family: Verdana; color: #000000; background-color: transparent; font-weight: normal; font-style: normal; font-variant: normal; text-decoration: none; vertical-align: baseline\">na temat zaproszenia prof. Chodakiewicza jako jednego z prelegent\u00f3w.<\/span><\/p>\n<p dir=\"ltr\" style=\"line-height: 1.15; margin-top: 0pt; margin-bottom: 0pt\"><span style=\"font-size: 13px; font-family: Verdana; color: #000000; background-color: transparent; font-weight: normal; font-style: normal; font-variant: normal; text-decoration: none; vertical-align: baseline\">I fragment t\u0142umaczenia konsul generalnej:<\/span><\/p>\n<p dir=\"ltr\" style=\"line-height: 1.15; margin-top: 0pt; margin-bottom: 0pt\"><span style=\"font-size: 13px; font-family: Verdana; color: #000000; background-color: transparent; font-weight: normal; font-style: italic; font-variant: normal; text-decoration: none; vertical-align: baseline\">\u201c&#8230;Konsulat nie ma podstaw do formalnej aprobaty uczestnik\u00f3w konferencji. Tym bardziej \u017ce cz\u0119\u015b\u0107 jej programu odb\u0119dzie si\u0119 na terenie uniwersytetu, kt\u00f3rego autonomi\u0119 szanujemy&#8230;\u201d<\/span><\/p>\n<p><span style=\"font-size: 13px; font-family: Verdana; color: #000000; background-color: transparent; font-weight: normal; font-style: normal; font-variant: normal; text-decoration: none; vertical-align: baseline\"><\/span><\/p>\n<p dir=\"ltr\" style=\"line-height: 1.15; margin-top: 0pt; margin-bottom: 0pt\"><span style=\"font-size: 13px; font-family: Verdana; color: #000000; background-color: transparent; font-weight: normal; font-style: normal; font-variant: normal; text-decoration: none; vertical-align: baseline\">To jak w ko\u0144cu by\u0142o? &#8211; Konsulat i prof. Biskupski nie wyrazili aprobaty, czy konsulat szanuje autonomi\u0119 uniwersytetu i nie wtr\u0105ca si\u0119? Bo si\u0119 pogubi\u0142em&#8230;<\/span><\/p>\n<p dir=\"ltr\" style=\"line-height: 1.15; margin-top: 0pt; margin-bottom: 0pt\"><span style=\"font-size: 13px; font-family: Verdana; color: #000000; background-color: transparent; font-weight: normal; font-style: normal; font-variant: normal; text-decoration: none; vertical-align: baseline\">Poni\u017cej link do artyku\u0142u w Nowym Dzienniku:<\/span><\/p>\n<p dir=\"ltr\" style=\"line-height: 1.15; margin-top: 0pt; margin-bottom: 0pt\"><a href=\"http:\/\/www.dziennik.com\/wiadomosci\/artykul\/profesor-non-grata\" style=\"text-decoration: none\"><span style=\"font-size: 13px; font-family: Verdana; color: #1155cc; background-color: transparent; font-weight: normal; font-style: normal; font-variant: normal; text-decoration: underline; vertical-align: baseline\">http:\/\/www.dziennik.com\/wiadomosci\/artykul\/profesor-non-grata<\/span><\/a><span style=\"font-size: 13px; font-family: Verdana; color: #000000; background-color: transparent; font-weight: normal; font-style: normal; font-variant: normal; text-decoration: none; vertical-align: baseline\"><\/span><\/p>\n<p><span style=\"font-size: 13px; font-family: Verdana; color: #000000; background-color: transparent; font-weight: normal; font-style: normal; font-variant: normal; text-decoration: none; vertical-align: baseline\"><\/span><\/p>\n<p dir=\"ltr\" style=\"line-height: 1.15; margin-top: 0pt; margin-bottom: 0pt\"><span style=\"font-size: 13px; font-family: Verdana; color: #000000; background-color: transparent; font-weight: normal; font-style: normal; font-variant: normal; text-decoration: none; vertical-align: baseline\">A tu artyku\u0142 na <\/span><span style=\"font-size: 13px; font-family: Verdana; color: #0000ff; background-color: transparent; font-weight: normal; font-style: normal; font-variant: normal; text-decoration: none; vertical-align: baseline\">narodowcy.pl:<\/span><\/p>\n<p dir=\"ltr\" style=\"line-height: 1.15; margin-top: 0pt; margin-bottom: 0pt\"><span style=\"font-size: 13px; font-family: Verdana; color: #000000; background-color: transparent; font-weight: normal; font-style: normal; font-variant: normal; text-decoration: none; vertical-align: baseline\">S<\/span><span style=\"font-size: 13px; font-family: Verdana; color: #000000; background-color: transparent; font-weight: normal; font-style: normal; font-variant: normal; text-decoration: none; vertical-align: baseline\">kandal w konsulacie w Nowym Jorku:<\/span><\/p>\n<p dir=\"ltr\" style=\"line-height: 1.15; margin-top: 0pt; margin-bottom: 0pt\"><a href=\"http:\/\/narodowcy.net\/europa-i-swiat\/362-skandal-w-polskim-konsulacie-w-nowym-jork\" style=\"text-decoration: none\"><span style=\"font-size: 13px; font-family: Verdana; color: #1155cc; background-color: transparent; font-weight: normal; font-style: normal; font-variant: normal; text-decoration: underline; vertical-align: baseline\">http:\/\/narodowcy.net\/europa-i-swiat\/362-skandal-w-polskim-konsulacie-w-nowym-jork<\/span><\/a><span style=\"font-size: 13px; font-family: Verdana; color: #000000; background-color: transparent; font-weight: normal; font-style: normal; font-variant: normal; text-decoration: none; vertical-align: baseline\"><\/span><\/p>\n<p><span style=\"font-size: 13px; font-family: Verdana; color: #000000; background-color: transparent; font-weight: normal; font-style: normal; font-variant: normal; text-decoration: none; vertical-align: baseline\"><\/span><\/p>\n<p dir=\"ltr\" style=\"line-height: 1.15; margin-top: 0pt; margin-bottom: 0pt\"><span style=\"font-size: 13px; font-family: Verdana; color: #000000; background-color: transparent; font-weight: normal; font-style: normal; font-variant: normal; text-decoration: none; vertical-align: baseline\">Jak dw\u00f3ch polskich profesor\u00f3w podkopywa\u0142o prof. Chodakiewicza ju\u017c w 2001 roku:<\/span><\/p>\n<p dir=\"ltr\" style=\"line-height: 1.15; margin-top: 0pt; margin-bottom: 0pt\"><a href=\"http:\/\/glaukopis.pl\/pdf\/aktualnosci\/prof_John_Radzilowski_The_Shame_of_Polish_Historical_Studies_in_America.pdf\" style=\"text-decoration: none\"><span style=\"font-size: 13px; font-family: Verdana; color: #1155cc; background-color: transparent; font-weight: normal; font-style: normal; font-variant: normal; text-decoration: underline; vertical-align: baseline\">http:\/\/glaukopis.pl\/pdf\/aktualnosci\/prof_John_Radzilowski_The_Shame_of_Polish_Historical_Studies_in_America.pdf<\/span><\/a><span style=\"font-size: 13px; font-family: Verdana; color: #1155cc; background-color: transparent; font-weight: normal; font-style: normal; font-variant: normal; text-decoration: underline; vertical-align: baseline\"><\/span><\/p>\n<p><span style=\"font-size: 13px; font-family: Verdana; color: #1155cc; background-color: transparent; font-weight: normal; font-style: normal; font-variant: normal; text-decoration: underline; vertical-align: baseline\"><\/span><\/p>\n<p dir=\"ltr\" style=\"line-height: 1.15; margin-top: 0pt; margin-bottom: 0pt\"><span style=\"font-size: 13px; font-family: Verdana; color: #000000; background-color: transparent; font-weight: normal; font-style: normal; font-variant: normal; text-decoration: none; vertical-align: baseline\">A tak w og\u00f3le zastanawiam si\u0119, czy ta ca\u0142a \u201cpomoc\u201d konsulatu, jako przedstawicielstwa MSZ \u00a0w organizacji tego typu wydarze\u0144 w polonijnych kr\u0119gach m\u0142odzie\u017cowych nie jest przypadkiem dalszym ci\u0105giem prania m\u00f3zg\u00f3w m\u0142odym ludziom, przy\u0107miewania rzeczywistego obrazu Polski i tworzenia kadr, kt\u00f3re \u00a0w najbli\u017cszej i dalszej perspektywie b\u0119d\u0105 broni\u0107 panuj\u0105cej nomenklatury&#8230;(?)<\/span><\/p>\n<p dir=\"ltr\" style=\"line-height: 1.15; margin-top: 0pt; margin-bottom: 0pt\"><span style=\"font-size: 13px; font-family: Verdana; color: #000000; background-color: transparent; font-weight: normal; font-style: normal; font-variant: normal; text-decoration: none; vertical-align: baseline\">Cokolwiek by to by\u0142o, konsul generalna nie odpowiedzia\u0142a na pytanie N. Dziennika, co w ko\u0144cu by\u0142o powodem niewyra\u017cenia aprobaty na udzia\u0142 prof. Chodakiewicza. By\u0142oby dobrze, gdyby ta odpowied\u017a zosta\u0142a precyzyjnie udzielona, bo tego wymaga r\u00f3wnie\u017c szacunek dla Polonii.<\/span><\/p>\n<p><span style=\"font-size: 13px; font-family: Verdana; color: #000000; background-color: transparent; font-weight: normal; font-style: normal; font-variant: normal; text-decoration: none; vertical-align: baseline\">Od zawsze nie znosi\u0142em j\u0119zyka dyplomat\u00f3w, ale w tej wypowiedzi pani konsul jest ju\u017c chyba za wiele \u201cpoprawno\u015bci politycznej\u201d i ani s\u0142owa wyja\u015bnienia. Pani konsul ani raz nie u\u017cy\u0142a nazwiska Chodakiewicz. Je\u015bli pani konsul chce zamydla\u0107 czyje\u015b oczy, to ma do tego ca\u0142\u0105 swoj\u0105 za\u0142og\u0119, ale Polonia chce konkret\u00f3w: Dlaczego nia wyrazi\u0142a pani \u201caprobaty\u201d na udzia\u0142 Prof. Chodakiewicza? Prosimy o odpowied\u017a.<\/span><\/p>\n","protected":false},"excerpt":{"rendered":"<p>Ja tu czego\u015b nie rozumiem. Profesor Marek Chodakiewicz zosta\u0142 wycofany z grona go\u015bci na spotkaniu m\u0142odych Polonus\u00f3w w Connecticut, a Polonia, m\u0142odzie\u017cowa organizacja, organizatorzy forum \u201cQuo Vadis\u201d chyba jednak zostali oszukani w t\u0142umaczeniu, jakie przeczyta\u0142em w Nowym Dzienniku.<\/p>\n","protected":false},"author":2,"featured_media":0,"comment_status":"open","ping_status":"open","sticky":false,"template":"","format":"standard","meta":[],"categories":[4],"tags":[],"_links":{"self":[{"href":"https:\/\/sporek.com\/blog\/index.php?rest_route=\/wp\/v2\/posts\/399"}],"collection":[{"href":"https:\/\/sporek.com\/blog\/index.php?rest_route=\/wp\/v2\/posts"}],"about":[{"href":"https:\/\/sporek.com\/blog\/index.php?rest_route=\/wp\/v2\/types\/post"}],"author":[{"embeddable":true,"href":"https:\/\/sporek.com\/blog\/index.php?rest_route=\/wp\/v2\/users\/2"}],"replies":[{"embeddable":true,"href":"https:\/\/sporek.com\/blog\/index.php?rest_route=%2Fwp%2Fv2%2Fcomments&post=399"}],"version-history":[{"count":0,"href":"https:\/\/sporek.com\/blog\/index.php?rest_route=\/wp\/v2\/posts\/399\/revisions"}],"wp:attachment":[{"href":"https:\/\/sporek.com\/blog\/index.php?rest_route=%2Fwp%2Fv2%2Fmedia&parent=399"}],"wp:term":[{"taxonomy":"category","embeddable":true,"href":"https:\/\/sporek.com\/blog\/index.php?rest_route=%2Fwp%2Fv2%2Fcategories&post=399"},{"taxonomy":"post_tag","embeddable":true,"href":"https:\/\/sporek.com\/blog\/index.php?rest_route=%2Fwp%2Fv2%2Ftags&post=399"}],"curies":[{"name":"wp","href":"https:\/\/api.w.org\/{rel}","templated":true}]}}