{"id":4,"date":"2006-11-14T18:40:40","date_gmt":"2006-11-14T22:40:40","guid":{"rendered":"http:\/\/sporek.com\/blog\/?p=4"},"modified":"2007-09-21T19:19:01","modified_gmt":"2007-09-21T23:19:01","slug":"obudzmy-sie-zanim-bedzie-za-pozno","status":"publish","type":"post","link":"https:\/\/sporek.com\/blog\/?p=4","title":{"rendered":"Obud\u017amy si\u0119 zanim b\u0119dzie za p\u00f3\u017ano"},"content":{"rendered":"<p><span goog_ds_charIndex=\"40\" class=\"date\"><span goog_ds_charIndex=\"42\" lang=\"PL\">Co zrobi\u0107 z t\u0105 demokracj\u0105? Mo\u017cna to pytanie zadawa\u0107 bez ko\u0144ca i mo\u017cna te\u017c w\u0142a\u015bciwie nie oczekiwa\u0107 odpowiedzi, bo \u017ceby takow\u0105 zna\u0107 trzeba do demokracji dor\u00f3\u015b\u0107.<\/span><\/span><span goog_ds_charIndex=\"40\" class=\"date\"><\/span><span goog_ds_charIndex=\"40\" class=\"date\"><\/p>\n<p goog_ds_charIndex=\"204\" align=\"left\" class=\"MsoNormal\"><span goog_ds_charIndex=\"205\" lang=\"PL\">Maj\u0105c niezwykle szeroki wachlarz informacji z Polski i o Polsce \u2013 dziesi\u0105tki czasopism, gazet, telewizja, Internet zauwa\u017cy\u0142em pewn\u0105, niezwykle ciekaw\u0105 rzecz. Mianowicie, o wiele bardziej powa\u017cnie do sprawy wybor\u00f3w w Polsce podchodzili ludzie bardzo m\u0142odzi, szczeg\u00f3lnie ci, kt\u00f3rzy co dopiero otrzymali prawo g\u0142osu, ni\u017c spo\u0142ecze\u0144stwo doros\u0142e. W wypowiedziach przed kamerami m\u0142odzi ludzie podkre\u015blali, \u017ce to przywilej demokracji, podczas gdy ludzie starsi, doro\u015bli sprawiali raczej wra\u017cenie obra\u017conych na wszystko i cz\u0119stokro\u0107 stwierdzali, \u017ce nie maj\u0105 zamiaru g\u0142osowa\u0107, bo \u201eto i tak nic nie zmieni\u201d. O dziwo frekwencja w wyborach by\u0142a wi\u0119ksza, ni\u017c si\u0119 spodziewano, ale ci\u0105gle mamy sytuacj\u0119, \u017ce do wybor\u00f3w posz\u0142o, niestety, tylko troch\u0119 powy\u017cej 40 procent uprawnionych do g\u0142osowania.<!--more--><\/span><\/p>\n<p><span goog_ds_charIndex=\"205\" lang=\"PL\"><\/span><span goog_ds_charIndex=\"205\" lang=\"PL\"><\/span><span goog_ds_charIndex=\"205\" lang=\"PL\"><\/p>\n<p goog_ds_charIndex=\"998\" align=\"left\" class=\"MsoNormal\"><span goog_ds_charIndex=\"999\" lang=\"PL\">Dok\u0142adnie w dzie\u0144 wybor\u00f3w pr\u00f3bowa\u0142 si\u0119 do mnie przez \u201eskype\u2019a\u201d dosta\u0107 jaki\u015b cz\u0142owiek z Polski, kt\u00f3rego pocz\u0105tkowo nie wpuszcza\u0142em, bo go po prostu nie znam. Tak usilnie dobija\u0142 si\u0119, pisz\u0105c b\u0142agalne teksty, \u017ce w ko\u0144cu klikn\u0105\u0142em akceptacj\u0119 i pozwoli\u0142em mu m\u00f3wi\u0107. Pan z Wroc\u0142awia poszukiwa\u0142 swojego znajomego, z kt\u00f3rym straci\u0142 kontakt i b\u0142aga\u0142 mnie o pomoc, bo ten jego kolega by\u0142 kiedy\u015b, gdzie\u015b na Brooklynie. Zebra\u0142em wi\u0119c jak najwi\u0119cej danych i oczywi\u015bcie spr\u00f3buj\u0119 mu pom\u00f3c. Wszelako\u017c w ko\u0144c\u00f3wce naszej rozmowy zapyta\u0142em \u201ejak tam po wyborach, odda\u0142 pan sw\u00f3j g\u0142os\u201d? W Polsce by\u0142a ju\u017c godzina 18-ta. I pan o\u015bwiadczy\u0142, \u017ce nie g\u0142osowa\u0142, bo i po co. Nie musz\u0119 m\u00f3wi\u0107, \u017ce strasznie mnie tym zdenerwowa\u0142. Pocz\u0105\u0142em t\u0142umaczy\u0107 mu, \u017ce traci szans\u0119 decydowania o losie narodu, kraju, gospodarki itp. Nic do niego nie trafia\u0142o. Z uporem maniaka powtarza\u0142: \u201epanie, to wszystko nie ma sensu, bieda, cyga\u0144stwo, korupcja, z\u0142odziejstwo\u201d. Kiedy widzia\u0142em ju\u017c, \u017ce moje argumenty trafiaj\u0105 w kompletn\u0105 pustk\u0119, powiedzia\u0142em mu na zako\u0144czenie tylko jedn\u0105 rzecz: \u201ePowinien pan zdawa\u0107 sobie spraw\u0119 z tego, \u017ce nie bior\u0105c udzia\u0142u w g\u0142osowaniu nie ma pan prawa ani krytykowa\u0107, ani chwali\u0107, ani w og\u00f3le zabiera\u0107 g\u0142osu na temat jakichkolwiek rz\u0105d\u00f3w, kt\u00f3re nast\u0105pi\u0105 po wyborach\u201d.<\/span><\/p>\n<p goog_ds_charIndex=\"2249\" align=\"left\" class=\"MsoNormal\"><span goog_ds_charIndex=\"2250\" lang=\"PL\">I c\u00f3\u017c us\u0142ysza\u0142em? A no, pan si\u0119 potwornie ze\u017ali\u0142 na moj\u0105 teori\u0119 i rzuci\u0142 mi kilka niecenzuralnych tekst\u00f3w, \u0142\u0105cznie z tez\u0105, \u017ce jako cz\u0142owiek \u201esiedz\u0105cy\u201d po drugiej stronie Oceanu, to ja nie mam prawa zabiera\u0107 g\u0142osu na temat tego, co dzieje si\u0119 w Ojczy\u017anie. \u201eKrytykowa\u0142 b\u0119d\u0119, bo takie jest moje prawo, w ko\u0144cu \u017cyjemy w demokratycznym kraju!\u201d \u2013 zako\u0144czy\u0142, krzycz\u0105c w mikrofon, po czym wy\u0142\u0105czy\u0142 skype\u2019a. Ot\u00f3\u017c to,- mamy demokratyczne prawo do krytyki, mamy demokratyczne prawo do wyra\u017cania swoich opinii i bardzo chcemy z nich korzysta\u0107. Co w takim razie z demokratycznym o b o w i \u0105 z k i e m g\u0142osowania?\u00a0 Tu ju\u017c dajemy sobie ulgi. I to jest szalenie nie w porz\u0105dku do wszystkiego; kraju, wsp\u00f3\u0142obywateli, dzieci, m\u0142odzie\u017cy, przysz\u0142o\u015bci. Tymczasem wbrew naszym przekonaniom o demokracji s\u0105 na \u015bwiecie kraje s\u0142yn\u0105ce z naprawd\u0119 bardzo wysoko rozwini\u0119tej w\u015br\u00f3d spo\u0142ecze\u0144stwa \u015bwiadomo\u015bci praw i obowi\u0105zk\u00f3w wynikaj\u0105cych z demokracji, kt\u00f3re \u2013 powiedzia\u0142by kto\u015b, w spos\u00f3b kompletnie niedemokratyczny-, zmuszaj\u0105 swoich obywateli do g\u0142osowania. Przyk\u0142adem cho\u0107by nasz najbli\u017cszy s\u0105siad, przez wod\u0119 \u2013 Szwecja. Jest tam konstytucyjnie wymuszony na obywatelach obowi\u0105zek brania udzia\u0142u w wyborach. Ma\u0142o tego, s\u0105 r\u00f3wnie\u017c ustalone kary pieni\u0119\u017cne za unikanie tego obowi\u0105zku. Szwedzi ani nie podwa\u017caj\u0105 tej \u2013 mo\u017cna by powiedzie\u0107,- wielce przecie niedemokratycznej zasady-, ani te\u017c nie unikaj\u0105 udzia\u0142u w wyborach.<\/span><\/p>\n<p goog_ds_charIndex=\"3643\" align=\"left\" class=\"MsoNormal\"><span goog_ds_charIndex=\"3644\" lang=\"PL\">Polonia na ca\u0142ym \u015bwiecie zawsze chcia\u0142a ko\u0144ca komunizmu. Ci kt\u00f3rzy mieli okazj\u0119, aby ten koniec zrealizowa\u0107, tam, na miejscu, wyszli z innego za\u0142o\u017cenia i t\u0142umaczyli, \u017ce tak to widzieli z bliska. Pope\u0142nili b\u0142\u0105d; post-komuna wr\u00f3ci\u0142a i zagrabi\u0142a ile si\u0119 tylko da\u0142o. Mo\u017ce czas, aby uwierzy\u0107, \u017ce spojrzenie z daleka jest klarowniejsze&#8230;?<\/span><\/p>\n<p goog_ds_charIndex=\"3981\" align=\"left\" class=\"MsoNormal\"><span goog_ds_charIndex=\"3982\" lang=\"PL\">Czy rzeczywi\u015bcie tylko dlatego, \u017ce \u201eoni\u201d widzieli z bliska?<\/span><\/p>\n<p goog_ds_charIndex=\"4045\" align=\"left\" class=\"MsoNormal\"><span goog_ds_charIndex=\"4046\" lang=\"PL\">Dlaczego prezydent Wa\u0142\u0119sa tak bardzo nie chcia\u0142 wzi\u0105\u0107 udzia\u0142u w ods\u0142oni\u0119ciu pomnika Ofiar 17 Wrze\u015bnia,- po\u015bwi\u0119conego poleg\u0142ym w napa\u015bci Sowiet\u00f3w na Polsk\u0119 w dwa tygodnie po rozpocz\u0119ciu II Wojny \u015awiatowej? Pomnik ten stan\u0105\u0142 przy ogromnym wysi\u0142ku, heroicznym uporze i ogromnym trudzie jednego z najwi\u0119kszych dzia\u0142aczy \u00f3wczesnej opozycji Wojciecha Ziembi\u0144skiego, Przewodnicz\u0105cego Fundacji Poleg\u0142ych i Pomordowanych na Wschodzie.<\/span><\/p>\n<p goog_ds_charIndex=\"4475\" align=\"left\" class=\"MsoNormal\"><span goog_ds_charIndex=\"4476\" lang=\"PL\">A no, dlatego, \u017ce nie zgadza\u0142a si\u0119 z tym Moskwa. Wys\u0142anik Moskwy, Kaszlew przyjecha\u0142 do Warszawy na drugi dzie\u0144 po ods\u0142oni\u0119ciu, 18 maja, 1995 r. i obfotografowa\u0142 ka\u017cdy element tego pomnika, kt\u00f3rym jest po prostu wagon z krzy\u017cami i symboliczne mogi\u0142y, a \u015bwiadczy o mordzie dokonanym na Polsce w dniu 17 wrze\u015bnia, 1939 roku.<\/span><\/p>\n<p goog_ds_charIndex=\"4802\" align=\"left\" class=\"MsoNormal\"><span goog_ds_charIndex=\"4803\" lang=\"PL\">Dlaczego I-ym prezydentem wolnej Polski zosta\u0142 Jeruzelski? Dlaczego I-ym wicepremierem w rz\u0105dzie Mazowieckiego by\u0142 Ces\u0142aw Kiszczak,- super agent \u0141ubianki, szef wywiadu i kontrwywiadu? A to, \u017ce w ministerstwie Spraw Wewn\u0119trznych, na Rakowieckiej rezydowa\u0142 i urz\u0119dowa\u0142 w\u00f3wczas genera\u0142 Paw\u0142ow z KGB, wydaj\u0105c rozkazy dla MSW, to by\u0142o normalne?<\/span><\/p>\n<p goog_ds_charIndex=\"5146\" align=\"left\" class=\"MsoNormal\"><span goog_ds_charIndex=\"5147\" lang=\"PL\">Z zezna\u0144 kapitana Piotrowskiego, jednego z zab\u00f3jc\u00f3w Ksi\u0119dza Jerzego Popie\u0142uszki wynika jasno, \u017ce w departamencie prowadzonym przez tego\u017c Piotrowskiego byli pu\u0142kownicy. Jaki kapitan dowodzi, lub ma pod sob\u0105 pu\u0142kownik\u00f3w? A no, ma, a raczej mia\u0142. Przecie\u017c to by\u0142 system KGB, tam w\u0142a\u015bnie kapitan by\u0142 w randze pu\u0142kownika.<\/span><\/p>\n<p goog_ds_charIndex=\"5467\" align=\"left\" class=\"MsoNormal\"><span goog_ds_charIndex=\"5468\" lang=\"PL\">Do tej pory nie przywr\u00f3cono konstytucyjnie ci\u0105g\u0142o\u015bci prawnej pomi\u0119dzy II, a III Rzeczpospolit\u0105. Rz\u0105dy w wolnej Polsce by\u0142y rz\u0105dami ludzi, kt\u00f3rzy walczyli wy\u0142\u0105cznie o sto\u0142ki. Walczyli pod has\u0142ami wolnej ojczyzny, prawa, oczyszczenia i na to da\u0142 si\u0119 nabra\u0107 ca\u0142y nar\u00f3d. I w\u0142a\u015bnie dlatego dzi\u015b m\u00f3wimy o biedzie; w\u0142a\u015bnie dlatego Polska jest dzi\u015b na tym zakr\u0119cie, na jakim jest, bo nie zrobiono nic, aby oczy\u015bci\u0107 przesz\u0142o\u015b\u0107. B\u0119dziemy si\u0119 \u0142apa\u0107 za g\u0142owy, gdy dojdzie do lustracji Polonii, ale zrozumiemy wtedy, dlaczego Polonia jest jedn\u0105 z najs\u0142abszych nacji w USA. Co rusz kto\u015b z nies\u0142usznie oczernianych cz\u0142onk\u00f3w Polonii, maj\u0105cy status \u201epokrzywdzonego\u201d jedzie do Instytutu Pami\u0119ci Narodowej i dowiaduje si\u0119 rzeczy, od kt\u00f3rych w\u0142osy staj\u0105 d\u0119ba; czyta donosy od ludzi, po kt\u00f3rych nigdy by si\u0119 nie spodziewa\u0142, \u017ce b\u0119d\u0105 pisa\u0107 paszkwile, byle tylko przypodoba\u0107 si\u0119 tamtej w\u0142adzy, a mo\u017ce i z obowi\u0105zku agenta&#8230;?<\/span><\/p>\n<p goog_ds_charIndex=\"6373\" align=\"left\" class=\"MsoNormal\"><span goog_ds_charIndex=\"6374\" lang=\"PL\">Syndrom wasalstwa ci\u0105gnie si\u0119 za Polsk\u0105 od mrocznych czas\u00f3w \u015bredniowiecza. Przechodzimy z jednej skrajno\u015bci w drug\u0105. Komuni\u015bci w\u0142azili w ruski ty\u0142ek bez przys\u0142owiowej wazeliny, &#8211; post- komuni\u015bci zrobili to samo z Ameryk\u0105. Jeszcze si\u0119 przebudzimy z b\u00f3lem g\u0142owy gdy katastrofalnie b\u0142\u0119dny Off-set z samolotami F-16 zacznie by\u0107 realizowany. Skorzysta\u0142 na tym jedynie Miller, kt\u00f3remu Ameryka zafundowa\u0142a niebia\u0144sko lukratywne stypendium. I Kwa\u015bniewski, kt\u00f3ry nagle sta\u0142 si\u0119 wyk\u0142adowc\u0105 na ameryka\u0144skiej uczelni.<\/span><\/p>\n<p goog_ds_charIndex=\"6883\" align=\"left\" class=\"MsoNormal\"><span goog_ds_charIndex=\"6884\" lang=\"PL\">Zagraniczni dyplomaci nie lubi\u0105 Kaczy\u0144skich, bo zacz\u0119li zadawa\u0107 k\u0142opotliwe pytania. <\/span><\/p>\n<p goog_ds_charIndex=\"6971\" align=\"left\" class=\"MsoNormal\"><span goog_ds_charIndex=\"6972\" lang=\"PL\">Ale trzeba by\u0142o zacz\u0105\u0107 od kpin na temat wzrostu, do czego przy\u0142\u0105czyli si\u0119 polscy wasalowie z postkomunistycznych gazet. Ohyda. Podstawowe z owych pyta\u0144 brzmi: a co z tego b\u0119dzie mia\u0142a Polska? Totalny zwrot: Miller, Kwa\u015bniewski i inni pytali, co ja z tego b\u0119de mia\u0142. Bracia pytaj\u0105 o dobro Polski. A wyborcy? Wyborcy dali sie nabra\u0107 na populizm prymitywnej krytyki. Dali si\u0119 nabra\u0107 na ciep\u0142e s\u0142\u00f3wka Tuska, Olejniczaka, Napieralskiego. Na egzaltowane wypowiedzi Komorowskiego, o kt\u00f3rym si\u0119 m\u00f3wi, \u017ce m\u00f3g\u0142by lata\u0107 i na drzwiach od stodo\u0142y, pseudointelektualne wypociny Rokity, kt\u00f3rego w rodzinnym Krakowie po prostu nie cierpi\u0105,- wystarzy spyta\u0107 taks\u00f3wkarza, to strasznie g\u0142\u0119bokie \u017ar\u00f3d\u0142o informacji. <\/span><\/p>\n<p goog_ds_charIndex=\"7670\" align=\"left\" class=\"MsoNormal\"><span goog_ds_charIndex=\"7671\" lang=\"PL\">Platforma, SLD i Ludowcy czerpali pe\u0142nymi gar\u015bciami z demokratycznego prawa do krytyki i w niedziel\u0119, 12 listopada, te w\u0142a\u015bnie\u00a0 partie odnotowa\u0142y najwi\u0119kszy sukces. A wi\u0119c nar\u00f3d poszed\u0142 za obietnicami bez pokrycia, za krytyk\u0105, kt\u00f3ra raczej powinna by\u0107 okre\u015blona, jako krytykanctwo, bo nie wnosi\u0142a \u017cadnego post\u0119pu, \u017cadnej poprawy. Jak na d\u0142oni jednak wida\u0107 by\u0142o, \u017ce skierowana jest przeciwko rz\u0105dowi, kt\u00f3ry postawi\u0142 na dekomunizacj\u0119, rozliczenie z przesz\u0142o\u015bci\u0105, uczciwo\u015b\u0107. Tym partiom, a szczeg\u00f3lnie SLD histerycznie zale\u017cy na zatrzymaniu tego procesu. Uczestnikom Okr\u0105g\u0142ego Sto\u0142u te\u017c bardzo na tym zale\u017cy.<\/span><\/p>\n<p goog_ds_charIndex=\"8280\" align=\"left\" class=\"MsoNormal\"><span goog_ds_charIndex=\"8281\" lang=\"PL\">Je\u015bli w nast\u0119pnej turze partie opozycyjne zn\u00f3w odnios\u0105 sukces, to sytuacja naszej Ojczyzny nie b\u0119dzie do pozazdroszczenia; bogaci SLD-owcy, Europarlamentarzy\u015bci, bonzowie, z kt\u00f3rych tylko garstka, jak np. Jakubowska i sp\u00f3\u0142ka dotkni\u0119ta zosta\u0142a r\u0119k\u0105 sprawiedliwo\u015bci, b\u0119d\u0105 pomna\u017ca\u0107 sw\u00f3j stan posiadania, przy akompaniamencie lament\u00f3w biedoty, g\u0142odnych dzieci, zaniedbanych chorych w szpitalach, przychodniach i o\u015brodkach leczniczych, zepchni\u0119tych na margines dzieci w domach dziecka i tak dalej, i tak dalej. Bo przecie\u017c nikt ich nie ruszy, a ju\u017c na pewno nie PO, Ludowcy, czy SLD. Je\u015bli oni dostan\u0105 si\u0119 teraz do w\u0142adzy, to przede wszystkim czeka nas d\u0142ugi czas oczekiwania na program, ale w tym te\u017c czasie sp\u0142ywa\u0107 b\u0119d\u0105 pieni\u0105dze z Unii Eurpejskiej&#8230;, niczego nie sugeruj\u0119&#8230;<\/span><\/p>\n<p goog_ds_charIndex=\"9058\" align=\"left\" class=\"MsoNormal\"><span goog_ds_charIndex=\"9059\" lang=\"PL\">Bior\u0105c historycznie, por\u00f3wnuj\u0105c fakty, zdarzenia i efekty z dotychczasowej historii \u201eWolnej Polski\u201d uwa\u017cam, \u017ce rz\u0105d Kaczy\u0144skich jest jedynym ratunkiem dla naszej Ojczyzny. <\/span><\/p>\n<p goog_ds_charIndex=\"9234\" align=\"left\" class=\"MsoNormal\"><span goog_ds_charIndex=\"9235\" lang=\"PL\">Mo\u017ce wi\u0119c powinni\u015bmy jako\u015b wp\u0142yn\u0105\u0107 na naszych krewnych, przyjaci\u00f3\u0142, znajomych, aby si\u0119 ockn\u0119li. Pisa\u0142em w Centrum, \u017ce wygrana PiSu, ale zdecydowana, daj\u0105ca tej partii konkretn\u0105 wi\u0119kszo\u015b\u0107, to koniec udzia\u0142u Leppera w rz\u0105dzie, to wymazanie \u201eczarnej kreski\u201d, to rozliczenie przesz\u0142o\u015bci, a wi\u0119c mo\u017cliwo\u015b\u0107 rzopocz\u0119cia od nowa, ale na zdrowych zasadach. W\u00f3wczas, po zako\u0144czeniu kadencji mo\u017cna b\u0119dzie zadawa\u0107 braciom Kaczy\u0144skim pytania, nawet te najtrudniejsze. Teraz maj\u0105 oni bardzo komfortow\u0105 sytuacj\u0119, bo mog\u0105 odpowiedzie\u0107 na ka\u017cde pytanie tylko jednym: przecie\u017c nie mamy szans wprowadza\u0107 naszych reform, postulat\u00f3w, uchwa\u0142, bo ci\u0105gle nam wszyscy przeszkadzaj\u0105. Gdy jednak b\u0119d\u0105 mieli wi\u0119kszo\u015b\u0107, nie b\u0119d\u0105 tym samym mieli nic na swoje usprawiedliwienie, je\u015bli spieprz\u0105 spraw\u0119. Skoro dali\u015bmy dziesi\u0119\u0107 lat Kwa\u015bniewskiemu, to jaki mamy problem, aby da\u0107 po\u0142ow\u0119 z tego Kaczy\u0144skim? Tylko bezinteresown\u0105 zawi\u015b\u0107? Tylko populizm i bezpodstawne zarzuty wzi\u0119te w wi\u0119kszo\u015bci z plotek?<\/span><\/p>\n<p goog_ds_charIndex=\"10205\" align=\"left\" class=\"MsoNormal\"><span goog_ds_charIndex=\"10206\" lang=\"PL\">Obud\u017amy si\u0119, prosz\u0119 jeszcze raz. Zr\u00f3bmy to dla naszego kraju, bo z\u0142e nadchodzi i atakuje coraz mocniej.<\/span><\/p>\n<p goog_ds_charIndex=\"10331\" align=\"left\" class=\"MsoNormal\"><span goog_ds_charIndex=\"10333\" lang=\"PL\"><em>Opublikowane w Kurierze Plus<\/em><\/span><\/p>\n<p><\/span><\/span><\/p>\n","protected":false},"excerpt":{"rendered":"<p>Co zrobi\u0107 z t\u0105 demokracj\u0105? Mo\u017cna to pytanie zadawa\u0107 bez ko\u0144ca i mo\u017cna te\u017c w\u0142a\u015bciwie nie oczekiwa\u0107 odpowiedzi, bo \u017ceby takow\u0105 zna\u0107 trzeba do demokracji dor\u00f3\u015b\u0107. Maj\u0105c niezwykle szeroki wachlarz informacji z Polski i o Polsce \u2013 dziesi\u0105tki czasopism, gazet, telewizja, Internet zauwa\u017cy\u0142em pewn\u0105, niezwykle ciekaw\u0105 rzecz. Mianowicie, o wiele bardziej powa\u017cnie do sprawy wybor\u00f3w [&hellip;]<\/p>\n","protected":false},"author":2,"featured_media":0,"comment_status":"open","ping_status":"open","sticky":false,"template":"","format":"standard","meta":[],"categories":[4],"tags":[],"_links":{"self":[{"href":"https:\/\/sporek.com\/blog\/index.php?rest_route=\/wp\/v2\/posts\/4"}],"collection":[{"href":"https:\/\/sporek.com\/blog\/index.php?rest_route=\/wp\/v2\/posts"}],"about":[{"href":"https:\/\/sporek.com\/blog\/index.php?rest_route=\/wp\/v2\/types\/post"}],"author":[{"embeddable":true,"href":"https:\/\/sporek.com\/blog\/index.php?rest_route=\/wp\/v2\/users\/2"}],"replies":[{"embeddable":true,"href":"https:\/\/sporek.com\/blog\/index.php?rest_route=%2Fwp%2Fv2%2Fcomments&post=4"}],"version-history":[{"count":0,"href":"https:\/\/sporek.com\/blog\/index.php?rest_route=\/wp\/v2\/posts\/4\/revisions"}],"wp:attachment":[{"href":"https:\/\/sporek.com\/blog\/index.php?rest_route=%2Fwp%2Fv2%2Fmedia&parent=4"}],"wp:term":[{"taxonomy":"category","embeddable":true,"href":"https:\/\/sporek.com\/blog\/index.php?rest_route=%2Fwp%2Fv2%2Fcategories&post=4"},{"taxonomy":"post_tag","embeddable":true,"href":"https:\/\/sporek.com\/blog\/index.php?rest_route=%2Fwp%2Fv2%2Ftags&post=4"}],"curies":[{"name":"wp","href":"https:\/\/api.w.org\/{rel}","templated":true}]}}