{"id":401,"date":"2013-08-20T19:59:17","date_gmt":"2013-08-20T23:59:17","guid":{"rendered":"http:\/\/sporek.com\/blog\/?p=401"},"modified":"2013-08-20T20:02:20","modified_gmt":"2013-08-21T00:02:20","slug":"do-prl-przez-meksyk","status":"publish","type":"post","link":"https:\/\/sporek.com\/blog\/?p=401","title":{"rendered":"Do PRL przez Meksyk"},"content":{"rendered":"<p dir=\"ltr\" style=\"line-height: 1.15; margin-top: 0pt; margin-bottom: 0pt\"><span style=\"font-size: 13px; font-family: Verdana; color: #000000; background-color: transparent; font-weight: normal; font-style: normal; font-variant: normal; text-decoration: none; vertical-align: baseline\">Chc\u0119 by\u0107 obywatelem Meksyku! Pragnienie to poczu\u0142em po niewyobra\u017calnie pod\u0142ych w stosunku do Polak\u00f3w (kibic\u00f3w z Chorzowa) s\u0142owach Tuska i Sienkiewicza. <\/span><!--more--><span style=\"font-size: 13px; font-family: Verdana; color: #000000; background-color: transparent; font-weight: normal; font-style: normal; font-variant: normal; text-decoration: none; vertical-align: baseline\">Nie b\u0119d\u0119 u\u017cywa\u0142 ich tytu\u0142\u00f3w urz\u0119dowych, bo powinni natychmiast z nich zrezygnowa\u0107 (skoro nie zrezygnowali, to ja ich &#8222;abdykuj\u0119&#8221; teraz). \u201cKibole\u201d, jak woli tych ludzi nazywa\u0107 Tusk, spu\u015bcili regularny wpier\u2026 meksyka\u0144skim majtkom za to, \u017ce uderzyli Polk\u0119 w twarz. Premier nie chce broni\u0107 Polki (s\u0142usznie wygwizda\u0142y go kobiety na Kongresie Kobiet Polskich, cho\u0107 jeszcze nie wiedzia\u0142y, \u017ce w sierpniu zachowa si\u0119, jak tch\u00f3rz i b\u0119dzie broni\u0142 \u201cmajtek\u201d, zamiast Polki). Obydwaj panowie pojechali po przys\u0142owiowej bandzie i dzi\u0119ki incydentowi na nadba\u0142tyckiej pla\u017cy ods\u0142onili PRL-owskie twarzyczki; kompletnie niefotogeniczne: rozbiegane oczka, zaci\u015bni\u0119te usteczka i represje z tych usteczek artyku\u0142owane, jakby m\u00f3wili o prezentach na \u015bwi\u0119ta. Zapami\u0119tajmy 20 sierpnia, 2013 roku, jako z\u0142o\u017cenie extremalnych deklaracji o zako\u0144czeniu demokracji w Polsce. Ci dwa panowie: Tusk i Sienkiewicz dokonali rzeczy, kt\u00f3re by\u0142y codzienno\u015bci\u0105 dla Moczara, Jaruzelskiego i innych sowieckich pupilk\u00f3w. Dotychczas mia\u0142em ich za s\u0142ugus\u00f3w Eurolandu, ale teraz rozszerzyli swoje lizusostwo a\u017c po daleki Meksyk. Gratuluje wyboru tym, kt\u00f3rzy g\u0142osowali na Tuska i jego PO. Ja ju\u017c nie wspomn\u0119 o zbli\u017caj\u0105cej si\u0119 zapa\u015bci ekonomicznej, skoro za pomy\u0142k\u0119 rz\u0119du ponad 25 miliard\u00f3w g\u0142\u00f3wny ksi\u0119gowy nie zosta\u0142 zdymisjonowany, to znaczy, \u017ce szkoda ju\u017c o tym pisa\u0107. Spo\u0142ecze\u0144stwo musi samo dosta\u0107 w d\u2026. i przejrze\u0107 na oczy. <\/span><\/p>\n<p dir=\"ltr\" style=\"line-height: 1.15; margin-top: 0pt; margin-bottom: 0pt\"><span style=\"font-size: 13px; font-family: Verdana; color: #000000; background-color: transparent; font-weight: normal; font-style: normal; font-variant: normal; text-decoration: none; vertical-align: baseline\">A czemu chc\u0119 do Meksyku? Bo pocz\u0105wszy od kapitana statku, przez ambasadora, do szefa pa\u0144stwa &#8211; wszyscy, jak jeden m\u0105\u017c stan\u0119li murem za swoimi majtkami.<\/span><\/p>\n<p dir=\"ltr\" style=\"line-height: 1.15; margin-top: 0pt; margin-bottom: 0pt\"><span style=\"font-size: 13px; font-family: Verdana; color: #000000; background-color: transparent; font-weight: normal; font-style: normal; font-variant: normal; text-decoration: none; vertical-align: baseline\">Sledztwo jeszcze niczego nie stwierdzi\u0142o, poza tym, \u017ce si\u0119 pobili. Zeznania s\u0105 tak r\u00f3\u017cne, \u017ce aby doj\u015b\u0107 do prawdy musi up\u0142yn\u0105\u0107 przynajmniej tydzie\u0144 z intensywnymi przes\u0142uchaniami i sprawdzaniem monitoringu. Ale Tusk, Siekiewicz i\u2026.dziennikarze z Wybi\u00f3rczej ju\u017c wiedz\u0105, \u017ce zacz\u0119li okropni Polacy i to oni musz\u0105 zosta\u0107 surowo ukarani.<br \/>\n<\/span><\/p>\n<p dir=\"ltr\" style=\"line-height: 1.15; margin-top: 0pt; margin-bottom: 0pt\"><span style=\"font-size: 13px; font-family: Verdana; color: #000000; background-color: transparent; font-weight: normal; font-style: normal; font-variant: normal; text-decoration: none; vertical-align: baseline\">Zapami\u0119tajmy t\u0119 nieprawdopodobn\u0105, jak na wolne pa\u0144stwo, demokratyczne, nowoczesne pa\u0144stwo XXI wieku wypowied\u017a I-ego ministra:<\/span><\/p>\n<p dir=\"ltr\" style=\"line-height: 1.15; margin-top: 0pt; margin-bottom: 0pt\"><span style=\"font-size: 13px; font-family: Verdana; color: #000000; background-color: transparent; font-weight: bold; font-style: normal; font-variant: normal; text-decoration: none; vertical-align: baseline\">&#8222;B\u0119dziemy starali si\u0119 <\/span><span style=\"font-size: 13px; font-family: Verdana; color: #000000; background-color: transparent; font-weight: bold; font-style: normal; font-variant: normal; text-decoration: none; vertical-align: baseline\"><span style=\"font-size: 13px; font-family: Verdana; color: #000000; background-color: transparent; font-weight: bold; font-style: normal; font-variant: normal; text-decoration: underline; vertical-align: baseline\" id=\"docs-internal-guid-18060a20-9e25-8c5c-370a-82f65275fdff\">wp\u0142yn\u0105\u0107 zar\u00f3wno na policj\u0119 jak i prokuratur\u0119 i, w ramach naszych mo\u017cliwo\u015bci, na s\u0105dy<\/span> aby przede wszystkim surowo i mo\u017cliwie natychmiast kara\u0107 tych, kt\u00f3rzy u\u017cywaj\u0105 przemocy&#8221; &#8211; powiedzia\u0142 dzi\u015b Donald Tusk na konferencji prasowej po posiedzeniu rz\u0105du, odnosz\u0105c si\u0119 do niedzielnej b\u00f3jki na pla\u017cy w Gdyni.<\/span><\/p>\n<p dir=\"ltr\" style=\"line-height: 1.15; margin-top: 0pt; margin-bottom: 0pt\"><span style=\"font-size: 13px; font-family: Verdana; color: #000000; background-color: transparent; font-weight: normal; font-style: normal; font-variant: normal; text-decoration: none; vertical-align: baseline\">Takich s\u0142\u00f3w nie odwa\u017cyliby si\u0119 wypowiedzie\u0107 ani Moczar, ani Kiszczak, ani Jaruzelski. Oni po prostu chcieli udawa\u0107, \u017ce s\u0105dy, prokuratura i MO by\u0142y niezawis\u0142e. Tuskowi udawanie ju\u017c niepotrzebne. Odkry\u0142 si\u0119 do ko\u0144ca. <\/span><\/p>\n<p dir=\"ltr\" style=\"line-height: 1.15; margin-top: 0pt; margin-bottom: 0pt\"><span style=\"font-size: 13px; font-family: Verdana; color: #000000; background-color: transparent; font-weight: normal; font-style: normal; font-variant: normal; text-decoration: none; vertical-align: baseline\">Warszawiacy &#8211; wyrwijcie Warszaw\u0119 z r\u0105k HGW i Platformy!<\/span><\/p>\n<p dir=\"ltr\" style=\"line-height: 1.15; margin-top: 0pt; margin-bottom: 0pt\"><span style=\"font-size: 13px; font-family: Verdana; color: #000000; background-color: transparent; font-weight: normal; font-style: normal; font-variant: normal; text-decoration: none; vertical-align: baseline\">Polacy &#8211; wyrwijcie Polsk\u0119 z r\u0105k PO i PSL! <\/span><\/p>\n<p dir=\"ltr\" style=\"line-height: 1.15; margin-top: 0pt; margin-bottom: 0pt\"><span style=\"font-size: 13px; font-family: Verdana; color: #000000; background-color: transparent; font-weight: normal; font-style: normal; font-variant: normal; text-decoration: none; vertical-align: baseline\">Mo\u017ce nie jest jeszcze za p\u00f3\u017ano, mo\u017ce da si\u0119 jeszcze uratowa\u0107 gospodark\u0119, kultur\u0119, nauk\u0119, histori\u0119, <\/span><\/p>\n<p><span style=\"font-size: 13px; font-family: Verdana; color: #000000; background-color: transparent; font-weight: normal; font-style: normal; font-variant: normal; text-decoration: none; vertical-align: baseline\">HONOR, BOGA I OJCZYZN\u0118\u2026<\/span><\/p>\n","protected":false},"excerpt":{"rendered":"<p>Chc\u0119 by\u0107 obywatelem Meksyku! Pragnienie to poczu\u0142em po niewyobra\u017calnie pod\u0142ych w stosunku do Polak\u00f3w (kibic\u00f3w z Chorzowa) s\u0142owach Tuska i Sienkiewicza.<\/p>\n","protected":false},"author":2,"featured_media":0,"comment_status":"open","ping_status":"open","sticky":false,"template":"","format":"standard","meta":[],"categories":[4],"tags":[],"_links":{"self":[{"href":"https:\/\/sporek.com\/blog\/index.php?rest_route=\/wp\/v2\/posts\/401"}],"collection":[{"href":"https:\/\/sporek.com\/blog\/index.php?rest_route=\/wp\/v2\/posts"}],"about":[{"href":"https:\/\/sporek.com\/blog\/index.php?rest_route=\/wp\/v2\/types\/post"}],"author":[{"embeddable":true,"href":"https:\/\/sporek.com\/blog\/index.php?rest_route=\/wp\/v2\/users\/2"}],"replies":[{"embeddable":true,"href":"https:\/\/sporek.com\/blog\/index.php?rest_route=%2Fwp%2Fv2%2Fcomments&post=401"}],"version-history":[{"count":0,"href":"https:\/\/sporek.com\/blog\/index.php?rest_route=\/wp\/v2\/posts\/401\/revisions"}],"wp:attachment":[{"href":"https:\/\/sporek.com\/blog\/index.php?rest_route=%2Fwp%2Fv2%2Fmedia&parent=401"}],"wp:term":[{"taxonomy":"category","embeddable":true,"href":"https:\/\/sporek.com\/blog\/index.php?rest_route=%2Fwp%2Fv2%2Fcategories&post=401"},{"taxonomy":"post_tag","embeddable":true,"href":"https:\/\/sporek.com\/blog\/index.php?rest_route=%2Fwp%2Fv2%2Ftags&post=401"}],"curies":[{"name":"wp","href":"https:\/\/api.w.org\/{rel}","templated":true}]}}