{"id":402,"date":"2013-08-30T23:12:00","date_gmt":"2013-08-31T03:12:00","guid":{"rendered":"http:\/\/sporek.com\/blog\/?p=402"},"modified":"2013-08-30T23:19:34","modified_gmt":"2013-08-31T03:19:34","slug":"mistrzyni-agnieszka","status":"publish","type":"post","link":"https:\/\/sporek.com\/blog\/?p=402","title":{"rendered":"Mistrzyni Agnieszka"},"content":{"rendered":"<p dir=\"ltr\" style=\"line-height: 1.15; margin-top: 0pt; margin-bottom: 0pt\" id=\"docs-internal-guid-78e9281c-d255-b979-d8c2-c4ddfa364479\"><span style=\"font-size: 13px; font-family: Verdana; color: #000000; background-color: transparent; font-weight: normal; font-style: normal; font-variant: normal; text-decoration: none; vertical-align: baseline\">Mistrzyni Agnieszka<\/span><\/p>\n<p dir=\"ltr\" style=\"line-height: 1.15; margin-top: 0pt; margin-bottom: 0pt\"><span style=\"font-size: 13px; font-family: Verdana; color: #000000; background-color: transparent; font-weight: normal; font-style: normal; font-variant: normal; text-decoration: none; vertical-align: baseline\">Obserwuj\u0119 karier\u0119 Agnieszki Radwa\u0144skiej od pocz\u0105tku \u00a0i musz\u0119 przyzna\u0107, \u017ce mam w tej kwestii pewne paralele do moich dozna\u0144 z niekt\u00f3rymi pianistami. <\/span><!--more--><span style=\"font-size: 13px; font-family: Verdana; color: #000000; background-color: transparent; font-weight: normal; font-style: normal; font-variant: normal; text-decoration: none; vertical-align: baseline\">Brzmi troch\u0119 zawile? Ju\u017c wyja\u015bniam. Ot\u00f3\u017c w tych dziesi\u0105tkach koncert\u00f3w, jakie zrobi\u0142em, zw\u0142aszcza, gdy \u201cdowodzi\u0142em\u201d Fundacj\u0105 Chopinowsk\u0105, zanim \u201cpodmieni\u0142\u201d mnie \u201cwybitny pianista\u201d i rozwali\u0142 t\u0119 fantastyczn\u0105 dzia\u0142alno\u015b\u0107 budowan\u0105 ponad dwadzie\u015bcia lat przez \u015bp. Prof. Gorbatego i kontynuowan\u0105 na jego specjalne \u017cyczenie przeze mnie &#8211; nazwisko &#8222;wybitnego&#8221; niewa\u017cne, &#8211; no wi\u0119c w tych koncertach wyst\u0105pi\u0142o mn\u00f3stwo pianist\u00f3w i jako\u015b tak si\u0119 dzia\u0142o, \u017ce gdy jaki\u015b pianista siada\u0142 do klawiatury, to po pierwszych uderzonych d\u017awi\u0119kach ja zaczyna\u0142em si\u0119 ba\u0107: czy on dobrnie do ko\u0144ca, czy nie dojdzie do jakiej\u015b luki w pami\u0119ci, etc. Bywali za\u015b i tacy, kt\u00f3rzy, jak tylko usiedli na tym pod\u0142u\u017cnym zydlu, wiedzia\u0142em, \u017ce to b\u0119dzie uczta od pocz\u0105tku do ko\u0144ca. Tak by\u0142o z J\u00f3zefem Stomplem, Piotrem Palecznym, Beatk\u0105 Bilinsk\u0105, tak jest z Jackiem Zganiaczem, czy Tadeuszem Domanowskim. Nie mam przy nich uczucia niepokoju. I tu dochodz\u0119 do wspomnianej paraleli. Ot\u00f3\u017c ta pi\u0119kna Krakowianka doprowadza\u0142a mnie do rozpaczy buduj\u0105c we mnie uczucie niepewno\u015bci. I cho\u0107 zaciska\u0142em kciuki, cho\u0107 wszystko sz\u0142o w miar\u0119 dobrze, to jednak gdzie\u015b tam, w jakim\u015b momencie co\u015b p\u0119ka\u0142o, &#8211; nawet kiedy ju\u017c dosta\u0142a si\u0119 na absolutne szczyty \u201ctenistyki\u201d &#8211; tak sobie wymy\u015bli\u0142em, \u017ceby by\u0142o paralelnie do pianistyki. Taki \u017cart j\u0119zykowy. Przepraszam, je\u015bli kogo\u015b urazi\u0142em.<\/span><\/p>\n<p dir=\"ltr\" style=\"line-height: 1.15; margin-top: 0pt; margin-bottom: 0pt\"><span style=\"font-size: 13px; font-family: Verdana; color: #000000; background-color: transparent; font-weight: normal; font-style: normal; font-variant: normal; text-decoration: none; vertical-align: baseline\">Dzisiaj widzia\u0142em Agnieszk\u0119 w akcji. Jeszcze mnie by\u0142o sta\u0107, po \u201cbezrobotnych\u201d wakacjach &#8211; wszyscy uczniowie gdzie\u015b si\u0119 podziali i nie chc\u0105 mnie widzie\u0107 &#8211; na bilet za $39, na samych \u201cjask\u00f3\u0142kach\u201d stadionu. Ni\u017csze sektory, to ju\u017c przepa\u015b\u0107 &#8211; ponad trzysta zielonych. <\/span><\/p>\n<p dir=\"ltr\" style=\"line-height: 1.15; margin-top: 0pt; margin-bottom: 0pt\"><span style=\"font-size: 13px; font-family: Verdana; color: #000000; background-color: transparent; font-weight: normal; font-style: normal; font-variant: normal; text-decoration: none; vertical-align: baseline\">I dzisiaj to by\u0142a Agnieszka, jak Stompel, Paleczny, Bili\u0144ska (te\u017c Krakowianka), Zganiacz i Domanowski razem wzi\u0119ci. Od pocz\u0105tku, do ko\u0144ca d\u0142ugiego, jak tasiemiec drugiego seta, to by\u0142a Krakowska Firma Tenisowa. Na koniec pi\u0142ka wybita w publiczno\u015b\u0107 i te ogromne owacje. Mi\u0142o\u015bnicy tenisa na Flushing Meadows lubi\u0105 Agnieszk\u0119 i to wida\u0107. Szed\u0142em dumny d\u0142ugimi, spadaj\u0105cymi, jak w przepa\u015b\u0107 schodami i jeszcze dumniej nios\u0142em na g\u0142owie bia\u0142o-czerwon\u0105 opask\u0119, kt\u00f3r\u0105 wioz\u0142em dalej poci\u0105giem metra linii 7 a\u017c do Hunters Point, gdzie przesiad\u0142em si\u0119 do zaparkowanego tam mojego jeepa. Jeszcze na tych schodach kilku Amerykan\u00f3w pogratulowa\u0142o mi&#8230;Agnieszki, a para m\u0142odych ludzi w metrze rozgada\u0142a si\u0119 ze mn\u0105 o Radwa\u0144skiej, nie kryj\u0105c, \u017ce podziwiaj\u0105 nasz\u0105 tenisistk\u0119 wielce, szczerze i prawdziwie.<\/span><\/p>\n<p dir=\"ltr\" style=\"line-height: 1.15; margin-top: 0pt; margin-bottom: 0pt\"><span style=\"font-size: 13px; font-family: Verdana; color: #000000; background-color: transparent; font-weight: normal; font-style: normal; font-variant: normal; text-decoration: none; vertical-align: baseline\">Agnieszka gra chyba najwspanialszy tenis w swojej karierze. I ma przy tym ogromnie du\u017co fajnego wdzi\u0119ku polskiej dziewczyny. Nie wiem, na czym to polega, bo przecie\u017c s\u0105 tu uroczne, wdzi\u0119czne tenisistki, ale u niej to jako\u015b jest inne, &#8211; \u0142adniejsze. Te blond w\u0142osy, to by\u0142 ca\u0142kiem dobry pomys\u0142. To b\u0119dzie Miss Mistrzy\u0144 US Open. A ja ju\u017c dzi\u015b kombinuj\u0119, jak tu wykombinowa\u0107 jak\u0105\u015b wej\u015bci\u00f3wk\u0119 na fina\u0142 z Agnieszk\u0105 Radwa\u0144sk\u0105.<\/span><\/p>\n<p dir=\"ltr\" style=\"line-height: 1.15; margin-top: 0pt; margin-bottom: 0pt\"><span style=\"font-size: 13px; font-family: Verdana; color: #000000; background-color: transparent; font-weight: normal; font-style: normal; font-variant: normal; text-decoration: none; vertical-align: baseline\">Dzi\u0119kuj\u0119, Pani Agnieszko. <\/span><\/p>\n","protected":false},"excerpt":{"rendered":"<p>Mistrzyni Agnieszka Obserwuj\u0119 karier\u0119 Agnieszki Radwa\u0144skiej od pocz\u0105tku \u00a0i musz\u0119 przyzna\u0107, \u017ce mam w tej kwestii pewne paralele do moich dozna\u0144 z niekt\u00f3rymi pianistami.<\/p>\n","protected":false},"author":2,"featured_media":0,"comment_status":"open","ping_status":"open","sticky":false,"template":"","format":"standard","meta":[],"categories":[1],"tags":[],"_links":{"self":[{"href":"https:\/\/sporek.com\/blog\/index.php?rest_route=\/wp\/v2\/posts\/402"}],"collection":[{"href":"https:\/\/sporek.com\/blog\/index.php?rest_route=\/wp\/v2\/posts"}],"about":[{"href":"https:\/\/sporek.com\/blog\/index.php?rest_route=\/wp\/v2\/types\/post"}],"author":[{"embeddable":true,"href":"https:\/\/sporek.com\/blog\/index.php?rest_route=\/wp\/v2\/users\/2"}],"replies":[{"embeddable":true,"href":"https:\/\/sporek.com\/blog\/index.php?rest_route=%2Fwp%2Fv2%2Fcomments&post=402"}],"version-history":[{"count":0,"href":"https:\/\/sporek.com\/blog\/index.php?rest_route=\/wp\/v2\/posts\/402\/revisions"}],"wp:attachment":[{"href":"https:\/\/sporek.com\/blog\/index.php?rest_route=%2Fwp%2Fv2%2Fmedia&parent=402"}],"wp:term":[{"taxonomy":"category","embeddable":true,"href":"https:\/\/sporek.com\/blog\/index.php?rest_route=%2Fwp%2Fv2%2Fcategories&post=402"},{"taxonomy":"post_tag","embeddable":true,"href":"https:\/\/sporek.com\/blog\/index.php?rest_route=%2Fwp%2Fv2%2Ftags&post=402"}],"curies":[{"name":"wp","href":"https:\/\/api.w.org\/{rel}","templated":true}]}}