{"id":407,"date":"2013-10-22T21:49:49","date_gmt":"2013-10-23T01:49:49","guid":{"rendered":"http:\/\/sporek.com\/blog\/?p=407"},"modified":"2013-10-22T21:53:34","modified_gmt":"2013-10-23T01:53:34","slug":"takie-tam%e2%80%a6","status":"publish","type":"post","link":"https:\/\/sporek.com\/blog\/?p=407","title":{"rendered":"Takie, tam\u2026.."},"content":{"rendered":"<p dir=\"ltr\" style=\"line-height: 1.15; margin-top: 0pt; margin-bottom: 0pt\"><span style=\"font-size: 13px; font-family: Verdana; color: #000000; background-color: transparent; font-weight: normal; font-style: normal; font-variant: normal; text-decoration: none; vertical-align: baseline\">***Europa na rosyjskich lejcach? Najwyra\u017aniej tak jest. Trybuna\u0142 Praw Cz\u0142owieka o\u015bwiadczy\u0142, 21 pa\u017adziernika, 2010, \u017ce nie mo\u017ce \u00a0oceni\u0107 \u015bledztwa w sprawie zbrodni katy\u0144skiej. <\/span><!--more--><span style=\"font-size: 13px; font-family: Verdana; color: #000000; background-color: transparent; font-weight: normal; font-style: normal; font-variant: normal; text-decoration: none; vertical-align: baseline\">O\u015bwiadczy\u0142 te\u017c, \u017ce rodziny bestialsko pomordowanych oficer\u00f3w i inteligencji polskiej nie by\u0142y poni\u017cane, a wr\u0119cz traktowane po ludzku. No i doczekali\u015bmy si\u0119. Trybuna\u0142 w roli Pi\u0142ata. Umy\u0107 r\u0119ce, pob\u0142ogos\u0142awi\u0107 Rosj\u0119, wzi\u0105\u0107 si\u0119 pod pach\u0119 z Putinem, a wy, Polaczki siedzie\u0107 cicho, bo i tak racja nigdy nie b\u0119dzie po waszej stronie. Dawno nikt tak Polski nie poni\u017cy\u0142.<\/span><\/p>\n<p dir=\"ltr\" style=\"line-height: 1.15; margin-top: 0pt; margin-bottom: 0pt\"><span style=\"font-size: 13px; font-family: Verdana; color: #000000; background-color: transparent; font-weight: normal; font-style: normal; font-variant: normal; text-decoration: none; vertical-align: baseline\">\u201cWielki humanista\u201d naszych czas\u00f3w, \u201cdyrygent\u201d (przepraszam dyrygent\u00f3w), wielkiej orkiestry nie zabiera g\u0142osu w sprawie orzeczenia Trybuna\u0142u Praw Cz\u0142owieka, ale z kurwami na ustach rzuca si\u0119 na szefa zespo\u0142u parlamentarnego ds \u015bledztwa smole\u0144skiego, Ministra Macierewicza. Potem przeprasza i zaprasza na Przystanek Woodstock. Co za paranoja! S\u0142oma z but\u00f3w \u201cdyrygenta\u201d wylaz\u0142a du\u017cymi snopkami. By\u0142a taka fajna piosenka \u201cMniej, ni\u017c zero\u201d. Ale i drugi \u201cwielki\u201d &#8211; Lechu, apeluje, \u017ceby \u201czaj\u0105\u0107 si\u0119 sprawamy powa\u017cnymy\u201d &#8211; konkluduj\u0105c tym samym, \u017ce \u015bmier\u0107 Prezydenta Kaczy\u0144skiego i 95 przedstawicieli polskiego \u017cycia politycznego, to jaki\u015b \u017cart i kompletnie niepowa\u017cna sprawa. Brawo by\u0142y prezydencie, noblisto. By\u0142a taka fajna piosenka \u201cMniej, ni\u017c\u2026.\u201d A szkoda w og\u00f3le tego \u201cm\u0119drca\u201d komentowa\u0107.<\/span><\/p>\n<p><span style=\"font-size: 13px; font-family: Verdana; color: #000000; background-color: transparent; font-weight: normal; font-style: normal; font-variant: normal; text-decoration: none; vertical-align: baseline\"><\/span><\/p>\n<p dir=\"ltr\" style=\"line-height: 1.15; margin-top: 0pt; margin-bottom: 0pt\"><span style=\"font-size: 13px; font-family: Verdana; color: #000000; background-color: transparent; font-weight: normal; font-style: normal; font-variant: normal; text-decoration: none; vertical-align: baseline\">*** Ani troch\u0119 nie obchodzi mnie, co kazali Wa\u0142\u0119sie &#8211; Lechowi pokazywa\u0107, a co podnosi\u0107 na odprawie w Londynie (gada\u0142 co\u015b o \u201cmajteczkach\u201d &#8211; musia\u0142o by\u015b \u015bmiesznie). Ale przecie\u017c wszyscy widzieli Lecha w majtkach na florydzkiej pla\u017cy, to o co ta awantura? Majtki, to majtki. Podczas tych procedur wystarczy czasem powiedzie\u0107 co\u015b g\u0142upiego, albo zachowa\u0107 si\u0119 nieadekwatnie do sytuacji, jak\u0105 jest kontrola celna i ju\u017c jest si\u0119 \u201cna oku\u201d celnika &#8211; nie myli\u0107 z celownikiem. A \u00a0mo\u017ce pan by\u0142y prezydent nie chcia\u0142 zdj\u0105\u0107 bucik\u00f3w, a mo\u017ce co\u015b wion\u0119\u0142o z jamy ustnej, np. jaka\u015b w\u00f3deczno\u015b\u0107? A mo\u017ce zacz\u0105\u0142 si\u0119 awanturowa\u0107, \u017ce kazano mu zdj\u0105\u0107 te buciki i nie daj Bo\u017ce pocz\u0105\u0142 si\u0119 szarpa\u0107 z urz\u0119dnikiem, lub urz\u0119dniczk\u0105\u2026? A w ko\u0144cu mo\u017ce zad\u017awi\u0119cza\u0142y sygna\u0142y rozpoznaj\u0105c znajomy przedmiot w piersiowej kieszonce marynareczki? No i w konsekwencji celnik, to celnik, piersi\u00f3wka nie przejdzie. To jak by\u0142o, panie prezydencie? Pana sprawa, tylko niech pan ju\u017c nie \u015bciemnia. Nic nie dzieje si\u0119 bez przyczyny. I g\u2026. mnie to obchodzi, &#8211; pana honor, pana k\u0142amstwa, pana (nie)-uczciwo\u015b\u0107. Obchodzi mnie natomiast, \u017ce tak w\u0142a\u015bnie potraktowali Wa\u0142\u0119s\u0119 &#8211; by\u0142ego \u00a0Prezydenta III RP. Tej bezpiecznej, szanowanej, dostojnej; w Harkowie na cmentarzu, z pijanym Kwa\u015bniewskim, na uniwersytecie w Kijowie, zn\u00f3w z zapitym prezydentem III RP. Czas chyba zamkn\u0105\u0107 ten III-ci rozdzia\u0142\u2026 Zach\u00f3d ma jaki\u015b problem z Polsk\u0105; albo polskie obozy \u015bmierci, albo poni\u017caj\u0105ce filmy (<\/span><span style=\"font-size: 13px; font-family: Verdana; color: #000000; background-color: transparent; font-weight: normal; font-style: italic; font-variant: normal; text-decoration: none; vertical-align: baseline\">Nasi ojcowie, nasze matki)<\/span><span style=\"font-size: 13px; font-family: Verdana; color: #000000; background-color: transparent; font-weight: normal; font-style: normal; font-variant: normal; text-decoration: none; vertical-align: baseline\">, albo w\u0142a\u015bnie by\u0142y prezydent, kt\u00f3rego funkcji nie uszanowano. W tym przypadku jednak sk\u0142onny jestem przypuszcza\u0107, \u017ce musia\u0142o si\u0119 zdarzy\u0107 co\u015b dziwnego, bo jednak jest tak, \u017ce na Zachodzie nazwisko Wa\u0142\u0119sy ci\u0105gle uwa\u017ca si\u0119 za symbol. Pewnie te\u017c nie dowiemy si\u0119 o prawdziwym przebiegu owego zdarzenia (tak, jak wiele spraw z tym panem nie jest do ko\u0144ca wyja\u015bnionych). Szczerze m\u00f3wi\u0105c nigdy nie widzia\u0142em, \u017ceby kogo\u015b zabrano do osobistej. a tu przecie\u017c chodzi o by\u0142ego prezydenta, wi\u0119c pewnie gentelme\u0144scy Anglicy raczej nie chcieliby robi\u0107 awantury z kim\u015b takim. S\u0105 naprawd\u0119 uprzejmi &#8211; wiem, bo dwukrotnie w ostatnich lotach do Ojczyzny lecia\u0142em przez londy\u0144skie Heathrow. A skoro Sikorski nabra\u0142 wody w usta, Tusk nie staje w obronie, prezydent (obecny) nie cierpi z \u201cbulu\u201d, \u017ce mu poprzednika sponiewierali, to jako\u015b dziwnie jestem pewny, \u017ce sprawa wygl\u0105da\u0142a, jak kilkana\u015bcie linijek wy\u017cej. \u017byjemy w czasach pot\u0119\u017cnych k\u0142amstw, \u0142garstwa, pod\u0142o\u015bci i tch\u00f3rzostwa ze strony polityk\u00f3w, bankier\u00f3w i innych \u201cmo\u017cnych tego \u015bwiata\u201d.<\/span><\/p>\n<p dir=\"ltr\" style=\"line-height: 1.15; margin-top: 0pt; margin-bottom: 0pt\"><span style=\"font-size: 13px; font-family: Verdana; color: #000000; background-color: transparent; font-weight: normal; font-style: normal; font-variant: normal; text-decoration: none; vertical-align: baseline\">A mo\u017ce po prostu brak szacunku do samych siebie powoduje brak szacunku do nas\u2026? <\/span><\/p>\n<p><span style=\"font-size: 13px; font-family: Verdana; color: #000000; background-color: transparent; font-weight: normal; font-style: normal; font-variant: normal; text-decoration: none; vertical-align: baseline\"><\/span><\/p>\n<p dir=\"ltr\" style=\"line-height: 1.15; margin-top: 0pt; margin-bottom: 0pt\"><span style=\"font-size: 13px; font-family: Verdana; color: #000000; background-color: transparent; font-weight: normal; font-style: normal; font-variant: normal; text-decoration: none; vertical-align: baseline\">*** Warszawskie referendum dotycz\u0105ce usuni\u0119cia z funkcji prezydenta stolicy Polski \u201cBufetowej\u201d &#8211; ten pseudonim pochodzi z jej akcji rozdawania kubk\u00f3w z kaw\u0105 na stacji metra &#8211; udowodni\u0142o, \u017ce:<\/span><\/p>\n<p dir=\"ltr\" style=\"line-height: 1.15; margin-top: 0pt; margin-bottom: 0pt\"><span style=\"font-size: 13px; font-family: Verdana; color: #000000; background-color: transparent; font-weight: normal; font-style: normal; font-variant: normal; text-decoration: none; vertical-align: baseline\">-Polacy (tu Warszawiacy) sami nie wiedz\u0105 czego chc\u0105.<\/span><\/p>\n<p dir=\"ltr\" style=\"line-height: 1.15; margin-top: 0pt; margin-bottom: 0pt\"><span style=\"font-size: 13px; font-family: Verdana; color: #000000; background-color: transparent; font-weight: normal; font-style: normal; font-variant: normal; text-decoration: none; vertical-align: baseline\">-Zasady demokracji w POlsce, to mrzonka i kompletna ob\u0142uda. PO nawo\u0142ywa\u0142o do absencji w Warszawie, ale ju\u017c w Siedlcach, gdzie usun\u0105\u0107 maj\u0105 SLDowca, nawo\u0142uje, aby do referendum i\u015b\u0107.<\/span><\/p>\n<p dir=\"ltr\" style=\"line-height: 1.15; margin-top: 0pt; margin-bottom: 0pt\"><span style=\"font-size: 13px; font-family: Verdana; color: #000000; background-color: transparent; font-weight: normal; font-style: normal; font-variant: normal; text-decoration: none; vertical-align: baseline\">-Bonzowie PO boj\u0105 si\u0119 ju\u017c chyba w\u0142asnego cienia.<\/span><\/p>\n<p dir=\"ltr\" style=\"line-height: 1.15; margin-top: 0pt; margin-bottom: 0pt\"><span style=\"font-size: 13px; font-family: Verdana; color: #000000; background-color: transparent; font-weight: normal; font-style: normal; font-variant: normal; text-decoration: none; vertical-align: baseline\">-Prezydent, wbrew temu, o czym zapewnia\u0142 przed wyborami, \u017ce b\u0119dzie prezydentem wszystkich Polak\u00f3w, w tym oczywi\u015bcie mieszka\u0144c\u00f3w stolicy \u0142ga\u0142, jak naj\u0119ty, bo okaza\u0142o si\u0119, \u017ce jest prezydentem wy\u0142\u0105cznie Platformy i swoich kolesi\u00f3w. <\/span><\/p>\n<p><span style=\"font-size: 13px; font-family: Verdana; color: #000000; background-color: transparent; font-weight: normal; font-style: normal; font-variant: normal; text-decoration: none; vertical-align: baseline\"><\/span><\/p>\n<p dir=\"ltr\" style=\"line-height: 1.15; margin-top: 0pt; margin-bottom: 0pt\"><span style=\"font-size: 13px; font-family: Verdana; color: #000000; background-color: transparent; font-weight: normal; font-style: normal; font-variant: normal; text-decoration: none; vertical-align: baseline\">*** LOT nie lubi zarabia\u0107. Lecia\u0142em dreamlinerem do Polski. \u00a0Mia\u0142em dodatkow\u0105 walizk\u0119, wi\u0119c musia\u0142em p\u00f3j\u015b\u0107 do kasy i zap\u0142aci\u0107 st\u00f3w\u0119. Spotka\u0142em przy kontuarze znajom\u0105, kt\u00f3ra chcia\u0142a dop\u0142acic 200 dolar\u00f3w za miejsce w lepszej klasie, gdzie chcia\u0142a si\u0119 po prostu wyspa\u0107, bo jest schorowana i po operacji. Pecha mia\u0142a, bo jej bilet by\u0142 wykupiony na tzw. \u201cmile\u201d i miejsce w tej nieco wy\u017cszej, ni\u017c ekonomiczna klasie jej nie przys\u0142ugiwa\u0142o. Taki \u017cart.<\/span><\/p>\n<p dir=\"ltr\" style=\"line-height: 1.15; margin-top: 0pt; margin-bottom: 0pt\"><span style=\"font-size: 13px; font-family: Verdana; color: #000000; background-color: transparent; font-weight: normal; font-style: normal; font-variant: normal; text-decoration: none; vertical-align: baseline\">Pan nie da\u0142 si\u0119 przekona\u0107 ani jej, ani moimi argumentami. LOT nie chce dwustu dolar\u00f3w, bo przecie jest bogaty, co nie przeszkadza mu \u017cebra\u0107 o rz\u0105dowe zapomogi. Na si\u0142\u0119 wzbogaci\u0142em t\u0119 instytucj\u0119 kupuj\u0105c t\u0119 \u201ckuszetk\u0119\u201d na m\u00f3j bilet, po czym usadowi\u0142em tam schorowan\u0105 i wdzi\u0119czn\u0105 do ko\u0144ca moich dni znajom\u0105, a sam usiad\u0142em na jej miejscu w ekonomicznej, bo m\u00f3j bilet ju\u017c by\u0142 wa\u017cny tylko na miejsca \u201cdo spania\u201d, co wcale nie znaczy\u0142o, \u017ce kto\u015b je zaj\u0105\u0142. Lecia\u0142o puste. W \u201ckuszetce\u201d miejsc by\u0142o do licha i troch\u0119, a mo\u017ce i wi\u0119cej. Znowu \u017cart, bo te miejsca przewozi\u0142y wy\u0142\u0105cznie powietrze.<\/span><\/p>\n<p><span style=\"font-size: 13px; font-family: Verdana; color: #000000; background-color: transparent; font-weight: normal; font-style: normal; font-variant: normal; text-decoration: none; vertical-align: baseline\"><\/span><\/p>\n<p dir=\"ltr\" style=\"line-height: 1.15; margin-top: 0pt; margin-bottom: 0pt\"><span style=\"font-size: 13px; font-family: Verdana; color: #000000; background-color: transparent; font-weight: normal; font-style: normal; font-variant: normal; text-decoration: none; vertical-align: baseline\">***Co by cz\u0142onkowie zacnej unii kredytowej powiedzieli, gdyby si\u0119 dowiedzieli, \u017ce przewodnicz\u0105ca rady dyrektor\u00f3w k\u0142ama\u0142a m\u00f3wi\u0105c, \u017ce uko\u0144czy\u0142a a\u017c trzy uniwersytety? Co by powiedzieli, gdyby si\u0119 okaza\u0142o, \u017ce na pewno nie uko\u0144cyz\u0142a NYU? A co by powiedzieli, gdyby si\u0119 okaza\u0142o, \u017ce z \u00a0wynikiem 2,9 wylecia\u0142a po kt\u00f3rym\u015b tam, pocz\u0105tkowym semestrze i w dodatku jest winna pieni\u0105dze uniwersytetowi? <\/span><\/p>\n<p dir=\"ltr\" style=\"line-height: 1.15; margin-top: 0pt; margin-bottom: 0pt\"><span style=\"font-size: 13px; font-family: Verdana; color: #000000; background-color: transparent; font-weight: normal; font-style: normal; font-variant: normal; text-decoration: none; vertical-align: baseline\">Dziennikarstwo i politologia na UW, to te\u017c chyba \u015bciema, bo ani z mowy, ani zachowania na dziennikark\u0119 nie wygl\u0105da\u0142a. Wielekro\u0107 mo\u017cna by\u0142o raczej odnie\u015b\u0107 wra\u017cenie, \u017ce jest po prostu niedouczona. Papier zniesie wszystko, g\u0119by pe\u0142ne slogan\u00f3w mog\u0105 gada\u0107 du\u017co. Zw\u0142aszcza, gdy chce si\u0119 zosta\u0107 prezesem\u2026.. czegokolwiek.<\/span><\/p>\n<p dir=\"ltr\" style=\"line-height: 1.15; margin-top: 0pt; margin-bottom: 0pt\"><span style=\"font-size: 13px; font-family: Verdana; color: #000000; background-color: transparent; font-weight: normal; font-style: normal; font-variant: normal; text-decoration: none; vertical-align: baseline\">Z takimi przewodnicz\u0105cymi Polonia zaczyna wyprzedawa\u0107 swoje maj\u0105tki. Robi si\u0119 ciekawie.<\/span><\/p>\n<p dir=\"ltr\" style=\"line-height: 1.15; margin-top: 0pt; margin-bottom: 0pt\"><span style=\"font-size: 13px; font-family: Verdana; color: #000000; background-color: transparent; font-weight: normal; font-style: normal; font-variant: normal; text-decoration: none; vertical-align: baseline\">Przypomn\u0119, dla kontrastu: Grecy w naszym dawnym, pi\u0119knym Prospect Hall, gdzie gra\u0142 Ignacy Jan Paderewski robi\u0105 fantastyczny biznes, a my\u015bmy musieli si\u0119 go pozby\u0107. <\/span><\/p>\n<p dir=\"ltr\" style=\"line-height: 1.15; margin-top: 0pt; margin-bottom: 0pt\"><span style=\"font-size: 13px; font-family: Verdana; color: #000000; background-color: transparent; font-weight: normal; font-style: normal; font-variant: normal; text-decoration: none; vertical-align: baseline\">Brawo!!<\/span><span style=\"font-size: 13px; font-family: Verdana; color: #000000; background-color: transparent; font-weight: normal; font-style: normal; font-variant: normal; text-decoration: none; vertical-align: baseline\"> Na zdrowie \u00a0&#8211; prezesi!!! Kiedy nast\u0119pny raut, dinner, bal? <\/span><\/p>\n","protected":false},"excerpt":{"rendered":"<p>***Europa na rosyjskich lejcach? Najwyra\u017aniej tak jest. Trybuna\u0142 Praw Cz\u0142owieka o\u015bwiadczy\u0142, 21 pa\u017adziernika, 2010, \u017ce nie mo\u017ce \u00a0oceni\u0107 \u015bledztwa w sprawie zbrodni katy\u0144skiej.<\/p>\n","protected":false},"author":2,"featured_media":0,"comment_status":"open","ping_status":"open","sticky":false,"template":"","format":"standard","meta":[],"categories":[1],"tags":[],"_links":{"self":[{"href":"https:\/\/sporek.com\/blog\/index.php?rest_route=\/wp\/v2\/posts\/407"}],"collection":[{"href":"https:\/\/sporek.com\/blog\/index.php?rest_route=\/wp\/v2\/posts"}],"about":[{"href":"https:\/\/sporek.com\/blog\/index.php?rest_route=\/wp\/v2\/types\/post"}],"author":[{"embeddable":true,"href":"https:\/\/sporek.com\/blog\/index.php?rest_route=\/wp\/v2\/users\/2"}],"replies":[{"embeddable":true,"href":"https:\/\/sporek.com\/blog\/index.php?rest_route=%2Fwp%2Fv2%2Fcomments&post=407"}],"version-history":[{"count":0,"href":"https:\/\/sporek.com\/blog\/index.php?rest_route=\/wp\/v2\/posts\/407\/revisions"}],"wp:attachment":[{"href":"https:\/\/sporek.com\/blog\/index.php?rest_route=%2Fwp%2Fv2%2Fmedia&parent=407"}],"wp:term":[{"taxonomy":"category","embeddable":true,"href":"https:\/\/sporek.com\/blog\/index.php?rest_route=%2Fwp%2Fv2%2Fcategories&post=407"},{"taxonomy":"post_tag","embeddable":true,"href":"https:\/\/sporek.com\/blog\/index.php?rest_route=%2Fwp%2Fv2%2Ftags&post=407"}],"curies":[{"name":"wp","href":"https:\/\/api.w.org\/{rel}","templated":true}]}}