{"id":408,"date":"2013-10-26T01:11:10","date_gmt":"2013-10-26T05:11:10","guid":{"rendered":"http:\/\/sporek.com\/blog\/?p=408"},"modified":"2013-10-26T01:17:21","modified_gmt":"2013-10-26T05:17:21","slug":"proporcje","status":"publish","type":"post","link":"https:\/\/sporek.com\/blog\/?p=408","title":{"rendered":"Proporcje"},"content":{"rendered":"<p dir=\"ltr\" style=\"line-height: 1.15; margin-top: 0pt; margin-bottom: 0pt\"><span style=\"font-size: 13px; font-family: Verdana; color: #000000; background-color: transparent; font-weight: normal; font-style: normal; font-variant: normal; text-decoration: none; vertical-align: baseline\">Polska si\u0119 rozwija, Polacy si\u0119 bogac\u0105, ksi\u0119\u017ca s\u0105 pedofilami, m\u0142odzie\u017c m\u0105drzeje w szko\u0142ach\u2026 od przedszkola &#8211; szczeg\u00f3lnie w dziedzinie seksualnej. Jak fajnie.<\/span><!--more--><\/p>\n<p dir=\"ltr\" style=\"line-height: 1.15; margin-top: 0pt; margin-bottom: 0pt\"><span style=\"font-size: 13px; font-family: Verdana; color: #000000; background-color: transparent; font-weight: normal; font-style: normal; font-variant: normal; text-decoration: none; vertical-align: baseline\">A jak jest naprawd\u0119?<\/span><\/p>\n<p dir=\"ltr\" style=\"line-height: 1.15; margin-top: 0pt; margin-bottom: 0pt\"><span style=\"font-size: 13px; font-family: Verdana; color: #000000; background-color: transparent; font-weight: normal; font-style: normal; font-variant: normal; text-decoration: none; vertical-align: baseline\">Rz\u0105d \u201cnie zd\u0105\u017cy\u0142\u201d uregulowa\u0107 europejskich regu\u0142 korzystania Polak\u00f3w z leczenia za granicami kraju. Do beznadziejnej sytuacji w krajowej s\u0142u\u017cbie zdrowia do\u0142o\u017cy\u0142 swoje lenistwo, to akurat nic nowego, a wiceminister zdrowia, Neuman radzi chorym, potrzebuj\u0105cym Polakom, \u201c\u017ceby odczekali kilka miesi\u0119cy\u201d. Fajnie jest.<\/span><\/p>\n<p><span style=\"font-size: 13px; font-family: Verdana; color: #000000; background-color: transparent; font-weight: normal; font-style: normal; font-variant: normal; text-decoration: none; vertical-align: baseline\"><\/span><\/p>\n<p dir=\"ltr\" style=\"line-height: 1.15; margin-top: 0pt; margin-bottom: 0pt\"><span style=\"font-size: 13px; font-family: Verdana; color: #000000; background-color: transparent; font-weight: normal; font-style: normal; font-variant: normal; text-decoration: none; vertical-align: baseline\">Wiadomo\u015bci pe\u0142ne informacji o ksi\u0119\u017cach pedofilach. Oczywi\u015bcie to temat zast\u0119pczy, na czym\u015b trzeba skupia\u0107 uwag\u0119 spo\u0142ecze\u0144stwa.<\/span><\/p>\n<p dir=\"ltr\" style=\"line-height: 1.15; margin-top: 0pt; margin-bottom: 0pt\"><span style=\"font-size: 13px; font-family: Verdana; color: #000000; background-color: transparent; font-weight: normal; font-style: normal; font-variant: normal; text-decoration: none; vertical-align: baseline\">A statystyki m\u00f3wi\u0105, \u017ce na tysi\u0105c (1000) pedofil\u00f3w, czterystu (400), to peda\u0142y, a tylko jeden ksi\u0105dz. Czy kto\u015b s\u0142ysza\u0142, \u017ceby w wiadomo\u015bciach rozprawiali o gejach pedofilach? Ja nie s\u0142ysza\u0142em. Fajnie jest.<\/span><\/p>\n<p><span style=\"font-size: 13px; font-family: Verdana; color: #000000; background-color: transparent; font-weight: normal; font-style: normal; font-variant: normal; text-decoration: none; vertical-align: baseline\"><\/span><\/p>\n<p dir=\"ltr\" style=\"line-height: 1.15; margin-top: 0pt; margin-bottom: 0pt\"><span style=\"font-size: 13px; font-family: Verdana; color: #000000; background-color: transparent; font-weight: normal; font-style: normal; font-variant: normal; text-decoration: none; vertical-align: baseline\">Matury: zaledwie 37 procent maturzyst\u00f3w, kt\u00f3rzy ko\u0144czyli licea uzupe\u0142niaj\u0105ce i niespe\u0142na 35 procent abiturient\u00f3w, ko\u0144cz\u0105cych technika uzupe\u0142niaj\u0105ce pomy\u015blnie zda\u0142o egzamin dojrza\u0142o\u015bci. To znaczy, \u017ce a\u017c 63 proc. nie zda\u0142o w liceach uzupe\u0142niaj\u0105cych i a\u017c 65 proc. nie zda\u0142o w technikach uzupe\u0142niaj\u0105cych. W g\u0142owie si\u0119 kr\u0119ci od rodzaju szk\u00f3\u0142 w Polsce: licea og\u00f3lnokszta\u0142c\u0105ce, licea uzupe\u0142niaj\u0105ce, technika, technika uzupe\u0142niaj\u0105ce, ale ju\u017c za czas\u00f3w komuny zlikwidowano licea pedagogiczne, studia nauczycielskie, czyli plan og\u0142upiania spo\u0142ecze\u0144stwa zacz\u0105\u0142 si\u0119 ju\u017c dawno, a teraz \u015bwietnie realizuj\u0105 go spadkobiercy\u2026 Solidarno\u015bci. <\/span><\/p>\n<p dir=\"ltr\" style=\"line-height: 1.15; margin-top: 0pt; margin-bottom: 0pt\"><span style=\"font-size: 13px; font-family: Verdana; color: #000000; background-color: transparent; font-weight: normal; font-style: normal; font-variant: normal; text-decoration: none; vertical-align: baseline\">Fajnie jest. G\u0142upim spo\u0142ecze\u0144stwem \u0142atwo si\u0119 rz\u0105dzi.<\/span><\/p>\n<p><span style=\"font-size: 13px; font-family: Verdana; color: #000000; background-color: transparent; font-weight: normal; font-style: normal; font-variant: normal; text-decoration: none; vertical-align: baseline\"><\/span><\/p>\n<p dir=\"ltr\" style=\"line-height: 1.15; margin-top: 0pt; margin-bottom: 0pt\"><span style=\"font-size: 13px; font-family: Verdana; color: #000000; background-color: transparent; font-weight: normal; font-style: normal; font-variant: normal; text-decoration: none; vertical-align: baseline\">Pos\u0142owie i ministrowie chwal\u0105 si\u0119 maj\u0105tkami, samochodami, willami, zegarkami, a ludzie otrzymuj\u0105 \u201cpropozycje nie do odrzucenia\u201d &#8211; jazda na bruk, skoro tw\u00f3j m\u0105\u017c zarabia&#8230;250 z\u0142otych na miesi\u0105c. Tak\u0105 w\u0142a\u015bnie propozycj\u0119 z\u0142o\u017cono rodzinie w Nysie: babcia z synem do noclegowni, matka z dzie\u0107mi do domu samotnej matki. I to si\u0119 dzieje w dobie zapewnie\u0144 p(rezydenta) pa\u0142acu przy Krakowskim Przedmie\u015bciu o \u201cszczeg\u00f3lnej trosce o polsk\u0105 rodzin\u0119\u201d. <\/span><\/p>\n<p dir=\"ltr\" style=\"line-height: 1.15; margin-top: 0pt; margin-bottom: 0pt\"><span style=\"font-size: 13px; font-family: Verdana; color: #000000; background-color: transparent; font-weight: normal; font-style: normal; font-variant: normal; text-decoration: none; vertical-align: baseline\">Ale najbardziej by\u0142o potrzebne temu krajowi \u00a0\u201cpendolino\u201d. Ile kosztowa\u0142 szczyt noblist\u00f3w w Warszawie, szumnie og\u0142aszany, \u017ce organizowa\u0142 go Wa\u0142\u0119sa? Zrobi\u0142 to za swoje? Komu potrzebne te puste i g\u0142upkowate teorie naszego noblisty o globalizacji w\u0142adzy, narod\u00f3w? Ich tezy, teorie, fantazje nie wi\u0105\u017c\u0105 nikogo, nie obliguj\u0105 rz\u0105d\u00f3w, po prostu nie znacz\u0105 NIC. Ot, nobli\u015bci zjechali si\u0119 na sute \u017carcie, mieszkanie w ekstra hotelach i tyle. O, przepraszam, wi\u015bie\u0144k\u0105 na tym nobliwym, nobelskim torcie by\u0142a ameryka\u0144ska, zachodz\u0105ca gwiazda. To mia\u0142o komu\u015b pom\u00f3c, mia\u0142o co\u015b poprawi\u0107?<\/span><\/p>\n<p><span style=\"font-size: 13px; font-family: Verdana; color: #000000; background-color: transparent; font-weight: normal; font-style: normal; font-variant: normal; text-decoration: none; vertical-align: baseline\"><\/span><\/p>\n<p dir=\"ltr\" style=\"line-height: 1.15; margin-top: 0pt; margin-bottom: 0pt\"><span style=\"font-size: 13px; font-family: Verdana; color: #000000; background-color: transparent; font-weight: normal; font-style: normal; font-variant: normal; text-decoration: none; vertical-align: baseline\">Je\u015bli Polska jeszcze jako\u015b egzystuje, to dzieje si\u0119 tak wy\u0142\u0105cznie dlatego, \u017ce s\u0105 tam prywatni biznesmeni, wielcy i mali. To oni trzymaj\u0105 jeszcze jako\u015b ten kraj, bo politycy psuj\u0105 ka\u017cdy dzie\u0144, ka\u017cd\u0105 dziedzin\u0119 \u017cycia, gospodarki, ekonomii, finans\u00f3w, obyczaj\u00f3w, kultury, czyli wszystkiego.<\/span><\/p>\n<p><span style=\"font-size: 13px; font-family: Verdana; color: #000000; background-color: transparent; font-weight: normal; font-style: normal; font-variant: normal; text-decoration: none; vertical-align: baseline\"><\/span><\/p>\n<p dir=\"ltr\" style=\"line-height: 1.15; margin-top: 0pt; margin-bottom: 0pt\"><span style=\"font-size: 13px; font-family: Verdana; color: #000000; background-color: transparent; font-weight: normal; font-style: normal; font-variant: normal; text-decoration: none; vertical-align: baseline\">Tusk odgra\u017ca si\u0119, \u017ce cz\u0142onkowie Zespo\u0142u Parlamentarnego badaj\u0105cego przyczyny katastrofy smole\u0144skiej \u201cpowinni odpowiedzie\u0107 za to, co z t\u0105 katastrof\u0105 zrobili\u201d. Poza kuriozalnym charakterem tego o\u015bwiadczenia, bo kto, jak kto, ale akurat ten facet nie powinien takich o\u015bwiadcze\u0144 sk\u0142ada\u0107, to ciekawi mnie, kiedy ten \u201cwybitny polityk europejski\u201d odpowie za to, co zrobi\u0142 ze Stoczni\u0105 Gda\u0144sk\u0105, za to, co zrobi\u0142 z Polsk\u0105, za to, co zrobi\u0142 z polskim przemys\u0142em, finansami, za to, \u017ce zad\u0142u\u017cy\u0142 trzy pokolenia do przodu. <\/span><\/p>\n<p><span style=\"font-size: 13px; font-family: Verdana; color: #000000; background-color: transparent; font-weight: normal; font-style: normal; font-variant: normal; text-decoration: none; vertical-align: baseline\"><\/span><\/p>\n<p dir=\"ltr\" style=\"line-height: 1.15; margin-top: 0pt; margin-bottom: 0pt\"><span style=\"font-size: 13px; font-family: Verdana; color: #000000; background-color: transparent; font-weight: normal; font-style: normal; font-variant: normal; text-decoration: none; vertical-align: baseline\">Widzia\u0142em kilka dni temu Janusza G\u0142owackiego reklamuj\u0105cego swoj\u0105 ksi\u0105\u017ck\u0119 o tym, jak powstawa\u0142 film o Wa\u0142\u0119sie, do kt\u00f3rego napisa\u0142 scenariusz. Szanowa\u0142em wielce tego tw\u00f3rc\u0119 za jego dorobek, ale strasznie mi si\u0119 ci\u015bnie na usta stwierdzenie pewnego \u201cklasyka\u201d &#8211; <\/span><span style=\"font-size: 13px; font-family: Verdana; color: #000000; background-color: transparent; font-weight: normal; font-style: italic; font-variant: normal; text-decoration: none; vertical-align: baseline\">m\u0119\u017cczyzn\u0119 poznaje si\u0119 nie po tym, jak zaczyna, ale jak ko\u0144czy. <\/span><span style=\"font-size: 13px; font-family: Verdana; color: #000000; background-color: transparent; font-weight: normal; font-style: normal; font-variant: normal; text-decoration: none; vertical-align: baseline\">Je\u017celi scenariusz i ta ksi\u0105\u017cka maj\u0105 by\u0107 zwie\u0144czeniem tw\u00f3rczo\u015bci G\u0142owackiego, to strasznie mu wsp\u00f3\u0142czuj\u0119. Ale chcia\u0142bym kiedy\u015b dowiedzie\u0107 si\u0119, co sk\u0142oni\u0142o go do tak potwornego zafa\u0142szowania najnowszej historii Polski.<\/span><\/p>\n<p dir=\"ltr\" style=\"line-height: 1.15; margin-top: 0pt; margin-bottom: 0pt\"><span style=\"font-size: 13px; font-family: Verdana; color: #000000; background-color: transparent; font-weight: normal; font-style: normal; font-variant: normal; text-decoration: none; vertical-align: baseline\">A swoj\u0105 drog\u0105 okropnie w ustach literata brzmia\u0142a \u201creklam\u00f3wka\u201d dotycz\u0105ca bohatera filmu i pewnie jego ksi\u0105\u017cki. G\u0142owacki \u201cstre\u015bci\u0142\u201d swojego bohatera, Wa\u0142\u0119s\u0119 tak: \u201cLech Wa\u0142\u0119sa poowiedzia\u0142 kiedy\u015b: <\/span><span style=\"font-size: 13px; font-family: Verdana; color: #000000; background-color: transparent; font-weight: normal; font-style: italic; font-variant: normal; text-decoration: none; vertical-align: baseline\">wszystko jedno, przysz\u0142em, czy przyszed\u0142em, wa\u017cne, \u017ce dosz\u0142em, albo doszed\u0142em\u201d.<\/span><\/p>\n<p dir=\"ltr\" style=\"line-height: 1.15; margin-top: 0pt; margin-bottom: 0pt\"><span style=\"font-size: 13px; font-family: Verdana; color: #000000; background-color: transparent; font-weight: normal; font-style: normal; font-variant: normal; text-decoration: none; vertical-align: baseline\">Nie pami\u0119tam, \u017ceby Wa\u0142\u0119sa kiedykolwiek co\u015b tak filozoficznego wybe\u0142kota\u0142, ale w ustach literata, nawet z upodobaniami do absurdu, zabrzmia\u0142o to okropnie.<\/span><\/p>\n<p dir=\"ltr\" style=\"line-height: 1.15; margin-top: 0pt; margin-bottom: 0pt\"><span style=\"font-size: 13px; font-family: Verdana; color: #000000; background-color: transparent; font-weight: normal; font-style: normal; font-variant: normal; text-decoration: none; vertical-align: baseline\">Panie Januszu, mam taki tek\u015bcik:<\/span><\/p>\n<p dir=\"ltr\" style=\"line-height: 1.15; margin-top: 0pt; margin-bottom: 0pt\"><span style=\"font-size: 13px; font-family: Verdana; color: #000000; background-color: transparent; font-weight: normal; font-style: normal; font-variant: normal; text-decoration: none; vertical-align: baseline\">Sz\u0142em \u0142\u0105k\u0105, kwiaty pach\u0142y. Ona mi\u0119 odepch\u0142a. Wi\u0119c posz\u0142em do domu, rzyg\u0142em, pierd\u0142em, trzas\u0142em drzwiami i wysz\u0142em, bo chamstwa nie znies\u0119.<\/span><\/p>\n<p dir=\"ltr\" style=\"line-height: 1.15; margin-top: 0pt; margin-bottom: 0pt\"><span style=\"font-size: 13px; font-family: Verdana; color: #000000; background-color: transparent; font-weight: normal; font-style: normal; font-variant: normal; text-decoration: none; vertical-align: baseline\">Niech Pan z tego zrobi ksi\u0105\u017ck\u0119, albo mo\u017ce lepiej scenariusz. Wajda skr\u0119ci wszystko.<\/span><\/p>\n<p dir=\"ltr\" style=\"line-height: 1.15; margin-top: 0pt; margin-bottom: 0pt\" id=\"docs-internal-guid-626b3a88-f308-3477-974c-6df33a86069a\"><span style=\"font-size: 13px; font-family: Verdana; color: #000000; background-color: transparent; font-weight: normal; font-style: normal; font-variant: normal; text-decoration: none; vertical-align: baseline\">Je\u015bli kiedy\u015b si\u0119 spotkamy, to zadam Panu tylko jedno pytanie: <\/span><span style=\"font-size: 13px; font-family: Verdana; color: #000000; background-color: transparent; font-weight: bold; font-style: normal; font-variant: normal; text-decoration: none; vertical-align: baseline\">jak si\u0119 Pan czuje z tym, co zrobi\u0142 Pan razem z Wajd\u0105 \u015ap. Annie Solidarno\u015bci-Walentynowicz i wszystkim tym, kt\u00f3rzy po\u015bwi\u0119cili swoje \u017cycie walce o woln\u0105 Polsk\u0119, tym, kt\u00f3rzy budowali SOLIDARNO\u015a\u0106 i nie brali pieni\u0119dzy od bezpieki, nie donosili, nie byli bolkami?<\/span><\/p>\n<p dir=\"ltr\" style=\"line-height: 1.15; margin-top: 0pt; margin-bottom: 0pt\"><span style=\"font-size: 13px; font-family: Verdana; color: #000000; background-color: transparent; font-weight: bold; font-style: normal; font-variant: normal; text-decoration: none; vertical-align: baseline\"><br \/>\n<\/span><br \/>\n<span style=\"font-size: 13px; font-family: Verdana; color: #000000; background-color: transparent; font-weight: normal; font-style: normal; font-variant: normal; text-decoration: none; vertical-align: baseline\"><\/span><\/p>\n","protected":false},"excerpt":{"rendered":"<p>Polska si\u0119 rozwija, Polacy si\u0119 bogac\u0105, ksi\u0119\u017ca s\u0105 pedofilami, m\u0142odzie\u017c m\u0105drzeje w szko\u0142ach\u2026 od przedszkola &#8211; szczeg\u00f3lnie w dziedzinie seksualnej. Jak fajnie.<\/p>\n","protected":false},"author":2,"featured_media":0,"comment_status":"open","ping_status":"open","sticky":false,"template":"","format":"standard","meta":[],"categories":[1],"tags":[],"_links":{"self":[{"href":"https:\/\/sporek.com\/blog\/index.php?rest_route=\/wp\/v2\/posts\/408"}],"collection":[{"href":"https:\/\/sporek.com\/blog\/index.php?rest_route=\/wp\/v2\/posts"}],"about":[{"href":"https:\/\/sporek.com\/blog\/index.php?rest_route=\/wp\/v2\/types\/post"}],"author":[{"embeddable":true,"href":"https:\/\/sporek.com\/blog\/index.php?rest_route=\/wp\/v2\/users\/2"}],"replies":[{"embeddable":true,"href":"https:\/\/sporek.com\/blog\/index.php?rest_route=%2Fwp%2Fv2%2Fcomments&post=408"}],"version-history":[{"count":0,"href":"https:\/\/sporek.com\/blog\/index.php?rest_route=\/wp\/v2\/posts\/408\/revisions"}],"wp:attachment":[{"href":"https:\/\/sporek.com\/blog\/index.php?rest_route=%2Fwp%2Fv2%2Fmedia&parent=408"}],"wp:term":[{"taxonomy":"category","embeddable":true,"href":"https:\/\/sporek.com\/blog\/index.php?rest_route=%2Fwp%2Fv2%2Fcategories&post=408"},{"taxonomy":"post_tag","embeddable":true,"href":"https:\/\/sporek.com\/blog\/index.php?rest_route=%2Fwp%2Fv2%2Ftags&post=408"}],"curies":[{"name":"wp","href":"https:\/\/api.w.org\/{rel}","templated":true}]}}