{"id":409,"date":"2013-10-31T23:36:46","date_gmt":"2013-11-01T03:36:46","guid":{"rendered":"http:\/\/sporek.com\/blog\/?p=409"},"modified":"2013-10-31T23:36:46","modified_gmt":"2013-11-01T03:36:46","slug":"dziwny-ten-polski-swiat","status":"publish","type":"post","link":"https:\/\/sporek.com\/blog\/?p=409","title":{"rendered":"Dziwny ten polski \u015bwiat"},"content":{"rendered":"<p dir=\"ltr\" style=\"line-height: 1.15; margin-top: 0pt; margin-bottom: 0pt\"><span style=\"font-size: 13px; font-family: Verdana; color: #000000; background-color: transparent; font-weight: normal; font-style: normal; font-variant: normal; text-decoration: none; vertical-align: baseline\">Polski \u015bwiat. W ostatnim 30-leciu by\u0142o tyle paradoks\u00f3w, \u017ce wystarczy na nast\u0119pne dziesi\u0119ciolecia. I tak na dobr\u0105 spraw\u0119, to zacz\u0105\u0142em si\u0119 gubi\u0107 w domys\u0142ach na temat tego, czego to spo\u0142ecze\u0144stwo chce. <\/span><!--more--><\/p>\n<p dir=\"ltr\" style=\"line-height: 1.15; margin-top: 0pt; margin-bottom: 0pt\"><span style=\"font-size: 13px; font-family: Verdana; color: #000000; background-color: transparent; font-weight: normal; font-style: normal; font-variant: normal; text-decoration: none; vertical-align: baseline\">Niby walczyli\u015bmy przeciwko komunie &#8211; wybrali\u015bmy samych komuch\u00f3w do pierwszej \u201cwyzwolonej\u201d kadencji. Kilka dni temu zmar\u0142 pierwszy premier niekomunistycznej Polski. Tak by\u0142 anonsowany. Je\u017celi by\u0142 taki anty-, to po co podkre\u015bli\u0142 przesz\u0142o\u015b\u0107 jak\u0105\u015b tam grub\u0105 kresk\u0105? I zamiast sta\u0107 si\u0119 premierem niekomunistycznej Polski, zosta\u0142 premierem Polski post-komunistycznej. Oczywi\u015bcie nie mo\u017cna niedocenia\u0107 roli Wa\u0142\u0119sy w procesie anty-dekomunizacyjnym. Wr\u0119cz odwrotnie. On ma w tym ogromne zas\u0142ugi.<\/span><\/p>\n<p dir=\"ltr\" style=\"line-height: 1.15; margin-top: 0pt; margin-bottom: 0pt\"><span style=\"font-size: 13px; font-family: Verdana; color: #000000; background-color: transparent; font-weight: normal; font-style: normal; font-variant: normal; text-decoration: none; vertical-align: baseline\">Polacy wrzeszczeli, \u017ce komuchy to z\u0142odzieje, szubrawcy, skorumpowana banda, itp. I w pewnym momencie do w\u0142adzy dosz\u0142o Prawo i Sprawiedliwo\u015b\u0107. I pocz\u0119\u0142o \u015bciga\u0107 korupcj\u0119, okradanie pa\u0144stwa. Jaki rezultat? Wszyscy si\u0119 nagle przestraszyli \u201cpukania do drzwi o sz\u00f3stej rano\u201d. Naprawd\u0119 si\u0119 przestraszyli? Nie! Dali sobie wm\u00f3wi\u0107, \u017ce \u015bciganie przet\u0119pc\u00f3w to z\u0142o, kt\u00f3re powinno si\u0119 ogniem wypali\u0107. I w nast\u0119pnych wyborach zag\u0142osowali na PO, kt\u00f3re nie mia\u0142o \u017cadnego progamu opr\u00f3cz krytyki PiS. <\/span><\/p>\n<p dir=\"ltr\" style=\"line-height: 1.15; margin-top: 0pt; margin-bottom: 0pt\"><span style=\"font-size: 13px; font-family: Verdana; color: #000000; background-color: transparent; font-weight: normal; font-style: normal; font-variant: normal; text-decoration: none; vertical-align: baseline\">Powt\u00f3rzyli to w kolejnych wyborach, cho\u0107 ju\u017c bardzo wyra\u017anie wida\u0107 by\u0142o, \u017ce wszystko sz\u0142o coraz gorzej, a zad\u0142u\u017cenie wzrasta\u0142o w zawrotnym tempie. <\/span><\/p>\n<p dir=\"ltr\" style=\"line-height: 1.15; margin-top: 0pt; margin-bottom: 0pt\"><span style=\"font-size: 13px; font-family: Verdana; color: #000000; background-color: transparent; font-weight: normal; font-style: normal; font-variant: normal; text-decoration: none; vertical-align: baseline\">Powt\u00f3rzy\u0142o to w wyborach prezydenckich, cho\u0107 kandydatem by\u0142 najgorszy z potencjalnych kandydat\u00f3w. <\/span><\/p>\n<p dir=\"ltr\" style=\"line-height: 1.15; margin-top: 0pt; margin-bottom: 0pt\"><span style=\"font-size: 13px; font-family: Verdana; color: #000000; background-color: transparent; font-weight: normal; font-style: normal; font-variant: normal; text-decoration: none; vertical-align: baseline\">Teraz, kiedy, jak na przys\u0142owiowej d\u0142oni wida\u0107, \u017ce Polska go\u0142a i nieweso\u0142a s\u0142upki Platformy podskakuj\u0105, bo\u2026? Bo spo\u0142ecze\u0144stwo da\u0142o sobie wy\u015bmia\u0107 ludzi d\u0105\u017c\u0105cych do wyja\u015bnienia najwi\u0119kszej katastrofy. Zgin\u0105\u0142 Prezydent &#8211; zawsze b\u0119d\u0119 w odniesieniu do \u015bp. pami\u0119ci Lecha Kaczy\u0144skiego pisa\u0142 to s\u0142owo z du\u017cej litery &#8211; najlepszy w wolnej Polsce, najodwa\u017cniejszy i najbardziej oddany Polsce. I \u201ct\u0142um\u201d daje sobie wm\u00f3wi\u0107, \u017ce szukanie prawdy o Jego \u015bmierci jest czym\u015b nieetycznym, \u015bmiesznym wr\u0119cz. Daje sobie wm\u00f3wi\u0107, \u017ce oddanie \u015bledztwa Rosji, to co\u015b bardzo normalnego, \u017ce wrak na ruskiej ziemi, to normalka, \u017ce k\u0142amstwo o przesianej ziemi, przekopanym miejscu katatrofy, to codzienno\u015b\u0107, zwyk\u0142y standard, \u017ce pomylone zw\u0142oki, \u017ce okradzione, \u017ce bez sekcji, &#8211; to wszystko normalne. Tak powinno by\u0107, bo tak powiedzieli ci z Platformy.<\/span><\/p>\n<p dir=\"ltr\" style=\"line-height: 1.15; margin-top: 0pt; margin-bottom: 0pt\"><span style=\"font-size: 13px; font-family: Verdana; color: #000000; background-color: transparent; font-weight: normal; font-style: normal; font-variant: normal; text-decoration: none; vertical-align: baseline\">Ale najdziwniejsze, \u017ce nie ma \u017cadnej reakcji na pe\u0142zaj\u0105ce z\u0142o, nie wchodz\u0105 w pami\u0119\u0107 spo\u0142ecze\u0144stwa afery, kradzie\u017ce w bia\u0142ych r\u0119kawiczkach, machloje przy wyborach, nepotyzm, wszystko to, co mo\u017cna powiedzie\u0107 o obecnie rz\u0105dz\u0105cych. To, jakby nic, jakby w\u0142a\u015bnie normalka. Niech nas okradaj\u0105, niech nas zad\u0142u\u017caj\u0105, pozbawiaj\u0105 pracy, opieki zdrowotnej, niech wyrzucaj\u0105 m\u0142odych poza granice, na zmywaki, niech tam rodz\u0105 dzieci dla obcych pa\u0144stw. Na nas ju\u017c nikt nie musi pracowa\u0107, nam ju\u017c tylko wieczno\u015b\u0107 wygl\u0105da w miar\u0119 pozytywnie.<\/span><\/p>\n<p dir=\"ltr\" style=\"line-height: 1.15; margin-top: 0pt; margin-bottom: 0pt\"><span style=\"font-size: 13px; font-family: Verdana; color: #000000; background-color: transparent; font-weight: normal; font-style: normal; font-variant: normal; text-decoration: none; vertical-align: baseline\">No, to powodzenia.<\/span><\/p>\n","protected":false},"excerpt":{"rendered":"<p>Polski \u015bwiat. W ostatnim 30-leciu by\u0142o tyle paradoks\u00f3w, \u017ce wystarczy na nast\u0119pne dziesi\u0119ciolecia. I tak na dobr\u0105 spraw\u0119, to zacz\u0105\u0142em si\u0119 gubi\u0107 w domys\u0142ach na temat tego, czego to spo\u0142ecze\u0144stwo chce.<\/p>\n","protected":false},"author":2,"featured_media":0,"comment_status":"open","ping_status":"open","sticky":false,"template":"","format":"standard","meta":[],"categories":[4],"tags":[],"_links":{"self":[{"href":"https:\/\/sporek.com\/blog\/index.php?rest_route=\/wp\/v2\/posts\/409"}],"collection":[{"href":"https:\/\/sporek.com\/blog\/index.php?rest_route=\/wp\/v2\/posts"}],"about":[{"href":"https:\/\/sporek.com\/blog\/index.php?rest_route=\/wp\/v2\/types\/post"}],"author":[{"embeddable":true,"href":"https:\/\/sporek.com\/blog\/index.php?rest_route=\/wp\/v2\/users\/2"}],"replies":[{"embeddable":true,"href":"https:\/\/sporek.com\/blog\/index.php?rest_route=%2Fwp%2Fv2%2Fcomments&post=409"}],"version-history":[{"count":0,"href":"https:\/\/sporek.com\/blog\/index.php?rest_route=\/wp\/v2\/posts\/409\/revisions"}],"wp:attachment":[{"href":"https:\/\/sporek.com\/blog\/index.php?rest_route=%2Fwp%2Fv2%2Fmedia&parent=409"}],"wp:term":[{"taxonomy":"category","embeddable":true,"href":"https:\/\/sporek.com\/blog\/index.php?rest_route=%2Fwp%2Fv2%2Fcategories&post=409"},{"taxonomy":"post_tag","embeddable":true,"href":"https:\/\/sporek.com\/blog\/index.php?rest_route=%2Fwp%2Fv2%2Ftags&post=409"}],"curies":[{"name":"wp","href":"https:\/\/api.w.org\/{rel}","templated":true}]}}