{"id":41,"date":"2007-11-25T09:11:40","date_gmt":"2007-11-25T13:11:40","guid":{"rendered":"http:\/\/sporek.com\/blog\/?p=41"},"modified":"2007-11-26T18:56:06","modified_gmt":"2007-11-26T22:56:06","slug":"koncert-roku-2007-odc-2","status":"publish","type":"post","link":"https:\/\/sporek.com\/blog\/?p=41","title":{"rendered":"Koncert Roku 2007, Odc. 2"},"content":{"rendered":"<p><span style=\"font-size: 10pt; font-family: Arial\" lang=\"PL\">Pobyt w Polsce, to zawsze zapomnienie o Nowym Jorku. Wtopi\u0142em si\u0119 w polskie \u017cycie z tak\u0105 rozkosz\u0105, \u017ce trudno to opisa<span class=\"postbody\">\u0107. Kilka dni w Warszawie, to prze\u0142ykanie ka\u017cdej godziny, jak najwi\u0119kszego szcz\u0119\u015bcia danego prosto od Boga. To szcz\u0119\u015bcie by\u0142o we wszystkim; w matce mojej przyjaci\u00f3\u0142ki z Nowego Jorku, ktora przyjecha\u0142a po mnie na lotnisko; <\/span>w jej pi\u0119knym domu na Wawrze; w ka\u017cdym posi\u0142ku, kt\u00f3ry tam zjad\u0142em tego popo\u0142udnia. Szcz\u0119\u015bcie by\u0142o w historycznych, pokr\u0119conych korytarzach Dziekanki, gdzie mieszka\u0142em przez pi\u0119<span class=\"postbody\">\u0107 dni; w kawiarniach Placu Zamkowego, znajomych i nowopoznanych &#8211; spotkanych tam w\u0142a\u015bnie; w fili\u017cankach kawy i dymie z papierosa &#8211; dozwolonym w Warszawie, &#8211; zabronionym w Nowym Jorku. W spacerze po Saskim Parku, Alejach Ujazdowskich, \u0141azienkach, Muzeum Powstania Warszawskiego, w ko\u015bciele \u015aw. Anny i \u015aw. Krzy\u017ca, &#8211; wsz\u0119dzie ! <\/span><\/span><span class=\"postbody\"><span style=\"font-size: 10pt; font-family: Arial\" lang=\"PL\">Wreszcie szcz\u0119\u015bcie by\u0142o w spotkaniu maturzyst\u00f3w mojego rocznika, spotkaniu z rodzina, przyjaci\u00f3\u0142mi z dzieci\u0144stwa, g\u00f3rach, rzece, kt\u00f3ra nauczy\u0142a mnie p\u0142ywa\u0107, kt\u00f3ra dawa\u0142a natchnienie do m\u0142odzie\u0144czych wierszy. Wsz\u0119dzie ! <\/span><\/span><span class=\"postbody\"><span style=\"font-size: 10pt; font-family: Arial\" lang=\"PL\">Kr\u00f3tko m\u00f3wi\u0105c szcz\u0119\u015bcie jest tam \/przynajmniej dla mnie\/ na ka\u017cdym kroku. <\/span><\/span><span class=\"postbody\"><span style=\"font-size: 10pt; font-family: Arial\" lang=\"PL\">O koncercie pocz\u0105\u0142em my\u015ble\u0107 dopiero, gdy ponownie, na pi\u0119\u0107 dni przed powrotem do Stan\u00f3w<\/span><\/span><span style=\"font-size: 10pt; font-family: Arial\" lang=\"PL\"> przyjecha\u0142em do Warszawy. <!--more-->W stolicy by\u0142a ju\u017c od kilku tygodni Anna Kostrzy\u0144ska. To w\u0142a\u015bnie z ni\u0105 w\u0142\u00f3czy\u0142em si\u0119 po Parku \u0141azienkowskim i po Muzeum Powstania. By\u0142a z nami wspania\u0142a Zdzis\u0142awa Donat. Opowie\u015bci o planowanym programie koncertu przy kawiarnianych stolikach, rozmowy o sztuce w og\u00f3le, wspominanie koncertu polsko-greckiego, itp. Powoli w mojej g\u0142owie krystalizowa\u0142 si\u0119 \u201ewygl\u0105d\u201d tego koncertu i zwolna poczyna\u0142em wchodzi<span class=\"postbody\">\u0107 w owo cudowne podniecenie, jakie daje mo\u017cliwo\u015b\u0107 kreacji tam, na podium. W mojej ukochanej Rajczy, mocz\u0105c cia\u0142o w \u00a0zimnych wodach So\u0142y i wygrzewaj\u0105c je na kamieniach, pewnikiem pami\u0119tajacych moje tam dzieci\u0144stwo, napisa\u0142em w my\u015blach kr\u00f3ciutk\u0105 wokaliz\u0119 z my\u015bl\u0105 o Annie w\u0142a\u015bnie. Zapisa\u0142em j\u0105 p\u00f3\u017aniej w domu moich kuzyn\u00f3w, Marka i jego cudownej \u017cony Wiesi, kt\u00f3rzy dali mi klucz, bym\u00a0do woli m\u00f3g\u0142 korzysta\u0107\u00a0z pianina. Anna\u00a0zupe\u0142nie jednak inn\u0105 wokaliz\u0119 za\u015bpiewa w Katedrze. B\u0119dzie to niezwykle pi\u0119kna Wokaliza Wojciecha Kilara\u00a0z filmu Romana Pola\u0144skiego &#8222;Dziewi\u0105te Wrota&#8221;. Moje spotkania z Wojciechem Kilarem nape\u0142ni\u0142y mnie nadziej\u0105, \u017ce przyleci on do Nowego Jorku. Wpisa\u0142 mi to nawet na tytu\u0142owej stronie partytury \u201eAngelus\u201d. Czu\u0142em, \u017ce moje baterie skutecznie pod\u0142adowywa\u0142y si\u0119 z ka\u017cdym dniem. Wielce kreatywne spotkanie u Deszkiewicz\u00f3w, z mlodziutk\u0105, niezwykle utalentowana dyrygentk\u0105, Monik\u0105 Woli\u0144sk\u0105, to plany koncertu w 10-t\u0105 rocznic\u0119 \u015bmierci Stanis\u0142awa Wis\u0142ockiego. <\/span><\/span><span class=\"postbody\"><span style=\"font-size: 10pt; font-family: Arial\" lang=\"PL\">Wreszcie powr\u00f3t do Stan\u00f3w. Musia\u0142em po\u017cegna\u0107 deszczow\u0105 tego dnia Warszaw\u0119 i robilem to z pe\u0142n\u0105 \u017calu dusz\u0105, kt\u00f3ra chcia\u0142a zosta\u0107, kt\u00f3ra natychmiast po przekroczeniu barierek granicznych t\u0119skni\u0107 pocz\u0119\u0142a za warszawskim brukiem, za Krakowskim Rynkiem, za czystym powietrzem okolonej g\u00f3rami Rajczy. Trudno, musia\u0142em zostawi\u0107 to po drugiej stronie lotniskowych szyb i \u015bcian; zostawi\u0107 to w dole, pod wznosz\u0105c\u0105 si\u0119 nad p\u0142yt\u0105 lotniska, a p\u00f3\u017aniej nad Warszaw\u0105 i dalej Europ\u0105 Zachodni\u0105 i Oceanem, kup\u0105 \u017celastwa o d\u017awi\u0119cznej nazwie <em>boening<\/em> z jakim\u015b tam numerem. <\/span><\/span><span class=\"postbody\"><span style=\"font-size: 10pt; font-family: Arial\" lang=\"PL\">Po dziewi\u0119ciu godzinach nie by\u0142o ju\u017c stolicy Polski, by\u0142a<span>\u00a0 <\/span>stolica \u015bwiata. Okrzyczane miejsce marze\u0144 wszystkich artys\u00f3w. <\/span><\/span><span class=\"postbody\"><span style=\"font-size: 10pt; font-family: Arial\" lang=\"PL\">Rozpocz\u0105\u0142em pr\u00f3by z ch\u00f3rem ju\u017c po kilku dniach. Dochodzi\u0142o coraz wi\u0119cej ludzi.\u00a0Zesp\u00f3\u0142 konkretyzowa\u0142 sw\u00f3j profil; rozmowy z Sheldonem coraz bardziej zbli\u017ca\u0142y nas do wsp\u00f3lnych pr\u00f3b z orkiestr\u0105. <\/span><\/span><span class=\"postbody\"><span style=\"font-size: 10pt; font-family: Arial\" lang=\"PL\">Zupe\u0142nie niespodziewanie odwiedzi\u0142 mnie w Nowym Jorku <\/span><\/span><span class=\"postbody\"><span style=\"font-size: 10pt; font-family: Arial\" lang=\"PL\">Jacek Sykulski<\/span><\/span><span class=\"postbody\"><span style=\"font-size: 10pt; font-family: Arial\" lang=\"PL\">, dyrektor ch\u00f3ru Uniwersytetu Adama<span>\u00a0 <\/span>Mickiewicza z Poznania. Przygotowywali tournee po kilku stanach Wschodniego Wybrze\u017ca. Ze wzgl\u0119du na moje plany nie by\u0142em w stanie im pom\u00f3c, ale teraz, w sierpniu wpad\u0142o mi do g\u0142owy, \u017ce skoro b\u0119d\u0105, to przecie\u017c mog\u0119 da\u0107 im szans\u0119 na koncert w Katedrze, czy nawet w Maryland, gdzie planowali\u015bmy koncert na tydzie\u0144 przed\u00a0 Katedr\u0105. Data tego koncertu, a raczej jej ustalenie doprowadza\u0142o mnie do pasji. Zarz\u0105d orkiestry nie by\u0142 w stanie ustali\u0107 tej daty, a\u017c do po\u0142owy wrze\u015bnia, a to tylko z powodu niezdecydowania zarz\u0105du szko\u0142y sredniej, kt\u00f3ra dysponowa\u0142a wspania\u0142\u0105 sal\u0105 koncertow\u0105. <\/span><\/span><span class=\"postbody\"><span style=\"font-size: 10pt; font-family: Arial\" lang=\"PL\">Napisa\u0142em wi\u0119c do Jacka, czy mia\u0142by ochot\u0119 wzi\u0105\u0107 udzia\u0142 w tych dw\u00f3ch koncertach. Wiedzia\u0142em, \u017ce i tak b\u0119d\u0105 to najbardziej presti\u017cowe wydarzenia w ca\u0142ym tournee ch\u00f3ru. Jacek oczywi\u015bcie natychmiast si\u0119 zgodzi\u0142. Wm\u00f3wi\u0142em Sheldonowi, \u017ce mam znakomity ch\u00f3r, kt\u00f3ry musi by\u0107 w programie . Koniec, kropka. A Sheldon nie oponowa\u0142. Skorygowali\u015bmy program dodaj\u0105c Glori\u0119, kt\u00f3r\u0105 ch\u00f3r akademicki postanowi\u0142 wykona\u0107 &#8211; utw\u00f3r Jacka Sykulskiego. Znakomity, niezwykle dynamiczny, rytmiczny, o kapitalnej harmonii, r\u00f3\u017cnicach dynamiki. Po prostu popisowy. <\/span><\/span><span class=\"postbody\"><span style=\"font-size: 10pt; font-family: Arial\" lang=\"PL\">Anna Kostrzy\u0144ska przylecia\u0142a do Stan\u00f3w 21 sierpnia i wznowi\u0142a prac\u0119 na Wokaliz\u0105 i Angelusem. Nagle, 1 wrze\u015bnia tragiczna wiadomo\u015b\u0107 z Warszawy przyciska t\u0119 m\u0142od\u0105 artystk\u0119 do samej ziemi: jej ukochany Dziadek, w kt\u00f3rego obecno\u015bci sp\u0119dzi\u0142a dzieci\u0144stwo i m\u0142odo\u015b\u0107, kt\u00f3ry by\u0142 jednym z najbli\u017cszych jej ludzi, odchodzi. Anna leci z powrotem do Warszawy. Napisa\u0142em o \u015bp. Ferdynandzie Kostrzy\u0144skim we wspomnieniach \u201ePolska po latach\u201d w odcinku 6-tym i wierszu \u201eOdchodz\u0105 Powsta\u0144cy Warszawy\u201d. <\/span><\/span><span class=\"postbody\"><span style=\"font-size: 10pt; font-family: Arial\" lang=\"PL\">Stress Anny by\u0142 tak straszliwy, \u017ce pocz\u0105\u0142em si\u0119 zastanawia\u0107, czy da ona rad\u0119 wyst\u0105pi\u0107. <\/span><\/span><span class=\"postbody\"><span style=\"font-size: 10pt; font-family: Arial\" lang=\"PL\">Straci\u0142a g\u0142os. Nie by\u0142a w stanie zaintonowa\u0107 niczego powy\u017cej g1. Wpadli\u015bmy z Sheldonem w ma\u0142\u0105 panik\u0119; z jednej strony by\u0142oby nam cholernie g\u0142upio w stosunku do Anny, anga\u017cowa\u0107 jaki\u015b inny sopran. Z drugiej nawet ona, dzwoni\u0105c z Warszawy zapewnia\u0142a nas \u017ce b\u0119dzie si\u0119 stara\u0107, ale <span>\u00a0<\/span>jednocze\u015bnie m\u00f3wi\u0142a: <em>Janusz, nie jestem pewna, nigdy w \u017cyciu nie mia\u0142am czego\u015b takiego<\/em>. <\/span><\/span><span class=\"postbody\"><span style=\"font-size: 10pt; font-family: Arial\" lang=\"PL\">Rozmawia\u0142em ze Zdzis\u0142aw\u0105 Donat. Stwierdzi\u0142a, \u017ce s\u0105 to dolegliwo\u015bci, z kt\u00f3rymi \u015bpiewacy musz\u0105 si\u0119 liczy\u0107. Nadmiar p\u0142aczu, zaci\u015bni\u0119te gard\u0142o &#8211; wszystko to powoduje powstawanie czego\u015b w rodzaju <em>\u201eguli\u201d <\/em>i nie zezwala na \u015bpiewanie. Zdzisia poleci\u0142a Ani jakie\u015b \u015brodki farmakologiczne, ale najwa\u017cniejszy by\u0142 tu czas i praca nad \u015bwiadomo\u015bci\u0105: Zrozumia\u0142y by\u0142 \u017cal za Dziadkiem, ale \u017cycie pr\u0105ce do przodu nie pozwala nam na zbyt d\u0142ugie przystanki. Dla Ani by\u0142 to tym wi\u0119kszy dramat, \u017ce Dziadek jej czeka\u0142 na video z tego koncertu. Carnegie Hall nie zezwala na filmowanie koncert\u00f3w i nawet, jako producent nie chc\u0119 nadwyr\u0119\u017ca\u0107 swoich mo\u017cliwo\u015bci. Nie ma wi\u0119c \u017cadnej pami\u0105tki tego typu po dw\u00f3ch recitalach Ani w tych presti\u017cowych salach; Weill Reciatal Hall i Zankel Hall. Katedra da\u0142a mi zezwolenie i arty\u015bci b\u0119d\u0105 mogli mie\u0107 pami\u0105tk\u0119 w postaci video-filmu. Rozpacz Ani pog\u0142\u0119biona by\u0142a tym w\u0142a\u015bnie faktem: ukochany cz\u0142owiek nie do\u017cy\u0142 mo\u017cliwo\u015bci zobaczenia swojej wnuczki na koncercie. Pr\u00f3bowa\u0142em jej wmawia\u0107, \u017ce Dziadek b\u0119dzie j\u0105 widzia\u0142 i s\u0142ucha\u0142, stamt\u0105d&#8230;spod Boskiego tronu. Nadto w tek\u015bcie Angelusa s\u0105 s\u0142owa, kt\u00f3rych Anna absolutnie nie by\u0142a w stanie wy\u015bpiewa\u0107: \u201e&#8230;I w godzin\u0119 \u015bmierci naszej&#8230;\u201d Kolejne pr\u00f3by wykonania Angelusa, prowokowane przeze mnie ko\u0144czy\u0142y si\u0119 w tym w\u0142a\u015bnie miejscu. Nie by\u0142a w stanie wej\u015b\u0107 w ten cudowny sk\u0105din\u0105d chora\u0142. By\u0142em za\u0142amany, a widmo anga\u017cowania kogo\u015b innego stawa\u0142o mi przed oczami coraz realniej. Nie chcia\u0142em ju\u017c Tiffany CasaSante, cho\u0107 to znakomita \u015bpiewaczka, ale \u015bpiewa\u0142a ju\u017c ze mn\u0105 Angelus trzykrotnie. Anna by\u0142a na afiszach; zmienianie tego by\u0142o w\u0142a\u015bciwie katastrof\u0105. Wielu mi\u0142o\u015bnik\u00f3w \u015bpiewu operowego zapowiada\u0142o si\u0119 na ten koncert w\u0142a\u015bnie ze wzgl\u0119du na ni\u0105. Nie, to po prostu nie wchodzi\u0142o w rachub\u0119. Ona musi si\u0119 pozbiera\u0107 &#8211; my\u015bla\u0142em &#8211; i pr\u00f3bowa\u0142em jej to wmawia\u0107 ka\u017cdego dnia. Poza tym nasza wzajemna relacja, pe\u0142na przyja\u017ani i obop\u00f3lnego zrozumienia dawa\u0142a gwarancj\u0119, \u017ce &#8211; pomijaj\u0105c cudowno\u015b\u0107 samej muzyki- byli\u015bmy w stanie stworzy\u0107 kreacj\u0119, kt\u00f3ra zachwyci s\u0142uchaczy. Nade wszystko za\u015b &#8211; Anna jest Polk\u0105 i to by\u0142 najwi\u0119kszy i najwa\u017cniejszy argument. Angelus, to polska modlitwa. <\/span><\/span><span class=\"postbody\"><span style=\"font-size: 10pt; font-family: Arial\" lang=\"PL\">W tym czasie zacz\u0119\u0142o si\u0119 wymienianie \u017cyciorys\u00f3w artyst\u00f3w; ja do Maryland, bo przygotowuj\u0105 program koncertu 3 listopada do druku; oni do mnie, bo musia\u0142em przygotowa\u0107 do druku program koncertu w Katedrze. <\/span><\/span><span class=\"postbody\"><span style=\"font-size: 10pt; font-family: Arial\" lang=\"PL\">Wszystko coraz bardziej zacie\u015bnia\u0142o si\u0119 wok\u00f3\u0142 wsp\u00f3lnych pr\u00f3b. Moje codzienne \u017cycie wype\u0142ni\u0142o si\u0119 lekcjami fortepianu i skrzypiec w mojej szkole. A Anna nadal nie wydobywa\u0142a g\u0142osu, jakim normalnie dysponowa\u0142a. <\/span><\/span><span class=\"postbody\"><span style=\"font-size: 10pt; font-family: Arial\" lang=\"PL\">Pr\u00f3ba w Katedrze ustalona by\u0142a na \u015brod\u0119, 10 pa\u017adziernika, za\u015b w Maryland na wtorek, 16 pa\u017adziernika. Czy Anna pozbiera si\u0119 do tego czasu? Mia\u0142em nadziej\u0119, \u017ce tak. Konkretne daty mobilizuj\u0105, zmieniaj\u0105 my\u015blenie, zmieniaj\u0105 odczucia. <\/span><\/span><span class=\"postbody\"><span style=\"font-size: 10pt; font-family: Arial\" lang=\"PL\">Cdn&#8230;<\/span><\/span><span style=\"font-size: 10pt; font-family: Arial\" lang=\"PL\"><\/span><span style=\"font-size: 10pt; font-family: Arial\" lang=\"PL\">\u00a0<\/span><\/p>\n<p><span style=\"font-size: 10pt; font-family: Arial\" lang=\"PL\"><\/span><span style=\"font-size: 10pt; font-family: Arial\" lang=\"PL\"><span style=\"font-size: 10pt; font-family: Arial\" lang=\"PL\"><span lang=\"PL\"><a href=\"http:\/\/www.youtube.com\/watch?v=iu_6aYHYqRw\"><span lang=\"EN-US\"><font size=\"3\" color=\"#800080\" face=\"Times New Roman\">http:\/\/www.youtube.com\/watch?v=iu_6aYHYqRw<\/font><\/span><\/a><\/span><font size=\"3\"><font face=\"Times New Roman\"><span lang=\"PL\"> <\/span><span><span>\u00a0<\/span>&#8211; Polonaise A-Major, Military<\/span><\/font><\/font><\/span><\/span><\/p>\n<p><span style=\"font-size: 10pt; font-family: Arial\" lang=\"PL\"><span style=\"font-size: 10pt; font-family: Arial\" lang=\"PL\"><font size=\"3\"><font face=\"Times New Roman\"><span><\/span><\/font><\/font><span lang=\"PL\"><a href=\"http:\/\/www.youtube.com\/watch?v=1XD1_MixPUc\"><span lang=\"EN-US\"><font size=\"3\" color=\"#800080\" face=\"Times New Roman\">http:\/\/www.youtube.com\/watch?v=1XD1_MixPUc<\/font><\/span><\/a><\/span><span><font size=\"3\"><font face=\"Times New Roman\"> &#8211; Vocalize &#8211; audio<\/font><\/font><\/span><\/span><\/span><\/p>\n<p><span style=\"font-size: 10pt; font-family: Arial\" lang=\"PL\"><span style=\"font-size: 10pt; font-family: Arial\" lang=\"PL\"><span><\/span><span lang=\"PL\"><a href=\"http:\/\/www.youtube.com\/watch?v=OgxKN4sMhw4\"><span lang=\"EN-US\"><font size=\"3\" color=\"#800080\" face=\"Times New Roman\">http:\/\/www.youtube.com\/watch?v=OgxKN4sMhw4<\/font><\/span><\/a><\/span><span><font size=\"3\"><font face=\"Times New Roman\"> &#8211; Vocalize &#8211; video<\/font><\/font><\/span><span><font size=\"3\" face=\"Times New Roman\">\u00a0<\/font><\/span><\/span><\/span><\/p>\n","protected":false},"excerpt":{"rendered":"<p>Pobyt w Polsce, to zawsze zapomnienie o Nowym Jorku. Wtopi\u0142em si\u0119 w polskie \u017cycie z tak\u0105 rozkosz\u0105, \u017ce trudno to opisa\u0107. Kilka dni w Warszawie, to prze\u0142ykanie ka\u017cdej godziny, jak najwi\u0119kszego szcz\u0119\u015bcia danego prosto od Boga. To szcz\u0119\u015bcie by\u0142o we wszystkim; w matce mojej przyjaci\u00f3\u0142ki z Nowego Jorku, ktora przyjecha\u0142a po mnie na lotnisko; w [&hellip;]<\/p>\n","protected":false},"author":2,"featured_media":0,"comment_status":"open","ping_status":"open","sticky":false,"template":"","format":"standard","meta":[],"categories":[5],"tags":[],"_links":{"self":[{"href":"https:\/\/sporek.com\/blog\/index.php?rest_route=\/wp\/v2\/posts\/41"}],"collection":[{"href":"https:\/\/sporek.com\/blog\/index.php?rest_route=\/wp\/v2\/posts"}],"about":[{"href":"https:\/\/sporek.com\/blog\/index.php?rest_route=\/wp\/v2\/types\/post"}],"author":[{"embeddable":true,"href":"https:\/\/sporek.com\/blog\/index.php?rest_route=\/wp\/v2\/users\/2"}],"replies":[{"embeddable":true,"href":"https:\/\/sporek.com\/blog\/index.php?rest_route=%2Fwp%2Fv2%2Fcomments&post=41"}],"version-history":[{"count":0,"href":"https:\/\/sporek.com\/blog\/index.php?rest_route=\/wp\/v2\/posts\/41\/revisions"}],"wp:attachment":[{"href":"https:\/\/sporek.com\/blog\/index.php?rest_route=%2Fwp%2Fv2%2Fmedia&parent=41"}],"wp:term":[{"taxonomy":"category","embeddable":true,"href":"https:\/\/sporek.com\/blog\/index.php?rest_route=%2Fwp%2Fv2%2Fcategories&post=41"},{"taxonomy":"post_tag","embeddable":true,"href":"https:\/\/sporek.com\/blog\/index.php?rest_route=%2Fwp%2Fv2%2Ftags&post=41"}],"curies":[{"name":"wp","href":"https:\/\/api.w.org\/{rel}","templated":true}]}}