{"id":416,"date":"2013-12-02T23:00:50","date_gmt":"2013-12-03T03:00:50","guid":{"rendered":"http:\/\/sporek.com\/blog\/?p=416"},"modified":"2013-12-06T00:38:24","modified_gmt":"2013-12-06T04:38:24","slug":"choroba-po-litykow","status":"publish","type":"post","link":"https:\/\/sporek.com\/blog\/?p=416","title":{"rendered":"Choroba PO-lityk\u00f3w"},"content":{"rendered":"<p dir=\"ltr\" style=\"line-height: 1.15; margin-top: 0pt; margin-bottom: 0pt\"><span style=\"font-size: 13px; font-family: Verdana; color: #000000; background-color: transparent; font-weight: normal; font-style: normal; font-variant: normal; text-decoration: none; vertical-align: baseline\">Na co choruj\u0105 POlitycy &#8211; g\u00f3wniarze: Rados\u0142aw Sikorski i Andrzej Halicki?<\/span><\/p>\n<p dir=\"ltr\" style=\"line-height: 1.15; margin-top: 0pt; margin-bottom: 0pt\"><span style=\"font-size: 13px; font-family: Verdana; color: #000000; background-color: transparent; font-weight: normal; font-style: normal; font-variant: normal; text-decoration: none; vertical-align: baseline\">Przede wszystkim na wt\u00f3rn\u0105 niedojrza\u0142o\u015b\u0107, poza tym na nienawi\u015b\u0107, g\u0142upot\u0119 i wreszcie kompletny brak chocia\u017cby pozor\u00f3w bycia politykiem, dyplomat\u0105, dygnitarzem, &#8211; jakby nie nazwa\u0107, ci dwaj, plus Neuman, Niesio\u0142owski i Olszewski cierpi\u0105 na najwi\u0119ksze braki nawet w udawaniu polityk\u00f3w.<!--more--><\/span><\/p>\n<p dir=\"ltr\" style=\"line-height: 1.15; margin-top: 0pt; margin-bottom: 0pt\"><span style=\"font-size: 13px; font-family: Verdana; color: #000000; background-color: transparent; font-weight: normal; font-style: normal; font-variant: normal; text-decoration: none; vertical-align: baseline\">Sikorski i Halicki dali taki popis prymitywnego my\u015blenia i absolutnego braku orientacji w tym, co si\u0119 dzieje, \u017ce na ich miejscu spali\u0142bym \u00a0si\u0119 ze wstydu. Pod warunkiem, \u017ce maj\u0105 wstyd, a tu, niestety r\u00f3wnie\u017c braki.<\/span><\/p>\n<p dir=\"ltr\" style=\"line-height: 1.15; margin-top: 0pt; margin-bottom: 0pt\"><span style=\"font-size: 13px; font-family: Verdana; color: #000000; background-color: transparent; font-weight: normal; font-style: normal; font-variant: normal; text-decoration: none; vertical-align: baseline\">Nie b\u0119d\u0119 si\u0119 rozpisywa\u0142, bo szkoda na tych dw\u00f3ch czasu. Zacytuj\u0119 tylko po jednej wypowiedzi tych pan\u00f3w z dnia 2 grudnia, kiedy w Kijowie dochodzi do strasznej tragedii ludzkiej, kiedy walka o Ukrain\u0119 w Europie si\u0119gn\u0119\u0142a najgorszych metod, jakie w\u0142adza mo\u017ce zastosowa\u0107 wzgl\u0119dem obywateli.<\/span><\/p>\n<p dir=\"ltr\" style=\"line-height: 1.15; margin-top: 0pt; margin-bottom: 0pt\"><span style=\"font-size: 13px; font-family: Verdana; color: #000000; background-color: transparent; font-weight: normal; font-style: normal; font-variant: normal; text-decoration: none; vertical-align: baseline\">Oto m\u0105dro\u015bci dw\u00f3ch POlityk\u00f3w Platformy; g\u0142upich, zawzi\u0119tych, \u015blepych i niemaj\u0105cych zielonego poj\u0119cia, czym jest polityka.<\/span><\/p>\n<p><span style=\"font-size: 13px; font-family: Verdana; color: #000000; background-color: transparent; font-weight: normal; font-style: normal; font-variant: normal; text-decoration: none; vertical-align: baseline\"><\/span><\/p>\n<p dir=\"ltr\" style=\"line-height: 1.15; margin-top: 0pt; margin-bottom: 0pt\"><span style=\"font-size: 13px; font-family: Verdana; color: #000000; background-color: transparent; font-weight: normal; font-style: normal; font-variant: normal; text-decoration: none; vertical-align: baseline\">Sikorski: (oczywi\u015bcie na Twitterze, przecie\u017c to jego biuro)<\/span><\/p>\n<p dir=\"ltr\" style=\"line-height: 1.15; margin-top: 0pt; margin-bottom: 0pt\"><span style=\"font-size: 13px; font-family: Verdana; color: #000000; background-color: transparent; font-weight: bold; font-style: normal; font-variant: normal; text-decoration: none; vertical-align: baseline\">\u201eOczekuj\u0119 od polityk\u00f3w PiS ile polskich miliard\u00f3w chc\u0105 wpompowa\u0107 w skorumpowan\u0105 gospodark\u0119 UKR aby przekupi\u0107 prez. Janukowycza\u201d.<\/span><\/p>\n<p dir=\"ltr\" style=\"line-height: 1.15; margin-top: 0pt; margin-bottom: 0pt\"><span style=\"font-size: 13px; font-family: Verdana; color: #000000; background-color: transparent; font-weight: normal; font-style: normal; font-variant: normal; text-decoration: none; vertical-align: baseline\">Nie ma co analizowa\u0107 chamstwa, g\u0142upoty i p\u0142ytko\u015bci tej wypowiedzi. Wspomn\u0119 tylko, \u017ce w\u0142a\u015bnie w ministerstwie tego wybitnego \u201charvardzisty\u201d, (si\u0119 kojarzy z hazardzist\u0105, czy c\u00f3\u015b), ze szczyt\u00f3w jednego z departament\u00f3w aresztowano szefow\u0105 za udzia\u0142 w aferze korupcyjnej. Aferze, kt\u00f3ra trwa od kilku lat, ale ten wybitny szef MSZ nic o tym nie wiedzia\u0142. Nie mia\u0142 szans wiedzie\u0107; &#8211; jest najwybitniej najs\u0142abszym ministrem spraw zagranicznych w ca\u0142ej, ponad tysi\u0105cletniej historii Polski.<\/span><\/p>\n<p><span style=\"font-size: 13px; font-family: Verdana; color: #000000; background-color: transparent; font-weight: normal; font-style: normal; font-variant: normal; text-decoration: none; vertical-align: baseline\"><\/span><\/p>\n<p dir=\"ltr\" style=\"line-height: 1.15; margin-top: 0pt; margin-bottom: 0pt\"><span style=\"font-size: 13px; font-family: Verdana; color: #000000; background-color: transparent; font-weight: normal; font-style: normal; font-variant: normal; text-decoration: none; vertical-align: baseline\">Andrzej Halicki:<\/span><\/p>\n<p dir=\"ltr\" style=\"line-height: 1.15; margin-top: 0pt; margin-bottom: 0pt\"><span style=\"font-size: 13px; font-family: Verdana; color: #000000; background-color: transparent; font-weight: bold; font-style: normal; font-variant: normal; text-decoration: none; vertical-align: baseline\">\u201eJaros\u0142aw Kaczy\u0144ski pr\u00f3buje, przy okazji ukrai\u0144skiej (<\/span><span style=\"font-size: 13px; font-family: Verdana; color: #000000; background-color: transparent; font-weight: bold; font-style: italic; font-variant: normal; text-decoration: none; vertical-align: baseline\">uwa\u017cam to za dosy\u0107 cyniczne podej\u015bcie &#8211; <\/span><span style=\"font-size: 13px; font-family: Verdana; color: #000000; background-color: transparent; font-weight: bold; font-style: normal; font-variant: normal; text-decoration: none; vertical-align: baseline\">wtr\u0105ci\u0142), rozgrywa\u0107 jakie\u015b wewn\u0119trzne porachunki\u201d.<\/span><\/p>\n<p dir=\"ltr\" style=\"line-height: 1.15; margin-top: 0pt; margin-bottom: 0pt\"><span style=\"font-size: 13px; font-family: Verdana; color: #000000; background-color: transparent; font-weight: normal; font-style: normal; font-variant: normal; text-decoration: none; vertical-align: baseline\">Na t\u0119 chorob\u0119, panie Halicki nie ma lekarstwa. Jest pan nieuleczalnie walni\u0119ty.<\/span><\/p>\n<p dir=\"ltr\" style=\"line-height: 1.15; margin-top: 0pt; margin-bottom: 0pt\"><span style=\"font-size: 13px; font-family: Verdana; color: #000000; background-color: transparent; font-weight: normal; font-style: normal; font-variant: normal; text-decoration: none; vertical-align: baseline\">Szczerze m\u00f3wi\u0105c, ja nigdy nie s\u0142ysza\u0142em konstruktywnej wypowiedzi tego pajaca z ulizan\u0105 fryzurk\u0105. (Jeden piekny ju\u017c polecia\u0142 za zegarki). Tego na pewno trzeba by wykopa\u0107, skoro mo\u017cna by\u0107 w sejmie za spore pieni\u0105dze i gada\u0107 wy\u0142\u0105cznie bzdury.<\/span><\/p>\n<p dir=\"ltr\" style=\"line-height: 1.15; margin-top: 0pt; margin-bottom: 0pt\"><span style=\"font-size: 13px; font-family: Verdana; color: #000000; background-color: transparent; font-weight: normal; font-style: normal; font-variant: normal; text-decoration: none; vertical-align: baseline\">Kaczy\u0144ski nie powiedzia\u0142 ani jednego s\u0142owa przeciwko Platformie, premierowi, czy komukolwiek z koalicji rz\u0105dz\u0105cej. Wr\u0119cz rami\u0119, w rami\u0119 wyst\u0105pi\u0142 z Protasiewiczem na Majdanie w Kijowie.<\/span><\/p>\n<p><span style=\"font-size: 13px; font-family: Verdana; color: #000000; background-color: transparent; font-weight: normal; font-style: normal; font-variant: normal; text-decoration: none; vertical-align: baseline\"><\/span><\/p>\n<p dir=\"ltr\" style=\"line-height: 1.15; margin-top: 0pt; margin-bottom: 0pt\"><span style=\"font-size: 13px; font-family: Verdana; color: #000000; background-color: transparent; font-weight: normal; font-style: normal; font-variant: normal; text-decoration: none; vertical-align: baseline\">Czy kto\u015b ma jeszcze w\u0105tpliwo\u015bci co do wielko\u015bci Jaros\u0142awa Kaczy\u0144skiego?<\/span><\/p>\n<p dir=\"ltr\" style=\"line-height: 1.15; margin-top: 0pt; margin-bottom: 0pt\"><span style=\"font-size: 13px; font-family: Verdana; color: #000000; background-color: transparent; font-weight: normal; font-style: normal; font-variant: normal; text-decoration: none; vertical-align: baseline\">Ja nie. I m\u00f3wcie sobie, piszcie sobie co chcecie, wrogowie moi. Odwaga Jaros\u0142awa wynosi go na pierwsze miejsce <\/span><span style=\"font-size: 13px; font-family: Verdana; color: #000000; background-color: transparent; font-weight: bold; font-style: normal; font-variant: normal; text-decoration: none; vertical-align: baseline\">m\u0119\u017c\u00f3w stanu, <\/span><span style=\"font-size: 13px; font-family: Verdana; color: #000000; background-color: transparent; font-weight: normal; font-style: normal; font-variant: normal; text-decoration: none; vertical-align: baseline\">nie tylko w Polsce, nie tylko w Europie. Na \u015bwiecie.<\/span><\/p>\n<p dir=\"ltr\" style=\"line-height: 1.15; margin-top: 0pt; margin-bottom: 0pt\"><span style=\"font-size: 13px; font-family: Verdana; color: #000000; background-color: transparent; font-weight: normal; font-style: normal; font-variant: normal; text-decoration: none; vertical-align: baseline\">I tyle.<\/span><\/p>\n","protected":false},"excerpt":{"rendered":"<p>Na co choruj\u0105 POlitycy &#8211; g\u00f3wniarze: Rados\u0142aw Sikorski i Andrzej Halicki? Przede wszystkim na wt\u00f3rn\u0105 niedojrza\u0142o\u015b\u0107, poza tym na nienawi\u015b\u0107, g\u0142upot\u0119 i wreszcie kompletny brak chocia\u017cby pozor\u00f3w bycia politykiem, dyplomat\u0105, dygnitarzem, &#8211; jakby nie nazwa\u0107, ci dwaj, plus Neuman, Niesio\u0142owski i Olszewski cierpi\u0105 na najwi\u0119ksze braki nawet w udawaniu polityk\u00f3w.<\/p>\n","protected":false},"author":2,"featured_media":0,"comment_status":"open","ping_status":"open","sticky":false,"template":"","format":"standard","meta":[],"categories":[4],"tags":[],"_links":{"self":[{"href":"https:\/\/sporek.com\/blog\/index.php?rest_route=\/wp\/v2\/posts\/416"}],"collection":[{"href":"https:\/\/sporek.com\/blog\/index.php?rest_route=\/wp\/v2\/posts"}],"about":[{"href":"https:\/\/sporek.com\/blog\/index.php?rest_route=\/wp\/v2\/types\/post"}],"author":[{"embeddable":true,"href":"https:\/\/sporek.com\/blog\/index.php?rest_route=\/wp\/v2\/users\/2"}],"replies":[{"embeddable":true,"href":"https:\/\/sporek.com\/blog\/index.php?rest_route=%2Fwp%2Fv2%2Fcomments&post=416"}],"version-history":[{"count":0,"href":"https:\/\/sporek.com\/blog\/index.php?rest_route=\/wp\/v2\/posts\/416\/revisions"}],"wp:attachment":[{"href":"https:\/\/sporek.com\/blog\/index.php?rest_route=%2Fwp%2Fv2%2Fmedia&parent=416"}],"wp:term":[{"taxonomy":"category","embeddable":true,"href":"https:\/\/sporek.com\/blog\/index.php?rest_route=%2Fwp%2Fv2%2Fcategories&post=416"},{"taxonomy":"post_tag","embeddable":true,"href":"https:\/\/sporek.com\/blog\/index.php?rest_route=%2Fwp%2Fv2%2Ftags&post=416"}],"curies":[{"name":"wp","href":"https:\/\/api.w.org\/{rel}","templated":true}]}}