{"id":417,"date":"2013-12-19T00:35:41","date_gmt":"2013-12-19T04:35:41","guid":{"rendered":"http:\/\/sporek.com\/blog\/?p=417"},"modified":"2013-12-19T00:35:41","modified_gmt":"2013-12-19T04:35:41","slug":"32-lata-prania-mozgow","status":"publish","type":"post","link":"https:\/\/sporek.com\/blog\/?p=417","title":{"rendered":"32 lata prania m\u00f3zg\u00f3w"},"content":{"rendered":"<p dir=\"ltr\" style=\"line-height: 1.15; margin-top: 0pt; margin-bottom: 0pt\"><span style=\"font-size: 13px; font-family: Verdana; color: #000000; background-color: transparent; font-weight: normal; font-style: normal; font-variant: normal; text-decoration: none; vertical-align: baseline\">Wszystkim, kt\u00f3rzy tak naiwnie wierz\u0105 mediom rz\u0105dowym proponuj\u0119, aby zakupili karty Telewizji Republika i cho\u0107by dla r\u00f3wnowagi w\u0142asnych my\u015bli, opinii i os\u0105d\u00f3w pos\u0142uchali czasem, co m\u00f3wi\u0105 ludzie, kt\u00f3rym m\u00f3wi\u0107 w mediach rz\u0105dowych nie wolno. <!--more-->Nie dziennikarzy, ale ludzi, kt\u00f3rych dziennikarze TR pytaj\u0105 o r\u00f3\u017cne rzeczy i sprawy ot tak, na ulicy. \u015awiadkowie wielkich wydarze\u0144. Ludzie z &#8222;marginesu&#8221;, do kt\u00f3rego zepchn\u0119li ich zdrajcy Solidarno\u015bci, ci, kt\u00f3rzy dorwali si\u0119 do elit salonowych i robi\u0105 tam za kuk\u0142y zdradzieckie.<\/span><\/p>\n<p dir=\"ltr\" style=\"line-height: 1.15; margin-top: 0pt; margin-bottom: 0pt\"><span style=\"font-size: 13px; font-family: Verdana; color: #000000; background-color: transparent; font-weight: normal; font-style: normal; font-variant: normal; text-decoration: none; vertical-align: baseline\">Prosz\u0119 Was o to, bo jest ju\u017c czas najwy\u017cszy, aby obudzi\u0107 si\u0119 z zak\u0142amanego letargu. Aby obudzi\u0107 si\u0119 z trzydziestodwuletniego snu pe\u0142nego k\u0142amstw, zdrady, korupcji, okradania pa\u0144stwa, okradania Was. A zw\u0142aszcza z siedmioletniego snu o o POt\u0119dze. Partie, kt\u00f3re dzi\u015b rz\u0105dz\u0105 Polsk\u0105 powinny sko\u0144czy\u0107 przed Trybuna\u0142em Stanu, powinny zosta\u0107 rozwi\u0105zane, a ich liderzy poci\u0105gni\u0119ci do odpowiedzialno\u015bci.<\/span><\/p>\n<p dir=\"ltr\" style=\"line-height: 1.15; margin-top: 0pt; margin-bottom: 0pt\"><span style=\"font-size: 13px; font-family: Verdana; color: #000000; background-color: transparent; font-weight: normal; font-style: normal; font-variant: normal; text-decoration: none; vertical-align: baseline\">Je\u015bli Polska nie zmieni obecnych rz\u0105d\u00f3w, niech si\u0119 jej obywatele nie zdziwi\u0105, \u017ce ich b\u0142ogi sen, \u017ce ich bezreakcja doprowadzi\u0142y kraj do ruiny, wp\u0119dzi\u0142y \u00a0w potworn\u0105 bied\u0119 i zniszczy\u0142y wi\u0119cej istnie\u0144 ludzkich i ludzkich egzystencji ni\u017c okres komunizmu.<\/span><\/p>\n<p dir=\"ltr\" style=\"line-height: 1.15; margin-top: 0pt; margin-bottom: 0pt\"><span style=\"font-size: 13px; font-family: Verdana; color: #000000; background-color: transparent; font-weight: normal; font-style: normal; font-variant: normal; text-decoration: none; vertical-align: baseline\">Fa\u0142szywi \u201cbohaterowie\u201d, jeszcze bardziej zafa\u0142szowana tw\u00f3rczo\u015b\u0107 (filmy, artyku\u0142y, sztuki plastyczne). 32 lata prania m\u00f3zg\u00f3w. Kaci na emeryturach kilkana\u015bcie razy wy\u017cszych, ni\u017c ofiary; &#8211; \u00a0ani jeden zbrodniarz komunistyczny nie zosta\u0142 poci\u0105gni\u0119ty do odpowiedzialno\u015bci, a ten najwi\u0119kszy dost\u0105pi\u0142 zaszczytu zasiadania w Radzie Bezpiecze\u0144stwa. A zaprosi\u0142 go kto? A no ten, co niby te\u017c walczy\u0142 przeciwko \u201cgenera\u0142owi\u201d, jak mu tam &#8211; hrabia&#8230; Genera\u0142 ma emerytur\u0119 w wysoko\u015bci 7 tysi\u0119cy z\u0142otych, Kiszczak dostaje 4, 100, a bita podczas przes\u0142ucha\u0144, dzia\u0142aczka Solidarno\u015bci, El\u017cbieta Wieczorek, wi\u0119ziona przez p\u00f3\u0142tora roku w stanie wojennym musi \u017cy\u0107 za \u2026 600 z\u0142otych. Pytam si\u0119: JAKIM PRAWEM ci zbrodniarze maj\u0105 si\u0119 tak dobrze? Pytam historyka z wykszta\u0142cenia, Donalda Tuska: co by\u0142o z\u0142ego z rz\u0105dem Jana Olszewskiego, \u017ce trzeba go by\u0142o odwo\u0142a\u0107? Co by\u0142o z\u0142ego z dekomunizacj\u0105? I odpowiadam sobie sam: WSZYSTKO. Bo uderza\u0142a nie tylko w komunist\u00f3w, ale w tych drani, kt\u00f3rzy zakotwiczyli si\u0119 w Solidarno\u015bci, jako doradcy. Te wszystkie Geremki, Kuronie, Mazowieccy, Michniki i im podobni, a dalej ci, kt\u00f3rzy nominowani zostali na konsul\u00f3w po ca\u0142ym \u015bwiecie. Niby po-solidarno\u015bciowcy, z \u017cyciorysami. Dzi\u015b broni\u0105 tego systemu, jak \u015bwi\u0119to\u015bci. Prosz\u0119 zobaczy\u0107, kto wpisa\u0142 komentarz pod artyku\u0142em \u201cGabinet Samob\u00f3jc\u00f3w\u201d. Ten cz\u0142owiek chwali\u0142 si\u0119, \u017ce dzia\u0142a\u0142 na obczy\u017anie, dzi\u015b m\u00f3wi mi, \u017ce moje pisanie, to strzelanie \u201czza w\u0119g\u0142a\/zza oceanu\u201d. I, \u017ce to \u201cwstr\u0119tne\u201d. Ile\u017c ob\u0142udy i fa\u0142szu w tych zachowaniach. Ale punkt widzenia zawsze zale\u017ca\u0142 od miejsca siedzenia. My\u015bl\u0119 jednak, \u017ce niekoniecznie. Wielu ludzi m\u00f3wi mi, \u017ce mia\u0142bym tu zupe\u0142nie inne \u017cycie, gdybym nie wypowiada\u0142 sdi\u0119 g\u0142o\u015bno, gdybym nie pisa\u0142. Mo\u017ce i tak, ale, czy m\u00f3g\u0142bym na siebie patrze\u0107 w lustrze? Definitywnie nie. Wi\u0119c nie chc\u0119 tych \u201csplendor\u00f3w\u201d, klepania po plecach.<\/span><\/p>\n<p dir=\"ltr\" style=\"line-height: 1.15; margin-top: 0pt; margin-bottom: 0pt\"><span style=\"font-size: 13px; font-family: Verdana; color: #000000; background-color: transparent; font-weight: normal; font-style: normal; font-variant: normal; text-decoration: none; vertical-align: baseline\">Europejskiej bandzie rz\u0105dz\u0105cej, kt\u00f3rej polscy \u201cdygnitarze\u201d k\u0142aniaj\u0105 si\u0119 w pas nawet Matka Natura daje prztyczka w nos, o czym za chwil\u0119. Polscy rz\u0105dzacy winni jak najpr\u0119dzej zweryfikowa\u0107 i podda\u0107 pod dyskusj\u0119 z wnioskiem o cofni\u0119cie tych decyzji, wszystkie postanowienia dotycz\u0105ce op\u0142at za produkcj\u0119 dwutlenku w\u0119gla. Je\u015bli w\u0142adze Unii Europejskiej doprowadz\u0105 do ko\u0144ca swoje \u017c\u0105dania wzgl\u0119dem Polski, to nasz kraj ju\u017c si\u0119 po tych op\u0142atach nie podniesie z kolan, bo to nie tylko pieni\u0105dze, ale i zamykanie kopal\u0144. \u00a0Prosz\u0119 spojrze\u0107 na zdj\u0119cia, jakie satelity NASA zrobi\u0142y nad Arktyk\u0105:<\/span><\/p>\n<p dir=\"ltr\" style=\"line-height: 1.15; margin-top: 0pt; margin-bottom: 0pt\"><a href=\"http:\/\/niewygodne.info.pl\/artykul2\/00774-natura-zrobila-w-konia-zwolennikow-globalnego-ocieplenia.htm\" style=\"text-decoration: none\"><span style=\"font-size: 13px; font-family: Verdana; color: #1155cc; background-color: transparent; font-weight: normal; font-style: normal; font-variant: normal; text-decoration: underline; vertical-align: baseline\">http:\/\/niewygodne.info.pl\/artykul2\/00774-natura-zrobila-w-konia-zwolennikow-globalnego-ocieplenia.htm<\/span><\/a><span style=\"font-size: 13px; font-family: Verdana; color: #000000; background-color: transparent; font-weight: normal; font-style: normal; font-variant: normal; text-decoration: none; vertical-align: baseline\"><\/span><\/p>\n<p dir=\"ltr\" style=\"line-height: 1.15; margin-top: 0pt; margin-bottom: 0pt\"><span style=\"font-size: 13px; font-family: Verdana; color: #000000; background-color: transparent; font-weight: normal; font-style: normal; font-variant: normal; text-decoration: none; vertical-align: baseline\">Przypomn\u0119, \u017ce temperatury podobne do tych, jakie mamy dzisiaj wyst\u0119powa\u0142y ju\u017c w czasach, gdy jedynymi, kt\u00f3ry produkowali dwutlenek w\u0119gla byli oddychaj\u0105cy na Ziemi ludzie; nie by\u0142o przemys\u0142u. Ale dzi\u015b grupa \u0142garzy i \u0142akomych pieni\u0119dzy \u201cw\u0142adc\u00f3w\u201d wyczu\u0142a fantastyczny biznes: op\u0142aty za wypuszczany w powietrze dwutlenek w\u0119gla. Niemieckie kopalnie s\u0105 \u201cok\u201d, &#8211; polskie ju\u017c nie.<\/span><\/p>\n<p dir=\"ltr\" style=\"line-height: 1.15; margin-top: 0pt; margin-bottom: 0pt\"><span style=\"font-size: 13px; font-family: Verdana; color: #000000; background-color: transparent; font-weight: normal; font-style: normal; font-variant: normal; text-decoration: none; vertical-align: baseline\">Ukraina? <\/span><\/p>\n<p dir=\"ltr\" style=\"line-height: 1.15; margin-top: 0pt; margin-bottom: 0pt\"><span style=\"font-size: 13px; font-family: Verdana; color: #000000; background-color: transparent; font-weight: normal; font-style: normal; font-variant: normal; text-decoration: none; vertical-align: baseline\">Zaczynam coraz bardziej utwierdza\u0107 si\u0119 w przekonaniu, \u017ce mamy do czynienia z drastyczn\u0105 dwutorowo\u015bci\u0105. Jednym torem jedzie Jaros\u0142aw Kaczy\u0144ski z jego wiar\u0105 w has\u0142a i d\u0105\u017cenia wyzwole\u0144czo-wolno\u015bciowe, a drugim pod\u0105\u017ca Europa i, od kilku dni USA. Ich celem jest os\u0142abienie Putina, ale wy\u0142\u0105cznie r\u0119kami Ukrai\u0144c\u00f3w. Dla nich relacja z Putinem, to ci\u0105gle ugrzeczniona poprawno\u015b\u0107 polityczna, ale by\u0142oby fajnie, gdyby Ukrainie uda\u0142o si\u0119 cho\u0107by troch\u0119 podgry\u017a\u0107 gard\u0142o temu nied\u017awiedziowi.<\/span><\/p>\n<p dir=\"ltr\" style=\"line-height: 1.15; margin-top: 0pt; margin-bottom: 0pt\"><span style=\"font-size: 13px; font-family: Verdana; color: #000000; background-color: transparent; font-weight: normal; font-style: normal; font-variant: normal; text-decoration: none; vertical-align: baseline\">Janukowycz wr\u00f3ci z Rosji i zada Ukrai\u0144com pytanie: co nam oferuje Europa? i od razu im odpowie:<\/span><\/p>\n<p dir=\"ltr\" style=\"line-height: 1.15; margin-top: 0pt; margin-bottom: 0pt\"><span style=\"font-size: 13px; font-family: Verdana; color: #000000; background-color: transparent; font-weight: normal; font-style: normal; font-variant: normal; text-decoration: none; vertical-align: baseline\">-Nic, opr\u00f3cz dotacji, kt\u00f3re trzeba b\u0119dzie zwraca\u0107 w corocznych sk\u0142adkach. A Putin daje nam kilkakrotnie ta\u0144szy gaz. To co lepsze?<\/span><\/p>\n<p dir=\"ltr\" style=\"line-height: 1.15; margin-top: 0pt; margin-bottom: 0pt\"><span style=\"font-size: 13px; font-family: Verdana; color: #000000; background-color: transparent; font-weight: normal; font-style: normal; font-variant: normal; text-decoration: none; vertical-align: baseline\">Za\u0142amie si\u0119 Majdan, podziel\u0105 si\u0119 i por\u00f3\u017cni\u0105 obywatele. Wszystko trafi szlag.<\/span><\/p>\n<p dir=\"ltr\" style=\"line-height: 1.15; margin-top: 0pt; margin-bottom: 0pt\"><span style=\"font-size: 13px; font-family: Verdana; color: #000000; background-color: transparent; font-weight: normal; font-style: normal; font-variant: normal; text-decoration: none; vertical-align: baseline\">A sk\u0105d si\u0119 wzi\u0119\u0142a ta dramatyczna sytuacja gospodarcza Ukrainy? Wy\u0142\u0105cznie z korupcji. Zreszt\u0105 nie tylko na Ukrainie. Pod nasz\u0105 \u201clatarni\u0105\u201d ci\u0105gle jednak ciemno. Pokazowo skazano Tymoszenko. I s\u0142usznie, je\u015bli s\u0105 dowody. Ale czemu tylko j\u0105? A czy z ekipy Janukowycza kto\u015b dostanie wyrok? A on sam? No i tu si\u0119 zamyka ko\u0142o.<\/span><\/p>\n<p><span style=\"font-size: 13px; font-family: Verdana; color: #000000; background-color: transparent; font-weight: normal; font-style: normal; font-variant: normal; text-decoration: none; vertical-align: baseline\">Nie karze si\u0119 polityk\u00f3w ze efekty gospodarcze. W Polsce nie karze si\u0119 polityk\u00f3w nawet za zbrodnie, a powinni ju\u017c dawno siedzie\u0107 Jaruzel, Kiszczak, Urban, a i marsza\u0142kini Kopacz za k\u0142amstwa smole\u0144skie. I wielu, wielu innych. Dymisja, to najwy\u017csza kara dla polityka. A \u201czegarki\u201d i tak im zostawi\u0105. <\/span><\/p>\n","protected":false},"excerpt":{"rendered":"<p>Wszystkim, kt\u00f3rzy tak naiwnie wierz\u0105 mediom rz\u0105dowym proponuj\u0119, aby zakupili karty Telewizji Republika i cho\u0107by dla r\u00f3wnowagi w\u0142asnych my\u015bli, opinii i os\u0105d\u00f3w pos\u0142uchali czasem, co m\u00f3wi\u0105 ludzie, kt\u00f3rym m\u00f3wi\u0107 w mediach rz\u0105dowych nie wolno.<\/p>\n","protected":false},"author":2,"featured_media":0,"comment_status":"open","ping_status":"open","sticky":false,"template":"","format":"standard","meta":[],"categories":[4],"tags":[],"_links":{"self":[{"href":"https:\/\/sporek.com\/blog\/index.php?rest_route=\/wp\/v2\/posts\/417"}],"collection":[{"href":"https:\/\/sporek.com\/blog\/index.php?rest_route=\/wp\/v2\/posts"}],"about":[{"href":"https:\/\/sporek.com\/blog\/index.php?rest_route=\/wp\/v2\/types\/post"}],"author":[{"embeddable":true,"href":"https:\/\/sporek.com\/blog\/index.php?rest_route=\/wp\/v2\/users\/2"}],"replies":[{"embeddable":true,"href":"https:\/\/sporek.com\/blog\/index.php?rest_route=%2Fwp%2Fv2%2Fcomments&post=417"}],"version-history":[{"count":0,"href":"https:\/\/sporek.com\/blog\/index.php?rest_route=\/wp\/v2\/posts\/417\/revisions"}],"wp:attachment":[{"href":"https:\/\/sporek.com\/blog\/index.php?rest_route=%2Fwp%2Fv2%2Fmedia&parent=417"}],"wp:term":[{"taxonomy":"category","embeddable":true,"href":"https:\/\/sporek.com\/blog\/index.php?rest_route=%2Fwp%2Fv2%2Fcategories&post=417"},{"taxonomy":"post_tag","embeddable":true,"href":"https:\/\/sporek.com\/blog\/index.php?rest_route=%2Fwp%2Fv2%2Ftags&post=417"}],"curies":[{"name":"wp","href":"https:\/\/api.w.org\/{rel}","templated":true}]}}