{"id":418,"date":"2013-12-24T01:18:35","date_gmt":"2013-12-24T05:18:35","guid":{"rendered":"http:\/\/sporek.com\/blog\/?p=418"},"modified":"2013-12-24T11:33:31","modified_gmt":"2013-12-24T15:33:31","slug":"swieta-swieta-i-%e2%80%a6po-zakupach","status":"publish","type":"post","link":"https:\/\/sporek.com\/blog\/?p=418","title":{"rendered":"\u015awi\u0119ta, \u015awi\u0119ta i \u2026po zakupach."},"content":{"rendered":"<p dir=\"ltr\" style=\"line-height: 1.15; margin-top: 0pt; margin-bottom: 0pt\"><span style=\"font-size: 13px; font-family: Verdana; color: #000000; background-color: transparent; font-weight: normal; font-style: normal; font-variant: normal; text-decoration: none; vertical-align: baseline\"><\/span><span style=\"font-size: 15px; font-family: 'Times New Roman'; color: #ff0000; background-color: transparent; font-weight: bold; font-style: italic; font-variant: normal; text-decoration: none; vertical-align: baseline\">Wszystkim, kt\u00f3rzy czytaj\u0105 m\u00f3j blog; wszystkim, kt\u00f3rzy go nie czytaj\u0105; moim Przyjacio\u0142om, moim Wrogom, moim najbli\u017cszym, dalszym i dalekim Krewnym; wszystkim Polakom w kraju i na obczy\u017anie, z okazji \u015awi\u0105t Bo\u017cego Narodzenia, z g\u0142\u0119bi serca, najszczerzej i najserdeczniej \u017cycz\u0119 codziennego b\u0142ogos\u0142awie\u0144stwa \u00a0Nowonarodzonego, \u017cycz\u0119 zdrowia i si\u0142 do pokonywania trudno\u015bci, jakie niesie codzienno\u015b\u0107, \u017cycz\u0119 du\u017co u\u015bmiechu, mi\u0142o\u015bci, dobrych i czystych przyja\u017ani. Janusz Sporek<!--more--><\/span><\/p>\n<p><span style=\"font-size: 13px; font-family: 'Times New Roman'; color: #ff0000; background-color: transparent; font-weight: bold; font-style: italic; font-variant: normal; text-decoration: none; vertical-align: baseline\"><\/span><\/p>\n<p dir=\"ltr\" style=\"line-height: 1.15; margin-top: 0pt; margin-bottom: 0pt\"><span style=\"font-size: 13px; font-family: Verdana; color: #000000; background-color: transparent; font-weight: normal; font-style: normal; font-variant: normal; text-decoration: none; vertical-align: baseline\">A ja postanowi\u0142em nie robi\u0107 zakup\u00f3w w sklepach, kt\u00f3re w oknach wystawowych i wewn\u0105trz maj\u0105 has\u0142a: \u201cHappy Holidays\u201d Jak m\u00f3wi pi\u0119kna piosenka: \u201cChristmas isn\u2019t just another Holiday\u201d. <\/span><\/p>\n<p dir=\"ltr\" style=\"line-height: 1.15; margin-top: 0pt; margin-bottom: 0pt\"><span style=\"font-size: 13px; font-family: Verdana; color: #000000; background-color: transparent; font-weight: normal; font-style: normal; font-variant: normal; text-decoration: none; vertical-align: baseline\">Tak, \u015awi\u0119ta Bo\u017cego Narodzenia, to nie \u201cjakie\u015b tam, zwyk\u0142e \u015bwi\u0119ta\u201d &#8211; jedne ze \u015bwi\u0105t\u2026 Pos\u0142uchajcie tej znakomitej piosenki, <\/span><span style=\"font-size: 13px; font-family: Verdana; color: #000000; background-color: transparent; font-weight: normal; font-style: normal; font-variant: normal; text-decoration: none; vertical-align: baseline\"><span style=\"font-size: 13px; font-family: Verdana; color: #000000; background-color: transparent; font-weight: normal; font-style: normal; font-variant: normal; text-decoration: none; vertical-align: baseline\" id=\"docs-internal-guid-5b56bf9f-230d-8cab-9bcb-0c4a6245fb44\">zatrzymujcie, aby dok\u0142adnie przeczyta\u0107 tekst. To jest najbardziej adekwatny do obecnych tendencji utw\u00f3r:<\/span><\/span><a href=\"http:\/\/www.youtube.com\/watch?v=ln01p1M2cH0\" style=\"text-decoration: none\"><span style=\"font-size: 13px; font-family: Verdana; color: #366388; background-color: #b8eab8; font-weight: normal; font-style: normal; font-variant: normal; text-decoration: underline; vertical-align: baseline\"> http:\/\/www.youtube.com\/watch?v=ln01p1M2cH0<\/span><\/a><span style=\"font-size: 13px; font-family: Verdana; color: #000000; background-color: transparent; font-weight: normal; font-style: normal; font-variant: normal; text-decoration: none; vertical-align: baseline\"><\/span><\/p>\n<p dir=\"ltr\" style=\"line-height: 1.15; margin-top: 0pt; margin-bottom: 0pt\"><span style=\"font-size: 13px; font-family: Verdana; color: #000000; background-color: transparent; font-weight: normal; font-style: normal; font-variant: normal; text-decoration: none; vertical-align: baseline\">S\u0105 tu ludzie i organizacje, kt\u00f3re d\u0105\u017c\u0105 konsekwentnie do usuni\u0119cia z naszego j\u0119zyka poj\u0119\u0107 Christmas. Zreszt\u0105 w Polsce dzieje si\u0119 podobnie za spraw\u0105 takich partii, jak SLD, czy te palikoto-pochodne. A i w innych dziedzinach polskie okre\u015blenia wypierane s\u0105 przez obce i to tak debilnie, \u017ce a\u017c trudno uwierzy\u0107, i\u017c liderami w tym s\u0105 dziennikarze, czy nawet sam premier, kt\u00f3ry m\u00f3wi o &#8222;lewelu&#8221;, dziennikarze nie potrafi\u0105 powiedzie\u0107, \u017ce kto\u015b prowadzi\u0142 badania i opieraj\u0105 sowje informacje na &#8222;riserczu&#8221; kogo\u015b tam, a wczoraj by\u0142 \u015bwietny &#8222;iwent&#8221;. Tej g\u0142upoty jest zatrz\u0119sienie. Nie wiem, czy oni my\u015bl\u0105, \u017ce wychodz\u0105 na bardziej oczytanych, bo ja mam o nich absolutnie odwrotn\u0105 opini\u0119. I mamy ju\u017c na porz\u0105dku dziennym: Holiday Season, zamiast Christmas Season; Winter Concert, zamiast Christmas Concert. Co ciekawe, dosta\u0142em kilka dni temu \u017cyczenia \u015bwi\u0105teczne od jednej z polonijnych organizacji; kartka nosi tytu\u0142 Holiday Season, a obrazek na niej przedstawia&#8230;za\u015bnie\u017cony fragment jakiego\u015b lasu. Nie b\u0119d\u0119 wymienia\u0142 waszej nazwy, ale wiem, \u017ce czytacie m\u00f3j blog, to mo\u017ce zr\u00f3bcie rachunek sumienia; pochodzicie z kraju, kt\u00f3ry da\u0142 \u015bwiatu Papie\u017ca, z kraju, w kt\u00f3rym pod koniec XX wieku, za prawd\u0119 i za wiar\u0119 zgin\u0105\u0142 Blogos\u0142awiony Ks. Jerzy Popie\u0142uszko. A wy \u201cHoliday Season\u2026\u201d? Jak wam nie wstyd, &#8211; malowani patrioci.<\/span><\/p>\n<p dir=\"ltr\" style=\"line-height: 1.15; margin-top: 0pt; margin-bottom: 0pt\"><span style=\"font-size: 13px; font-family: Verdana; color: #000000; background-color: transparent; font-weight: normal; font-style: normal; font-variant: normal; text-decoration: none; vertical-align: baseline\">W szko\u0142ach okr\u0119gu Bordentown, w New Jersey wydano o\u015bwiadczenie (szefowa okr\u0119gu Constance Bauer), wed\u0142ug kt\u00f3rego nie b\u0119dzie wolno \u015bpiewa\u0107 \u017cadnych kol\u0119d o tre\u015bciach religijnych, jak Cicha Noc, First Noel, Joy to the World, ale b\u0119dzie mo\u017cna \u015bpiewa\u0107 o reniferze Rudolfie, Ba\u0142wanie Frosty, mamie, kt\u00f3ra ca\u0142owa\u0142a Santa Claus i inne bzdury.<\/span><\/p>\n<p dir=\"ltr\" style=\"line-height: 1.15; margin-top: 0pt; margin-bottom: 0pt\"><span style=\"font-size: 13px; font-family: Verdana; color: #000000; background-color: transparent; font-weight: normal; font-style: normal; font-variant: normal; text-decoration: none; vertical-align: baseline\">\u015apiewanie pi\u0119\u015bni religijnych jest absolutnie zgodne z Konstytucj\u0105. Zabranianie tego jest konstytucjonalnie zabronione. Ciekaw jestem, co stan New Jersey z tym zrobi, przecie\u017c to Pierwsza Poprawka do Konstytucji (First Amendment). Oto link do ca\u0142ego artyku\u0142u:<\/span><\/p>\n<p dir=\"ltr\" style=\"line-height: 1.15; margin-top: 0pt; margin-bottom: 0pt\"><a href=\"https:\/\/bay178.mail.live.com\/default.aspx?id=64855#n=954284289&amp;fid=1&amp;mid=55536baf-432c-11e3-a040-002264c291ae&amp;fv=1\" style=\"text-decoration: none\"><span style=\"font-size: 13px; font-family: Verdana; color: #1155cc; background-color: transparent; font-weight: normal; font-style: normal; font-variant: normal; text-decoration: underline; vertical-align: baseline\">https:\/\/bay178.mail.live.com\/default.aspx?id=64855#n=954284289&amp;fid=1&amp;mid=55536baf-432c-11e3-a040-002264c291ae&amp;fv=1<\/span><\/a><\/p>\n<p><span style=\"font-size: 13px; font-family: Verdana; color: #000000; background-color: transparent; font-weight: normal; font-style: normal; font-variant: normal; text-decoration: none; vertical-align: baseline\"><\/span><\/p>\n<p dir=\"ltr\" style=\"line-height: 1.15; margin-top: 0pt; margin-bottom: 0pt\"><span style=\"font-size: 13px; font-family: Verdana; color: #000000; background-color: transparent; font-weight: normal; font-style: normal; font-variant: normal; text-decoration: none; vertical-align: baseline\">Weso\u0142ych \u015awi\u0105t Bo\u017cego Narodzenia, <\/span><\/p>\n<p dir=\"ltr\" style=\"line-height: 1.15; margin-top: 0pt; margin-bottom: 0pt\"><span style=\"font-size: 13px; font-family: Verdana; color: #000000; background-color: transparent; font-weight: normal; font-style: normal; font-variant: normal; text-decoration: none; vertical-align: baseline\">owocnego kultywowania polskiej tradycji.<\/span><\/p>\n","protected":false},"excerpt":{"rendered":"<p>Wszystkim, kt\u00f3rzy czytaj\u0105 m\u00f3j blog; wszystkim, kt\u00f3rzy go nie czytaj\u0105; moim Przyjacio\u0142om, moim Wrogom, moim najbli\u017cszym, dalszym i dalekim Krewnym; wszystkim Polakom w kraju i na obczy\u017anie, z okazji \u015awi\u0105t Bo\u017cego Narodzenia, z g\u0142\u0119bi serca, najszczerzej i najserdeczniej \u017cycz\u0119 codziennego b\u0142ogos\u0142awie\u0144stwa \u00a0Nowonarodzonego, \u017cycz\u0119 zdrowia i si\u0142 do pokonywania trudno\u015bci, jakie niesie codzienno\u015b\u0107, \u017cycz\u0119 du\u017co u\u015bmiechu, [&hellip;]<\/p>\n","protected":false},"author":2,"featured_media":0,"comment_status":"open","ping_status":"open","sticky":false,"template":"","format":"standard","meta":[],"categories":[1],"tags":[],"_links":{"self":[{"href":"https:\/\/sporek.com\/blog\/index.php?rest_route=\/wp\/v2\/posts\/418"}],"collection":[{"href":"https:\/\/sporek.com\/blog\/index.php?rest_route=\/wp\/v2\/posts"}],"about":[{"href":"https:\/\/sporek.com\/blog\/index.php?rest_route=\/wp\/v2\/types\/post"}],"author":[{"embeddable":true,"href":"https:\/\/sporek.com\/blog\/index.php?rest_route=\/wp\/v2\/users\/2"}],"replies":[{"embeddable":true,"href":"https:\/\/sporek.com\/blog\/index.php?rest_route=%2Fwp%2Fv2%2Fcomments&post=418"}],"version-history":[{"count":0,"href":"https:\/\/sporek.com\/blog\/index.php?rest_route=\/wp\/v2\/posts\/418\/revisions"}],"wp:attachment":[{"href":"https:\/\/sporek.com\/blog\/index.php?rest_route=%2Fwp%2Fv2%2Fmedia&parent=418"}],"wp:term":[{"taxonomy":"category","embeddable":true,"href":"https:\/\/sporek.com\/blog\/index.php?rest_route=%2Fwp%2Fv2%2Fcategories&post=418"},{"taxonomy":"post_tag","embeddable":true,"href":"https:\/\/sporek.com\/blog\/index.php?rest_route=%2Fwp%2Fv2%2Ftags&post=418"}],"curies":[{"name":"wp","href":"https:\/\/api.w.org\/{rel}","templated":true}]}}