{"id":419,"date":"2013-12-29T08:11:38","date_gmt":"2013-12-29T12:11:38","guid":{"rendered":"http:\/\/sporek.com\/blog\/?p=419"},"modified":"2013-12-30T06:57:09","modified_gmt":"2013-12-30T10:57:09","slug":"wojciech-kilar-epitafium","status":"publish","type":"post","link":"https:\/\/sporek.com\/blog\/?p=419","title":{"rendered":"Wojciech Kilar &#8211; Epitafium"},"content":{"rendered":"<p dir=\"ltr\" style=\"line-height: 1.15; margin-top: 0pt; margin-bottom: 0pt\"><span style=\"font-size: 13px; font-family: Verdana; color: #000000; background-color: transparent; font-weight: normal; font-style: normal; font-variant: normal; text-decoration: none; vertical-align: baseline\">Niedziela, 29 grudnia, 2013. <\/span><\/p>\n<p dir=\"ltr\" style=\"line-height: 1.15; margin-top: 0pt; margin-bottom: 0pt\"><span style=\"font-size: 13px; font-family: Verdana; color: #000000; background-color: transparent; font-weight: normal; font-style: normal; font-variant: normal; text-decoration: none; vertical-align: baseline\">O 4:15 intensywnie dzwoni moja kom\u00f3rka. Boj\u0119 si\u0119 takich telefon\u00f3w, 10 kwietnia, 2010 roku o tej samej porze obudzi\u0142 mnie telefon od mojego przyjaciela: \u201czgin\u0105\u0142 Prezydent Kaczy\u0144ski\u201d -&#8230;. <!--more--><\/span><\/p>\n<p dir=\"ltr\" style=\"line-height: 1.15; margin-top: 0pt; margin-bottom: 0pt\"><span style=\"font-size: 13px; font-family: Verdana; color: #000000; background-color: transparent; font-weight: normal; font-style: normal; font-variant: normal; text-decoration: none; vertical-align: baseline\">Dzi\u015b, na ekranie telefonu przeczyta\u0142em \u201cBli\u017aniak\u201d &#8211; i trwoga: Rany Boskie, co si\u0119 sta\u0142o?<\/span><\/p>\n<p dir=\"ltr\" style=\"line-height: 1.15; margin-top: 0pt; margin-bottom: 0pt\"><span style=\"font-size: 13px; font-family: Verdana; color: #000000; background-color: transparent; font-weight: normal; font-style: normal; font-variant: normal; text-decoration: none; vertical-align: baseline\">-Wiem, \u017ce jest czwarta rano, ale chc\u0119 ci\u0119 zawiadomi\u0107, \u017ce zmar\u0142 Wojciech Kilar.<\/span><\/p>\n<p dir=\"ltr\" style=\"line-height: 1.15; margin-top: 0pt; margin-bottom: 0pt\"><span style=\"font-size: 13px; font-family: Verdana; color: #000000; background-color: transparent; font-weight: normal; font-style: normal; font-variant: normal; text-decoration: none; vertical-align: baseline\">-M\u00f3j Bo\u017ce, miej w opiece Jego Dusz\u0119.<\/span><\/p>\n<p dir=\"ltr\" style=\"line-height: 1.15; margin-top: 0pt; margin-bottom: 0pt\"><span style=\"font-size: 13px; font-family: Verdana; color: #000000; background-color: transparent; font-weight: normal; font-style: normal; font-variant: normal; text-decoration: none; vertical-align: baseline\">Nie rozmawiali\u015bmy wiecej.<\/span><\/p>\n<p dir=\"ltr\" style=\"line-height: 1.15; margin-top: 0pt; margin-bottom: 0pt\"><span style=\"font-size: 13px; font-family: Verdana; color: #000000; background-color: transparent; font-weight: normal; font-style: normal; font-variant: normal; text-decoration: none; vertical-align: baseline\">Ukl\u0119kn\u0105\u0142em: <\/span><span style=\"font-size: 13px; font-family: Verdana; color: #000000; background-color: transparent; font-weight: normal; font-style: italic; font-variant: normal; text-decoration: none; vertical-align: baseline\">W Imi\u0119 Ojca i Syna i Ducha \u015awi\u0119tego &#8211; Ojcze Nasz, Zdrowa\u015b Mario i Wieczne Odpoczywanie<\/span><span style=\"font-size: 13px; font-family: Verdana; color: #000000; background-color: transparent; font-weight: normal; font-style: normal; font-variant: normal; text-decoration: none; vertical-align: baseline\"> &#8211; odm\u00f3wi\u0142em p\u00f3\u0142szeptem.<\/span><\/p>\n<p dir=\"ltr\" style=\"line-height: 1.15; margin-top: 0pt; margin-bottom: 0pt\"><span style=\"font-size: 13px; font-family: Verdana; color: #000000; background-color: transparent; font-weight: normal; font-style: normal; font-variant: normal; text-decoration: none; vertical-align: baseline\">Odszed\u0142 jeden z najwspanialszych ludzi i najwspanialszych kompozytor\u00f3w naszych czas\u00f3w. Cz\u0142owiecze\u0144stwo \u00a0Wojciecha Kilara mierz\u0119 nie tylko Jego tw\u00f3rczo\u015bci\u0105; patrz\u0119 na Jego cz\u0142owiecze\u0144stwo przez pryzmat naszej znajomosci, naszej przyja\u017ani; Jego wpis\u00f3w do ksi\u0119gi pami\u0105tkowej 20-lecia mojej pracy artystycznej w USA. wpisu na pierwszej stronie partytury \u201cAngelus\u201d, kt\u00f3r\u0105 podarowa\u0142 mi podczas obchod\u00f3w 70-lecia Jego urodzin w katowickim EMPiKu, w 2007 roku, naszych rozm\u00f3w bezpo\u015brednich i naszych rozm\u00f3w telefonicznych.<\/span><\/p>\n<p dir=\"ltr\" style=\"line-height: 1.15; margin-top: 0pt; margin-bottom: 0pt\"><span style=\"font-size: 13px; font-family: Verdana; color: #000000; background-color: transparent; font-weight: normal; font-style: normal; font-variant: normal; text-decoration: none; vertical-align: baseline\">Ciep\u0142y, serdeczny, otwarty &#8211; WIELKI.<\/span><\/p>\n<p dir=\"ltr\" style=\"line-height: 1.15; margin-top: 0pt; margin-bottom: 0pt\"><span style=\"font-size: 13px; font-family: Verdana; color: #000000; background-color: transparent; font-weight: normal; font-style: normal; font-variant: normal; text-decoration: none; vertical-align: baseline\">Tw\u00f3rczo\u015b\u0107 Wojciecha Kilara jest najwspanialsz\u0105 partnerk\u0105 wszystkiego, co dzia\u0142o si\u0119 w polskiej kulturze powojennej; &#8211; film teatr. Ale nie tylko; ameryka\u0144slkie kino bez Jego muzyki nie by\u0142oby tak wspania\u0142e: City of Angels, Dracula-the Bram Stoker\u2019s, Ninth Gates i wiele innych film\u00f3w wielkich re\u017cyser\u00f3w.<\/span><\/p>\n<p dir=\"ltr\" style=\"line-height: 1.15; margin-top: 0pt; margin-bottom: 0pt\"><span style=\"font-size: 13px; font-family: Verdana; color: #000000; background-color: transparent; font-weight: normal; font-style: normal; font-variant: normal; text-decoration: none; vertical-align: baseline\">Wojciech Kilar reagowa\u0142 na wydarzenia spo\u0142eczne i te zwi\u0105zane z polityk\u0105. Prawy i prawicowy. To On i rozmowy z Nim dodawa\u0142y mi si\u0142 i przekonywa\u0142y o warto\u015bciach prawicowych, g\u0142\u00f3wnie tych zwi\u0105zanych z chrze\u015bcija\u0144stwem i patriotyzmem.<\/span><\/p>\n<p dir=\"ltr\" style=\"line-height: 1.15; margin-top: 0pt; margin-bottom: 0pt\"><span style=\"font-size: 13px; font-family: Verdana; color: #000000; background-color: transparent; font-weight: normal; font-style: normal; font-variant: normal; text-decoration: none; vertical-align: baseline\">Dzie\u0142o do tekstu Pozdrowienia Anielskiego napisane z my\u015bl\u0105 o klasztorze Jasnog\u00f3rskim i uroczysto\u015bci otwarcia po konserwacji tamtejszego O\u0142tarza. <\/span><span style=\"font-size: 13px; font-family: Verdana; color: #000000; background-color: transparent; font-weight: bold; font-style: normal; font-variant: normal; text-decoration: none; vertical-align: baseline\">\u201eTo jest chyba pierwszy m\u00f3j utw\u00f3r religijny\u201d<\/span><span style=\"font-size: 13px; font-family: Verdana; color: #000000; background-color: transparent; font-weight: normal; font-style: normal; font-variant: normal; text-decoration: none; vertical-align: baseline\"> m\u00f3wi\u0142 przed laty Wojciech Kilar. <\/span><span style=\"font-size: 13px; font-family: Verdana; color: #000000; background-color: transparent; font-weight: bold; font-style: normal; font-variant: normal; text-decoration: none; vertical-align: baseline\">\u201eZaraz wszak\u017ce ogarniaj\u0105 mnie w\u0105tpliwo\u015bci, jako\u015b nie mam \u015bmia\u0142o\u015bci przyzna\u0107 si\u0119 do muzyki czysto religijnej. Jest to przecie\u017c Angelus roku 1984, utw\u00f3r w kt\u00f3rym sacrum i profanum jak zwykle w mojej tw\u00f3rczo\u015bci wzajemnie si\u0119 przenikaj\u0105 i \u0142\u0105cz\u0105. [&#8230;] Religijno\u015b\u0107 tego utworu jest nierozerwalnie zwi\u0105zana z tym, co si\u0119 u nas dzieje.&#8221; <\/span><\/p>\n<p dir=\"ltr\" style=\"line-height: 1.15; margin-top: 0pt; margin-bottom: 0pt\"><span style=\"font-size: 13px; font-family: Verdana; color: #000000; background-color: transparent; font-weight: normal; font-style: normal; font-variant: normal; text-decoration: none; vertical-align: baseline\">W czasie stanu wojennego Wojciech Kilar przybywa\u0142 na Jasn\u0105 G\u00f3r\u0119, by odnale\u017a\u0107 tu utracon\u0105 nadziej\u0119 i na nowo odkry\u0107 sens \u017cycia. \u201e(\u2026) <\/span><span style=\"font-size: 13px; font-family: Verdana; color: #000000; background-color: transparent; font-weight: bold; font-style: normal; font-variant: normal; text-decoration: none; vertical-align: baseline\">Tu, przy Cudownym Obrazie Matki Bo\u017cej, poczu\u0142em si\u0119 wolny. (\u2026) Ufa\u0142em, \u017ce Matka Bo\u017ca nas nie opu\u015bci, pomo\u017ce nam i wyjdziemy z tego zwyci\u0119sko\u201d &#8211; <\/span><span style=\"font-size: 13px; font-family: Verdana; color: #000000; background-color: transparent; font-weight: normal; font-style: normal; font-variant: normal; text-decoration: none; vertical-align: baseline\">tak wspomina ten czas kompozytor:<\/span><span style=\"font-size: 13px; font-family: Verdana; color: #000000; background-color: transparent; font-weight: bold; font-style: normal; font-variant: normal; text-decoration: none; vertical-align: baseline\"> \u201eNa Jasnej G\u00f3rze odnalaz\u0142em woln\u0105 Polsk\u0119&#8230; i siebie\u201d, Podczas tych wizyt na Jasnej G\u00f3rze znalaz\u0142em co\u015b jeszcze &#8211; rado\u015b\u0107 w prostej modlitwie r\u00f3\u017ca\u0144cowej. I to w\u0142a\u015bnie R\u00f3\u017caniec sta\u0142 si\u0119 zal\u0105\u017ckiem kantaty \u201eAngelus\u201d &#8211; <\/span><span style=\"font-size: 13px; font-family: Verdana; color: #000000; background-color: transparent; font-weight: normal; font-style: normal; font-variant: normal; text-decoration: none; vertical-align: baseline\">jak podkre\u015bla Kilar,<\/span><span style=\"font-size: 13px; font-family: Verdana; color: #000000; background-color: transparent; font-weight: bold; font-style: normal; font-variant: normal; text-decoration: none; vertical-align: baseline\"> <\/span><span style=\"font-size: 13px; font-family: Verdana; color: #000000; background-color: transparent; font-weight: normal; font-style: normal; font-variant: normal; text-decoration: none; vertical-align: baseline\">jednego z najwa\u017cniejszych dla niego utwor\u00f3w, kt\u00f3rego partytura z\u0142o\u017cona zosta\u0142a jako wotum u st\u00f3p Pani Jasnog\u00f3rskiej. <\/span><\/p>\n<p dir=\"ltr\" style=\"line-height: 1.15; margin-top: 0pt; margin-bottom: 0pt\"><span style=\"font-size: 13px; font-family: Verdana; color: #000000; background-color: transparent; font-weight: normal; font-style: normal; font-variant: normal; text-decoration: none; vertical-align: baseline\">Partytura Angelus zawiera dedykacj\u0119: \u201cMojej \u017bonie\u201d &#8211; to wdzi\u0119czno\u015b\u0107 Wojciecha Kilara dla kobiety, kt\u00f3ra by\u0142a Jego najbli\u017cszym przyjacielem i najwi\u0119kszym wsparciem, towarzyszk\u0105 Jego uczu\u0107 religijnych i patriotycznych. <\/span><\/p>\n<p dir=\"ltr\" style=\"line-height: 1.15; margin-top: 0pt; margin-bottom: 0pt\"><span style=\"font-size: 13px; font-family: Verdana; color: #000000; background-color: transparent; font-weight: normal; font-style: normal; font-variant: normal; text-decoration: none; vertical-align: baseline\">Ale to nie by\u0142 pierwszy utw\u00f3r religijny, bo ju\u017c w 1975 napisa\u0142 wspania\u0142\u0105 Bogurodzic\u0119. Kiedy spotkali\u015bmy si\u0119 w Nowym Jorku przyzna\u0142 mi si\u0119, \u017ce Angelus wszelako, to Jego reakcja na stan wojenny, na sponiewieranie Narodu i odniesienie do tysi\u0105cletnich tradycji.<\/span><\/p>\n<p dir=\"ltr\" style=\"line-height: 1.15; margin-top: 0pt; margin-bottom: 0pt\"><span style=\"font-size: 13px; font-family: Verdana; color: #000000; background-color: transparent; font-weight: normal; font-style: normal; font-variant: normal; text-decoration: none; vertical-align: baseline\">Wielki tryptyk: <\/span><span style=\"font-size: 13px; font-family: Verdana; color: #000000; background-color: transparent; font-weight: bold; font-style: normal; font-variant: normal; text-decoration: none; vertical-align: baseline\">Exodus, <\/span><span style=\"font-size: 13px; font-family: Verdana; color: #000000; background-color: transparent; font-weight: normal; font-style: normal; font-variant: normal; text-decoration: none; vertical-align: baseline\" id=\"docs-internal-guid-29e163f5-3e4d-4d1b-3ac3-58cb2b914f18\">(oparty na Ksi\u0119dze Wyj\u015bcia) <\/span><span style=\"font-size: 13px; font-family: Verdana; color: #000000; background-color: transparent; font-weight: bold; font-style: normal; font-variant: normal; text-decoration: none; vertical-align: baseline\">Angelus, <\/span><span style=\"font-size: 13px; font-family: Verdana; color: #000000; background-color: transparent; font-weight: normal; font-style: normal; font-variant: normal; text-decoration: none; vertical-align: baseline\">(modlitwa r\u00f3\u017ca\u0144cowa, tak mocno zakorzeniona w tradycj\u0119 polskiego chrze\u015bcija\u0144stwa) i wreszcie wiara w ostateczne zwyci\u0119stwo tych warto\u015bci &#8211;<\/span><span style=\"font-size: 13px; font-family: Verdana; color: #000000; background-color: transparent; font-weight: bold; font-style: normal; font-variant: normal; text-decoration: none; vertical-align: baseline\"> Victoria, <\/span><span style=\"font-size: 13px; font-family: Verdana; color: #000000; background-color: transparent; font-weight: normal; font-style: normal; font-variant: normal; text-decoration: none; vertical-align: baseline\">to utwory tyle religijne, co patriotyczne.<\/span><\/p>\n<p dir=\"ltr\" style=\"line-height: 1.15; margin-top: 0pt; margin-bottom: 0pt\"><span style=\"font-size: 13px; font-family: Verdana; color: #000000; background-color: transparent; font-weight: normal; font-style: normal; font-variant: normal; text-decoration: none; vertical-align: baseline\">W 2005 roku, Wojciech Kilar zosta\u0142 cz\u0142onkiem Honorowego Komitetu Poparcia<\/span><a href=\"http:\/\/pl.wikipedia.org\/wiki\/Lech_Kaczy%C5%84ski\" style=\"text-decoration: none\"><span style=\"font-size: 13px; font-family: Verdana; color: #000000; background-color: transparent; font-weight: normal; font-style: normal; font-variant: normal; text-decoration: none; vertical-align: baseline\"> Lecha Kaczy\u0144skiego<\/span><\/a><span style=\"font-size: 13px; font-family: Verdana; color: #000000; background-color: transparent; font-weight: normal; font-style: normal; font-variant: normal; text-decoration: none; vertical-align: baseline\"> w wyborach prezydenckich, a podczas kampanii przed wyborami do parlamentu w 2007 udzieli\u0142 wsparcia<\/span><a href=\"http:\/\/pl.wikipedia.org\/wiki\/Prawo_i_Sprawiedliwo%C5%9B%C4%87\" style=\"text-decoration: none\"><span style=\"font-size: 13px; font-family: Verdana; color: #000000; background-color: transparent; font-weight: normal; font-style: normal; font-variant: normal; text-decoration: none; vertical-align: baseline\"> Prawu i Sprawiedliwo\u015bci<\/span><\/a><span style=\"font-size: 13px; font-family: Verdana; color: #000000; background-color: transparent; font-weight: normal; font-style: normal; font-variant: normal; text-decoration: none; vertical-align: baseline\">. <\/span><\/p>\n<p dir=\"ltr\" style=\"line-height: 1.15; margin-top: 0pt; margin-bottom: 0pt\"><span style=\"font-size: 13px; font-family: Verdana; color: #000000; background-color: transparent; font-weight: normal; font-style: normal; font-variant: normal; text-decoration: none; vertical-align: baseline\">Klasztor Jasnog\u00f3rski by\u0142 Jego azylem, miejscem ucieczki od tragicznej rzeczywisto\u015bci, od kt\u00f3rej jednak uciec nie by\u0142o mo\u017cliwe. Wi\u0119c tworzy\u0142. <\/span><span style=\"font-size: 13px; font-family: Verdana; color: #000000; background-color: transparent; font-weight: bold; font-style: normal; font-variant: normal; text-decoration: none; vertical-align: baseline\">Angelus<\/span><span style=\"font-size: 13px; font-family: Verdana; color: #000000; background-color: transparent; font-weight: normal; font-style: normal; font-variant: normal; text-decoration: none; vertical-align: baseline\"> powsta\u0142 w\u0142a\u015bnie na Jasnej G\u00f3rze.<\/span><\/p>\n<p><span style=\"font-size: 13px; font-family: Verdana; color: #000000; background-color: transparent; font-weight: normal; font-style: normal; font-variant: normal; text-decoration: none; vertical-align: baseline\"><\/span><\/p>\n<p dir=\"ltr\" style=\"line-height: 1.15; margin-top: 0pt; margin-bottom: 0pt\"><span style=\"font-size: 13px; font-family: Verdana; color: #000000; background-color: transparent; font-weight: normal; font-style: normal; font-variant: normal; text-decoration: none; vertical-align: baseline\">Zach\u0119cam do wys\u0142uchania poni\u017cszych arcydzie\u0142 i przeczytania Jego \u017cyciorysu.<\/span><\/p>\n<p dir=\"ltr\" style=\"line-height: 1.15; margin-top: 0pt; margin-bottom: 0pt\">&nbsp;<\/p>\n<p dir=\"ltr\" style=\"line-height: 1.15; margin-top: 0pt; margin-bottom: 0pt\"><span style=\"font-size: 13px; font-family: Verdana; color: #000000; background-color: transparent; font-weight: normal; font-style: normal; font-variant: normal; text-decoration: none; vertical-align: baseline\">Wojciech Kilar: <\/span><span style=\"font-size: 13px; font-family: Verdana; color: #000000; background-color: transparent; font-weight: bold; font-style: italic; font-variant: normal; text-decoration: none; vertical-align: baseline\">Wokaliza<\/span><span style=\"font-size: 13px; font-family: Verdana; color: #000000; background-color: transparent; font-weight: normal; font-style: normal; font-variant: normal; text-decoration: none; vertical-align: baseline\"> z filmu \u201cDziewi\u0105te wrota\u201d, Romana Pola\u0144skiego<\/span><\/p>\n<p dir=\"ltr\" style=\"line-height: 1.15; margin-top: 0pt; margin-bottom: 0pt\"><span style=\"font-size: 13px; font-family: Verdana; color: #000000; background-color: transparent; font-weight: normal; font-style: normal; font-variant: normal; text-decoration: none; vertical-align: baseline\">Wykonanie: Anna Kostrzy\u0144ska z tow. Susquehanna Symphony Orchestra,\u00a0 w Katedrze \u015aw. Patryka, Nowy Jork &#8211; 2007 <\/span><br \/>\n<span style=\"font-size: 13px; font-family: Verdana; color: #000000; background-color: transparent; font-weight: normal; font-style: normal; font-variant: normal; text-decoration: none; vertical-align: baseline\">&#8211; dyryguje Sheldon Bair<\/span><\/p>\n<p dir=\"ltr\" style=\"line-height: 1.15; margin-top: 0pt; margin-bottom: 0pt\"><a href=\"http:\/\/www.youtube.com\/watch?v=MBSzwMOoGIw\" style=\"text-decoration: none\"><span style=\"font-size: 13px; font-family: Verdana; color: #1155cc; background-color: transparent; font-weight: normal; font-style: normal; font-variant: normal; text-decoration: underline; vertical-align: baseline\">http:\/\/www.youtube.com\/watch?v=MBSzwMOoGIw<\/span><\/a><\/p>\n<p dir=\"ltr\" style=\"line-height: 1.15; margin-top: 0pt; margin-bottom: 0pt\"><span style=\"font-size: 13px; font-family: Verdana; color: #000000; background-color: transparent; font-weight: normal; font-style: normal; font-variant: normal; text-decoration: none; vertical-align: baseline\"> \u00a0<\/span><\/p>\n<p dir=\"ltr\" style=\"line-height: 1.15; margin-top: 0pt; margin-bottom: 0pt\"><span style=\"font-size: 13px; font-family: Verdana; color: #000000; background-color: transparent; font-weight: normal; font-style: normal; font-variant: normal; text-decoration: none; vertical-align: baseline\">Wojciech Kilar: \u201eSzepty i \u0142zy\u201d \u2013 Anna Maria Jopek<\/span><\/p>\n<p dir=\"ltr\" style=\"line-height: 1.15; margin-top: 0pt; margin-bottom: 0pt\"><a href=\"http:\/\/www.youtube.com\/watch?v=6LBncqaeddc\" style=\"text-decoration: none\"><span style=\"font-size: 13px; font-family: Verdana; color: #1155cc; background-color: transparent; font-weight: normal; font-style: normal; font-variant: normal; text-decoration: underline; vertical-align: baseline\">http:\/\/www.youtube.com\/watch?v=6LBncqaeddc<\/span><\/a><\/p>\n<p dir=\"ltr\" style=\"line-height: 1.15; margin-top: 0pt; margin-bottom: 0pt\">&nbsp;<\/p>\n<p dir=\"ltr\" style=\"line-height: 1.15; margin-top: 0pt; margin-bottom: 0pt\"><span style=\"font-size: 13px; font-family: Verdana; color: #000000; background-color: transparent; font-weight: normal; font-style: normal; font-variant: normal; text-decoration: none; vertical-align: baseline\"> <\/span><\/p>\n<p dir=\"ltr\" style=\"line-height: 1.15; margin-top: 0pt; margin-bottom: 0pt\"><span style=\"font-size: 13px; font-family: Verdana; color: #000000; background-color: transparent; font-weight: normal; font-style: normal; font-variant: normal; text-decoration: none; vertical-align: baseline\">80-lecie urodzin, Cz\u0119stochowa:<\/span><span style=\"font-size: 13px; font-family: Verdana; color: #000000; background-color: transparent; font-weight: normal; font-style: normal; font-variant: normal; text-decoration: none; vertical-align: baseline\">Bogurodzica, Exodus, Angelus<\/span><\/p>\n<p dir=\"ltr\" style=\"line-height: 1.15; margin-top: 0pt; margin-bottom: 0pt\"><a href=\"http:\/\/www.youtube.com\/watch?v=OKyJj9MFEpA\" style=\"text-decoration: none\"><span style=\"font-size: 13px; font-family: Verdana; color: #1155cc; background-color: transparent; font-weight: normal; font-style: normal; font-variant: normal; text-decoration: underline; vertical-align: baseline\">http:\/\/www.youtube.com\/watch?v=OKyJj9MFEpA<\/span><\/a><\/p>\n<p dir=\"ltr\" style=\"line-height: 1.15; margin-top: 0pt; margin-bottom: 0pt\">&nbsp;<\/p>\n<p dir=\"ltr\" style=\"line-height: 1.15; margin-top: 0pt; margin-bottom: 0pt\"><span style=\"font-size: 13px; font-family: Verdana; color: #000000; background-color: transparent; font-weight: normal; font-style: normal; font-variant: normal; text-decoration: none; vertical-align: baseline\"> <\/span><\/p>\n<p dir=\"ltr\" style=\"line-height: 1.15; margin-top: 0pt; margin-bottom: 0pt\"><span style=\"font-size: 13px; font-family: Verdana; color: #000000; background-color: transparent; font-weight: normal; font-style: normal; font-variant: normal; text-decoration: none; vertical-align: baseline\"> <\/span><\/p>\n<p dir=\"ltr\" style=\"line-height: 1.15; margin-top: 0pt; margin-bottom: 0pt\"><span style=\"font-size: 13px; font-family: Verdana; color: #000000; background-color: transparent; font-weight: normal; font-style: normal; font-variant: normal; text-decoration: none; vertical-align: baseline\">Wojciech Kilar, biografia, tw\u00f3rczo\u015b\u0107, odznaczenia, nagrody<\/span><\/p>\n<p dir=\"ltr\" style=\"line-height: 1.15; margin-top: 0pt; margin-bottom: 0pt\"><a href=\"http:\/\/pl.wikipedia.org\/wiki\/Wojciech_Kilar#Ordery_i_odznaczenia\" style=\"text-decoration: none\"><span style=\"font-size: 13px; font-family: Verdana; color: #1155cc; background-color: transparent; font-weight: normal; font-style: normal; font-variant: normal; text-decoration: underline; vertical-align: baseline\">http:\/\/pl.wikipedia.org\/wiki\/Wojciech_Kilar#Ordery_i_odznaczenia<\/span><\/a><\/p>\n<p dir=\"ltr\" style=\"line-height: 1.15; margin-top: 0pt; margin-bottom: 0pt\">&nbsp;<\/p>\n<p dir=\"ltr\" style=\"line-height: 1.15; margin-top: 0pt; margin-bottom: 0pt\"><span style=\"font-size: 13px; font-family: Verdana; color: #000000; background-color: transparent; font-weight: normal; font-style: normal; font-variant: normal; text-decoration: none; vertical-align: baseline\"> <\/span><\/p>\n<p dir=\"ltr\" style=\"line-height: 1.15; margin-top: 0pt; margin-bottom: 0pt\"><span style=\"font-size: 13px; font-family: Verdana; color: #000000; background-color: transparent; font-weight: normal; font-style: normal; font-variant: normal; text-decoration: none; vertical-align: baseline\">Panie \u015bwie\u0107 nad Jego Dusz\u0105<\/span><\/p>\n<p dir=\"ltr\" style=\"line-height: 1.15; margin-top: 0pt; margin-bottom: 0pt\"><span style=\"font-size: 13px; font-family: Verdana; color: #000000; background-color: transparent; font-weight: normal; font-style: normal; font-variant: normal; text-decoration: none; vertical-align: baseline\">Cze\u015b\u0107 Jego Pami\u0119ci<\/span><\/p>\n<p><span style=\"font-size: 13px; font-family: Verdana; color: #000000; background-color: transparent; font-weight: normal; font-style: normal; font-variant: normal; text-decoration: none; vertical-align: baseline\"><\/span><span style=\"font-size: 13px; font-family: Verdana; color: #000000; background-color: transparent; font-weight: normal; font-style: normal; font-variant: normal; text-decoration: none; vertical-align: baseline\">Dzi\u0119kuj\u0119 Ksi\u0119dzu Markowi Sobczakowi, proboszczowi Parafii \u015aw. Stanis\u0142awa Kostki, do kt\u00f3rego zadzwoni\u0142em o sz\u00f3stej prosz\u0105c o intencj\u0119 za Dusz\u0119 \u015ap. Wojciecha Kilara. B\u0119dzie og\u0142oszona podczas Mszy \u015aw. o 10:15<\/span><\/p>\n","protected":false},"excerpt":{"rendered":"<p>Niedziela, 29 grudnia, 2013. O 4:15 intensywnie dzwoni moja kom\u00f3rka. Boj\u0119 si\u0119 takich telefon\u00f3w, 10 kwietnia, 2010 roku o tej samej porze obudzi\u0142 mnie telefon od mojego przyjaciela: \u201czgin\u0105\u0142 Prezydent Kaczy\u0144ski\u201d -&#8230;.<\/p>\n","protected":false},"author":2,"featured_media":0,"comment_status":"open","ping_status":"open","sticky":false,"template":"","format":"standard","meta":[],"categories":[5],"tags":[],"_links":{"self":[{"href":"https:\/\/sporek.com\/blog\/index.php?rest_route=\/wp\/v2\/posts\/419"}],"collection":[{"href":"https:\/\/sporek.com\/blog\/index.php?rest_route=\/wp\/v2\/posts"}],"about":[{"href":"https:\/\/sporek.com\/blog\/index.php?rest_route=\/wp\/v2\/types\/post"}],"author":[{"embeddable":true,"href":"https:\/\/sporek.com\/blog\/index.php?rest_route=\/wp\/v2\/users\/2"}],"replies":[{"embeddable":true,"href":"https:\/\/sporek.com\/blog\/index.php?rest_route=%2Fwp%2Fv2%2Fcomments&post=419"}],"version-history":[{"count":0,"href":"https:\/\/sporek.com\/blog\/index.php?rest_route=\/wp\/v2\/posts\/419\/revisions"}],"wp:attachment":[{"href":"https:\/\/sporek.com\/blog\/index.php?rest_route=%2Fwp%2Fv2%2Fmedia&parent=419"}],"wp:term":[{"taxonomy":"category","embeddable":true,"href":"https:\/\/sporek.com\/blog\/index.php?rest_route=%2Fwp%2Fv2%2Fcategories&post=419"},{"taxonomy":"post_tag","embeddable":true,"href":"https:\/\/sporek.com\/blog\/index.php?rest_route=%2Fwp%2Fv2%2Ftags&post=419"}],"curies":[{"name":"wp","href":"https:\/\/api.w.org\/{rel}","templated":true}]}}