{"id":420,"date":"2014-01-08T22:33:36","date_gmt":"2014-01-09T02:33:36","guid":{"rendered":"http:\/\/sporek.com\/blog\/?p=420"},"modified":"2014-01-10T23:52:12","modified_gmt":"2014-01-11T03:52:12","slug":"nie-wolno-krytykowac","status":"publish","type":"post","link":"https:\/\/sporek.com\/blog\/?p=420","title":{"rendered":"Nie wolno krytykowa\u0107"},"content":{"rendered":"<p dir=\"ltr\" style=\"line-height: 1.15; margin-top: 0pt; margin-bottom: 0pt\"><span style=\"font-size: 13px; font-family: Verdana; color: #000000; background-color: transparent; font-weight: normal; font-style: normal; font-variant: normal; text-decoration: none; vertical-align: baseline\">No i si\u0119 porobi\u0142o; od jednej z bardzo aktywnych pa\u0144 z Copiague, na Long Island otrzymalem na Facebook propozycj\u0119 \u201cpolubienia\u201d strony moderuj\u0105cej dzia\u0142ania WO\u015aP, w\u0142a\u015bnie w Copiague.<!--more--><\/span><\/p>\n<p dir=\"ltr\" style=\"line-height: 1.15; margin-top: 0pt; margin-bottom: 0pt\"><span style=\"font-size: 13px; font-family: Verdana; color: #000000; background-color: transparent; font-weight: normal; font-style: normal; font-variant: normal; text-decoration: none; vertical-align: baseline\">Nie zadeklarowa\u0142em, \u017ce lubi\u0119 i napisa\u0142em kr\u00f3tki komentarz, ze wol\u0119 przekaza\u0107 pieni\u0105dze Caritasowi, fundacji Anny Dymnej, czy Janki Ochojskiej i, \u017ce do Jurka Owsiaka zrazi\u0142y mnie jego wypowiedzi o eutanazji, oraz fakt, \u017ce mog\u0119 podejrzewa\u0107, po analizach rozlicze\u0144 finansowych, \u017ce doch\u00f3d z oprocentowania bankowego pieni\u0119dzy zbieranych na ulicach i lokowanych na kontach d\u0142ugoterminowych idzie na organizacj\u0119 Przystanku Woodstock.<\/span><\/p>\n<p dir=\"ltr\" style=\"line-height: 1.15; margin-top: 0pt; margin-bottom: 0pt\"><span style=\"font-size: 13px; font-family: Verdana; color: #000000; background-color: transparent; font-weight: normal; font-style: normal; font-variant: normal; text-decoration: none; vertical-align: baseline\">Zgadnijcie, jak d\u0142ugo m\u00f3j wpis \u201cwytrzyma\u0142\u201d&#8230;? &#8211; Ot\u00f3\u017c niespe\u0142na 24 godziny. Ja napisa\u0142em go wieczorem 5 stycznia, a 6-ego, oko\u0142o po\u0142udnia ju\u017c mia\u0142em informacj\u0119, \u017ce wpis zosta\u0142 usuni\u0119ty.<\/span><\/p>\n<p dir=\"ltr\" style=\"line-height: 1.15; margin-top: 0pt; margin-bottom: 0pt\"><span style=\"font-size: 13px; font-family: Verdana; color: #000000; background-color: transparent; font-weight: normal; font-style: normal; font-variant: normal; text-decoration: none; vertical-align: baseline\">Zosta\u0142 usuni\u0119ty przez moderatora strony. A wi\u0119c w kraju, w kt\u00f3rym konstytucyjnie obowi\u0105zuje wolno\u015b\u0107 s\u0142owa nawet jego mieszka\u0144cy (polskiego pochodzenia), prowadz\u0105 komunistyczno-pochodne metody zamykania ust. Brawo \u201cmoderatorze\u201d z Copiague.<\/span><\/p>\n<p dir=\"ltr\" style=\"line-height: 1.15; margin-top: 0pt; margin-bottom: 0pt\"><span style=\"font-size: 13px; font-family: Verdana; color: #000000; background-color: transparent; font-weight: normal; font-style: normal; font-variant: normal; text-decoration: none; vertical-align: baseline\">Po tym fakcie z nieco wi\u0119ksz\u0105 uwag\u0105 s\u0142ucha\u0142em szumu medialnego wok\u00f3\u0142 22 Fina\u0142u WO\u015aP i coraz bardziej mnie zatyka\u0142o z wra\u017cenia.<\/span><\/p>\n<p dir=\"ltr\" style=\"line-height: 1.15; margin-top: 0pt; margin-bottom: 0pt\"><span style=\"font-size: 13px; font-family: Verdana; color: #000000; background-color: transparent; font-weight: normal; font-style: normal; font-variant: normal; text-decoration: none; vertical-align: baseline\">A najbardziej informacja, \u017ce do zlicytowania jest \u201cprzesiedzenie ca\u0142y dzie\u0144 w fotelu wice- premiera Janusza Piechoci\u0144skiego, korzystanie z jego samochodu s\u0142u\u017cbowego, kawa, herbatka, komputer, itp\u201d. <\/span><\/p>\n<p dir=\"ltr\" style=\"line-height: 1.15; margin-top: 0pt; margin-bottom: 0pt\"><span style=\"font-size: 13px; font-family: Verdana; color: #000000; background-color: transparent; font-weight: normal; font-style: normal; font-variant: normal; text-decoration: none; vertical-align: baseline\">Najnormalniej jestem teraz ciekaw, czy kwota z licytacji wyr\u00f3wna op\u0142aty \u201cgoryli\u201d (ochrony), benzyny, wynagrodzenia kierowcy. Je\u015bli nie, czego jestem pewien, to znaczy, \u017ce Owsiak robi z ludzi idiot\u00f3w, za\u015b ca\u0142a ta akcja WO\u015aP jest niczym innym, jak kolejn\u0105 mack\u0105 propagandow\u0105 rz\u0105dz\u0105cej koalicji, kt\u00f3ra nigdy nie wspomnia\u0142a o fundacji Anny Dymnej,. czy Janki <\/span><span style=\"font-size: 13px; font-family: Verdana; color: #000000; background-color: transparent; font-weight: normal; font-style: normal; font-variant: normal; text-decoration: none; vertical-align: baseline\"><span style=\"font-size: 13px; font-family: Verdana; color: #000000; background-color: transparent; font-weight: normal; font-style: normal; font-variant: normal; text-decoration: none; vertical-align: baseline\">Ochojskiej<\/span>, ani tym bardziej o Caritasie. Je\u015bli kwota z licytacji nie pokryje tych koszt\u00f3w, to znaczy, \u017ce nie wrzucaj\u0105c nic do puszek obywatele i tak p\u0142ac\u0105 na WO\u015aP, bo pieni\u0105dze na kancelarie ministr\u00f3w pochodz\u0105 z pieni\u0119dzy podatnik\u00f3w.<\/span><\/p>\n<p dir=\"ltr\" style=\"line-height: 1.15; margin-top: 0pt; margin-bottom: 0pt\"><span style=\"font-size: 13px; font-family: Verdana; color: #000000; background-color: transparent; font-weight: normal; font-style: normal; font-variant: normal; text-decoration: none; vertical-align: baseline\">Natomiast kolacja z niejakim Biedroniem, to ju\u017c jakas kompletna paranoja.<\/span><\/p>\n<p><span style=\"font-size: 13px; font-family: Verdana; color: #000000; background-color: transparent; font-weight: normal; font-style: normal; font-variant: normal; text-decoration: none; vertical-align: baseline\"><\/span><\/p>\n<p dir=\"ltr\" style=\"line-height: 1.15; margin-top: 0pt; margin-bottom: 0pt\"><span style=\"font-size: 13px; font-family: Verdana; color: #000000; background-color: transparent; font-weight: normal; font-style: normal; font-variant: normal; text-decoration: none; vertical-align: baseline\">Nie b\u0119d\u0119 si\u0119 rozpisywa\u0142, prosz\u0119 sobie obejrze\u0107 i pos\u0142ucha\u0107 na w\u0142asn\u0105 r\u0119k\u0119 w wolnym czasie.<\/span><\/p>\n<p dir=\"ltr\" style=\"line-height: 1.15; margin-top: 0pt; margin-bottom: 0pt\"><a href=\"http:\/\/www.youtube.com\/watch?v=S1tDRkrg9-M#t=95\" style=\"text-decoration: none\"><span style=\"font-size: 13px; font-family: Verdana; color: #1155cc; background-color: transparent; font-weight: normal; font-style: normal; font-variant: normal; text-decoration: underline; vertical-align: baseline\">http:\/\/www.youtube.com\/watch?v=S1tDRkrg9-M#t=95<\/span><\/a><\/p>\n<p dir=\"ltr\" style=\"line-height: 1.15; margin-top: 0pt; margin-bottom: 0pt\"><span style=\"font-size: 13px; font-family: Verdana; color: #1f497d; background-color: transparent; font-weight: normal; font-style: normal; font-variant: normal; text-decoration: none; vertical-align: baseline\"> <\/span><\/p>\n<p dir=\"ltr\" style=\"line-height: 1.15; margin-top: 0pt; margin-bottom: 0pt\"><span style=\"font-size: 13px; font-family: Verdana; color: #000000; background-color: transparent; font-weight: normal; font-style: normal; font-variant: normal; text-decoration: none; vertical-align: baseline\">Jak Owsiak Robi z Nas Idiot\u00f3w (08.01.2014) &#8211; YouTube<\/span><\/p>\n<p><span style=\"font-size: 13px; font-family: Verdana; color: #4c1130; background-color: transparent; font-weight: normal; font-style: normal; font-variant: normal; text-decoration: none; vertical-align: baseline\"><\/span><\/p>\n<p dir=\"ltr\" style=\"line-height: 1.15; margin-top: 0pt; margin-bottom: 0pt\"><a href=\"http:\/\/www.youtube.com\/watch?v=TWJ4-DAsrA8\" style=\"text-decoration: none\"><span style=\"font-size: 13px; font-family: Verdana; color: #1155cc; background-color: transparent; font-weight: normal; font-style: normal; font-variant: normal; text-decoration: underline; vertical-align: baseline\">http:\/\/www.youtube.com\/watch?v=TWJ4-DAsrA8<\/span><\/a><span style=\"font-size: 13px; font-family: Verdana; color: #000000; background-color: transparent; font-weight: normal; font-style: normal; font-variant: normal; text-decoration: none; vertical-align: baseline\"><\/span><\/p>\n<p><span style=\"font-size: 13px; font-family: Verdana; color: #000000; background-color: transparent; font-weight: normal; font-style: normal; font-variant: normal; text-decoration: none; vertical-align: baseline\"><\/span><\/p>\n<p dir=\"ltr\" style=\"line-height: 1.15; margin-top: 0pt; margin-bottom: 0pt\"><span style=\"font-size: 13px; font-family: Verdana; color: #333333; background-color: #ffffff; font-weight: bold; font-style: normal; font-variant: normal; text-decoration: none; vertical-align: baseline\">Wys\u0142uchaj tego wywiadu, dowiesz si\u0119 raz na zawsze kim jest J. Owsiak!<\/span><\/p>\n<p dir=\"ltr\" style=\"line-height: 1.15; margin-top: 0pt; margin-bottom: 0pt\"><span style=\"font-size: 13px; font-family: Verdana; color: #222222; background-color: transparent; font-weight: normal; font-style: normal; font-variant: normal; text-decoration: none; vertical-align: baseline\">KWC Wywiad z Panem Robertem Tekieli o WO\u015aP:<\/span><\/p>\n<p><span style=\"font-size: 13px; font-family: Verdana; color: #222222; background-color: transparent; font-weight: normal; font-style: normal; font-variant: normal; text-decoration: none; vertical-align: baseline\"><\/span><\/p>\n<p dir=\"ltr\" style=\"line-height: 1.15; margin-top: 0pt; margin-bottom: 0pt\"><a href=\"http:\/\/www.youtube.com\/watch?v=EiQEK3d3314#t=422\" style=\"text-decoration: none\"><span style=\"font-size: 13px; font-family: Verdana; color: #1155cc; background-color: transparent; font-weight: normal; font-style: normal; font-variant: normal; text-decoration: underline; vertical-align: baseline\">http:\/\/www.youtube.com\/watch?v=EiQEK3d3314#t=422<\/span><\/a><\/p>\n<p><span style=\"font-size: 13px; font-family: Verdana; color: #000000; background-color: transparent; font-weight: normal; font-style: normal; font-variant: normal; text-decoration: none; vertical-align: baseline\"><\/span><\/p>\n<p dir=\"ltr\" style=\"line-height: 1.15; margin-top: 0pt; margin-bottom: 0pt\"><span style=\"font-size: 13px; font-family: Verdana; color: #000000; background-color: transparent; font-weight: normal; font-style: normal; font-variant: normal; text-decoration: none; vertical-align: baseline\">A to zdj\u0119cia z Woodstock: <\/span><a href=\"https:\/\/www.google.pl\/search?q=przystanek+woodstock,+zdjecia&amp;tbm=isch&amp;tbo=u&amp;source=univ&amp;sa=X&amp;ei=cgbOUubnAYqRhQfGlYGwBQ&amp;ved=0CCoQsAQ&amp;biw=1228&amp;bih=873\" style=\"text-decoration: none\"><span style=\"font-size: 13px; font-family: Verdana; color: #1155cc; background-color: transparent; font-weight: normal; font-style: normal; font-variant: normal; text-decoration: underline; vertical-align: baseline\">https:\/\/www.google.pl\/search?q=przystanek+woodstock,+zdjecia&amp;tbm=isch&amp;tbo=u&amp;source=univ&amp;sa=X&amp;ei=cgbOUubnAYqRhQfGlYGwBQ&amp;ved=0CCoQsAQ&amp;biw=1228&amp;bih=873<\/span><\/a><span style=\"font-size: 13px; font-family: Verdana; color: #000000; background-color: transparent; font-weight: normal; font-style: normal; font-variant: normal; text-decoration: none; vertical-align: baseline\"><\/span><\/p>\n<p><span style=\"font-size: 13px; font-family: Verdana; color: #000000; background-color: transparent; font-weight: normal; font-style: normal; font-variant: normal; text-decoration: none; vertical-align: baseline\"><\/span><\/p>\n<p dir=\"ltr\" style=\"line-height: 1.15; margin-top: 0pt; margin-bottom: 0pt\"><span style=\"font-size: 13px; font-family: Verdana; color: #000000; background-color: transparent; font-weight: normal; font-style: normal; font-variant: normal; text-decoration: none; vertical-align: baseline\">Osobi\u015bcie uwa\u017cam, \u017ce by\u0142 tylko jeden Woodstock, &#8211; ten z ko\u0144ca lat 60-tych w okolicach Monticello, Upstate New York. <\/span><\/p>\n<p dir=\"ltr\" style=\"line-height: 1.15; margin-top: 0pt; margin-bottom: 0pt\"><span style=\"font-size: 13px; font-family: Verdana; color: #000000; background-color: transparent; font-weight: normal; font-style: normal; font-variant: normal; text-decoration: none; vertical-align: baseline\">Z innych wydarze\u0144 politycznych, to uwa\u017cam, \u017ce dzisiejsza wypowied\u017a D. Tuska, \u017ce Polska w 2022 roku b\u0119dzie w\u015br\u00f3d dwudziestu najbogatszych kraj\u00f3w \u015bwiata powinna zosta\u0107 zwyci\u0119\u017cczyni\u0105 konkursu na najg\u0142upsz\u0105 wypowied\u017a polityka ca\u0142ych dw\u00f3ch kadencji PO-PSL.<\/span><\/p>\n<p><span style=\"font-size: 13px; font-family: Verdana; color: #000000; background-color: transparent; font-weight: normal; font-style: normal; font-variant: normal; text-decoration: none; vertical-align: baseline\"><\/span><\/p>\n<p dir=\"ltr\" style=\"line-height: 1.15; margin-top: 0pt; margin-bottom: 0pt\"><span style=\"font-size: 13px; font-family: Verdana; color: #000000; background-color: transparent; font-weight: normal; font-style: normal; font-variant: normal; text-decoration: none; vertical-align: baseline\">Ten sam D. Tusk nie dopilnowa\u0142 (przez trzy tygodnie), \u017ceby ustawa o specjalnym dozorze najwi\u0119kszych bandyt\u00f3w, kt\u00f3rym kiedy\u015b zmieniono kar\u0119 \u015bmierci na kar\u0119 25 lat zosta\u0142a zamieszczona w Dzienniku Ustaw. Oczywi\u015bcie D. Tusk parafrazuje kibic\u00f3w: \u201cPolacy, nic si\u0119 nie sta\u0142o\u201d.<\/span><\/p>\n<p><span style=\"font-size: 13px; font-family: Verdana; color: #000000; background-color: transparent; font-weight: normal; font-style: normal; font-variant: normal; text-decoration: none; vertical-align: baseline\">Brawo, najbardziej leniwy i niekompetentny prezesie rady ministr\u00f3w.<\/span><\/p>\n","protected":false},"excerpt":{"rendered":"<p>No i si\u0119 porobi\u0142o; od jednej z bardzo aktywnych pa\u0144 z Copiague, na Long Island otrzymalem na Facebook propozycj\u0119 \u201cpolubienia\u201d strony moderuj\u0105cej dzia\u0142ania WO\u015aP, w\u0142a\u015bnie w Copiague.<\/p>\n","protected":false},"author":2,"featured_media":0,"comment_status":"open","ping_status":"open","sticky":false,"template":"","format":"standard","meta":[],"categories":[1],"tags":[],"_links":{"self":[{"href":"https:\/\/sporek.com\/blog\/index.php?rest_route=\/wp\/v2\/posts\/420"}],"collection":[{"href":"https:\/\/sporek.com\/blog\/index.php?rest_route=\/wp\/v2\/posts"}],"about":[{"href":"https:\/\/sporek.com\/blog\/index.php?rest_route=\/wp\/v2\/types\/post"}],"author":[{"embeddable":true,"href":"https:\/\/sporek.com\/blog\/index.php?rest_route=\/wp\/v2\/users\/2"}],"replies":[{"embeddable":true,"href":"https:\/\/sporek.com\/blog\/index.php?rest_route=%2Fwp%2Fv2%2Fcomments&post=420"}],"version-history":[{"count":0,"href":"https:\/\/sporek.com\/blog\/index.php?rest_route=\/wp\/v2\/posts\/420\/revisions"}],"wp:attachment":[{"href":"https:\/\/sporek.com\/blog\/index.php?rest_route=%2Fwp%2Fv2%2Fmedia&parent=420"}],"wp:term":[{"taxonomy":"category","embeddable":true,"href":"https:\/\/sporek.com\/blog\/index.php?rest_route=%2Fwp%2Fv2%2Fcategories&post=420"},{"taxonomy":"post_tag","embeddable":true,"href":"https:\/\/sporek.com\/blog\/index.php?rest_route=%2Fwp%2Fv2%2Ftags&post=420"}],"curies":[{"name":"wp","href":"https:\/\/api.w.org\/{rel}","templated":true}]}}