{"id":421,"date":"2014-01-15T01:58:46","date_gmt":"2014-01-15T05:58:46","guid":{"rendered":"http:\/\/sporek.com\/blog\/?p=421"},"modified":"2014-01-15T02:05:59","modified_gmt":"2014-01-15T06:05:59","slug":"co-z-ta-polska-czyli%e2%80%a6","status":"publish","type":"post","link":"https:\/\/sporek.com\/blog\/?p=421","title":{"rendered":"Co z t\u0105 Polsk\u0105, czyli\u2026"},"content":{"rendered":"<p dir=\"ltr\" style=\"line-height: 1.15; margin-top: 0pt; margin-bottom: 0pt\"><span style=\"font-size: 13px; font-family: Verdana; color: #000000; background-color: transparent; font-weight: normal; font-style: normal; font-variant: normal; text-decoration: none; vertical-align: baseline\">zdrajc\u00f3w ci u nas dostatek<\/span><\/p>\n<p dir=\"ltr\" style=\"line-height: 1.15; margin-top: 0pt; margin-bottom: 0pt\"><span style=\"font-size: 13px; font-family: Verdana; color: #000000; background-color: transparent; font-weight: normal; font-style: normal; font-variant: normal; text-decoration: none; vertical-align: baseline\">*** \u201c&#8230;Gdzie ten s\u0142oik. w kt\u00f3rym schowa\u0142em pieni\u0105dze? No, gdzie ten s\u0142oik z fors\u0105? Mieszkam w bloku, p\u0142ac\u0119 podatki, p\u0142ac\u0119 ZUS, a m\u00f3j OFE, o kt\u00f3rym dowiedzia\u0142em si\u0119 u fryzjera, jest ch&#8230;jowy\u201d. <!--more-->Tak odpowiedzia\u0142 na pytania dziennikarzy o nieprawid\u0142owo\u015bciach w rozliczeniach finansowych WO\u015aP. &#8211; Jerzy Owsiak. Nie wierzycie? To zobaczcie:<\/span><\/p>\n<p dir=\"ltr\" style=\"line-height: 1.15; margin-top: 0pt; margin-bottom: 0pt\"><a href=\"https:\/\/www.youtube.com\/watch?v=4j-cGp0C7hA#t=13\" style=\"text-decoration: none\"><span style=\"font-size: 13px; font-family: Verdana; color: #1155cc; background-color: transparent; font-weight: normal; font-style: normal; font-variant: normal; text-decoration: underline; vertical-align: baseline\">https:\/\/www.youtube.com\/watch?v=4j-cGp0C7hA#t=13<\/span><\/a><span style=\"font-size: 13px; font-family: Verdana; color: #ffffff; background-color: transparent; font-weight: bold; font-style: normal; font-variant: normal; text-decoration: none; vertical-align: baseline\">a<\/span><span style=\"font-size: 13px; font-family: Verdana; color: #000000; background-color: transparent; font-weight: normal; font-style: normal; font-variant: normal; text-decoration: none; vertical-align: baseline\"><\/span><\/p>\n<p dir=\"ltr\" style=\"line-height: 1.15; margin-top: 0pt; margin-bottom: 0pt\"><span style=\"font-size: 13px; font-family: Verdana; color: #000000; background-color: transparent; font-weight: normal; font-style: normal; font-variant: normal; text-decoration: none; vertical-align: baseline\">Kompletna dziecinada, a przy tym niesamowita agresja. Podobnie kiedy\u015b \u201cbroni\u0142\u201d si\u0119 Wa\u0142\u0119sa, gdy pytano go o \u201cagentur\u0119\u201d: \u201cNo, ludzie, wy mi tu przypisujecie agentur\u0119, a ja komunizm obaly\u0142em, no ludzie!\u201d<\/span><\/p>\n<p dir=\"ltr\" style=\"line-height: 1.15; margin-top: 0pt; margin-bottom: 0pt\"><span style=\"font-size: 13px; font-family: Verdana; color: #000000; background-color: transparent; font-weight: normal; font-style: normal; font-variant: normal; text-decoration: none; vertical-align: baseline\">Ciekaw jestem, czy Bolek wytoczy proces doktorowi Cenckiewiczowi po wydaniu ksi\u0105\u017cki \u201cWa\u0142\u0119sa, cz\u0142owiek z teczki\u201d. Nie wytoczy, bo wie, \u017ce przegra.<\/span><\/p>\n<p dir=\"ltr\" style=\"line-height: 1.15; margin-top: 0pt; margin-bottom: 0pt\"><span style=\"font-size: 13px; font-family: Verdana; color: #000000; background-color: transparent; font-weight: normal; font-style: normal; font-variant: normal; text-decoration: none; vertical-align: baseline\">Znane jest stare powiedzenie: najlepsz\u0105 obron\u0105 jest atak. Wa\u0142\u0119sa nigdy si\u0119 nie broni\u0142, on atakowa\u0142.<\/span><\/p>\n<p dir=\"ltr\" style=\"line-height: 1.15; margin-top: 0pt; margin-bottom: 0pt\"><span style=\"font-size: 13px; font-family: Verdana; color: #000000; background-color: transparent; font-weight: normal; font-style: normal; font-variant: normal; text-decoration: none; vertical-align: baseline\">A Wa\u0142\u0119sa z ostatniej ksi\u0105\u017cki \u00a0S\u0142awomira Cenckiewicza, to kompletnie odbr\u0105zowiony bohater &#8211; zdrajca. No i ten genialny film, genialnego re\u017cysera, do scenariusza genialnego scenopisarza, za pieni\u0105dze podatnik\u00f3w. Czy Polska, to kraj idiot\u00f3w, konformist\u00f3w, czy przestraszonych?<\/span><\/p>\n<p dir=\"ltr\" style=\"line-height: 1.15; margin-top: 0pt; margin-bottom: 0pt\"><span style=\"font-size: 13px; font-family: Verdana; color: #000000; background-color: transparent; font-weight: normal; font-style: normal; font-variant: normal; text-decoration: none; vertical-align: baseline\">A te dwie postaci, to do\u015b\u0107 znamienna paralela.<\/span><\/p>\n<p><span style=\"font-size: 13px; font-family: Verdana; color: #000000; background-color: transparent; font-weight: normal; font-style: normal; font-variant: normal; text-decoration: none; vertical-align: baseline\"><\/span><\/p>\n<p dir=\"ltr\" style=\"line-height: 1.15; margin-top: 0pt; margin-bottom: 0pt\"><span style=\"font-size: 13px; font-family: Verdana; color: #000000; background-color: transparent; font-weight: normal; font-style: normal; font-variant: normal; text-decoration: none; vertical-align: baseline\">*** Pod wodz\u0105 nieocenionego ministra zdrowia \u201cjedyna karetka z respiratorem dla dzieci\u201d, jak\u0105 dysponuje jeden z \u201cnajlepiej prosperuj\u0105cych kraj\u00f3w \u015bwiata\u201d, (jak\u0105 wg szefa rz\u0105du jest Polska), nie dojecha\u0142a przez trzy godziny, aby ratowa\u0107 umieraj\u0105ce dziecko. Jest to niewiarygodny przyk\u0142ad kompletnej zapa\u015bci; w szpitalu, pe\u0142nym specjalist\u00f3w, ale niestety w kraju bez sprz\u0119tu, bez dr\u00f3g, z idiotycznymi przepisami.<\/span><\/p>\n<p dir=\"ltr\" style=\"line-height: 1.15; margin-top: 0pt; margin-bottom: 0pt\"><span style=\"font-size: 13px; font-family: Verdana; color: #000000; background-color: transparent; font-weight: normal; font-style: normal; font-variant: normal; text-decoration: none; vertical-align: baseline\">Jeden z portali udowadnia, \u017ce z WO\u015aP znikn\u0119\u0142o ponad 171 milion\u00f3w z\u0142otych. Czy wiecie ile to karetek pogotowia?<\/span><\/p>\n<p><span style=\"font-size: 13px; font-family: Verdana; color: #000000; background-color: transparent; font-weight: normal; font-style: normal; font-variant: normal; text-decoration: none; vertical-align: baseline\"><\/span><\/p>\n<p dir=\"ltr\" style=\"line-height: 1.15; margin-top: 0pt; margin-bottom: 0pt\"><span style=\"font-size: 13px; font-family: Verdana; color: #000000; background-color: transparent; font-weight: normal; font-style: normal; font-variant: normal; text-decoration: none; vertical-align: baseline\">*** <\/span><span style=\"font-size: 13px; font-family: Verdana; color: #000000; background-color: transparent; font-weight: bold; font-style: normal; font-variant: normal; text-decoration: none; vertical-align: baseline\">Uwaga: koniec z w\u0119dzonk\u0105.<\/span><span style=\"font-size: 13px; font-family: Verdana; color: #000000; background-color: transparent; font-weight: normal; font-style: normal; font-variant: normal; text-decoration: none; vertical-align: baseline\"> Ca\u0142e wieki wie\u015b w\u0119dzi\u0142a kie\u0142basy, szynki, balerony, pol\u0119dwiczki i inne kark\u00f3wki, miasto kupowa\u0142o i z radoch\u0105 wcina\u0142o \u201cch\u0142opskie\u201d w\u0119dzonki, a\u017c tu nagle m\u0119drcy z Europy wymy\u015blili, \u017ce to strasznie szkodzi, jest rakotw\u00f3rcze i trzeba z tym sko\u0144czy\u0107. Ma\u0142o tego; m\u0119drcy wymy\u015blili \u201cdym w p\u0142ynie\u201d, kurde, ale jaja. Mo\u017ce genera\u0142-stra\u017cak-Pawlak za\u0142atwi troch\u0119 takiego dymu do gaszenia po\u017car\u00f3w, tak, ot &#8211; klin, klinem\u2026? Najbardziej rakotw\u00f3rcza jest ta Europa, pe\u0142na lizus\u00f3w i facet\u00f3w z pe\u0142nymi g\u0119bami slogan\u00f3w i frazes\u00f3w, w kampaniach wyborczych; Ile\u017c oni to zrobi\u0105, jakie dobro pop\u0142ynie dzi\u0119ki nim z tej Europy do Polski. Dupki, kt\u00f3re prawdopodobnie nie zrozumia\u0142y nawet t\u0142umaczenia tekst\u00f3w, bo jako\u015b \u017caden polski euro-pose\u0142 nie wspomnia\u0142 o tej farsie i nie sprzeciwi\u0142 si\u0119 jej, a by\u0142a pono\u0107 uchwalona ju\u017c trzy lata temu. Ale, jak to dobrze jest mie\u0107 sto\u0142ek w Brukselii, drugi w parlamencie w Warszawie, przylecie\u0107 na weekend, podpisa\u0107 list\u0119 na Wiejskiej, wzi\u0105\u0107 dup\u0119 w troki i hajda do domku na zas\u0142u\u017cony wypoczynek, po brukselskim nicnierobieniu.<\/span><\/p>\n<p dir=\"ltr\" style=\"line-height: 1.15; margin-top: 0pt; margin-bottom: 0pt\"><span style=\"font-size: 13px; font-family: Verdana; color: #000000; background-color: transparent; font-weight: normal; font-style: normal; font-variant: normal; text-decoration: none; vertical-align: baseline\">A tymczasem &#8211; i to jest naj\u015bmieszniejsze -, malutka \u0141otwa powiedzia\u0142a na ten idiotyzm stanowcze NIE, pokaza\u0142a Europie \u201cGest Kozakiewicza\u201d i tam w\u0119dzi\u0107 mo\u017cna do woli. <\/span><\/p>\n<p dir=\"ltr\" style=\"line-height: 1.15; margin-top: 0pt; margin-bottom: 0pt\"><span style=\"font-size: 13px; font-family: Verdana; color: #000000; background-color: transparent; font-weight: normal; font-style: normal; font-variant: normal; text-decoration: none; vertical-align: baseline\">No, w\u0119dzarze, dalej, na \u0141otw\u0119, &#8211; tak was za\u0142atwi\u0142y niekumate inteligenty w Europie. Czy europos\u0142owie poddawani s\u0105 jakimkolwiek testom na znajomo\u015b\u0107 j\u0119zyk\u00f3w obcych, a g\u0142\u00f3wnie angielskiego? Ja kilku s\u0142ysza\u0142em i\u2026 niech Pan B\u00f3g broni. A mo\u017ce powinien ich te\u017c obowi\u0105zywa\u0107 test na patriotyzm\u2026? Podobno wystarczy jedna kadencja w Brukselii i emeryturka euro-poselska w kieszeni.Taka ekstra brukselka.<br \/>\n<\/span><\/p>\n<p><span style=\"font-size: 13px; font-family: Verdana; color: #000000; background-color: transparent; font-weight: normal; font-style: normal; font-variant: normal; text-decoration: none; vertical-align: baseline\"><\/span><\/p>\n<p dir=\"ltr\" style=\"line-height: 1.15; margin-top: 0pt; margin-bottom: 0pt\"><span style=\"font-size: 13px; font-family: Verdana; color: #000000; background-color: transparent; font-weight: normal; font-style: normal; font-variant: normal; text-decoration: none; vertical-align: baseline\">*** <\/span><span style=\"font-size: 13px; font-family: Verdana; color: #000000; background-color: transparent; font-weight: bold; font-style: normal; font-variant: normal; text-decoration: none; vertical-align: baseline\">Ten skandal ju\u017c uchwalony:<\/span><span style=\"font-size: 13px; font-family: Verdana; color: #000000; background-color: transparent; font-weight: normal; font-style: normal; font-variant: normal; text-decoration: none; vertical-align: baseline\"> przezacny Sejm polski zdecydowa\u0142 o \u201cbratniej pomocy\u201d mundurowc\u00f3w z o\u015bciennych kraj\u00f3w, co to w \u201crazie czego\u201d, mog\u0105 by\u0107 wezwani na pomoc. Takiego skandalu chyba jeszcze nie by\u0142o. O, przepraszam, by\u0142 jeden: 1968 &#8211; \u201cbratnia pomoc-inwazja\u201d na Czechos\u0142owacj\u0119. <\/span><\/p>\n<p dir=\"ltr\" style=\"line-height: 1.15; margin-top: 0pt; margin-bottom: 0pt\"><span style=\"font-size: 13px; font-family: Verdana; color: #333333; background-color: transparent; font-weight: normal; font-style: normal; font-variant: normal; text-decoration: none; vertical-align: baseline\">Niemiecka policja na ulicach Warszawy, obce s\u0142u\u017cby na meczach pi\u0142karskiej ekstraklasy, szpiedzy ze Wschodu swobodnie przechodz\u0105cy przez polskie granice. Tak b\u0119dzie mog\u0142a wygl\u0105da\u0107 wkr\u00f3tce polska rzeczywisto\u015b\u0107, bo Sejm przeg\u0142osowa\u0142 dzi\u015b ustaw\u0119 o udziale zagranicznych funkcjonariuszy w operacjach na terenie Polski.<\/span><\/p>\n<p dir=\"ltr\" style=\"line-height: 1.15; margin-top: 0pt; margin-bottom: 0pt\"><span style=\"font-size: 13px; font-family: Verdana; color: #333333; background-color: transparent; font-weight: normal; font-style: normal; font-variant: normal; text-decoration: none; vertical-align: baseline\">W g\u0142osowaniu ustaw\u0119 popar\u0142o <\/span><span style=\"font-size: 13px; font-family: Verdana; color: #333333; background-color: transparent; font-weight: bold; font-style: normal; font-variant: normal; text-decoration: none; vertical-align: baseline\">286 pos\u0142\u00f3w z PO, Twojego Ruchu, PSL i SLD<\/span><span style=\"font-size: 13px; font-family: Verdana; color: #333333; background-color: transparent; font-weight: normal; font-style: normal; font-variant: normal; text-decoration: none; vertical-align: baseline\">. Przeciw by\u0142o <\/span><span style=\"font-size: 13px; font-family: Verdana; color: #333333; background-color: transparent; font-weight: bold; font-style: normal; font-variant: normal; text-decoration: none; vertical-align: baseline\">140 z PiS i Solidarnej Polski<\/span><span style=\"font-size: 13px; font-family: Verdana; color: #333333; background-color: transparent; font-weight: normal; font-style: normal; font-variant: normal; text-decoration: none; vertical-align: baseline\">. Jeden pose\u0142 si\u0119 wstrzyma\u0142. Chwil\u0119 wcze\u015bniej wi\u0119kszo\u015bci nie uzyska\u0142 z\u0142o\u017cony przez PiS <\/span><span style=\"font-size: 13px; font-family: Verdana; color: #000000; background-color: transparent; font-weight: normal; font-style: normal; font-variant: normal; text-decoration: none; vertical-align: baseline\">wniosek <\/span><span style=\"font-size: 13px; font-family: Verdana; color: #333333; background-color: transparent; font-weight: normal; font-style: normal; font-variant: normal; text-decoration: none; vertical-align: baseline\">o odrzucenie projektu. Popar\u0142o go 138 pos\u0142\u00f3w, podczas gdy 273 by\u0142o przeciw.<\/span><\/p>\n<p dir=\"ltr\" style=\"line-height: 1.15; margin-top: 0pt; margin-bottom: 0pt\"><span style=\"font-size: 13px; font-family: Verdana; color: #333333; background-color: transparent; font-weight: normal; font-style: normal; font-variant: normal; text-decoration: none; vertical-align: baseline\">Czego boj\u0105 si\u0119 \u201cwsioki\u201d z Wiejskiej?<\/span><\/p>\n<p dir=\"ltr\" style=\"line-height: 1.15; margin-top: 0pt; margin-bottom: 0pt\"><span style=\"font-size: 13px; font-family: Verdana; color: #000000; background-color: transparent; font-weight: normal; font-style: normal; font-variant: normal; text-decoration: none; vertical-align: baseline\">W wiadomo\u015bciach ani s\u0142owa o tej narodowej zdradzie.<\/span><\/p>\n<p dir=\"ltr\" style=\"line-height: 1.15; margin-top: 0pt; margin-bottom: 0pt\"><span style=\"font-size: 13px; font-family: Verdana; color: #000000; background-color: transparent; font-weight: normal; font-style: normal; font-variant: normal; text-decoration: none; vertical-align: baseline\">Ludzie, zacznijcie wreszcie my\u015ble\u0107. Obud\u017acie si\u0119 i wykopcie te cztery partie w jasn\u0105 choler\u0119, p\u00f3ki jeszcze jest co ratowa\u0107. A przede wszystkim ratowa\u0107 nasz\u0105 Ojczyzn\u0119.<\/span><\/p>\n<p dir=\"ltr\" style=\"line-height: 1.15; margin-top: 0pt; margin-bottom: 0pt\">&nbsp;<\/p>\n<p dir=\"ltr\" style=\"line-height: 1.15; margin-top: 0pt; margin-bottom: 0pt\" id=\"docs-internal-guid-3026205d-947a-646e-515d-f51b857d4347\"><span style=\"font-size: 13px; font-family: Verdana; color: #000000; background-color: transparent; font-weight: normal; font-style: normal; font-variant: normal; text-decoration: none; vertical-align: baseline\">*** <\/span><span style=\"font-size: 13px; font-family: Verdana; color: #000000; background-color: transparent; font-weight: bold; font-style: normal; font-variant: normal; text-decoration: none; vertical-align: baseline\">Wybory. <\/span><span style=\"font-size: 13px; font-family: Verdana; color: #000000; background-color: transparent; font-weight: normal; font-style: normal; font-variant: normal; text-decoration: none; vertical-align: baseline\">Jestem pewien, \u017ce ju\u017c niebawem b\u0119dziemy ogl\u0105da\u0107 w mediach g\u0142\u00f3wnego \u015bcieku coraz wi\u0119cej twarzy z Solidarnej Polski i partii Gowina. Cho\u0107 nie maj\u0105 one \u017cadnych szans na zanacz\u0105cy wynik w wyborach, to w\u0142a\u015bnie to b\u0119dzie g\u0142\u00f3wnym powodem do ich pokazywania, bo\u2026<br class=\"kix-line-break\" \/>No, w\u0142a\u015bnie: rozbicie g\u0142os\u00f3w prawicowych \u00a0na PiS, Ziobrzyst\u00f3w i Gowinist\u00f3w, pozbawi PiS wi\u0119kszo\u015bci. Scenariusz \u0142atwo przewidzie\u0107: przy rz\u0105dach pozostanie PO, do bizensu we\u017amie SLD, bo PSL te\u017c przepadnie, jak Ziobrzy\u015bci i Gowini\u015bci i \u2026 pozamiatane. Ta reklama Solidarnej Polski i Gowina bardzo si\u0119 op\u0142aci Salonowi, \u201cResortowym dzieciom\u201d i rz\u0105dz\u0105cym. <\/span><\/p>\n<p dir=\"ltr\" style=\"line-height: 1.15; margin-top: 0pt; margin-bottom: 0pt\"><span style=\"font-size: 13px; font-family: Verdana; color: #000000; background-color: transparent; font-weight: normal; font-style: normal; font-variant: normal; text-decoration: none; vertical-align: baseline\">Jakie wyj\u015bcie? Jedynym jest g\u0142osowa\u0107 na PiS, zignorowa\u0107 Ziobr\u0119 i Gowina i Polska ma szans\u0119 by\u0107 Polsk\u0105. Pami\u0119tajcie o tym. Jak ju\u017c macie pogl\u0105dy prawicowe, to nie bawcie si\u0119 w popieranie kabotyn\u00f3w zmieniaj\u0105cych partie, jak r\u0119kawiczki. Po prostu g\u0142osujcie na PiS.<\/span><\/p>\n<p dir=\"ltr\" style=\"line-height: 1.15; margin-top: 0pt; margin-bottom: 0pt\">&nbsp;<\/p>\n","protected":false},"excerpt":{"rendered":"<p>zdrajc\u00f3w ci u nas dostatek *** \u201c&#8230;Gdzie ten s\u0142oik. w kt\u00f3rym schowa\u0142em pieni\u0105dze? No, gdzie ten s\u0142oik z fors\u0105? Mieszkam w bloku, p\u0142ac\u0119 podatki, p\u0142ac\u0119 ZUS, a m\u00f3j OFE, o kt\u00f3rym dowiedzia\u0142em si\u0119 u fryzjera, jest ch&#8230;jowy\u201d.<\/p>\n","protected":false},"author":2,"featured_media":0,"comment_status":"open","ping_status":"open","sticky":false,"template":"","format":"standard","meta":[],"categories":[4],"tags":[],"_links":{"self":[{"href":"https:\/\/sporek.com\/blog\/index.php?rest_route=\/wp\/v2\/posts\/421"}],"collection":[{"href":"https:\/\/sporek.com\/blog\/index.php?rest_route=\/wp\/v2\/posts"}],"about":[{"href":"https:\/\/sporek.com\/blog\/index.php?rest_route=\/wp\/v2\/types\/post"}],"author":[{"embeddable":true,"href":"https:\/\/sporek.com\/blog\/index.php?rest_route=\/wp\/v2\/users\/2"}],"replies":[{"embeddable":true,"href":"https:\/\/sporek.com\/blog\/index.php?rest_route=%2Fwp%2Fv2%2Fcomments&post=421"}],"version-history":[{"count":0,"href":"https:\/\/sporek.com\/blog\/index.php?rest_route=\/wp\/v2\/posts\/421\/revisions"}],"wp:attachment":[{"href":"https:\/\/sporek.com\/blog\/index.php?rest_route=%2Fwp%2Fv2%2Fmedia&parent=421"}],"wp:term":[{"taxonomy":"category","embeddable":true,"href":"https:\/\/sporek.com\/blog\/index.php?rest_route=%2Fwp%2Fv2%2Fcategories&post=421"},{"taxonomy":"post_tag","embeddable":true,"href":"https:\/\/sporek.com\/blog\/index.php?rest_route=%2Fwp%2Fv2%2Ftags&post=421"}],"curies":[{"name":"wp","href":"https:\/\/api.w.org\/{rel}","templated":true}]}}