{"id":425,"date":"2014-02-20T00:23:01","date_gmt":"2014-02-20T04:23:01","guid":{"rendered":"http:\/\/sporek.com\/blog\/?p=425"},"modified":"2014-02-21T23:33:00","modified_gmt":"2014-02-22T03:33:00","slug":"na-%e2%80%9czielonej-ukrainie%e2%80%a6%e2%80%9d","status":"publish","type":"post","link":"https:\/\/sporek.com\/blog\/?p=425","title":{"rendered":"Na \u201cZielonej Ukrainie\u2026\u201d"},"content":{"rendered":"<p><strong style=\"font-weight: normal\"><\/p>\n<p id=\"docs-internal-guid-68b1e0bc-4d85-dbfa-8776-a1626f053974\" style=\"line-height: 1.15; margin-top: 0pt; margin-bottom: 0pt\" dir=\"ltr\"><span style=\"color: #000000; font-family: Verdana; font-size: 13px; font-style: normal; font-variant: normal; font-weight: normal; text-decoration: none; vertical-align: baseline; background-color: transparent\">Chcia\u0142oby sie powiedzie\u0107: nie trzeba by\u0142o zabiera\u0107 nam Ziem Wschodnich, nie mia\u0142by\u015b, Rusie problemu z Ukrain\u0105. Czy to zemsta historii, czy efekt dzia\u0142a\u0144 oszuka\u0144czej, nieuczciwej i pazernej w\u0142adzy?<\/span><\/p>\n<p><\/strong><!--more--><strong style=\"font-weight: normal\"><\/p>\n<p id=\"docs-internal-guid-68b1e0bc-4d85-dbfa-8776-a1626f053974\" style=\"line-height: 1.15; margin-top: 0pt; margin-bottom: 0pt\" dir=\"ltr\"><span style=\"color: #000000; font-family: Verdana; font-size: 13px; font-style: normal; font-variant: normal; font-weight: normal; text-decoration: none; vertical-align: baseline; background-color: transparent\">Odpowied\u017a na to pytanie nie ma najmniejszego znaczenia, cho\u0107 sama ci\u015bnie si\u0119 na usta: &#8211; jak w Polsce i wsz\u0119dzie; winna jest w\u0142adza.<\/span><\/p>\n<p style=\"line-height: 1.15; margin-top: 0pt; margin-bottom: 0pt\" dir=\"ltr\"><span style=\"color: #000000; font-family: Verdana; font-size: 13px; font-style: normal; font-variant: normal; font-weight: normal; text-decoration: none; vertical-align: baseline; background-color: transparent\">\u201cZielona Ukraina\u201d p\u0142onie i barwi si\u0119 czerwieni\u0105 krwi \u015bmiertelnych ofiar tyranii Janukowicza. <\/span><\/p>\n<p style=\"line-height: 1.15; margin-top: 0pt; margin-bottom: 0pt\" dir=\"ltr\"><span style=\"color: #000000; font-family: Verdana; font-size: 13px; font-style: normal; font-variant: normal; font-weight: normal; text-decoration: none; vertical-align: baseline; background-color: transparent\">\u015awiat wie coraz wi\u0119cej o dramacie ukrai\u0144skiego spo\u0142ecze\u0144stwa, ale do najbardziej cywilizowanych kraj\u00f3w, jakby nadal nie dociera, \u017ce na\u0142o\u017cenie &#8211; natychmiastowe &#8211; sankcji na Ukrain\u0119 i Rosj\u0119 jest spraw\u0105 najpilniejsz\u0105. Polska zrobi\u0142a i robi, co mo\u017ce i co w jej mo\u017cliwo\u015bciach. Gdyby\u017c te mo\u017cliwo\u015bci by\u0142y wi\u0119ksze, bo i niebezpiecze\u0144stwo jest coraz wi\u0119ksze. Ukraina, to przede wszystkim interes Rosji. Z woln\u0105 Ukrain\u0105, Rosja przestaje by\u0107 pot\u0119g\u0105. Ona sama nie ma ju\u017c prawie nic. Ma tylko gaz, rop\u0119 i bro\u0144, a decyduj\u0105ca o sobie Ukraina nie gwarantuje moskiewskiemu Nied\u017awiedziowi, \u017ce b\u0119dzie te paliwa od niego bra\u0142a. Ukraina, jak niegdy\u015b Polska, jest ostatnim buforem mi\u0119dzy Rosj\u0105, a Zachodem. A ten najbli\u017cszy Zach\u00f3d, to Polska i dlatego nasze wsparcie dla Majdanu jest niewiarygodnie potrzebne.<\/span><\/p>\n<p style=\"line-height: 1.15; margin-top: 0pt; margin-bottom: 0pt\" dir=\"ltr\"><span style=\"color: #000000; font-family: Verdana; font-size: 13px; font-style: normal; font-variant: normal; font-weight: normal; text-decoration: none; vertical-align: baseline; background-color: transparent\">Sam\u0105 broni\u0105 Rosja ani si\u0119 nie wy\u017cywi, ani si\u0119 nie rozwinie. Tam oligarchowie, \u0142\u0105cznie z rz\u0105dz\u0105cymi nakradli ju\u017c tyle, \u017ce d\u017awigni\u0119cie si\u0119 z zapa\u015bci b\u0119dzie niemo\u017cliwe. Putin wie o tym doskonale i tak d\u0142ugo b\u0119dzie wspiera\u0142 Janukowicza, jak tylko si\u0119 da.<\/span><\/p>\n<p style=\"line-height: 1.15; margin-top: 0pt; margin-bottom: 0pt\" dir=\"ltr\"><span style=\"color: #000000; font-family: Verdana; font-size: 13px; font-style: normal; font-variant: normal; font-weight: normal; text-decoration: none; vertical-align: baseline; background-color: transparent\">Pewnie, \u017ce my mamy porachunki z Ukrain\u0105. I trzeba o tym m\u00f3wi\u0107 gdzie si\u0119 da i kiedy si\u0119 da, ale teraz wolna Ukraina, to te\u017c nasz interes i to ogromny. Rozliczenie za Wo\u0142y\u0144 trzeba od\u0142o\u017cy\u0107. Ksi\u0105dz Tadeusz Isakowicz-Zaleski ostro polemizuje z t\u0105 teori\u0105. Z jednej strony mo\u017cna mu si\u0119 nie dziwi\u0107, bo pami\u0119\u0107 o tamtym ludob\u00f3jstwie zgin\u0105\u0107 nie mo\u017ce, ale z drugiej dzisiejsza Ukraina i jej dramat dziej\u0105 si\u0119 tu i teraz. I to winno by\u0107 priorytetem w\u0142a\u015bnie na teraz.<\/span><\/p>\n<p style=\"line-height: 1.15; margin-top: 0pt; margin-bottom: 0pt\" dir=\"ltr\"><span style=\"color: #000000; font-family: Verdana; font-size: 13px; font-style: normal; font-variant: normal; font-weight: normal; text-decoration: none; vertical-align: baseline; background-color: transparent\">Nie jest prawd\u0105, \u017ce na Majdanie s\u0105 banderowcy. Tam, co najmniej 90% ludzi odcina si\u0119 od tej bandy. A je\u015bli s\u0105, to tak, jak kiedy\u015b i jak teraz w Polsce podczas marsz\u00f3w, demonstracji, po to, aby j\u0105trzy\u0107 i kompromitowa\u0107.<\/span><\/p>\n<p style=\"line-height: 1.15; margin-top: 0pt; margin-bottom: 0pt\" dir=\"ltr\"><span style=\"color: #000000; font-family: Verdana; font-size: 13px; font-style: normal; font-variant: normal; font-weight: normal; text-decoration: none; vertical-align: baseline; background-color: transparent\">Ukraina musi wygra\u0107 swoj\u0105 walk\u0119. Jest to walka o godno\u015b\u0107 jej obywateli, o ich lepsze jutro, ale i o przysz\u0142o\u015b\u0107 tego regionu Europy. Dlatego nie mo\u017cmy by\u0107 oboj\u0119tni.<\/span><\/p>\n<p><\/strong><\/p>\n","protected":false},"excerpt":{"rendered":"<p>Chcia\u0142oby sie powiedzie\u0107: nie trzeba by\u0142o zabiera\u0107 nam Ziem Wschodnich, nie mia\u0142by\u015b, Rusie problemu z Ukrain\u0105. Czy to zemsta historii, czy efekt dzia\u0142a\u0144 oszuka\u0144czej, nieuczciwej i pazernej w\u0142adzy?<\/p>\n","protected":false},"author":2,"featured_media":0,"comment_status":"open","ping_status":"open","sticky":false,"template":"","format":"standard","meta":[],"categories":[4],"tags":[],"_links":{"self":[{"href":"https:\/\/sporek.com\/blog\/index.php?rest_route=\/wp\/v2\/posts\/425"}],"collection":[{"href":"https:\/\/sporek.com\/blog\/index.php?rest_route=\/wp\/v2\/posts"}],"about":[{"href":"https:\/\/sporek.com\/blog\/index.php?rest_route=\/wp\/v2\/types\/post"}],"author":[{"embeddable":true,"href":"https:\/\/sporek.com\/blog\/index.php?rest_route=\/wp\/v2\/users\/2"}],"replies":[{"embeddable":true,"href":"https:\/\/sporek.com\/blog\/index.php?rest_route=%2Fwp%2Fv2%2Fcomments&post=425"}],"version-history":[{"count":0,"href":"https:\/\/sporek.com\/blog\/index.php?rest_route=\/wp\/v2\/posts\/425\/revisions"}],"wp:attachment":[{"href":"https:\/\/sporek.com\/blog\/index.php?rest_route=%2Fwp%2Fv2%2Fmedia&parent=425"}],"wp:term":[{"taxonomy":"category","embeddable":true,"href":"https:\/\/sporek.com\/blog\/index.php?rest_route=%2Fwp%2Fv2%2Fcategories&post=425"},{"taxonomy":"post_tag","embeddable":true,"href":"https:\/\/sporek.com\/blog\/index.php?rest_route=%2Fwp%2Fv2%2Ftags&post=425"}],"curies":[{"name":"wp","href":"https:\/\/api.w.org\/{rel}","templated":true}]}}