{"id":426,"date":"2014-02-23T22:27:53","date_gmt":"2014-02-24T02:27:53","guid":{"rendered":"http:\/\/sporek.com\/blog\/?p=426"},"modified":"2014-02-24T10:10:57","modified_gmt":"2014-02-24T14:10:57","slug":"radosc-i-dramat","status":"publish","type":"post","link":"https:\/\/sporek.com\/blog\/?p=426","title":{"rendered":"Rado\u015b\u0107 i dramat"},"content":{"rendered":"<p><span style=\"color: #000000; font-family: Verdana; font-size: 13px; font-style: normal; font-variant: normal; font-weight: normal; text-decoration: none; vertical-align: baseline; background-color: transparent\">S(t)och(i)<\/span><\/p>\n<p><strong style=\"font-weight: normal\"><\/strong><\/p>\n<p><strong style=\"font-weight: normal\"><strong style=\"font-weight: normal\"><\/p>\n<p style=\"line-height: 1.15; margin-top: 0pt; margin-bottom: 0pt\" dir=\"ltr\"><span style=\"color: #000000; font-family: Verdana; font-size: 13px; font-style: normal; font-variant: normal; font-weight: normal; text-decoration: none; vertical-align: baseline; background-color: transparent\">Rado\u015b\u0107 zwyci\u0119zc\u00f3w w Soczi i dramat Narodu ukrai\u0144skiego, &#8211; to ostatnie dwa tygodnie, kt\u00f3rymi \u017cy\u0142 \u015bwiat. \u00a0\u201cWielki sukces\u201d, \u201cnajwspanialsza olimpiada dla Polski\u201d, itd, itp.<\/span><\/p>\n<p><\/strong><\/strong><!--more--><strong style=\"font-weight: normal\"><strong style=\"font-weight: normal\"><\/p>\n<p style=\"line-height: 1.15; margin-top: 0pt; margin-bottom: 0pt\" dir=\"ltr\"><span style=\"color: #000000; font-family: Verdana; font-size: 13px; font-style: normal; font-variant: normal; font-weight: normal; text-decoration: none; vertical-align: baseline; background-color: transparent\">Cztery z\u0142ote, jeden srebrny, jeden br\u0105zowy. Te z\u0142ote zdoby\u0142y trzy osoby, w tym Kamil Stoch, dwa, Kowalczyk z Br\u00f3dk\u0105 po jednym. Srebrny i br\u0105zowy, to dorobek dw\u00f3ch dru\u017cyn. Wygl\u0105da na to, \u017ce na olimpiad\u0119 mogli pojecha\u0107: Justyna Kowalczyk, Kamil Stoch, Zbigniew Br\u00f3dka oraz dru\u017cny panczenistek i panczenist\u00f3w. I tyle. Olimpiada, kt\u00f3r\u0105 przy\u0107mi\u0142a rewolucja na Majdanie z rozlan\u0105 krwi\u0105, a poprzedzi\u0142a krzywda ludzi, kt\u00f3rym w Soczi odbierano domy, dzia\u0142ki, maj\u0105tki.<\/span><\/p>\n<p style=\"line-height: 1.15; margin-top: 0pt; margin-bottom: 0pt\" dir=\"ltr\"><span style=\"color: #000000; font-family: Verdana; font-size: 13px; font-style: normal; font-variant: normal; font-weight: normal; text-decoration: none; vertical-align: baseline; background-color: transparent\">Po\u015bmia\u0142em si\u0119 z sympatycznego dowcipu, kt\u00f3ry powsta\u0142, gdy Kamil Stoch, Justyna Kowalczyk i Zbigniew Br\u00f3dka mieli po jednym z\u0142otym medalu:<\/span><\/p>\n<p style=\"line-height: 1.15; margin-top: 0pt; margin-bottom: 0pt\" dir=\"ltr\"><span style=\"color: #000000; font-family: Verdana; font-size: 13px; font-style: normal; font-variant: normal; font-weight: normal; text-decoration: none; vertical-align: baseline; background-color: transparent\">Podchodzi Kamil do kiosku z gazetami:<\/span><\/p>\n<p style=\"line-height: 1.15; margin-top: 0pt; margin-bottom: 0pt\" dir=\"ltr\"><span style=\"color: #000000; font-family: Verdana; font-size: 13px; font-style: normal; font-variant: normal; font-weight: normal; text-decoration: none; vertical-align: baseline; background-color: transparent\">-Poprosz\u0119 gazet\u0119.<\/span><\/p>\n<p style=\"line-height: 1.15; margin-top: 0pt; margin-bottom: 0pt\" dir=\"ltr\"><span style=\"color: #000000; font-family: Verdana; font-size: 13px; font-style: normal; font-variant: normal; font-weight: normal; text-decoration: none; vertical-align: baseline; background-color: transparent\">-Prosz\u0119.<\/span><\/p>\n<p style=\"line-height: 1.15; margin-top: 0pt; margin-bottom: 0pt\" dir=\"ltr\"><span style=\"color: #000000; font-family: Verdana; font-size: 13px; font-style: normal; font-variant: normal; font-weight: normal; text-decoration: none; vertical-align: baseline; background-color: transparent\">-Ile p\u0142ac\u0119?<\/span><\/p>\n<p style=\"line-height: 1.15; margin-top: 0pt; margin-bottom: 0pt\" dir=\"ltr\"><span style=\"color: #000000; font-family: Verdana; font-size: 13px; font-style: normal; font-variant: normal; font-weight: normal; text-decoration: none; vertical-align: baseline; background-color: transparent\">-Dwa z\u0142ote.<\/span><\/p>\n<p style=\"line-height: 1.15; margin-top: 0pt; margin-bottom: 0pt\" dir=\"ltr\"><span style=\"color: #000000; font-family: Verdana; font-size: 13px; font-style: normal; font-variant: normal; font-weight: normal; text-decoration: none; vertical-align: baseline; background-color: transparent\">Kamil odwraca si\u0119 do Justyny:<\/span><\/p>\n<p style=\"line-height: 1.15; margin-top: 0pt; margin-bottom: 0pt\" dir=\"ltr\"><span style=\"color: #000000; font-family: Verdana; font-size: 13px; font-style: normal; font-variant: normal; font-weight: normal; text-decoration: none; vertical-align: baseline; background-color: transparent\">-Justyna, po\u017cyczysz?<\/span><\/p>\n<p style=\"line-height: 1.15; margin-top: 0pt; margin-bottom: 0pt\" dir=\"ltr\"><span style=\"color: #000000; font-family: Verdana; font-size: 13px; font-style: normal; font-variant: normal; font-weight: normal; text-decoration: none; vertical-align: baseline; background-color: transparent\">-Zawsze po\u017cycza\u0142am, popro\u015b teraz Zbyszka.<\/span><\/p>\n<p style=\"line-height: 1.15; margin-top: 0pt; margin-bottom: 0pt\" dir=\"ltr\"><span style=\"color: #000000; font-family: Verdana; font-size: 13px; font-style: normal; font-variant: normal; font-weight: normal; text-decoration: none; vertical-align: baseline; background-color: transparent\">Tydzie\u0144 p\u00f3\u017aniej Kamil podchodzi do kiosku:<\/span><\/p>\n<p style=\"line-height: 1.15; margin-top: 0pt; margin-bottom: 0pt\" dir=\"ltr\"><span style=\"color: #000000; font-family: Verdana; font-size: 13px; font-style: normal; font-variant: normal; font-weight: normal; text-decoration: none; vertical-align: baseline; background-color: transparent\">-Poprosz\u0119 gazet\u0119.<\/span><\/p>\n<p style=\"line-height: 1.15; margin-top: 0pt; margin-bottom: 0pt\" dir=\"ltr\"><span style=\"color: #000000; font-family: Verdana; font-size: 13px; font-style: normal; font-variant: normal; font-weight: normal; text-decoration: none; vertical-align: baseline; background-color: transparent\">-Prosz\u0119, dwa z\u0142ote.<\/span><\/p>\n<p style=\"line-height: 1.15; margin-top: 0pt; margin-bottom: 0pt\" dir=\"ltr\"><span style=\"color: #000000; font-family: Verdana; font-size: 13px; font-style: normal; font-variant: normal; font-weight: normal; text-decoration: none; vertical-align: baseline; background-color: transparent\">-A prosz\u0119 uprzejmie, akurat mam dwa z\u0142ote.<\/span><\/p>\n<p style=\"line-height: 1.15; margin-top: 0pt; margin-bottom: 0pt\" dir=\"ltr\"><span style=\"color: #000000; font-family: Verdana; font-size: 13px; font-style: normal; font-variant: normal; font-weight: normal; text-decoration: none; vertical-align: baseline; background-color: transparent\">Pokaza\u0142 si\u0119 te\u017c na Internecie banknot stuz\u0142otowy z dowcipnym napisem: Stoch Z\u0142oty<\/span><\/p>\n<p style=\"line-height: 1.15; margin-top: 0pt; margin-bottom: 0pt\" dir=\"ltr\"><span style=\"color: #000000; font-family: Verdana; font-size: 13px; font-style: normal; font-variant: normal; font-weight: normal; text-decoration: none; vertical-align: baseline; background-color: transparent\">Ciekawe s\u0105 informacje dotycz\u0105ce organizacji zimowych igrzysk, 2022. Ot\u00f3\u017c kandydatami s\u0105: <\/span><\/p>\n<p style=\"line-height: 1.15; margin-top: 0pt; margin-bottom: 0pt\" dir=\"ltr\"><span style=\"color: #000000; font-family: Verdana; font-size: 13px; font-style: normal; font-variant: normal; font-weight: normal; text-decoration: none; vertical-align: baseline; background-color: transparent\">Sztokholm &#8211; komitet uzna\u0142, \u017ce by\u0142by to zbyt du\u017cy wydatek- rezygnacja; Monahium: mieszka\u0144cy w referendum zdecydowali, \u017ce ryzyko finasowe jest zbyt du\u017ce &#8211; rezygnacja; Oslo: poparcie spo\u0142eczne drastycznie spada &#8211; Rz\u0105d rozwa\u017ca rezygnacj\u0119; Krak\u00f3w: Radni postanowili, \u017ce nie b\u0119dzie referendum. Do Soczi pojecha\u0142a 6-osobowa delegacja (koszt 50 tys. z\u0142) bawi\u0107 si\u0119 na koszt miasta, przepraszam, uczy\u0107 si\u0119, jak dzia\u0142a organizacja olimpiady. Prezydent Krakowa m\u00f3wi, \u017ce olimpiada w Krakowie i co najmniej czterech innych miastach jest do zrobienia. Kiedy\u015b byli\u015bmy najweselszym barakiem w obozie demolud\u00f3w, teraz mamy najwi\u0119ksze poczucie humoru w ekskluzywnym klubie \u201cEuropa\u201d. Ani raz nie s\u0142ysza\u0142em, jak skorzysta\u0142a Polska na Euro 2012. Ale mo\u017ce uda si\u0119 zarobi\u0107 na olimpiadzie\u2026?<\/span><\/p>\n<p style=\"line-height: 1.15; margin-top: 0pt; margin-bottom: 0pt\" dir=\"ltr\"><span style=\"color: #000000; font-family: Verdana; font-size: 13px; font-style: normal; font-variant: normal; font-weight: normal; text-decoration: none; vertical-align: baseline; background-color: transparent\">***<\/span><\/p>\n<p style=\"line-height: 1.15; margin-top: 0pt; margin-bottom: 0pt\" dir=\"ltr\"><span style=\"color: #000000; font-family: Verdana; font-size: 13px; font-style: normal; font-variant: normal; font-weight: normal; text-decoration: none; vertical-align: baseline; background-color: transparent\">Ta \u201cZielona Ukraina\u201d<\/span><\/p>\n<p style=\"line-height: 1.15; margin-top: 0pt; margin-bottom: 0pt\" dir=\"ltr\"><span style=\"color: #000000; font-family: Verdana; font-size: 13px; font-style: normal; font-variant: normal; font-weight: normal; text-decoration: none; vertical-align: baseline; background-color: transparent\">Majdan zwyci\u0119\u017cy\u0142 i zrobi\u0142 to, czego w Polsce nie zrobiono, gdy by\u0142 na to czas. Nie s\u0105dz\u0119, aby kto\u015b mia\u0142 na Ukrainie odwag\u0119 namalowa\u0107 \u201cgrub\u0105 kresk\u0119\u201d i, \u017ceby bawiono si\u0119 w jakie\u015b okr\u0105g\u0142e meble. Zrobi\u0142a to poprzednia, pomara\u0144czowa rewolucja. Na efekt nie trzeba by\u0142o d\u0142ugo czeka\u0107. Bogactwo Janukowicza i innych oligarch\u00f3w, w tym, niestety Julii Tymoszenko, mo\u017cna por\u00f3wna\u0107 do bogactwa polskich oligarch\u00f3w, tyle, \u017ce on musia\u0142 ucieka\u0107, a nasi maj\u0105 si\u0119 \u015bwietnie. I my\u015bl\u0119, \u017ce Ukraina jeszcze nam poka\u017ce, czego nie wolno by\u0142o Mazowieckiemu zrobi\u0107 w 1989 i czego Wa\u0142\u0119sie nie wolno by\u0142o zrobi\u0107 w czerwcu, 1992. Tymoszenko, w mojej opinii w og\u00f3le nie powinna si\u0119 zjawi\u0107 na Majdanie, a je\u015bli ju\u017c, to wy\u0142\u0105cznie, aby podzi\u0119kowa\u0107 za uwolnienie\u00a0i jestem raczej g\u0142\u0119boko przekonany, \u017ce straci\u0142a wiarygodno\u015b\u0107 i szans w majowych wyborach nie ma. A nawiasem m\u00f3wi\u0105c Tymoszenko wsadzono do paki za to samo, co zrobi\u0142 niejaki Pawlak Polakom, czyli wynegocjowanie najdro\u017cszego gazu na \u015bwiecie, bo w\u0142a\u015bnie Polska dzi\u0119ki wybitnym zdolno\u015bciom negocjacyjnym Pawlaka-Stra\u017caka p\u0142aci horrendalne pieni\u0105dze Rosji. Tymoszenko posz\u0142a siedzie\u0107, a Pawlak ma si\u0119 dobrze. A przecie\u017c zd\u0105\u017cy\u0142 jeszcze za swojej kadencji umo\u017cy\u0107 500mln kary dla ukrai\u0144sko-rosyjskiej sp\u00f3\u0142ki sprowadzaj\u0105cej rop\u0119 do Polski. Ot, taka subtelna r\u00f3\u017cnica mi\u0119dzy Polsk\u0105, a Ukrain\u0105.<\/span><\/p>\n<p style=\"line-height: 1.15; margin-top: 0pt; margin-bottom: 0pt\" dir=\"ltr\"><span style=\"color: #000000; font-family: Verdana; font-size: 13px; font-style: normal; font-variant: normal; font-weight: normal; text-decoration: none; vertical-align: baseline; background-color: transparent\">To, co mnie mocno frapuje, to podzia\u0142 Ukrainy. I mo\u017ce on si\u0119 dokona\u0107 szybciej, ni\u017c ktokolwiek my\u015bli. Ju\u017c teraz zauwa\u017calny jest tzw. wsch\u00f3d i zach\u00f3d Ukrainy, ale pami\u0119ta\u0107 trzeba, \u017ce Krym, to terytorium, kt\u00f3rego mieszka\u0144cy ani nie s\u0105 zbyt wielkimi sympatykami Kijowa, ani nie szalej\u0105 za Moskw\u0105 i to, co mo\u017ce si\u0119 zdarzy\u0107, to powstanie Republiki Krymskiej.<\/span><\/p>\n<p style=\"line-height: 1.15; margin-top: 0pt; margin-bottom: 0pt\" dir=\"ltr\"><span style=\"color: #000000; font-family: Verdana; font-size: 13px; font-style: normal; font-variant: normal; font-weight: normal; text-decoration: none; vertical-align: baseline; background-color: transparent\">P\u00f3ki co jestem pod ogromnym wra\u017ceniem odwagi, po\u015bwi\u0119cenia, patriotyzmu i niewiarygodnej si\u0142y tych tysi\u0119cy Ukrai\u0144c\u00f3w, kt\u00f3rzy dokonali na Majdanie przewrotu i praktycznie zamachu stanu. I jestem pewien, \u017ce nikt z tych, kt\u00f3rzy wydawali rozkazy nie b\u0119dzie mia\u0142 w narodzie poplecznik\u00f3w wo\u0142aj\u0105cych, \u017ce s\u0105 lud\u017ami honoru (jak Michnik o Jaruzelskim, czy Wa\u0142\u0119sa o Kiszczaku). Dlaczego majda\u0144ska opozycja nie ma wyrazistego przyw\u00f3dcy? Nie jest nim na pewno Kliczko, kt\u00f3remu d\u0142ugo nie zapomn\u0105, \u017ce poda\u0142 r\u0119k\u0119 Janukowiczowi. A no, dlatego, \u017ce nikt taki nie zosta\u0142 przywieziony wojskow\u0105 motor\u00f3wk\u0105, ani te\u017c nikt nie przeskoczy\u0142 p\u0142otu <\/span><span style=\"color: #000000; font-family: Verdana; font-size: 13px; font-style: normal; font-variant: normal; font-weight: normal; text-decoration: none; vertical-align: baseline; background-color: transparent\">dwa razy wi\u0119kszego od siebie. Teraz przed Ukrain\u0105 okres niezwykle trudny. Okres, w kt\u00f3rym musz\u0105 si\u0119 wy\u0142oni\u0107 nast\u0119pcy tych, kt\u00f3rzy dzi\u015b jeszcze zasiadaj\u0105 u w\u0142adzy. Trzymajmy kciuki za dzielny Nar\u00f3d Ukrainy.<\/span><\/p>\n<p><\/strong><\/strong><strong style=\"font-weight: normal\"><\/strong><strong style=\"font-weight: normal\"><strong style=\"font-weight: normal\"><span style=\"color: #000000; font-family: Verdana; font-size: 13px; font-style: normal; font-variant: normal; font-weight: normal; text-decoration: none; vertical-align: baseline; background-color: transparent\"><\/span><br \/>\n<span style=\"color: #000000; font-family: Verdana; font-size: 13px; font-style: normal; font-variant: normal; font-weight: normal; text-decoration: none; vertical-align: baseline; background-color: transparent\"><\/span><br \/>\n<span style=\"color: #000000; font-family: Verdana; font-size: 13px; font-style: normal; font-variant: normal; font-weight: normal; text-decoration: none; vertical-align: baseline; background-color: transparent\"><\/span><br \/>\n<\/strong><br \/>\n<\/strong><\/p>\n","protected":false},"excerpt":{"rendered":"<p>S(t)och(i) Rado\u015b\u0107 zwyci\u0119zc\u00f3w w Soczi i dramat Narodu ukrai\u0144skiego, &#8211; to ostatnie dwa tygodnie, kt\u00f3rymi \u017cy\u0142 \u015bwiat. \u00a0\u201cWielki sukces\u201d, \u201cnajwspanialsza olimpiada dla Polski\u201d, itd, itp.<\/p>\n","protected":false},"author":2,"featured_media":0,"comment_status":"open","ping_status":"open","sticky":false,"template":"","format":"standard","meta":[],"categories":[1],"tags":[],"_links":{"self":[{"href":"https:\/\/sporek.com\/blog\/index.php?rest_route=\/wp\/v2\/posts\/426"}],"collection":[{"href":"https:\/\/sporek.com\/blog\/index.php?rest_route=\/wp\/v2\/posts"}],"about":[{"href":"https:\/\/sporek.com\/blog\/index.php?rest_route=\/wp\/v2\/types\/post"}],"author":[{"embeddable":true,"href":"https:\/\/sporek.com\/blog\/index.php?rest_route=\/wp\/v2\/users\/2"}],"replies":[{"embeddable":true,"href":"https:\/\/sporek.com\/blog\/index.php?rest_route=%2Fwp%2Fv2%2Fcomments&post=426"}],"version-history":[{"count":0,"href":"https:\/\/sporek.com\/blog\/index.php?rest_route=\/wp\/v2\/posts\/426\/revisions"}],"wp:attachment":[{"href":"https:\/\/sporek.com\/blog\/index.php?rest_route=%2Fwp%2Fv2%2Fmedia&parent=426"}],"wp:term":[{"taxonomy":"category","embeddable":true,"href":"https:\/\/sporek.com\/blog\/index.php?rest_route=%2Fwp%2Fv2%2Fcategories&post=426"},{"taxonomy":"post_tag","embeddable":true,"href":"https:\/\/sporek.com\/blog\/index.php?rest_route=%2Fwp%2Fv2%2Ftags&post=426"}],"curies":[{"name":"wp","href":"https:\/\/api.w.org\/{rel}","templated":true}]}}