{"id":427,"date":"2014-02-28T13:36:12","date_gmt":"2014-02-28T17:36:12","guid":{"rendered":"http:\/\/sporek.com\/blog\/?p=427"},"modified":"2014-02-28T16:18:31","modified_gmt":"2014-02-28T20:18:31","slug":"europoslowie-i%e2%80%a6","status":"publish","type":"post","link":"https:\/\/sporek.com\/blog\/?p=427","title":{"rendered":"Europos\u0142owie i\u2026"},"content":{"rendered":"<p><strong style=\"font-weight: normal\"> <span style=\"color: #000000; font-family: Verdana; font-size: 13px; font-style: normal; font-variant: normal; font-weight: normal; text-decoration: none; vertical-align: baseline; background-color: transparent\"><\/span><\/strong><\/p>\n<p><strong style=\"font-weight: normal\"><strong style=\"font-weight: normal\"><\/p>\n<p id=\"docs-internal-guid-758d9631-79b1-8dc2-31f9-0cc253caf3ff\" style=\"line-height: 1.15; margin-top: 0pt; margin-bottom: 0pt\" dir=\"ltr\"><span style=\"color: #000000; font-family: Verdana; font-size: 13px; font-style: normal; font-variant: normal; font-weight: normal; text-decoration: none; vertical-align: baseline; background-color: transparent\">Euro-kandydatki<\/span><\/p>\n<p style=\"line-height: 1.15; margin-top: 0pt; margin-bottom: 0pt\" dir=\"ltr\"><span style=\"color: #000000; font-family: Verdana; font-size: 13px; font-style: normal; font-variant: normal; font-weight: normal; text-decoration: none; vertical-align: baseline; background-color: transparent\">Najpierw europose\u0142 Protasiewicz. Dawno nie widzia\u0142em tak kompromituj\u0105cej konferencji prasowej, jak ta, w wykonaniu Jacka Protasiewicza. Je\u015bli mo\u017cna m\u00f3wi\u0107 o samokompromitacji, to Protasiewicz przeskoczy\u0142 nawet samego Bolka.<\/span><\/p>\n<p><\/strong><\/strong><!--more--><strong style=\"font-weight: normal\"><strong style=\"font-weight: normal\"><\/p>\n<p style=\"line-height: 1.15; margin-top: 0pt; margin-bottom: 0pt\" dir=\"ltr\"><span style=\"color: #000000; font-family: Verdana; font-size: 13px; font-style: normal; font-variant: normal; font-weight: normal; text-decoration: none; vertical-align: baseline; background-color: transparent\">\u00a0Jego angielskie cytaty s\u0105 fatalne i je\u015bli takim j\u0119zykiem angielskim w\u0142adaj\u0105 polscy europos\u0142owie, to nie dziwi\u0119, si\u0119, \u017ce niemiecki urz\u0119dnik-celnik, czy p\u00f3\u017aniej w samochodzie, policjant, mieli problem ze zrozumieniem wywod\u00f3w ulubie\u0144ca Tuska. Je\u015bli chce si\u0119 wybroni\u0107 samego siebie w obcym j\u0119zyku, to trzeba tym j\u0119zykiem naprawd\u0119 dobrze operowa\u0107. Ale pomijaj\u0105c umiej\u0119tno\u015bci poliglotyczne Protasiewicza, to jego t\u0142umaczenia s\u0105 tak dziecinne, \u017ce wr\u0119cz debilne &#8211; nie obra\u017caj\u0105c dzieci. <\/span><a href=\"http:\/\/www.tvn24.pl\/wideo\/z-anteny\/calosc-konferencji-jacka-protasiewicza,1211576.html?playlist_id=16986\" style=\"text-decoration: none\"><span style=\"color: #1155cc; font-family: Verdana; font-size: 13px; font-style: normal; font-variant: normal; font-weight: normal; text-decoration: underline; vertical-align: baseline; background-color: transparent\">http:\/\/www.tvn24.pl\/wideo\/z-anteny\/calosc-konferencji-jacka-protasiewicza,1211576.html?playlist_id=16986<\/span><\/a><span style=\"color: #000000; font-family: Verdana; font-size: 13px; font-style: normal; font-variant: normal; font-weight: normal; text-decoration: none; vertical-align: baseline; background-color: transparent\"><\/span><\/p>\n<p style=\"line-height: 1.15; margin-top: 0pt; margin-bottom: 0pt\" dir=\"ltr\"><span style=\"color: #000000; font-family: Verdana; font-size: 13px; font-style: normal; font-variant: normal; font-weight: normal; text-decoration: none; vertical-align: baseline; background-color: transparent\">Intelekt tego pana podpad\u0142 mi ju\u017c w \u00a0czasie, kiedy by\u0142 on go\u015bciem naszej Unii Kredytowej, w 2009 roku. Spotka\u0142 si\u0119 on by\u0142 z cz\u0142onkami rady dyrektor\u00f3w, przy naszym, okr\u0105g\u0142ym stole, przy McGuinness Blvd. By\u0142em jedynym cz\u0142owiekiem, kt\u00f3ry \u201cegzaminowa\u0142\u201d go z jego wiedzy o sytuacji ekonomicznej Polski. Wi\u0142 si\u0119, jak piskorz i tak na dobr\u0105 spraw\u0119 na \u017cadne moje pytanie nie odpowiedzia\u0142 zgodnie z istniej\u0105c\u0105 w\u00f3wczas sytuacj\u0105. Sytuacj\u0105, kt\u00f3ra w prostej linii prowadzi\u0142a do za\u0142amania ekonomicznego, finansowego i gospodarczego. Uparcie przekonywa\u0142 nas, \u017ce Platforma, to jedyna opcja dla Polski. Opcja, kt\u00f3ra obroni Polsk\u0119 przed kryzysem. Moje pytania by\u0142y tak niewygodne dla go\u015bcia z polskiego rz\u0105du, \u017ce nawet \u00f3wczesny szef dzia\u0142u marketingu Unii Kredytowej, zgodnie z tzw. poprawno\u015bci\u0105 polityczn\u0105, czyli czo\u0142obitno\u015bci\u0105 przed przedstawicielami polskiego rz\u0105du, upomnia\u0142 mnie, abym ju\u017c wi\u0119cej pyta\u0144 nie zadawa\u0142.<\/span><\/p>\n<p style=\"line-height: 1.15; margin-top: 0pt; margin-bottom: 0pt\" dir=\"ltr\"><span style=\"color: #000000; font-family: Verdana; font-size: 13px; font-style: normal; font-variant: normal; font-weight: normal; text-decoration: none; vertical-align: baseline; background-color: transparent\">Tusk powinien natychmiast odsun\u0105\u0107 tego faceta od wszelkich funkcji w Partii Ob\u0142udy, no, chyba, \u017ce ob\u0142uda, to jedyna wizyt\u00f3wka jedynie s\u0142usznej partii\u2026 Ale Tuks, jak wiadomo ma podw\u00f3jne standardy. Ciekawe te\u017c, \u017ce Marek Borowski nie ma na ten temat swojego zdania i o\u015bwiadcza, \u017ce \u201cpoczeka, co zrobi i jak oceni to premier\u201d. Inn\u0105 prwd\u0105 jest, \u017ce nawet, je\u015bli premier usunie Protasiewicza na margines swojej partii, to jest to co najmniej o kilka lat za p\u00f3\u017ano. Ta partia jest przy w\u0142adzy o kilka lat za d\u0142ugo. <\/span><\/p>\n<p style=\"line-height: 1.15; margin-top: 0pt; margin-bottom: 0pt\" dir=\"ltr\"><span style=\"color: #000000; font-family: Verdana; font-size: 13px; font-style: normal; font-variant: normal; font-weight: normal; text-decoration: none; vertical-align: baseline; background-color: transparent\">A teraz kandydatki na europos\u0142anki z partii P-kota i on sam, wmawiaj\u0105cy dziennikarzom, \u017ce szkoda m\u00f3zgu na takie informacje, o jakie zapyta\u0142 dziennikarz. Prosz\u0119 pos\u0142ucha\u0107:<\/span><\/p>\n<p style=\"line-height: 1.15; margin-top: 0pt; margin-bottom: 10pt\" dir=\"ltr\"><a href=\"http:\/\/vod.gazetapolska.pl\/6377-ilu-jest-europoslow-barbara-nowacka-jestem-powaznie-zaskoczona-takim-pytaniem\" style=\"text-decoration: none\"><span style=\"color: #0000ff; font-family: Verdana; font-size: 13px; font-style: normal; font-variant: normal; font-weight: normal; text-decoration: underline; vertical-align: baseline; background-color: transparent\">http:\/\/vod.gazetapolska.pl\/6377-ilu-jest-europoslow-barbara-nowacka-jestem-powaznie-zaskoczona-takim-pytaniem<\/span><\/a><span style=\"color: #000000; font-family: Verdana; font-size: 13px; font-style: normal; font-variant: normal; font-weight: normal; text-decoration: none; vertical-align: baseline; background-color: transparent\"><\/span><\/p>\n<p style=\"line-height: 1.15; margin-top: 0pt; margin-bottom: 10pt\" dir=\"ltr\"><span style=\"color: #000000; font-family: Verdana; font-size: 13px; font-style: normal; font-variant: normal; font-weight: normal; text-decoration: none; vertical-align: baseline; background-color: transparent\">Ludzie, i tacy polscy \u201cdyplomaci\u201d ju\u017c s\u0105, b\u0105d\u017a pchaj\u0105 si\u0119 do Europy? A co tam chce robi\u0107 tramwajarka Henryka Krzywonos? Jeszcze chwila i pojedzie tam babo-ch\u0142op z polskiego sejmu. Og\u00f3lnie bior\u0105c, gdyby g\u0142upota europos\u0142\u00f3w (wszystkich, bo to niezbyt lotni ludzie) mog\u0142a \u015bwieci\u0107, Europa nie potrzebowa\u0142aby elektrowni. Ale\u017c ta nasza biedna Polska doczeka\u0142a si\u0119 dygnitarzy. Niech Pan B\u00f3g broni.<\/span><a href=\"http:\/\/vod.gazetapolska.pl\/6377-ilu-jest-europoslow-barbara-nowacka-jestem-powaznie-zaskoczona-takim-pytaniem\" style=\"text-decoration: none\"><span style=\"color: #000000; font-family: Verdana; font-size: 13px; font-style: normal; font-variant: normal; font-weight: normal; text-decoration: none; vertical-align: baseline; background-color: transparent\"><\/span><\/a><\/p>\n<p id=\"docs-internal-guid-758d9631-798f-8ce9-3933-870a14368ec0\" style=\"line-height: 1.15; margin-top: 0pt; margin-bottom: 0pt\" dir=\"ltr\">&nbsp;<\/p>\n<p><\/strong><\/p>\n<p id=\"docs-internal-guid-758d9631-798f-8ce9-3933-870a14368ec0\" style=\"line-height: 1.15; margin-top: 0pt; margin-bottom: 0pt\" dir=\"ltr\">&nbsp;<\/p>\n<p id=\"docs-internal-guid-758d9631-798f-8ce9-3933-870a14368ec0\" style=\"line-height: 1.15; margin-top: 0pt; margin-bottom: 0pt\" dir=\"ltr\">&nbsp;<\/p>\n<p><\/strong><strong style=\"font-weight: normal\"><span style=\"color: #000000; font-family: Arial; font-size: 15px; font-style: normal; font-variant: normal; font-weight: normal; text-decoration: none; vertical-align: baseline; background-color: transparent\"><\/span><br \/>\n<\/strong><\/p>\n","protected":false},"excerpt":{"rendered":"<p>Euro-kandydatki Najpierw europose\u0142 Protasiewicz. Dawno nie widzia\u0142em tak kompromituj\u0105cej konferencji prasowej, jak ta, w wykonaniu Jacka Protasiewicza. Je\u015bli mo\u017cna m\u00f3wi\u0107 o samokompromitacji, to Protasiewicz przeskoczy\u0142 nawet samego Bolka.<\/p>\n","protected":false},"author":2,"featured_media":0,"comment_status":"open","ping_status":"open","sticky":false,"template":"","format":"standard","meta":[],"categories":[4],"tags":[],"_links":{"self":[{"href":"https:\/\/sporek.com\/blog\/index.php?rest_route=\/wp\/v2\/posts\/427"}],"collection":[{"href":"https:\/\/sporek.com\/blog\/index.php?rest_route=\/wp\/v2\/posts"}],"about":[{"href":"https:\/\/sporek.com\/blog\/index.php?rest_route=\/wp\/v2\/types\/post"}],"author":[{"embeddable":true,"href":"https:\/\/sporek.com\/blog\/index.php?rest_route=\/wp\/v2\/users\/2"}],"replies":[{"embeddable":true,"href":"https:\/\/sporek.com\/blog\/index.php?rest_route=%2Fwp%2Fv2%2Fcomments&post=427"}],"version-history":[{"count":0,"href":"https:\/\/sporek.com\/blog\/index.php?rest_route=\/wp\/v2\/posts\/427\/revisions"}],"wp:attachment":[{"href":"https:\/\/sporek.com\/blog\/index.php?rest_route=%2Fwp%2Fv2%2Fmedia&parent=427"}],"wp:term":[{"taxonomy":"category","embeddable":true,"href":"https:\/\/sporek.com\/blog\/index.php?rest_route=%2Fwp%2Fv2%2Fcategories&post=427"},{"taxonomy":"post_tag","embeddable":true,"href":"https:\/\/sporek.com\/blog\/index.php?rest_route=%2Fwp%2Fv2%2Ftags&post=427"}],"curies":[{"name":"wp","href":"https:\/\/api.w.org\/{rel}","templated":true}]}}