{"id":428,"date":"2014-03-06T12:51:06","date_gmt":"2014-03-06T16:51:06","guid":{"rendered":"http:\/\/sporek.com\/blog\/?p=428"},"modified":"2014-03-06T16:27:13","modified_gmt":"2014-03-06T20:27:13","slug":"to-wasza-wina","status":"publish","type":"post","link":"https:\/\/sporek.com\/blog\/?p=428","title":{"rendered":"To Wasza wina"},"content":{"rendered":"<p><strong style=\"font-weight: normal\"><span style=\"color: #000000; font-family: Verdana; font-size: 13px; font-style: normal; font-variant: normal; font-weight: normal; text-decoration: none; vertical-align: baseline; background-color: transparent\">Tak, ten \u015bmiech, ta kpina historii, to wina tych wszystkich, kt\u00f3rzy m\u00f3wili \u201cbyle nie PiS\u201d, ale przy tym nie mieli poj\u0119cia, jak\u0105 parti\u0105 by\u0142a i jest PO:<\/span><\/strong><\/p>\n<p><!--more--> <strong style=\"font-weight: normal\"><\/p>\n<p style=\"line-height: 1.15; margin-top: 0pt; margin-bottom: 0pt\" dir=\"ltr\"><span style=\"color: #000000; font-family: Verdana; font-size: 13px; font-style: normal; font-variant: normal; font-weight: normal; text-decoration: none; vertical-align: baseline; background-color: transparent\">No, to po\u015bmiejcie si\u0119. Z samych siebie te\u017c, ale troch\u0119 chyba przez \u0142zy, bo troch\u0119 g\u0142upio, kiedy cz\u0142owiek sobie u\u015bwiadamia, \u017ce da\u0142 si\u0119 wp\u0119dzi\u0107 w maliny.\u00a0<\/span><span style=\"color: #000000; font-family: Verdana; font-size: 13px; font-style: normal; font-variant: normal; font-weight: normal; text-decoration: none; vertical-align: baseline; background-color: transparent\">A dzi\u015b POnowie i POnie chc\u0105 jeszcze liczniej do Europy i jazda: pi\u0142karze, tramwajarki, wieczni dzia\u0142acze, mierni, bierni, ale wierni z sld, albo innego parzykota. Byle jeszcze dorobi\u0107 do poselskiej emeryturki, byle nie splami\u0107 si\u0119 prac\u0105, byle mie\u0107 ten pokoik w sejmowym hotelu i te dietki i ten immunitecik i te darmowe przejazdy i \u2026 awantury na lotniskach. A Ty, Narodzie udawaj dalej, \u017ce nale\u017cysz do jElity i gardzisz religi\u0105, patriotyzmem, kochasz genderyzm i ma\u0142\u017ce\u0144stwa jednop\u0142ciowe. Uwielbiasz, gdy \u201cpa\u0144stwo\u201d wychowuje Ci dzieci, kochasz tysi\u0105ce radar\u00f3w i dziury w drogach i afery POpe\u0142nione w ostatnich siedmiu latach. Kochasz s\u0105dy skazuj\u0105ce chorych psychicznie i wybielaj\u0105ce prawdziwych przest\u0119pc\u00f3w ze sfer rz\u0105dowych; kochasz Amber Gold i lewe wyci\u0105gi narciarskie, (byle by\u0142o gdzie poszusowa\u0107), kochasz tych, co wycinaj\u0105 lasy, kochasz nielegalne gry hazardowe (byle by\u0142o si\u0119 gdzie rozerwa\u0107). Kochasz tych, co sprzedali Ci kraj, przemys\u0142, dobrali si\u0119 do las\u00f3w pa\u0144stwowych (bo jeszcze te nie zosta\u0142y ukradzione), wygnali z Ojczyzny miliony m\u0142odych, ok\u0142amuj\u0105c ich imami\u0105c obietnicami.<\/span><\/p>\n<p style=\"line-height: 1.15; margin-top: 0pt; margin-bottom: 0pt\" dir=\"ltr\"><span style=\"color: #000000; font-family: Verdana; font-size: 13px; font-style: normal; font-variant: normal; font-weight: normal; text-decoration: none; vertical-align: baseline; background-color: transparent\">Tylko wiesz co, Narodzie; Ty przesta\u0142e\u015b kocha\u0107 siebie, przesta\u0142e\u015b kocha\u0107 swoje dzieci i dzieci Twoich dzieci, przesta\u0142es kocha\u0107 tera\u017aniejszo\u015b\u0107 i przysz\u0142o\u015b\u0107 swojej Ojczyzny.<\/span><\/p>\n<p style=\"line-height: 1.15; margin-top: 0pt; margin-bottom: 0pt\" dir=\"ltr\"><span style=\"color: #000000; font-family: Verdana; font-size: 13px; font-style: normal; font-variant: normal; font-weight: normal; text-decoration: none; vertical-align: baseline; background-color: transparent\">Nie licz na nagrod\u0119. G\u0142upota nigdy nie jest nagradzana. G\u0142upota jest wy\u0142\u0105cznie karana. Nie wierzysz? To podsumuj te ostatnie siedem lat.<\/span><\/p>\n<p style=\"line-height: 1.15; margin-top: 0pt; margin-bottom: 0pt\" dir=\"ltr\"><span style=\"color: #000000; font-family: Verdana; font-size: 13px; font-style: normal; font-variant: normal; font-weight: normal; text-decoration: none; vertical-align: baseline; background-color: transparent\">A teraz sobie przypomnij na kogo g\u0142osowa\u0142e\u015b:<\/span><\/p>\n<p style=\"line-height: 1.15; margin-top: 0pt; margin-bottom: 0pt\" dir=\"ltr\"><a href=\"http:\/\/www.youtube.com\/watch?v=Uq2onlnsfeo\" style=\"text-decoration: none\"><span style=\"color: #0072c6; font-family: Verdana; font-size: 13px; font-style: normal; font-variant: normal; font-weight: normal; text-decoration: underline; vertical-align: baseline; background-color: transparent\">http:\/\/www.youtube.com\/watch?v=Uq2onlnsfeo<\/span><\/a><span style=\"color: #000000; font-family: Verdana; font-size: 13px; font-style: normal; font-variant: normal; font-weight: normal; text-decoration: none; vertical-align: baseline; background-color: transparent\"><\/span><\/p>\n<p><\/strong><\/p>\n","protected":false},"excerpt":{"rendered":"<p>Tak, ten \u015bmiech, ta kpina historii, to wina tych wszystkich, kt\u00f3rzy m\u00f3wili \u201cbyle nie PiS\u201d, ale przy tym nie mieli poj\u0119cia, jak\u0105 parti\u0105 by\u0142a i jest PO:<\/p>\n","protected":false},"author":2,"featured_media":0,"comment_status":"open","ping_status":"open","sticky":false,"template":"","format":"standard","meta":[],"categories":[4],"tags":[],"_links":{"self":[{"href":"https:\/\/sporek.com\/blog\/index.php?rest_route=\/wp\/v2\/posts\/428"}],"collection":[{"href":"https:\/\/sporek.com\/blog\/index.php?rest_route=\/wp\/v2\/posts"}],"about":[{"href":"https:\/\/sporek.com\/blog\/index.php?rest_route=\/wp\/v2\/types\/post"}],"author":[{"embeddable":true,"href":"https:\/\/sporek.com\/blog\/index.php?rest_route=\/wp\/v2\/users\/2"}],"replies":[{"embeddable":true,"href":"https:\/\/sporek.com\/blog\/index.php?rest_route=%2Fwp%2Fv2%2Fcomments&post=428"}],"version-history":[{"count":0,"href":"https:\/\/sporek.com\/blog\/index.php?rest_route=\/wp\/v2\/posts\/428\/revisions"}],"wp:attachment":[{"href":"https:\/\/sporek.com\/blog\/index.php?rest_route=%2Fwp%2Fv2%2Fmedia&parent=428"}],"wp:term":[{"taxonomy":"category","embeddable":true,"href":"https:\/\/sporek.com\/blog\/index.php?rest_route=%2Fwp%2Fv2%2Fcategories&post=428"},{"taxonomy":"post_tag","embeddable":true,"href":"https:\/\/sporek.com\/blog\/index.php?rest_route=%2Fwp%2Fv2%2Ftags&post=428"}],"curies":[{"name":"wp","href":"https:\/\/api.w.org\/{rel}","templated":true}]}}