{"id":429,"date":"2014-03-13T15:00:02","date_gmt":"2014-03-13T19:00:02","guid":{"rendered":"http:\/\/sporek.com\/blog\/?p=429"},"modified":"2014-03-13T20:23:59","modified_gmt":"2014-03-14T00:23:59","slug":"kandydaci-do-rady%e2%80%a6","status":"publish","type":"post","link":"https:\/\/sporek.com\/blog\/?p=429","title":{"rendered":"Kandydaci do Rady\u2026"},"content":{"rendered":"<p><strong style=\"font-weight: normal\"><\/p>\n<p id=\"docs-internal-guid-4bed63d9-bccc-bbbe-7a31-8c26d18ffb86\" style=\"line-height: 1.15; margin-top: 0pt; margin-bottom: 0pt\" dir=\"ltr\"><span style=\"color: #000000; font-family: Verdana; font-size: 13px; font-style: normal; font-variant: normal; font-weight: normal; text-decoration: none; vertical-align: baseline; background-color: transparent\">Sie zacz\u0119\u0142o\u2026 od wydania oko\u0142o 90 tysi\u0119cy dolar\u00f3w, na wysy\u0142k\u0119 infromacji o kandydatach do rady dyrektor\u00f3w Polsko-S\u0142owia\u0144skiej Federalnej Unii Kredytowej. Licz\u0105cy sze\u015b\u0107 stron formatu \u00a0A4 dokument, ju\u017c na pierwszej stronie (polsko-j\u0119zycznej) obra\u017ca wszystkich cz\u0142onk\u00f3w Unii Kredytowej, ( jako, \u017ce wszyscy jeste\u015bmy polskiego pochodzenia), formu\u0142k\u0105, wydrukowan\u0105 drobnym drukiem u do\u0142u tej\u017ce strony. Formu\u0142ka m\u00f3wi:<\/span><\/p>\n<p><\/strong><!--more--><strong style=\"font-weight: normal\"><\/p>\n<p style=\"line-height: 1.15; margin-top: 0pt; margin-bottom: 0pt\" dir=\"ltr\"><span style=\"color: #000000; font-family: Verdana; font-size: 13px; font-style: normal; font-variant: normal; font-weight: bold; text-decoration: none; vertical-align: baseline; background-color: transparent\">\u201cT\u0142umaczenie na j\u0119zyk polski zosta\u0142o wykonane dla Pa\u0144stwa wygody i nie jest wi\u0105\u017c\u0105ce. Obowi\u0105zuje wersja w j. angielskim\u201d.<\/span><\/p>\n<p style=\"line-height: 1.15; margin-top: 0pt; margin-bottom: 0pt\" dir=\"ltr\"><span style=\"color: #000000; font-family: Verdana; font-size: 13px; font-style: normal; font-variant: normal; font-weight: normal; text-decoration: none; vertical-align: baseline; background-color: transparent\">Wydano 90 tysi\u0119cy dolar\u00f3w na rozes\u0142anie tego bubla, ale po\u017ca\u0142owano kilkuset dolar\u00f3w, aby porz\u0105dnie przet\u0142umaczy\u0107 te imponuj\u0105ce \u017cyciorysy kandydat\u00f3w i zrobi\u0107 tak, aby polska wersja nie \u201cczu\u0142a\u201d si\u0119 upokorzona i te\u017c by\u0142a \u201cwi\u0105\u017c\u0105ca\u201d. <\/span><\/p>\n<p style=\"line-height: 1.15; margin-top: 0pt; margin-bottom: 0pt\" dir=\"ltr\"><span style=\"color: #000000; font-family: Verdana; font-size: 13px; font-style: normal; font-variant: normal; font-weight: normal; text-decoration: none; vertical-align: baseline; background-color: transparent\">Zawsze mia\u0142em pretensje do kacyk\u00f3w z polonijnych organizacji o to, \u00a0\u017ce bardziej s\u0105 ameryka\u0144scy, ni\u017c sami Amerykanie.<\/span><\/p>\n<p style=\"line-height: 1.15; margin-top: 0pt; margin-bottom: 0pt\" dir=\"ltr\"><span style=\"color: #000000; font-family: Verdana; font-size: 13px; font-style: normal; font-variant: normal; font-weight: normal; text-decoration: none; vertical-align: baseline; background-color: transparent\">Co do Unii, to mam nieodparte wra\u017cenie, \u017ce to taka PO na wyje\u017adzie. Tylko bowiem w Unii, kto\u015b, kto zosta\u0142 zwolniony z pracy w niej mo\u017ce nie tylko \u00a0zasiada\u0107 w, ale i przewodniczy\u0107 komisji nominacyjnej. Same \u201cZdzichy\u201d, \u201cZbychy\u201d; \u00a0no, ale i so\u0142tys sw\u00f3j, to c\u00f3\u017c si\u0119 dziwi\u0107. Szef rady te\u017c swojak i to zasiedzia\u0142y od\u2026,ho, ho,ho, \u00a0albo i d\u0142u\u017cej\u2026<\/span><\/p>\n<p style=\"line-height: 1.15; margin-top: 0pt; margin-bottom: 0pt\" dir=\"ltr\"><span style=\"color: #000000; font-family: Verdana; font-size: 13px; font-style: normal; font-variant: normal; font-weight: normal; text-decoration: none; vertical-align: baseline; background-color: transparent\">Nowo\u015bci\u0105 s\u0105 gwiazdki, zdobi\u0105ce \u017cyciorysy niekt\u00f3rych kandydat\u00f3w. Je\u015bli jest gwiazdka, to w\/g pouczenia na dole strony: \u201cInformacja nie mog\u0142a by\u0107 zweryfikowana\u201d.<\/span><\/p>\n<p style=\"line-height: 1.15; margin-top: 0pt; margin-bottom: 0pt\" dir=\"ltr\"><span style=\"color: #000000; font-family: Verdana; font-size: 13px; font-style: normal; font-variant: normal; font-weight: normal; text-decoration: none; vertical-align: baseline; background-color: transparent\">I tu polecia\u0142 kabarecik. Ot\u00f3\u017c jeden z kandydat\u00f3w zaliczy\u0142 a\u017c trzy gwiazdki i teraz nie wiemy, czy jest wykszta\u0142cony, czy pracowa\u0142, czy ma tytu\u0142 naukowy, bo gwiazdki s\u0105 po ca\u0142ym spisie \u017cyciowych dokona\u0144 kandydata. I nie zweryfikowano, czy kandydat ma doktorat, czy tylko magistrem jest; i nie wiadomo, czy fizyka teoretyczna, czy j\u0119zyki komputerowe, a mo\u017ce nie sko\u0144czy\u0142 podstaw\u00f3wki? U innych nie wiadomo, czy maj\u0105 w\u0142asny biznes, czy nie, czy maj\u0105 kursy na NYU, czy nie, czy s\u0105 psychologami, czy dziennikarzami, czy te\u017c politologami. \u00a0Ale Komisja zatwierdzi\u0142a\u2026 wszystkich. Natomiast \u00a0to, co mi zaimponowa\u0142o najbardziej, to to, \u017ce u kandydatki, by\u0142ej przewodnicz\u0105cej rady dyrektor\u00f3w (po co ona si\u0119 tam pcha z powrotem, nie mam poj\u0119cia?), zanotowano, \u017ce nie mo\u017cna zweryfikowa\u0107, czy petentka uko\u0144czy\u0142a nauki polityczne i dziennikarstwo na UW, czy nie. Ludzie!, trzy lata \u017c\u0105da\u0142em, aby ta pani pokaza\u0142a nam te swoje dyplomy, bo cholernie nie lubi\u0119 by\u0107 rz\u0105dzony przez jakiego\u015b nieuka. Trzeba by\u0142o nast\u0119pnych trzech lat, \u017ceby kto\u015b si\u0119 zdoby\u0142 na odwag\u0119 i da\u0142 gwiazdk\u0119, \u017ce nie jest to do zweryfikowania. Zapytam jednak szanown\u0105 Komisj\u0119: czy Komisja widzia\u0142a dyplom \u00a0uko\u0144czonych studi\u00f3w na Uniwersytecie Nowy York (NYU)? Tzw. \u00a0\u201cprogram szkolenia kadry kierowniczej\u201d na Columbii pokryli cz\u0142onkowie Unii Kredytowej. Najwi\u0119ksz\u0105 jednak siurpryz\u0105 jest pierwsze zdanie o\u015bwiadczaj\u0105ce, \u017ce od 2009 roku ta pani jest&#8230;niezale\u017cnym inwestorem gie\u0142dowym. Ja chc\u0119 zobaczy\u0107 t\u0119 licencj\u0119. Czy Komisja t\u0119 licencj\u0119 widzia\u0142a? Czemu nie ma przy tym zdaniu gwiazdki? A poza wszystkim ta pani ju\u017c nam pokaza\u0142a, jak wygl\u0105da rz\u0105dzenie nasz\u0105 Uni\u0105: spotkania z Cz\u0142onkami, \u201ctylko kiedy wygodne dla niej i jej pupil\u00f3w\u201d; mia\u0142o nie by\u0107 spraw s\u0105dowych, a ci\u0105gn\u0105 si\u0119 do dzisiaj; wyniki finansowe PSFUK by\u0142y wyj\u0105tkowo mizerne; mia\u0142o by\u0107 \u201ctransparentnie\u201d, a by\u0142o mgli\u015bcie, niewyra\u017anie i tajemniczo. To ta w\u0142a\u015bnie pani i pan Matyszczyk, ze swoimi \u201cprzybocznymi\u201d, zwolnili najlepiej wykszta\u0142conego dyrektora wykonawczego, oddali decyzj\u0119 o usuni\u0119ciu pi\u0119ciu dyrektor\u00f3w w r\u0119ce demagogicznego milicjanta z PRLu, stawiaj\u0105c Uni\u0119 na kraw\u0119dzi.<\/span><\/p>\n<p style=\"line-height: 1.15; margin-top: 0pt; margin-bottom: 0pt\" dir=\"ltr\"><span style=\"color: #000000; font-family: Verdana; font-size: 13px; font-style: normal; font-variant: normal; font-weight: normal; text-decoration: none; vertical-align: baseline; background-color: transparent\">Drugie zdanie w \u017cyciorysie kandydatki Wierzbowskiej jest natomiast niechc\u0105cym przypomnieniem, \u017ce ta fucha w Polskiej Fundacji Kulturalnej by\u0142a konfliktem interes\u00f3w, bo jako cz\u0142onkini rady dyrektor\u00f3w, Pani Wierzbowska nie mia\u0142a prawa pracowa\u0107 u tzw. sponsora Unii Kredytowej. A PFK, w CLark takim sponsorem by\u0142a. Wi\u0119c to akurat osi\u0105gni\u0119ciem nie jest. Wr\u0119cz odwrotnie &#8211; to spory minus. I jest to r\u00f3wnie\u017c minus Matyszczyka i reszty dyrektor\u00f3w z tamtego okresu, kt\u00f3rzy na ten konflikt interes\u00f3w si\u0119 zgodzili.<\/span><\/p>\n<p style=\"line-height: 1.15; margin-top: 0pt; margin-bottom: 0pt\" dir=\"ltr\"><span style=\"color: #000000; font-family: Verdana; font-size: 13px; font-style: normal; font-variant: normal; font-weight: normal; text-decoration: none; vertical-align: baseline; background-color: transparent\">O tym, kto w\/g mnie i moich rozezna\u0144 powinien wej\u015b\u0107 do rady dyrektor\u00f3w b\u0119d\u0119 pisa\u0142 niebawem. Czekam na spotkania z kandydatami.<\/span><\/p>\n<p style=\"line-height: 1.15; margin-top: 0pt; margin-bottom: 0pt\" dir=\"ltr\"><span style=\"color: #000000; font-family: Verdana; font-size: 13px; font-style: normal; font-variant: normal; font-weight: normal; text-decoration: none; vertical-align: baseline; background-color: transparent\">Prosz\u0119 absolutnie nie wierzy\u0107 w rozdawane ju\u017c ulotki o \u201cCzterech Najwspanialszych Kandydatach\u201d &#8211; ulotki te rozdaje niestrudzony generalissimus-emerytus milicjantus-marynarus -pe-er-elus. To taka sama bzdura, jak ta \u201cWielka Czw\u00f3rka\u201d z 2009 roku, z kt\u00f3rej jedna z kandydatek waln\u0119\u0142a z grubej rury, \u017ce zna -uwaga- siedem j\u0119zyk\u00f3w obcych.<\/span><\/p>\n<p style=\"line-height: 1.15; margin-top: 0pt; margin-bottom: 0pt\" dir=\"ltr\"><span style=\"color: #000000; font-family: Verdana; font-size: 13px; font-style: normal; font-variant: normal; font-weight: normal; text-decoration: none; vertical-align: baseline; background-color: transparent\">Mog\u0119 natomiast zdecydowanie i ju\u017c teraz podpowiedzie\u0107 wszystkim, kt\u00f3rzy bed\u0105 g\u0142osowa\u0107, \u017ce <\/span><\/p>\n<p style=\"line-height: 1.15; margin-top: 0pt; margin-bottom: 0pt\" dir=\"ltr\"><span style=\"color: #000000; font-family: Verdana; font-size: 13px; font-style: normal; font-variant: normal; font-weight: normal; text-decoration: none; vertical-align: baseline; background-color: transparent\">Dyrektor <\/span><span style=\"color: #000000; font-family: Verdana; font-size: 13px; font-style: normal; font-variant: normal; font-weight: bold; text-decoration: none; vertical-align: baseline; background-color: transparent\">LEON KOKOSZKA<\/span><span style=\"color: #000000; font-family: Verdana; font-size: 13px; font-style: normal; font-variant: normal; font-weight: normal; text-decoration: none; vertical-align: baseline; background-color: transparent\"> jest jedynym kandydatem i jedynym cz\u0142onkiem Rady Dyrektor\u00f3w, kt\u00f3ry powienien w niej pozosta\u0107, bo jest jedynym (tak go pami\u0119tam z czas\u00f3w mojej kadencji), kt\u00f3ry wie, o co w tym wszystkim chodzi, i kt\u00f3ry b\u0119dzie w miar\u0119 swoich mo\u017cliwo\u015bci \u00a0walczy\u0142 o maj\u0105tek i stan posiadania naszej Unii. A jest, niestety zakrzykiwany r\u00f3wnie\u017c przez dyrektor\u00f3w wymienianych, jako \u201cNajlepszych Czterech\u201d. Je\u015bli uda nam si\u0119 utrzyma\u0107 Leona Kokoszk\u0119 w Radzie Dyrektor\u00f3w, to w\u0142a\u015bnie on powinien by\u0107 przewodnicz\u0105cym. To by\u0142aby szansa, \u017ce Unia zacznie zdrowie\u0107.<\/span><\/p>\n<p style=\"line-height: 1.15; margin-top: 0pt; margin-bottom: 0pt\" dir=\"ltr\"><span style=\"color: #000000; font-family: Verdana; font-size: 13px; font-style: normal; font-variant: normal; font-weight: normal; text-decoration: none; vertical-align: baseline; background-color: transparent\">Na pewno wi\u0119c prosz\u0119 postawi\u0107 haczyk przy nazwisku Leona Kokoszki &#8211; uwierzcie mi.<\/span><\/p>\n<p><\/strong><strong style=\"font-weight: normal\"><span style=\"color: #000000; font-family: Verdana; font-size: 13px; font-style: normal; font-variant: normal; font-weight: normal; text-decoration: none; vertical-align: baseline; background-color: transparent\">Ci\u0105g dalszy nast\u0105pi&#8230;<\/span><br \/>\n<\/strong><\/p>\n","protected":false},"excerpt":{"rendered":"<p>Sie zacz\u0119\u0142o\u2026 od wydania oko\u0142o 90 tysi\u0119cy dolar\u00f3w, na wysy\u0142k\u0119 infromacji o kandydatach do rady dyrektor\u00f3w Polsko-S\u0142owia\u0144skiej Federalnej Unii Kredytowej. Licz\u0105cy sze\u015b\u0107 stron formatu \u00a0A4 dokument, ju\u017c na pierwszej stronie (polsko-j\u0119zycznej) obra\u017ca wszystkich cz\u0142onk\u00f3w Unii Kredytowej, ( jako, \u017ce wszyscy jeste\u015bmy polskiego pochodzenia), formu\u0142k\u0105, wydrukowan\u0105 drobnym drukiem u do\u0142u tej\u017ce strony. Formu\u0142ka m\u00f3wi:<\/p>\n","protected":false},"author":2,"featured_media":0,"comment_status":"open","ping_status":"open","sticky":false,"template":"","format":"standard","meta":[],"categories":[3],"tags":[],"_links":{"self":[{"href":"https:\/\/sporek.com\/blog\/index.php?rest_route=\/wp\/v2\/posts\/429"}],"collection":[{"href":"https:\/\/sporek.com\/blog\/index.php?rest_route=\/wp\/v2\/posts"}],"about":[{"href":"https:\/\/sporek.com\/blog\/index.php?rest_route=\/wp\/v2\/types\/post"}],"author":[{"embeddable":true,"href":"https:\/\/sporek.com\/blog\/index.php?rest_route=\/wp\/v2\/users\/2"}],"replies":[{"embeddable":true,"href":"https:\/\/sporek.com\/blog\/index.php?rest_route=%2Fwp%2Fv2%2Fcomments&post=429"}],"version-history":[{"count":0,"href":"https:\/\/sporek.com\/blog\/index.php?rest_route=\/wp\/v2\/posts\/429\/revisions"}],"wp:attachment":[{"href":"https:\/\/sporek.com\/blog\/index.php?rest_route=%2Fwp%2Fv2%2Fmedia&parent=429"}],"wp:term":[{"taxonomy":"category","embeddable":true,"href":"https:\/\/sporek.com\/blog\/index.php?rest_route=%2Fwp%2Fv2%2Fcategories&post=429"},{"taxonomy":"post_tag","embeddable":true,"href":"https:\/\/sporek.com\/blog\/index.php?rest_route=%2Fwp%2Fv2%2Ftags&post=429"}],"curies":[{"name":"wp","href":"https:\/\/api.w.org\/{rel}","templated":true}]}}